{"id":23633,"date":"2013-03-21T16:34:56","date_gmt":"2013-03-21T20:34:56","guid":{"rendered":"http:\/\/uqactualite.odev.ca\/?p=23633"},"modified":"2013-03-21T16:34:56","modified_gmt":"2013-03-21T20:34:56","slug":"luqac-presente-le-35e-congres-de-la-societe-quebecoise-pour-la-recherche-en-psychologie","status":"publish","type":"post","link":"https:\/\/www.uqac.ca\/uqactualites\/2013\/03\/21\/luqac-presente-le-35e-congres-de-la-societe-quebecoise-pour-la-recherche-en-psychologie\/","title":{"rendered":"L\u2019UQAC pr\u00e9sente le 35e Congr\u00e8s annuel de la Soci\u00e9t\u00e9 qu\u00e9b\u00e9coise pour la recherche en psychologie"},"content":{"rendered":"<p style=\"text-align: justify\"><b>Saguenay, le 21 mars 2013 <\/b>\u2013 Du 22 au 24 mars prochains, l\u2019UQAC sera l\u2019h\u00f4te du 35<sup>e<\/sup> Congr\u00e8s annuel de la Soci\u00e9t\u00e9 qu\u00e9b\u00e9coise pour la recherche en psychologie (SQRP). L\u2019\u00e9v\u00e9nement, qui se tiendra \u00e0 l\u2019h\u00f4tel Le Montagnais, r\u00e9unira pr\u00e8s de 200 participants de tous les coins de la province. Sous le th\u00e8me \u00ab\u00a0Recherche et milieux d\u2019intervention\u00a0: tisser des liens durables\u00a0\u00bb, ce congr\u00e8s permettra aux membres pr\u00e9sents d\u2019\u00e9changer leurs id\u00e9es sur la psychologie, les moyens de la faire avancer et ses liens avec les milieux cliniques.<\/p>\n<p style=\"text-align: justify\">Cette ann\u00e9e, \u00e0 l\u2019occasion de la 35<sup>e<\/sup> \u00e9dition du congr\u00e8s annuel de la Soci\u00e9t\u00e9, un effort particulier a \u00e9t\u00e9 fait afin d\u2019ouvrir l\u2019\u00e9v\u00e9nement aux milieux cliniques en psychologie et aux acteurs de l\u2019intervention. Les participants, provenant de plus d\u2019une dizaine d\u2019universit\u00e9s diff\u00e9rentes situ\u00e9es principalement au Qu\u00e9bec, auront ainsi l\u2019occasion de discuter des enjeux li\u00e9s au transfert des connaissances et des moyens par lesquels les cliniciens et les chercheurs pourront travailler de concert pour am\u00e9liorer la sant\u00e9 mentale de tous et toutes.<\/p>\n<p style=\"text-align: justify\">Il est encore possible de s\u2019inscrire en visitant le <span style=\"color: #5a7411\"><b><a href=\"http:\/\/www.sqrp.ca\" target=\"_blank\" rel=\"noopener\"><span style=\"color: #5a7411\">www.sqrp.ca<\/span><\/a><\/b><\/span> ou en se pr\u00e9sentant sur les lieux du congr\u00e8s.<\/p>\n<p style=\"text-align: justify\"><b>Quelques mots sur la SQRP<br \/>\n<\/b>La Soci\u00e9t\u00e9 qu\u00e9b\u00e9coise pour la recherche en psychologie est un organisme qui a pour mandat de promouvoir la recherche en psychologie dans l\u2019ensemble de ses champs de sp\u00e9cialisation et de rassembler les chercheurs francophones, dans un contexte de recherche et d\u2019\u00e9ducation du public. Elle regroupe plus de 300 membres int\u00e9ress\u00e9s par la recherche en psychologie, qu\u2019ils soient chercheurs, professeurs ou \u00e9tudiants. De plus, la SQRP accueille les membres institutionnels int\u00e9ress\u00e9s aux activit\u00e9s de la Soci\u00e9t\u00e9.<br \/>\n<i><span style=\"color: #808080\">Source\u00a0:<\/span> <\/i><a href=\"www.sqrp.ca\" target=\"_blank\" rel=\"noopener\"><strong><span style=\"color: #5a7411\"><i><span style=\"color: #5a7411\">www.sqrp.ca<\/span><\/i><\/span><\/strong><\/a><\/p>\n<p style=\"text-align: center\" align=\"center\">\u00a0 &#8211; 30 &#8211;<\/p>\n<p style=\"text-align: justify\"><b>Source\u00a0:<\/b><br \/>\nJos\u00e9e Bourassa, agente d\u2019information<br \/>\nBureau des affaires publiques<br \/>\nUniversit\u00e9 du Qu\u00e9bec \u00e0 Chicoutimi<br \/>\n418\u00a0545-5011, poste\u00a02274\u00a0 \u25aa\u00a0 <span style=\"color: #5a7411\"><a href=\"mailto:josee_bourassa@uqac.ca\"><span style=\"color: #5a7411\">josee_bourassa@uqac.ca<\/span><\/a><\/span><\/p>\n<p style=\"text-align: justify\"><b>Renseignements\u00a0:<br \/>\n<\/b>Gabriel Fortier, professeur<br \/>\nD\u00e9partement des sciences de la sant\u00e9<br \/>\nUniversit\u00e9 du Qu\u00e9bec \u00e0 Chicoutimi<br \/>\n418 545-5011, poste\u00a05318\u00a0 \u25aa \u00a0<span style=\"color: #5a7411\"><a href=\"mailto:gabriel_fortier@uqac.ca\"><span style=\"color: #5a7411\">gabriel_fortier@uqac.ca<\/span><\/a><\/span><\/p>\n","protected":false},"excerpt":{"rendered":"<p>Saguenay, le 21 mars 2013 \u2013 Du 22 au 24 mars prochains, l\u2019UQAC sera l\u2019h\u00f4te du 35e Congr\u00e8s annuel de la Soci\u00e9t\u00e9 qu\u00e9b\u00e9coise pour la recherche en psychologie (SQRP). L\u2019\u00e9v\u00e9nement, qui se tiendra \u00e0 l\u2019h\u00f4tel Le Montagnais, r\u00e9unira pr\u00e8s de 200 participants de tous les coins de la province. Sous le th\u00e8me \u00ab\u00a0Recherche et milieux [&hellip;]<\/p>\n","protected":false},"author":5,"featured_media":20745,"comment_status":"open","ping_status":"open","sticky":false,"template":"","format":"standard","meta":{"footnotes":""},"categories":[2772],"tags":[446,23,110,1231,16,233],"yoast_head":"<!-- This site is optimized with the Yoast SEO plugin v24.2 - https:\/\/yoast.com\/wordpress\/plugins\/seo\/ -->\r\n<title>L\u2019UQAC pr\u00e9sente le 35e Congr\u00e8s annuel de la Soci\u00e9t\u00e9 qu\u00e9b\u00e9coise pour la recherche en psychologie - UQACtualit\u00e9s<\/title>\r\n<meta name=\"robots\" content=\"index, follow, max-snippet:-1, max-image-preview:large, max-video-preview:-1\" \/>\r\n<link rel=\"canonical\" href=\"https:\/\/www.uqac.ca\/uqactualites\/2013\/03\/21\/luqac-presente-le-35e-congres-de-la-societe-quebecoise-pour-la-recherche-en-psychologie\/\" \/>\r\n<meta property=\"og:locale\" content=\"fr_CA\" \/>\r\n<meta property=\"og:type\" content=\"article\" \/>\r\n<meta property=\"og:title\" content=\"L\u2019UQAC pr\u00e9sente le 35e Congr\u00e8s annuel de la Soci\u00e9t\u00e9 qu\u00e9b\u00e9coise pour la recherche en psychologie - UQACtualit\u00e9s\" \/>\r\n<meta property=\"og:description\" content=\"Saguenay, le 21 mars 2013 \u2013 Du 22 au 24 mars prochains, l\u2019UQAC sera l\u2019h\u00f4te du 35e Congr\u00e8s annuel de la Soci\u00e9t\u00e9 qu\u00e9b\u00e9coise pour la recherche en psychologie (SQRP). L\u2019\u00e9v\u00e9nement, qui se tiendra \u00e0 l\u2019h\u00f4tel Le Montagnais, r\u00e9unira pr\u00e8s de 200 participants de tous les coins de la province. Sous le th\u00e8me \u00ab\u00a0Recherche et milieux [&hellip;]\" \/>\r\n<meta property=\"og:url\" content=\"https:\/\/www.uqac.ca\/uqactualites\/2013\/03\/21\/luqac-presente-le-35e-congres-de-la-societe-quebecoise-pour-la-recherche-en-psychologie\/\" \/>\r\n<meta property=\"og:site_name\" content=\"UQACtualit\u00e9s\" \/>\r\n<meta property=\"article:published_time\" content=\"2013-03-21T20:34:56+00:00\" \/>\r\n<meta property=\"og:image\" content=\"https:\/\/www.uqac.ca\/uqactualites\/wp-content\/uploads\/2012\/05\/communiqu-.jpg\" \/>\r\n\t<meta property=\"og:image:width\" content=\"620\" \/>\r\n\t<meta property=\"og:image:height\" content=\"300\" \/>\r\n\t<meta property=\"og:image:type\" content=\"image\/jpeg\" \/>\r\n<meta name=\"author\" content=\"Service des communications et des relations publiques\" \/>\r\n<meta name=\"twitter:card\" content=\"summary_large_image\" \/>\r\n<meta name=\"twitter:label1\" content=\"\u00c9crit par\" \/>\n\t<meta name=\"twitter:data1\" content=\"Service des communications et des relations publiques\" \/>\n\t<meta name=\"twitter:label2\" content=\"Estimation du temps de lecture\" \/>\n\t<meta name=\"twitter:data2\" content=\"2 minutes\" \/>\r\n<script type=\"application\/ld+json\" class=\"yoast-schema-graph\">{\"@context\":\"https:\/\/schema.org\",\"@graph\":[{\"@type\":\"WebPage\",\"@id\":\"https:\/\/www.uqac.ca\/uqactualites\/2013\/03\/21\/luqac-presente-le-35e-congres-de-la-societe-quebecoise-pour-la-recherche-en-psychologie\/\",\"url\":\"https:\/\/www.uqac.ca\/uqactualites\/2013\/03\/21\/luqac-presente-le-35e-congres-de-la-societe-quebecoise-pour-la-recherche-en-psychologie\/\",\"name\":\"L\u2019UQAC pr\u00e9sente le 35e Congr\u00e8s annuel de la Soci\u00e9t\u00e9 qu\u00e9b\u00e9coise pour la recherche en psychologie - UQACtualit\u00e9s\",\"isPartOf\":{\"@id\":\"https:\/\/www.uqac.ca\/uqactualites\/#website\"},\"primaryImageOfPage\":{\"@id\":\"https:\/\/www.uqac.ca\/uqactualites\/2013\/03\/21\/luqac-presente-le-35e-congres-de-la-societe-quebecoise-pour-la-recherche-en-psychologie\/#primaryimage\"},\"image\":{\"@id\":\"https:\/\/www.uqac.ca\/uqactualites\/2013\/03\/21\/luqac-presente-le-35e-congres-de-la-societe-quebecoise-pour-la-recherche-en-psychologie\/#primaryimage\"},\"thumbnailUrl\":\"https:\/\/www.uqac.ca\/uqactualites\/wp-content\/uploads\/2012\/05\/communiqu-.jpg\",\"datePublished\":\"2013-03-21T20:34:56+00:00\",\"dateModified\":\"2013-03-21T20:34:56+00:00\",\"author\":{\"@id\":\"https:\/\/www.uqac.ca\/uqactualites\/#\/schema\/person\/366c45a0c4f0e677b41b4af5886e2018\"},\"breadcrumb\":{\"@id\":\"https:\/\/www.uqac.ca\/uqactualites\/2013\/03\/21\/luqac-presente-le-35e-congres-de-la-societe-quebecoise-pour-la-recherche-en-psychologie\/#breadcrumb\"},\"inLanguage\":\"fr-CA\",\"potentialAction\":[{\"@type\":\"ReadAction\",\"target\":[\"https:\/\/www.uqac.ca\/uqactualites\/2013\/03\/21\/luqac-presente-le-35e-congres-de-la-societe-quebecoise-pour-la-recherche-en-psychologie\/\"]}]},{\"@type\":\"ImageObject\",\"inLanguage\":\"fr-CA\",\"@id\":\"https:\/\/www.uqac.ca\/uqactualites\/2013\/03\/21\/luqac-presente-le-35e-congres-de-la-societe-quebecoise-pour-la-recherche-en-psychologie\/#primaryimage\",\"url\":\"https:\/\/www.uqac.ca\/uqactualites\/wp-content\/uploads\/2012\/05\/communiqu-.jpg\",\"contentUrl\":\"https:\/\/www.uqac.ca\/uqactualites\/wp-content\/uploads\/2012\/05\/communiqu-.jpg\",\"width\":620,\"height\":300},{\"@type\":\"BreadcrumbList\",\"@id\":\"https:\/\/www.uqac.ca\/uqactualites\/2013\/03\/21\/luqac-presente-le-35e-congres-de-la-societe-quebecoise-pour-la-recherche-en-psychologie\/#breadcrumb\",\"itemListElement\":[{\"@type\":\"ListItem\",\"position\":1,\"name\":\"Home\",\"item\":\"https:\/\/www.uqac.ca\/uqactualites\/\"},{\"@type\":\"ListItem\",\"position\":2,\"name\":\"L\u2019UQAC pr\u00e9sente le 35e Congr\u00e8s annuel de la Soci\u00e9t\u00e9 qu\u00e9b\u00e9coise pour la recherche en psychologie\"}]},{\"@type\":\"WebSite\",\"@id\":\"https:\/\/www.uqac.ca\/uqactualites\/#website\",\"url\":\"https:\/\/www.uqac.ca\/uqactualites\/\",\"name\":\"UQACtualit\u00e9s\",\"description\":\"Le portail des nouvelles de l&#039;UQAC\",\"potentialAction\":[{\"@type\":\"SearchAction\",\"target\":{\"@type\":\"EntryPoint\",\"urlTemplate\":\"https:\/\/www.uqac.ca\/uqactualites\/?s={search_term_string}\"},\"query-input\":{\"@type\":\"PropertyValueSpecification\",\"valueRequired\":true,\"valueName\":\"search_term_string\"}}],\"inLanguage\":\"fr-CA\"},{\"@type\":\"Person\",\"@id\":\"https:\/\/www.uqac.ca\/uqactualites\/#\/schema\/person\/366c45a0c4f0e677b41b4af5886e2018\",\"name\":\"Service des communications et des relations publiques\",\"image\":{\"@type\":\"ImageObject\",\"inLanguage\":\"fr-CA\",\"@id\":\"https:\/\/www.uqac.ca\/uqactualites\/#\/schema\/person\/image\/\",\"url\":\"https:\/\/secure.gravatar.com\/avatar\/20fbbda8a292f59f2d3461a5b999c00b?s=96&d=mm&r=g\",\"contentUrl\":\"https:\/\/secure.gravatar.com\/avatar\/20fbbda8a292f59f2d3461a5b999c00b?s=96&d=mm&r=g\",\"caption\":\"Service des communications et des relations publiques\"},\"url\":\"https:\/\/www.uqac.ca\/uqactualites\/author\/bap\/\"}]}<\/script>\r\n<!-- \/ Yoast SEO plugin. -->","yoast_head_json":{"title":"L\u2019UQAC pr\u00e9sente le 35e Congr\u00e8s annuel de la Soci\u00e9t\u00e9 qu\u00e9b\u00e9coise pour la recherche en psychologie - UQACtualit\u00e9s","robots":{"index":"index","follow":"follow","max-snippet":"max-snippet:-1","max-image-preview":"max-image-preview:large","max-video-preview":"max-video-preview:-1"},"canonical":"https:\/\/www.uqac.ca\/uqactualites\/2013\/03\/21\/luqac-presente-le-35e-congres-de-la-societe-quebecoise-pour-la-recherche-en-psychologie\/","og_locale":"fr_CA","og_type":"article","og_title":"L\u2019UQAC pr\u00e9sente le 35e Congr\u00e8s annuel de la Soci\u00e9t\u00e9 qu\u00e9b\u00e9coise pour la recherche en psychologie - UQACtualit\u00e9s","og_description":"Saguenay, le 21 mars 2013 \u2013 Du 22 au 24 mars prochains, l\u2019UQAC sera l\u2019h\u00f4te du 35e Congr\u00e8s annuel de la Soci\u00e9t\u00e9 qu\u00e9b\u00e9coise pour la recherche en psychologie (SQRP). L\u2019\u00e9v\u00e9nement, qui se tiendra \u00e0 l\u2019h\u00f4tel Le Montagnais, r\u00e9unira pr\u00e8s de 200 participants de tous les coins de la province. Sous le th\u00e8me \u00ab\u00a0Recherche et milieux [&hellip;]","og_url":"https:\/\/www.uqac.ca\/uqactualites\/2013\/03\/21\/luqac-presente-le-35e-congres-de-la-societe-quebecoise-pour-la-recherche-en-psychologie\/","og_site_name":"UQACtualit\u00e9s","article_published_time":"2013-03-21T20:34:56+00:00","og_image":[{"width":620,"height":300,"url":"https:\/\/www.uqac.ca\/uqactualites\/wp-content\/uploads\/2012\/05\/communiqu-.jpg","type":"image\/jpeg"}],"author":"Service des communications et des relations publiques","twitter_card":"summary_large_image","twitter_misc":{"\u00c9crit par":"Service des communications et des relations publiques","Estimation du temps de lecture":"2 minutes"},"schema":{"@context":"https:\/\/schema.org","@graph":[{"@type":"WebPage","@id":"https:\/\/www.uqac.ca\/uqactualites\/2013\/03\/21\/luqac-presente-le-35e-congres-de-la-societe-quebecoise-pour-la-recherche-en-psychologie\/","url":"https:\/\/www.uqac.ca\/uqactualites\/2013\/03\/21\/luqac-presente-le-35e-congres-de-la-societe-quebecoise-pour-la-recherche-en-psychologie\/","name":"L\u2019UQAC pr\u00e9sente le 35e Congr\u00e8s annuel de la Soci\u00e9t\u00e9 qu\u00e9b\u00e9coise pour la recherche en psychologie - UQACtualit\u00e9s","isPartOf":{"@id":"https:\/\/www.uqac.ca\/uqactualites\/#website"},"primaryImageOfPage":{"@id":"https:\/\/www.uqac.ca\/uqactualites\/2013\/03\/21\/luqac-presente-le-35e-congres-de-la-societe-quebecoise-pour-la-recherche-en-psychologie\/#primaryimage"},"image":{"@id":"https:\/\/www.uqac.ca\/uqactualites\/2013\/03\/21\/luqac-presente-le-35e-congres-de-la-societe-quebecoise-pour-la-recherche-en-psychologie\/#primaryimage"},"thumbnailUrl":"https:\/\/www.uqac.ca\/uqactualites\/wp-content\/uploads\/2012\/05\/communiqu-.jpg","datePublished":"2013-03-21T20:34:56+00:00","dateModified":"2013-03-21T20:34:56+00:00","author":{"@id":"https:\/\/www.uqac.ca\/uqactualites\/#\/schema\/person\/366c45a0c4f0e677b41b4af5886e2018"},"breadcrumb":{"@id":"https:\/\/www.uqac.ca\/uqactualites\/2013\/03\/21\/luqac-presente-le-35e-congres-de-la-societe-quebecoise-pour-la-recherche-en-psychologie\/#breadcrumb"},"inLanguage":"fr-CA","potentialAction":[{"@type":"ReadAction","target":["https:\/\/www.uqac.ca\/uqactualites\/2013\/03\/21\/luqac-presente-le-35e-congres-de-la-societe-quebecoise-pour-la-recherche-en-psychologie\/"]}]},{"@type":"ImageObject","inLanguage":"fr-CA","@id":"https:\/\/www.uqac.ca\/uqactualites\/2013\/03\/21\/luqac-presente-le-35e-congres-de-la-societe-quebecoise-pour-la-recherche-en-psychologie\/#primaryimage","url":"https:\/\/www.uqac.ca\/uqactualites\/wp-content\/uploads\/2012\/05\/communiqu-.jpg","contentUrl":"https:\/\/www.uqac.ca\/uqactualites\/wp-content\/uploads\/2012\/05\/communiqu-.jpg","width":620,"height":300},{"@type":"BreadcrumbList","@id":"https:\/\/www.uqac.ca\/uqactualites\/2013\/03\/21\/luqac-presente-le-35e-congres-de-la-societe-quebecoise-pour-la-recherche-en-psychologie\/#breadcrumb","itemListElement":[{"@type":"ListItem","position":1,"name":"Home","item":"https:\/\/www.uqac.ca\/uqactualites\/"},{"@type":"ListItem","position":2,"name":"L\u2019UQAC pr\u00e9sente le 35e Congr\u00e8s annuel de la Soci\u00e9t\u00e9 qu\u00e9b\u00e9coise pour la recherche en psychologie"}]},{"@type":"WebSite","@id":"https:\/\/www.uqac.ca\/uqactualites\/#website","url":"https:\/\/www.uqac.ca\/uqactualites\/","name":"UQACtualit\u00e9s","description":"Le portail des nouvelles de l&#039;UQAC","potentialAction":[{"@type":"SearchAction","target":{"@type":"EntryPoint","urlTemplate":"https:\/\/www.uqac.ca\/uqactualites\/?s={search_term_string}"},"query-input":{"@type":"PropertyValueSpecification","valueRequired":true,"valueName":"search_term_string"}}],"inLanguage":"fr-CA"},{"@type":"Person","@id":"https:\/\/www.uqac.ca\/uqactualites\/#\/schema\/person\/366c45a0c4f0e677b41b4af5886e2018","name":"Service des communications et des relations publiques","image":{"@type":"ImageObject","inLanguage":"fr-CA","@id":"https:\/\/www.uqac.ca\/uqactualites\/#\/schema\/person\/image\/","url":"https:\/\/secure.gravatar.com\/avatar\/20fbbda8a292f59f2d3461a5b999c00b?s=96&d=mm&r=g","contentUrl":"https:\/\/secure.gravatar.com\/avatar\/20fbbda8a292f59f2d3461a5b999c00b?s=96&d=mm&r=g","caption":"Service des communications et des relations publiques"},"url":"https:\/\/www.uqac.ca\/uqactualites\/author\/bap\/"}]}},"_links":{"self":[{"href":"https:\/\/www.uqac.ca\/uqactualites\/wp-json\/wp\/v2\/posts\/23633"}],"collection":[{"href":"https:\/\/www.uqac.ca\/uqactualites\/wp-json\/wp\/v2\/posts"}],"about":[{"href":"https:\/\/www.uqac.ca\/uqactualites\/wp-json\/wp\/v2\/types\/post"}],"author":[{"embeddable":true,"href":"https:\/\/www.uqac.ca\/uqactualites\/wp-json\/wp\/v2\/users\/5"}],"replies":[{"embeddable":true,"href":"https:\/\/www.uqac.ca\/uqactualites\/wp-json\/wp\/v2\/comments?post=23633"}],"version-history":[{"count":0,"href":"https:\/\/www.uqac.ca\/uqactualites\/wp-json\/wp\/v2\/posts\/23633\/revisions"}],"wp:featuredmedia":[{"embeddable":true,"href":"https:\/\/www.uqac.ca\/uqactualites\/wp-json\/wp\/v2\/media\/20745"}],"wp:attachment":[{"href":"https:\/\/www.uqac.ca\/uqactualites\/wp-json\/wp\/v2\/media?parent=23633"}],"wp:term":[{"taxonomy":"category","embeddable":true,"href":"https:\/\/www.uqac.ca\/uqactualites\/wp-json\/wp\/v2\/categories?post=23633"},{"taxonomy":"post_tag","embeddable":true,"href":"https:\/\/www.uqac.ca\/uqactualites\/wp-json\/wp\/v2\/tags?post=23633"}],"curies":[{"name":"wp","href":"https:\/\/api.w.org\/{rel}","templated":true}]}}