{"id":23659,"date":"2013-03-26T09:10:00","date_gmt":"2013-03-26T13:10:00","guid":{"rendered":"http:\/\/uqactualite.odev.ca\/?p=23659"},"modified":"2013-03-26T09:10:00","modified_gmt":"2013-03-26T13:10:00","slug":"sebastien-ouellet-remporte-le-tirage-competences-informationnelles-aux-cycles-superieurs","status":"publish","type":"post","link":"https:\/\/www.uqac.ca\/uqactualites\/2013\/03\/26\/sebastien-ouellet-remporte-le-tirage-competences-informationnelles-aux-cycles-superieurs\/","title":{"rendered":"S\u00e9bastien Ouellet remporte le tirage \u00ab Comp\u00e9tences informationnelles aux cycles sup\u00e9rieurs \u00bb"},"content":{"rendered":"<p style=\"text-align: justify\">Gr\u00e2ce \u00e0 la formation \u00ab\u00a0Comp\u00e9tences informationnelles aux cycles sup\u00e9rieurs\u00a0\u00bb, offerte par la biblioth\u00e8que Paul-\u00c9mile-Boulet, S\u00e9bastien Ouellet, \u00e9tudiant \u00e0 la ma\u00eetrise en \u00e9tudes et interventions r\u00e9gionales, a non seulement am\u00e9lior\u00e9 ses comp\u00e9tences informationnelles et ainsi favoris\u00e9 sa r\u00e9ussite scolaire, mais il a aussi remport\u00e9 le tirage effectu\u00e9 parmi les participants \u00e0 cette formation. Monsieur Ouellet remporte donc le paiement de ses droits de scolarit\u00e9 et frais aff\u00e9rents pour son inscription au trimestre d\u2019automne 2013.<\/p>\n<p style=\"text-align: justify\">Toutes nos f\u00e9licitations!<\/p>\n<p style=\"text-align: justify\"><b><br \/>\nSources\u00a0:<\/b><\/p>\n<p style=\"text-align: justify\">Val\u00e9rie Levasseur, responsable du d\u00e9veloppement des comp\u00e9tences informationnelles et du d\u00e9p\u00f4t institutionnel<br \/>\nBiblioth\u00e8que Paul-\u00c9mile-Boulet<br \/>\nUniversit\u00e9 du Qu\u00e9bec \u00e0 Chicoutimi<br \/>\n418 545-5011, poste 2215\u00a0 \u25aa\u00a0 <span style=\"color: #5a7411\"><a href=\"mailto:valerie_levasseur@uqac.ca\"><span style=\"color: #5a7411\">valerie_levasseur@uqac.ca<\/span><\/a><\/span><\/p>\n<p style=\"text-align: justify\">Bureau des affaires publiques<br \/>\nUniversit\u00e9 du Qu\u00e9bec \u00e0 Chicoutimi<br \/>\n418 545-5011, poste\u00a02350\u00a0 \u25aa\u00a0 <span style=\"color: #5a7411\"><a href=\"mailto:affaires_publiques@uqac.ca\"><span style=\"color: #5a7411\">affaires_publiques@uqac.ca<\/span><\/a><\/span><\/p>\n<p style=\"text-align: justify\"><span style=\"color: #808080\">________________________________________________________________________________________<\/span><\/p>\n<p style=\"text-align: justify\" align=\"left\"><span style=\"color: #808080\"><b>Sur la photo, dans l\u2019ordre habituel\u00a0:<\/b> Lino Tremblay, Nadia Villeneuve et Janie Gauthier-Boudreau, formateurs, S\u00e9bastien Ouellet, gagnant, Andr\u00e9 Leclerc, doyen des \u00e9tudes de cycles sup\u00e9rieurs et de la recherche, Jean-Philippe Pouliot et Charles-\u00c9rick Matton, formateurs<\/span><br \/>\n<span style=\"color: #808080\"><b>Photographe\u00a0: <\/b>Denis Blackburn, UQAC<\/span><br \/>\n<span style=\"color: #808080\"> ________________________________________________________________________________________<\/span><\/p>\n","protected":false},"excerpt":{"rendered":"<p>Gr\u00e2ce \u00e0 la formation \u00ab\u00a0Comp\u00e9tences informationnelles aux cycles sup\u00e9rieurs\u00a0\u00bb, offerte par la biblioth\u00e8que Paul-\u00c9mile-Boulet, S\u00e9bastien Ouellet, \u00e9tudiant \u00e0 la ma\u00eetrise en \u00e9tudes et interventions r\u00e9gionales, a non seulement am\u00e9lior\u00e9 ses comp\u00e9tences informationnelles et ainsi favoris\u00e9 sa r\u00e9ussite scolaire, mais il a aussi remport\u00e9 le tirage effectu\u00e9 parmi les participants \u00e0 cette formation. Monsieur Ouellet remporte [&hellip;]<\/p>\n","protected":false},"author":5,"featured_media":23669,"comment_status":"open","ping_status":"open","sticky":false,"template":"","format":"standard","meta":{"footnotes":""},"categories":[2],"tags":[245,1803,67,1804,764,1806],"yoast_head":"<!-- This site is optimized with the Yoast SEO plugin v24.2 - https:\/\/yoast.com\/wordpress\/plugins\/seo\/ -->\r\n<title>S\u00e9bastien Ouellet remporte le tirage \u00ab Comp\u00e9tences informationnelles aux cycles sup\u00e9rieurs \u00bb - UQACtualit\u00e9s<\/title>\r\n<meta name=\"robots\" content=\"index, follow, max-snippet:-1, max-image-preview:large, max-video-preview:-1\" \/>\r\n<link rel=\"canonical\" href=\"https:\/\/www.uqac.ca\/uqactualites\/2013\/03\/26\/sebastien-ouellet-remporte-le-tirage-competences-informationnelles-aux-cycles-superieurs\/\" \/>\r\n<meta property=\"og:locale\" content=\"fr_CA\" \/>\r\n<meta property=\"og:type\" content=\"article\" \/>\r\n<meta property=\"og:title\" content=\"S\u00e9bastien Ouellet remporte le tirage \u00ab Comp\u00e9tences informationnelles aux cycles sup\u00e9rieurs \u00bb - UQACtualit\u00e9s\" \/>\r\n<meta property=\"og:description\" content=\"Gr\u00e2ce \u00e0 la formation \u00ab\u00a0Comp\u00e9tences informationnelles aux cycles sup\u00e9rieurs\u00a0\u00bb, offerte par la biblioth\u00e8que Paul-\u00c9mile-Boulet, S\u00e9bastien Ouellet, \u00e9tudiant \u00e0 la ma\u00eetrise en \u00e9tudes et interventions r\u00e9gionales, a non seulement am\u00e9lior\u00e9 ses comp\u00e9tences informationnelles et ainsi favoris\u00e9 sa r\u00e9ussite scolaire, mais il a aussi remport\u00e9 le tirage effectu\u00e9 parmi les participants \u00e0 cette formation. Monsieur Ouellet remporte [&hellip;]\" \/>\r\n<meta property=\"og:url\" content=\"https:\/\/www.uqac.ca\/uqactualites\/2013\/03\/26\/sebastien-ouellet-remporte-le-tirage-competences-informationnelles-aux-cycles-superieurs\/\" \/>\r\n<meta property=\"og:site_name\" content=\"UQACtualit\u00e9s\" \/>\r\n<meta property=\"article:published_time\" content=\"2013-03-26T13:10:00+00:00\" \/>\r\n<meta property=\"og:image\" content=\"https:\/\/www.uqac.ca\/uqactualites\/wp-content\/uploads\/2013\/03\/S\u00e9bastien-Ouellet-\u00a9Denis-Blackburn.jpg\" \/>\r\n\t<meta property=\"og:image:width\" content=\"620\" \/>\r\n\t<meta property=\"og:image:height\" content=\"300\" \/>\r\n\t<meta property=\"og:image:type\" content=\"image\/jpeg\" \/>\r\n<meta name=\"author\" content=\"Service des communications et des relations publiques\" \/>\r\n<meta name=\"twitter:card\" content=\"summary_large_image\" \/>\r\n<meta name=\"twitter:label1\" content=\"\u00c9crit par\" \/>\n\t<meta name=\"twitter:data1\" content=\"Service des communications et des relations publiques\" \/>\n\t<meta name=\"twitter:label2\" content=\"Estimation du temps de lecture\" \/>\n\t<meta name=\"twitter:data2\" content=\"1 minute\" \/>\r\n<script type=\"application\/ld+json\" class=\"yoast-schema-graph\">{\"@context\":\"https:\/\/schema.org\",\"@graph\":[{\"@type\":\"WebPage\",\"@id\":\"https:\/\/www.uqac.ca\/uqactualites\/2013\/03\/26\/sebastien-ouellet-remporte-le-tirage-competences-informationnelles-aux-cycles-superieurs\/\",\"url\":\"https:\/\/www.uqac.ca\/uqactualites\/2013\/03\/26\/sebastien-ouellet-remporte-le-tirage-competences-informationnelles-aux-cycles-superieurs\/\",\"name\":\"S\u00e9bastien Ouellet remporte le tirage \u00ab Comp\u00e9tences informationnelles aux cycles sup\u00e9rieurs \u00bb - UQACtualit\u00e9s\",\"isPartOf\":{\"@id\":\"https:\/\/www.uqac.ca\/uqactualites\/#website\"},\"primaryImageOfPage\":{\"@id\":\"https:\/\/www.uqac.ca\/uqactualites\/2013\/03\/26\/sebastien-ouellet-remporte-le-tirage-competences-informationnelles-aux-cycles-superieurs\/#primaryimage\"},\"image\":{\"@id\":\"https:\/\/www.uqac.ca\/uqactualites\/2013\/03\/26\/sebastien-ouellet-remporte-le-tirage-competences-informationnelles-aux-cycles-superieurs\/#primaryimage\"},\"thumbnailUrl\":\"https:\/\/www.uqac.ca\/uqactualites\/wp-content\/uploads\/2013\/03\/S\u00e9bastien-Ouellet-\u00a9Denis-Blackburn.jpg\",\"datePublished\":\"2013-03-26T13:10:00+00:00\",\"dateModified\":\"2013-03-26T13:10:00+00:00\",\"author\":{\"@id\":\"https:\/\/www.uqac.ca\/uqactualites\/#\/schema\/person\/366c45a0c4f0e677b41b4af5886e2018\"},\"breadcrumb\":{\"@id\":\"https:\/\/www.uqac.ca\/uqactualites\/2013\/03\/26\/sebastien-ouellet-remporte-le-tirage-competences-informationnelles-aux-cycles-superieurs\/#breadcrumb\"},\"inLanguage\":\"fr-CA\",\"potentialAction\":[{\"@type\":\"ReadAction\",\"target\":[\"https:\/\/www.uqac.ca\/uqactualites\/2013\/03\/26\/sebastien-ouellet-remporte-le-tirage-competences-informationnelles-aux-cycles-superieurs\/\"]}]},{\"@type\":\"ImageObject\",\"inLanguage\":\"fr-CA\",\"@id\":\"https:\/\/www.uqac.ca\/uqactualites\/2013\/03\/26\/sebastien-ouellet-remporte-le-tirage-competences-informationnelles-aux-cycles-superieurs\/#primaryimage\",\"url\":\"https:\/\/www.uqac.ca\/uqactualites\/wp-content\/uploads\/2013\/03\/S\u00e9bastien-Ouellet-\u00a9Denis-Blackburn.jpg\",\"contentUrl\":\"https:\/\/www.uqac.ca\/uqactualites\/wp-content\/uploads\/2013\/03\/S\u00e9bastien-Ouellet-\u00a9Denis-Blackburn.jpg\",\"width\":620,\"height\":300},{\"@type\":\"BreadcrumbList\",\"@id\":\"https:\/\/www.uqac.ca\/uqactualites\/2013\/03\/26\/sebastien-ouellet-remporte-le-tirage-competences-informationnelles-aux-cycles-superieurs\/#breadcrumb\",\"itemListElement\":[{\"@type\":\"ListItem\",\"position\":1,\"name\":\"Home\",\"item\":\"https:\/\/www.uqac.ca\/uqactualites\/\"},{\"@type\":\"ListItem\",\"position\":2,\"name\":\"S\u00e9bastien Ouellet remporte le tirage \u00ab Comp\u00e9tences informationnelles aux cycles sup\u00e9rieurs \u00bb\"}]},{\"@type\":\"WebSite\",\"@id\":\"https:\/\/www.uqac.ca\/uqactualites\/#website\",\"url\":\"https:\/\/www.uqac.ca\/uqactualites\/\",\"name\":\"UQACtualit\u00e9s\",\"description\":\"Le portail des nouvelles de l&#039;UQAC\",\"potentialAction\":[{\"@type\":\"SearchAction\",\"target\":{\"@type\":\"EntryPoint\",\"urlTemplate\":\"https:\/\/www.uqac.ca\/uqactualites\/?s={search_term_string}\"},\"query-input\":{\"@type\":\"PropertyValueSpecification\",\"valueRequired\":true,\"valueName\":\"search_term_string\"}}],\"inLanguage\":\"fr-CA\"},{\"@type\":\"Person\",\"@id\":\"https:\/\/www.uqac.ca\/uqactualites\/#\/schema\/person\/366c45a0c4f0e677b41b4af5886e2018\",\"name\":\"Service des communications et des relations publiques\",\"image\":{\"@type\":\"ImageObject\",\"inLanguage\":\"fr-CA\",\"@id\":\"https:\/\/www.uqac.ca\/uqactualites\/#\/schema\/person\/image\/\",\"url\":\"https:\/\/secure.gravatar.com\/avatar\/20fbbda8a292f59f2d3461a5b999c00b?s=96&d=mm&r=g\",\"contentUrl\":\"https:\/\/secure.gravatar.com\/avatar\/20fbbda8a292f59f2d3461a5b999c00b?s=96&d=mm&r=g\",\"caption\":\"Service des communications et des relations publiques\"},\"url\":\"https:\/\/www.uqac.ca\/uqactualites\/author\/bap\/\"}]}<\/script>\r\n<!-- \/ Yoast SEO plugin. -->","yoast_head_json":{"title":"S\u00e9bastien Ouellet remporte le tirage \u00ab Comp\u00e9tences informationnelles aux cycles sup\u00e9rieurs \u00bb - UQACtualit\u00e9s","robots":{"index":"index","follow":"follow","max-snippet":"max-snippet:-1","max-image-preview":"max-image-preview:large","max-video-preview":"max-video-preview:-1"},"canonical":"https:\/\/www.uqac.ca\/uqactualites\/2013\/03\/26\/sebastien-ouellet-remporte-le-tirage-competences-informationnelles-aux-cycles-superieurs\/","og_locale":"fr_CA","og_type":"article","og_title":"S\u00e9bastien Ouellet remporte le tirage \u00ab Comp\u00e9tences informationnelles aux cycles sup\u00e9rieurs \u00bb - UQACtualit\u00e9s","og_description":"Gr\u00e2ce \u00e0 la formation \u00ab\u00a0Comp\u00e9tences informationnelles aux cycles sup\u00e9rieurs\u00a0\u00bb, offerte par la biblioth\u00e8que Paul-\u00c9mile-Boulet, S\u00e9bastien Ouellet, \u00e9tudiant \u00e0 la ma\u00eetrise en \u00e9tudes et interventions r\u00e9gionales, a non seulement am\u00e9lior\u00e9 ses comp\u00e9tences informationnelles et ainsi favoris\u00e9 sa r\u00e9ussite scolaire, mais il a aussi remport\u00e9 le tirage effectu\u00e9 parmi les participants \u00e0 cette formation. Monsieur Ouellet remporte [&hellip;]","og_url":"https:\/\/www.uqac.ca\/uqactualites\/2013\/03\/26\/sebastien-ouellet-remporte-le-tirage-competences-informationnelles-aux-cycles-superieurs\/","og_site_name":"UQACtualit\u00e9s","article_published_time":"2013-03-26T13:10:00+00:00","og_image":[{"width":620,"height":300,"url":"https:\/\/www.uqac.ca\/uqactualites\/wp-content\/uploads\/2013\/03\/S\u00e9bastien-Ouellet-\u00a9Denis-Blackburn.jpg","type":"image\/jpeg"}],"author":"Service des communications et des relations publiques","twitter_card":"summary_large_image","twitter_misc":{"\u00c9crit par":"Service des communications et des relations publiques","Estimation du temps de lecture":"1 minute"},"schema":{"@context":"https:\/\/schema.org","@graph":[{"@type":"WebPage","@id":"https:\/\/www.uqac.ca\/uqactualites\/2013\/03\/26\/sebastien-ouellet-remporte-le-tirage-competences-informationnelles-aux-cycles-superieurs\/","url":"https:\/\/www.uqac.ca\/uqactualites\/2013\/03\/26\/sebastien-ouellet-remporte-le-tirage-competences-informationnelles-aux-cycles-superieurs\/","name":"S\u00e9bastien Ouellet remporte le tirage \u00ab Comp\u00e9tences informationnelles aux cycles sup\u00e9rieurs \u00bb - UQACtualit\u00e9s","isPartOf":{"@id":"https:\/\/www.uqac.ca\/uqactualites\/#website"},"primaryImageOfPage":{"@id":"https:\/\/www.uqac.ca\/uqactualites\/2013\/03\/26\/sebastien-ouellet-remporte-le-tirage-competences-informationnelles-aux-cycles-superieurs\/#primaryimage"},"image":{"@id":"https:\/\/www.uqac.ca\/uqactualites\/2013\/03\/26\/sebastien-ouellet-remporte-le-tirage-competences-informationnelles-aux-cycles-superieurs\/#primaryimage"},"thumbnailUrl":"https:\/\/www.uqac.ca\/uqactualites\/wp-content\/uploads\/2013\/03\/S\u00e9bastien-Ouellet-\u00a9Denis-Blackburn.jpg","datePublished":"2013-03-26T13:10:00+00:00","dateModified":"2013-03-26T13:10:00+00:00","author":{"@id":"https:\/\/www.uqac.ca\/uqactualites\/#\/schema\/person\/366c45a0c4f0e677b41b4af5886e2018"},"breadcrumb":{"@id":"https:\/\/www.uqac.ca\/uqactualites\/2013\/03\/26\/sebastien-ouellet-remporte-le-tirage-competences-informationnelles-aux-cycles-superieurs\/#breadcrumb"},"inLanguage":"fr-CA","potentialAction":[{"@type":"ReadAction","target":["https:\/\/www.uqac.ca\/uqactualites\/2013\/03\/26\/sebastien-ouellet-remporte-le-tirage-competences-informationnelles-aux-cycles-superieurs\/"]}]},{"@type":"ImageObject","inLanguage":"fr-CA","@id":"https:\/\/www.uqac.ca\/uqactualites\/2013\/03\/26\/sebastien-ouellet-remporte-le-tirage-competences-informationnelles-aux-cycles-superieurs\/#primaryimage","url":"https:\/\/www.uqac.ca\/uqactualites\/wp-content\/uploads\/2013\/03\/S\u00e9bastien-Ouellet-\u00a9Denis-Blackburn.jpg","contentUrl":"https:\/\/www.uqac.ca\/uqactualites\/wp-content\/uploads\/2013\/03\/S\u00e9bastien-Ouellet-\u00a9Denis-Blackburn.jpg","width":620,"height":300},{"@type":"BreadcrumbList","@id":"https:\/\/www.uqac.ca\/uqactualites\/2013\/03\/26\/sebastien-ouellet-remporte-le-tirage-competences-informationnelles-aux-cycles-superieurs\/#breadcrumb","itemListElement":[{"@type":"ListItem","position":1,"name":"Home","item":"https:\/\/www.uqac.ca\/uqactualites\/"},{"@type":"ListItem","position":2,"name":"S\u00e9bastien Ouellet remporte le tirage \u00ab Comp\u00e9tences informationnelles aux cycles sup\u00e9rieurs \u00bb"}]},{"@type":"WebSite","@id":"https:\/\/www.uqac.ca\/uqactualites\/#website","url":"https:\/\/www.uqac.ca\/uqactualites\/","name":"UQACtualit\u00e9s","description":"Le portail des nouvelles de l&#039;UQAC","potentialAction":[{"@type":"SearchAction","target":{"@type":"EntryPoint","urlTemplate":"https:\/\/www.uqac.ca\/uqactualites\/?s={search_term_string}"},"query-input":{"@type":"PropertyValueSpecification","valueRequired":true,"valueName":"search_term_string"}}],"inLanguage":"fr-CA"},{"@type":"Person","@id":"https:\/\/www.uqac.ca\/uqactualites\/#\/schema\/person\/366c45a0c4f0e677b41b4af5886e2018","name":"Service des communications et des relations publiques","image":{"@type":"ImageObject","inLanguage":"fr-CA","@id":"https:\/\/www.uqac.ca\/uqactualites\/#\/schema\/person\/image\/","url":"https:\/\/secure.gravatar.com\/avatar\/20fbbda8a292f59f2d3461a5b999c00b?s=96&d=mm&r=g","contentUrl":"https:\/\/secure.gravatar.com\/avatar\/20fbbda8a292f59f2d3461a5b999c00b?s=96&d=mm&r=g","caption":"Service des communications et des relations publiques"},"url":"https:\/\/www.uqac.ca\/uqactualites\/author\/bap\/"}]}},"_links":{"self":[{"href":"https:\/\/www.uqac.ca\/uqactualites\/wp-json\/wp\/v2\/posts\/23659"}],"collection":[{"href":"https:\/\/www.uqac.ca\/uqactualites\/wp-json\/wp\/v2\/posts"}],"about":[{"href":"https:\/\/www.uqac.ca\/uqactualites\/wp-json\/wp\/v2\/types\/post"}],"author":[{"embeddable":true,"href":"https:\/\/www.uqac.ca\/uqactualites\/wp-json\/wp\/v2\/users\/5"}],"replies":[{"embeddable":true,"href":"https:\/\/www.uqac.ca\/uqactualites\/wp-json\/wp\/v2\/comments?post=23659"}],"version-history":[{"count":0,"href":"https:\/\/www.uqac.ca\/uqactualites\/wp-json\/wp\/v2\/posts\/23659\/revisions"}],"wp:featuredmedia":[{"embeddable":true,"href":"https:\/\/www.uqac.ca\/uqactualites\/wp-json\/wp\/v2\/media\/23669"}],"wp:attachment":[{"href":"https:\/\/www.uqac.ca\/uqactualites\/wp-json\/wp\/v2\/media?parent=23659"}],"wp:term":[{"taxonomy":"category","embeddable":true,"href":"https:\/\/www.uqac.ca\/uqactualites\/wp-json\/wp\/v2\/categories?post=23659"},{"taxonomy":"post_tag","embeddable":true,"href":"https:\/\/www.uqac.ca\/uqactualites\/wp-json\/wp\/v2\/tags?post=23659"}],"curies":[{"name":"wp","href":"https:\/\/api.w.org\/{rel}","templated":true}]}}