{"id":23680,"date":"2013-03-26T14:19:55","date_gmt":"2013-03-26T18:19:55","guid":{"rendered":"http:\/\/uqactualite.odev.ca\/?p=23680"},"modified":"2013-03-26T14:19:55","modified_gmt":"2013-03-26T18:19:55","slug":"luqac-souligne-la-journee-mondiale-de-leau-3","status":"publish","type":"post","link":"https:\/\/www.uqac.ca\/uqactualites\/2013\/03\/26\/luqac-souligne-la-journee-mondiale-de-leau-3\/","title":{"rendered":"L\u2019UQAC souligne la Journ\u00e9e mondiale de l\u2019eau"},"content":{"rendered":"<p style=\"text-align: justify\">Afin de souligner la Journ\u00e9e mondiale de l\u2019eau\u00a02013, l\u2019UQAC proposait le 22 mars dernier une journ\u00e9e d\u2019activit\u00e9s, de concert avec plusieurs organismes r\u00e9gionaux. Sous le th\u00e8me\u00a0\u00ab\u00a0La coop\u00e9ration dans le domaine de l\u2019eau\u00a0\u00bb, une programmation compl\u00e8te \u00e9tait propos\u00e9e afin de favoriser une r\u00e9flexion commune sur cette ressource vitale et de valoriser son importance dans nos vies.<\/p>\n<p style=\"text-align: justify\">Chercheurs, \u00e9tudiants de cycles sup\u00e9rieurs et organismes partenaires \u00e9taient donc pr\u00e9sents afin d\u2019alimenter les discussions sur le sujet. Une s\u00e9lection de reportages et de courts-m\u00e9trages soulevant des enjeux d\u2019actualit\u00e9 importants li\u00e9s \u00e0 l\u2019eau \u00e9tait \u00e9galement propos\u00e9e aux participants. Ces derniers \u00e9taient invit\u00e9s \u00e0 partager leurs r\u00e9flexions au sujet de la ressource, de son utilisation et de sa pr\u00e9servation.<\/p>\n<p style=\"text-align: justify\" align=\"left\"><b>Quelques mots sur la Journ\u00e9e mondiale de l\u2019eau<\/b><br \/>\nL\u2019Assembl\u00e9e g\u00e9n\u00e9rale des Nations unies a d\u00e9clar\u00e9 le 22 mars de chaque ann\u00e9e \u00ab\u00a0Journ\u00e9e mondiale de l\u2019eau\u00a0\u00bb. Depuis 1993, cette journ\u00e9e permet de rappeler l\u2019importance de l\u2019eau douce et de sa qualit\u00e9, tant pour les \u00e9cosyst\u00e8mes que pour l\u2019esp\u00e8ce humaine. C\u2019est l\u2019occasion de sensibiliser les citoyens \u00e0 la conservation et \u00e0 l\u2019usage responsable des ressources en eau.<\/p>\n<p style=\"text-align: justify\"><b><br \/>\nSources\u00a0:<\/b><\/p>\n<p style=\"text-align: justify\" align=\"left\">Marie-Am\u00e9lie Boucher, professeure<br \/>\nD\u00e9partement des sciences appliqu\u00e9es<br \/>\nUniversit\u00e9 du Qu\u00e9bec \u00e0 Chicoutimi<br \/>\n418 545-5011, poste\u00a05057\u00a0 \u25aa\u00a0 <span style=\"color: #5a7411\"><a href=\"mailto:marie-amelie_boucher@uqac.ca\"><span style=\"color: #5a7411\">marie-amelie_boucher@uqac.ca<\/span><\/a><\/span><\/p>\n<p style=\"text-align: justify\" align=\"left\">Bureau des affaires publiques<br \/>\nUniversit\u00e9 du Qu\u00e9bec \u00e0 Chicoutimi<br \/>\n418\u00a0545-5011, poste\u00a02350\u00a0 \u25aa\u00a0 <span style=\"color: #5a7411\"><a href=\"mailto:affaires_publiques@uqac.ca\"><span style=\"color: #5a7411\">affaires_publiques@uqac.ca<\/span><\/a><\/span><\/p>\n<p style=\"text-align: justify\">\n<span style=\"color: #808080\">________________________________________________________________________________________<\/span><\/p>\n<p style=\"text-align: justify\" align=\"left\"><span style=\"color: #808080\"><b>Photographie\u00a0:<\/b> <a href=\"http:\/\/www.123rf.com\/\"><span style=\"color: #808080\">123RF.com<\/span><\/a><\/span><br \/>\n<span style=\"color: #808080\"> ________________________________________________________________________________________<\/span><\/p>\n","protected":false},"excerpt":{"rendered":"<p>Afin de souligner la Journ\u00e9e mondiale de l\u2019eau\u00a02013, l\u2019UQAC proposait le 22 mars dernier une journ\u00e9e d\u2019activit\u00e9s, de concert avec plusieurs organismes r\u00e9gionaux. Sous le th\u00e8me\u00a0\u00ab\u00a0La coop\u00e9ration dans le domaine de l\u2019eau\u00a0\u00bb, une programmation compl\u00e8te \u00e9tait propos\u00e9e afin de favoriser une r\u00e9flexion commune sur cette ressource vitale et de valoriser son importance dans nos vies. [&hellip;]<\/p>\n","protected":false},"author":5,"featured_media":23681,"comment_status":"open","ping_status":"open","sticky":false,"template":"","format":"standard","meta":{"footnotes":""},"categories":[2],"tags":[21,1166,1348,2002],"yoast_head":"<!-- This site is optimized with the Yoast SEO plugin v24.2 - https:\/\/yoast.com\/wordpress\/plugins\/seo\/ -->\r\n<title>L\u2019UQAC souligne la Journ\u00e9e mondiale de l\u2019eau - UQACtualit\u00e9s<\/title>\r\n<meta name=\"robots\" content=\"index, follow, max-snippet:-1, max-image-preview:large, max-video-preview:-1\" \/>\r\n<link rel=\"canonical\" href=\"https:\/\/www.uqac.ca\/uqactualites\/2013\/03\/26\/luqac-souligne-la-journee-mondiale-de-leau-3\/\" \/>\r\n<meta property=\"og:locale\" content=\"fr_CA\" \/>\r\n<meta property=\"og:type\" content=\"article\" \/>\r\n<meta property=\"og:title\" content=\"L\u2019UQAC souligne la Journ\u00e9e mondiale de l\u2019eau - UQACtualit\u00e9s\" \/>\r\n<meta property=\"og:description\" content=\"Afin de souligner la Journ\u00e9e mondiale de l\u2019eau\u00a02013, l\u2019UQAC proposait le 22 mars dernier une journ\u00e9e d\u2019activit\u00e9s, de concert avec plusieurs organismes r\u00e9gionaux. Sous le th\u00e8me\u00a0\u00ab\u00a0La coop\u00e9ration dans le domaine de l\u2019eau\u00a0\u00bb, une programmation compl\u00e8te \u00e9tait propos\u00e9e afin de favoriser une r\u00e9flexion commune sur cette ressource vitale et de valoriser son importance dans nos vies. [&hellip;]\" \/>\r\n<meta property=\"og:url\" content=\"https:\/\/www.uqac.ca\/uqactualites\/2013\/03\/26\/luqac-souligne-la-journee-mondiale-de-leau-3\/\" \/>\r\n<meta property=\"og:site_name\" content=\"UQACtualit\u00e9s\" \/>\r\n<meta property=\"article:published_time\" content=\"2013-03-26T18:19:55+00:00\" \/>\r\n<meta property=\"og:image\" content=\"https:\/\/www.uqac.ca\/uqactualites\/wp-content\/uploads\/2013\/03\/Journ\u00e9e-mondiale-de-leau-Web-\u00a9123RF.com_.jpg\" \/>\r\n\t<meta property=\"og:image:width\" content=\"620\" \/>\r\n\t<meta property=\"og:image:height\" content=\"300\" \/>\r\n\t<meta property=\"og:image:type\" content=\"image\/jpeg\" \/>\r\n<meta name=\"author\" content=\"Service des communications et des relations publiques\" \/>\r\n<meta name=\"twitter:card\" content=\"summary_large_image\" \/>\r\n<meta name=\"twitter:label1\" content=\"\u00c9crit par\" \/>\n\t<meta name=\"twitter:data1\" content=\"Service des communications et des relations publiques\" \/>\n\t<meta name=\"twitter:label2\" content=\"Estimation du temps de lecture\" \/>\n\t<meta name=\"twitter:data2\" content=\"1 minute\" \/>\r\n<script type=\"application\/ld+json\" class=\"yoast-schema-graph\">{\"@context\":\"https:\/\/schema.org\",\"@graph\":[{\"@type\":\"WebPage\",\"@id\":\"https:\/\/www.uqac.ca\/uqactualites\/2013\/03\/26\/luqac-souligne-la-journee-mondiale-de-leau-3\/\",\"url\":\"https:\/\/www.uqac.ca\/uqactualites\/2013\/03\/26\/luqac-souligne-la-journee-mondiale-de-leau-3\/\",\"name\":\"L\u2019UQAC souligne la Journ\u00e9e mondiale de l\u2019eau - UQACtualit\u00e9s\",\"isPartOf\":{\"@id\":\"https:\/\/www.uqac.ca\/uqactualites\/#website\"},\"primaryImageOfPage\":{\"@id\":\"https:\/\/www.uqac.ca\/uqactualites\/2013\/03\/26\/luqac-souligne-la-journee-mondiale-de-leau-3\/#primaryimage\"},\"image\":{\"@id\":\"https:\/\/www.uqac.ca\/uqactualites\/2013\/03\/26\/luqac-souligne-la-journee-mondiale-de-leau-3\/#primaryimage\"},\"thumbnailUrl\":\"https:\/\/www.uqac.ca\/uqactualites\/wp-content\/uploads\/2013\/03\/Journ\u00e9e-mondiale-de-leau-Web-\u00a9123RF.com_.jpg\",\"datePublished\":\"2013-03-26T18:19:55+00:00\",\"dateModified\":\"2013-03-26T18:19:55+00:00\",\"author\":{\"@id\":\"https:\/\/www.uqac.ca\/uqactualites\/#\/schema\/person\/366c45a0c4f0e677b41b4af5886e2018\"},\"breadcrumb\":{\"@id\":\"https:\/\/www.uqac.ca\/uqactualites\/2013\/03\/26\/luqac-souligne-la-journee-mondiale-de-leau-3\/#breadcrumb\"},\"inLanguage\":\"fr-CA\",\"potentialAction\":[{\"@type\":\"ReadAction\",\"target\":[\"https:\/\/www.uqac.ca\/uqactualites\/2013\/03\/26\/luqac-souligne-la-journee-mondiale-de-leau-3\/\"]}]},{\"@type\":\"ImageObject\",\"inLanguage\":\"fr-CA\",\"@id\":\"https:\/\/www.uqac.ca\/uqactualites\/2013\/03\/26\/luqac-souligne-la-journee-mondiale-de-leau-3\/#primaryimage\",\"url\":\"https:\/\/www.uqac.ca\/uqactualites\/wp-content\/uploads\/2013\/03\/Journ\u00e9e-mondiale-de-leau-Web-\u00a9123RF.com_.jpg\",\"contentUrl\":\"https:\/\/www.uqac.ca\/uqactualites\/wp-content\/uploads\/2013\/03\/Journ\u00e9e-mondiale-de-leau-Web-\u00a9123RF.com_.jpg\",\"width\":620,\"height\":300},{\"@type\":\"BreadcrumbList\",\"@id\":\"https:\/\/www.uqac.ca\/uqactualites\/2013\/03\/26\/luqac-souligne-la-journee-mondiale-de-leau-3\/#breadcrumb\",\"itemListElement\":[{\"@type\":\"ListItem\",\"position\":1,\"name\":\"Home\",\"item\":\"https:\/\/www.uqac.ca\/uqactualites\/\"},{\"@type\":\"ListItem\",\"position\":2,\"name\":\"L\u2019UQAC souligne la Journ\u00e9e mondiale de l\u2019eau\"}]},{\"@type\":\"WebSite\",\"@id\":\"https:\/\/www.uqac.ca\/uqactualites\/#website\",\"url\":\"https:\/\/www.uqac.ca\/uqactualites\/\",\"name\":\"UQACtualit\u00e9s\",\"description\":\"Le portail des nouvelles de l&#039;UQAC\",\"potentialAction\":[{\"@type\":\"SearchAction\",\"target\":{\"@type\":\"EntryPoint\",\"urlTemplate\":\"https:\/\/www.uqac.ca\/uqactualites\/?s={search_term_string}\"},\"query-input\":{\"@type\":\"PropertyValueSpecification\",\"valueRequired\":true,\"valueName\":\"search_term_string\"}}],\"inLanguage\":\"fr-CA\"},{\"@type\":\"Person\",\"@id\":\"https:\/\/www.uqac.ca\/uqactualites\/#\/schema\/person\/366c45a0c4f0e677b41b4af5886e2018\",\"name\":\"Service des communications et des relations publiques\",\"image\":{\"@type\":\"ImageObject\",\"inLanguage\":\"fr-CA\",\"@id\":\"https:\/\/www.uqac.ca\/uqactualites\/#\/schema\/person\/image\/\",\"url\":\"https:\/\/secure.gravatar.com\/avatar\/20fbbda8a292f59f2d3461a5b999c00b?s=96&d=mm&r=g\",\"contentUrl\":\"https:\/\/secure.gravatar.com\/avatar\/20fbbda8a292f59f2d3461a5b999c00b?s=96&d=mm&r=g\",\"caption\":\"Service des communications et des relations publiques\"},\"url\":\"https:\/\/www.uqac.ca\/uqactualites\/author\/bap\/\"}]}<\/script>\r\n<!-- \/ Yoast SEO plugin. -->","yoast_head_json":{"title":"L\u2019UQAC souligne la Journ\u00e9e mondiale de l\u2019eau - UQACtualit\u00e9s","robots":{"index":"index","follow":"follow","max-snippet":"max-snippet:-1","max-image-preview":"max-image-preview:large","max-video-preview":"max-video-preview:-1"},"canonical":"https:\/\/www.uqac.ca\/uqactualites\/2013\/03\/26\/luqac-souligne-la-journee-mondiale-de-leau-3\/","og_locale":"fr_CA","og_type":"article","og_title":"L\u2019UQAC souligne la Journ\u00e9e mondiale de l\u2019eau - UQACtualit\u00e9s","og_description":"Afin de souligner la Journ\u00e9e mondiale de l\u2019eau\u00a02013, l\u2019UQAC proposait le 22 mars dernier une journ\u00e9e d\u2019activit\u00e9s, de concert avec plusieurs organismes r\u00e9gionaux. Sous le th\u00e8me\u00a0\u00ab\u00a0La coop\u00e9ration dans le domaine de l\u2019eau\u00a0\u00bb, une programmation compl\u00e8te \u00e9tait propos\u00e9e afin de favoriser une r\u00e9flexion commune sur cette ressource vitale et de valoriser son importance dans nos vies. [&hellip;]","og_url":"https:\/\/www.uqac.ca\/uqactualites\/2013\/03\/26\/luqac-souligne-la-journee-mondiale-de-leau-3\/","og_site_name":"UQACtualit\u00e9s","article_published_time":"2013-03-26T18:19:55+00:00","og_image":[{"width":620,"height":300,"url":"https:\/\/www.uqac.ca\/uqactualites\/wp-content\/uploads\/2013\/03\/Journ\u00e9e-mondiale-de-leau-Web-\u00a9123RF.com_.jpg","type":"image\/jpeg"}],"author":"Service des communications et des relations publiques","twitter_card":"summary_large_image","twitter_misc":{"\u00c9crit par":"Service des communications et des relations publiques","Estimation du temps de lecture":"1 minute"},"schema":{"@context":"https:\/\/schema.org","@graph":[{"@type":"WebPage","@id":"https:\/\/www.uqac.ca\/uqactualites\/2013\/03\/26\/luqac-souligne-la-journee-mondiale-de-leau-3\/","url":"https:\/\/www.uqac.ca\/uqactualites\/2013\/03\/26\/luqac-souligne-la-journee-mondiale-de-leau-3\/","name":"L\u2019UQAC souligne la Journ\u00e9e mondiale de l\u2019eau - UQACtualit\u00e9s","isPartOf":{"@id":"https:\/\/www.uqac.ca\/uqactualites\/#website"},"primaryImageOfPage":{"@id":"https:\/\/www.uqac.ca\/uqactualites\/2013\/03\/26\/luqac-souligne-la-journee-mondiale-de-leau-3\/#primaryimage"},"image":{"@id":"https:\/\/www.uqac.ca\/uqactualites\/2013\/03\/26\/luqac-souligne-la-journee-mondiale-de-leau-3\/#primaryimage"},"thumbnailUrl":"https:\/\/www.uqac.ca\/uqactualites\/wp-content\/uploads\/2013\/03\/Journ\u00e9e-mondiale-de-leau-Web-\u00a9123RF.com_.jpg","datePublished":"2013-03-26T18:19:55+00:00","dateModified":"2013-03-26T18:19:55+00:00","author":{"@id":"https:\/\/www.uqac.ca\/uqactualites\/#\/schema\/person\/366c45a0c4f0e677b41b4af5886e2018"},"breadcrumb":{"@id":"https:\/\/www.uqac.ca\/uqactualites\/2013\/03\/26\/luqac-souligne-la-journee-mondiale-de-leau-3\/#breadcrumb"},"inLanguage":"fr-CA","potentialAction":[{"@type":"ReadAction","target":["https:\/\/www.uqac.ca\/uqactualites\/2013\/03\/26\/luqac-souligne-la-journee-mondiale-de-leau-3\/"]}]},{"@type":"ImageObject","inLanguage":"fr-CA","@id":"https:\/\/www.uqac.ca\/uqactualites\/2013\/03\/26\/luqac-souligne-la-journee-mondiale-de-leau-3\/#primaryimage","url":"https:\/\/www.uqac.ca\/uqactualites\/wp-content\/uploads\/2013\/03\/Journ\u00e9e-mondiale-de-leau-Web-\u00a9123RF.com_.jpg","contentUrl":"https:\/\/www.uqac.ca\/uqactualites\/wp-content\/uploads\/2013\/03\/Journ\u00e9e-mondiale-de-leau-Web-\u00a9123RF.com_.jpg","width":620,"height":300},{"@type":"BreadcrumbList","@id":"https:\/\/www.uqac.ca\/uqactualites\/2013\/03\/26\/luqac-souligne-la-journee-mondiale-de-leau-3\/#breadcrumb","itemListElement":[{"@type":"ListItem","position":1,"name":"Home","item":"https:\/\/www.uqac.ca\/uqactualites\/"},{"@type":"ListItem","position":2,"name":"L\u2019UQAC souligne la Journ\u00e9e mondiale de l\u2019eau"}]},{"@type":"WebSite","@id":"https:\/\/www.uqac.ca\/uqactualites\/#website","url":"https:\/\/www.uqac.ca\/uqactualites\/","name":"UQACtualit\u00e9s","description":"Le portail des nouvelles de l&#039;UQAC","potentialAction":[{"@type":"SearchAction","target":{"@type":"EntryPoint","urlTemplate":"https:\/\/www.uqac.ca\/uqactualites\/?s={search_term_string}"},"query-input":{"@type":"PropertyValueSpecification","valueRequired":true,"valueName":"search_term_string"}}],"inLanguage":"fr-CA"},{"@type":"Person","@id":"https:\/\/www.uqac.ca\/uqactualites\/#\/schema\/person\/366c45a0c4f0e677b41b4af5886e2018","name":"Service des communications et des relations publiques","image":{"@type":"ImageObject","inLanguage":"fr-CA","@id":"https:\/\/www.uqac.ca\/uqactualites\/#\/schema\/person\/image\/","url":"https:\/\/secure.gravatar.com\/avatar\/20fbbda8a292f59f2d3461a5b999c00b?s=96&d=mm&r=g","contentUrl":"https:\/\/secure.gravatar.com\/avatar\/20fbbda8a292f59f2d3461a5b999c00b?s=96&d=mm&r=g","caption":"Service des communications et des relations publiques"},"url":"https:\/\/www.uqac.ca\/uqactualites\/author\/bap\/"}]}},"_links":{"self":[{"href":"https:\/\/www.uqac.ca\/uqactualites\/wp-json\/wp\/v2\/posts\/23680"}],"collection":[{"href":"https:\/\/www.uqac.ca\/uqactualites\/wp-json\/wp\/v2\/posts"}],"about":[{"href":"https:\/\/www.uqac.ca\/uqactualites\/wp-json\/wp\/v2\/types\/post"}],"author":[{"embeddable":true,"href":"https:\/\/www.uqac.ca\/uqactualites\/wp-json\/wp\/v2\/users\/5"}],"replies":[{"embeddable":true,"href":"https:\/\/www.uqac.ca\/uqactualites\/wp-json\/wp\/v2\/comments?post=23680"}],"version-history":[{"count":0,"href":"https:\/\/www.uqac.ca\/uqactualites\/wp-json\/wp\/v2\/posts\/23680\/revisions"}],"wp:featuredmedia":[{"embeddable":true,"href":"https:\/\/www.uqac.ca\/uqactualites\/wp-json\/wp\/v2\/media\/23681"}],"wp:attachment":[{"href":"https:\/\/www.uqac.ca\/uqactualites\/wp-json\/wp\/v2\/media?parent=23680"}],"wp:term":[{"taxonomy":"category","embeddable":true,"href":"https:\/\/www.uqac.ca\/uqactualites\/wp-json\/wp\/v2\/categories?post=23680"},{"taxonomy":"post_tag","embeddable":true,"href":"https:\/\/www.uqac.ca\/uqactualites\/wp-json\/wp\/v2\/tags?post=23680"}],"curies":[{"name":"wp","href":"https:\/\/api.w.org\/{rel}","templated":true}]}}