{"id":23733,"date":"2013-03-28T09:33:57","date_gmt":"2013-03-28T13:33:57","guid":{"rendered":"http:\/\/uqactualite.odev.ca\/?p=23733"},"modified":"2013-03-28T09:33:57","modified_gmt":"2013-03-28T13:33:57","slug":"quatre-etudiants-de-luqac-recompenses-par-la-jeune-chambre-de-commerce-du-saguenay","status":"publish","type":"post","link":"https:\/\/www.uqac.ca\/uqactualites\/2013\/03\/28\/quatre-etudiants-de-luqac-recompenses-par-la-jeune-chambre-de-commerce-du-saguenay\/","title":{"rendered":"Quatre \u00e9tudiants de l\u2019UQAC r\u00e9compens\u00e9s par la Jeune Chambre de commerce du Saguenay"},"content":{"rendered":"<p style=\"text-align: justify\">La Jeune Chambre de commerce du Saguenay tenait le jeudi 21 mars dernier la seconde \u00e9dition du Gala Spin-Contact. L\u2019\u00e9v\u00e9nement, qui se d\u00e9roulait \u00e0 l\u2019h\u00f4tel Chicoutimi, visait \u00e0 r\u00e9compenser les jeunes entrepreneurs et professionnels de moins de 35 ans qui excellent dans leur domaine. Dans le cadre de cette soir\u00e9e, quatre \u00e9tudiants de l\u2019UQAC se sont vu d\u00e9cerner un prix pour leur projet respectif.<\/p>\n<p style=\"text-align: justify\">Alexis St-Gelais, Hubert Marceau-Tremblay et Laurie Caron, \u00e9tudiants \u00e0 la ma\u00eetrise en ressources renouvelables, ont re\u00e7u le prix \u00ab\u00a0Entreprise \u00e9tudiante\u00a0\u00bb pour PhytoChemia. Cette derni\u00e8re est sp\u00e9cialis\u00e9e dans le contr\u00f4le de la qualit\u00e9 chimique de produits naturels dans les domaines de la sant\u00e9, des cosm\u00e9tiques, de la parfumerie et de la nutrition.<\/p>\n<p style=\"text-align: justify\">De son c\u00f4t\u00e9, Thomas L\u00e9vesque, \u00e9tudiant au baccalaur\u00e9at en enseignement des langues secondes, a remport\u00e9 le prix \u00ab\u00a0Nouvelle entreprise\u00a0\u00bb pour MobileXpert, une entreprise \u00e9coresponsable qui offre des services de r\u00e9paration et de formation aux d\u00e9tenteurs d\u2019appareils mobiles. Il est \u00e0 noter que cette cat\u00e9gorie opposait MobileXpert \u00e0 deux autres entreprises, dont Optimal Physique, g\u00e9r\u00e9e par Nicolas Bacon et Pascal Lapointe, tous deux \u00e9tudiants au baccalaur\u00e9at en kin\u00e9siologie \u00e0 l\u2019UQAC.<\/p>\n<p style=\"text-align: justify\">Toutes nos f\u00e9licitations \u00e0 Alexis, Hubert, Laurie et Thomas, qui contribuent \u00e0 faire rayonner l\u2019UQAC \u00e0 travers la r\u00e9gion!<\/p>\n<p style=\"text-align: justify\">\n<p style=\"text-align: justify\"><span style=\"color: #808080\">________________________________________________________________________________________<\/span><\/p>\n<p style=\"text-align: justify\" align=\"left\"><span style=\"color: #808080\"><b>Sur la photo, dans l\u2019ordre habituel\u00a0:<\/b> Laurie Caron, Hubert Marceau-Tremblay et Alexis St-Gelais, \u00e9tudiants \u00e0 la ma\u00eetrise en ressources renouvelables, cofondateurs de l&rsquo;entreprise PhytoChemia et laur\u00e9ats du prix \u00ab\u00a0Entreprise \u00e9tudiante\u00a0\u00bb, Thierry Gagnon, charg\u00e9 de projets au CEE-UQAC, et Justine Fillion, responsable des communications au CEE-UQAC<\/span><br \/>\n<span style=\"color: #808080\"><b>Photographe\u00a0:<\/b> Billy Dragone Photo<\/span><br \/>\n<span style=\"color: #808080\"> ________________________________________________________________________________________<\/span><\/p>\n","protected":false},"excerpt":{"rendered":"<p>La Jeune Chambre de commerce du Saguenay tenait le jeudi 21 mars dernier la seconde \u00e9dition du Gala Spin-Contact. L\u2019\u00e9v\u00e9nement, qui se d\u00e9roulait \u00e0 l\u2019h\u00f4tel Chicoutimi, visait \u00e0 r\u00e9compenser les jeunes entrepreneurs et professionnels de moins de 35 ans qui excellent dans leur domaine. Dans le cadre de cette soir\u00e9e, quatre \u00e9tudiants de l\u2019UQAC se [&hellip;]<\/p>\n","protected":false},"author":5,"featured_media":23734,"comment_status":"open","ping_status":"open","sticky":false,"template":"","format":"standard","meta":{"footnotes":""},"categories":[2,9],"tags":[426,2047,2048,1067,2049,2050,2051],"yoast_head":"<!-- This site is optimized with the Yoast SEO plugin v24.2 - https:\/\/yoast.com\/wordpress\/plugins\/seo\/ -->\r\n<title>Quatre \u00e9tudiants de l\u2019UQAC r\u00e9compens\u00e9s par la Jeune Chambre de commerce du Saguenay - UQACtualit\u00e9s<\/title>\r\n<meta name=\"robots\" content=\"index, follow, max-snippet:-1, max-image-preview:large, max-video-preview:-1\" \/>\r\n<link rel=\"canonical\" href=\"https:\/\/www.uqac.ca\/uqactualites\/2013\/03\/28\/quatre-etudiants-de-luqac-recompenses-par-la-jeune-chambre-de-commerce-du-saguenay\/\" \/>\r\n<meta property=\"og:locale\" content=\"fr_CA\" \/>\r\n<meta property=\"og:type\" content=\"article\" \/>\r\n<meta property=\"og:title\" content=\"Quatre \u00e9tudiants de l\u2019UQAC r\u00e9compens\u00e9s par la Jeune Chambre de commerce du Saguenay - UQACtualit\u00e9s\" \/>\r\n<meta property=\"og:description\" content=\"La Jeune Chambre de commerce du Saguenay tenait le jeudi 21 mars dernier la seconde \u00e9dition du Gala Spin-Contact. L\u2019\u00e9v\u00e9nement, qui se d\u00e9roulait \u00e0 l\u2019h\u00f4tel Chicoutimi, visait \u00e0 r\u00e9compenser les jeunes entrepreneurs et professionnels de moins de 35 ans qui excellent dans leur domaine. Dans le cadre de cette soir\u00e9e, quatre \u00e9tudiants de l\u2019UQAC se [&hellip;]\" \/>\r\n<meta property=\"og:url\" content=\"https:\/\/www.uqac.ca\/uqactualites\/2013\/03\/28\/quatre-etudiants-de-luqac-recompenses-par-la-jeune-chambre-de-commerce-du-saguenay\/\" \/>\r\n<meta property=\"og:site_name\" content=\"UQACtualit\u00e9s\" \/>\r\n<meta property=\"article:published_time\" content=\"2013-03-28T13:33:57+00:00\" \/>\r\n<meta property=\"og:image\" content=\"https:\/\/www.uqac.ca\/uqactualites\/wp-content\/uploads\/2013\/03\/PhytoChemia-Web-\u00a9Billy-Dragone-Photo.jpg\" \/>\r\n\t<meta property=\"og:image:width\" content=\"620\" \/>\r\n\t<meta property=\"og:image:height\" content=\"300\" \/>\r\n\t<meta property=\"og:image:type\" content=\"image\/jpeg\" \/>\r\n<meta name=\"author\" content=\"Service des communications et des relations publiques\" \/>\r\n<meta name=\"twitter:card\" content=\"summary_large_image\" \/>\r\n<meta name=\"twitter:label1\" content=\"\u00c9crit par\" \/>\n\t<meta name=\"twitter:data1\" content=\"Service des communications et des relations publiques\" \/>\n\t<meta name=\"twitter:label2\" content=\"Estimation du temps de lecture\" \/>\n\t<meta name=\"twitter:data2\" content=\"1 minute\" \/>\r\n<script type=\"application\/ld+json\" class=\"yoast-schema-graph\">{\"@context\":\"https:\/\/schema.org\",\"@graph\":[{\"@type\":\"WebPage\",\"@id\":\"https:\/\/www.uqac.ca\/uqactualites\/2013\/03\/28\/quatre-etudiants-de-luqac-recompenses-par-la-jeune-chambre-de-commerce-du-saguenay\/\",\"url\":\"https:\/\/www.uqac.ca\/uqactualites\/2013\/03\/28\/quatre-etudiants-de-luqac-recompenses-par-la-jeune-chambre-de-commerce-du-saguenay\/\",\"name\":\"Quatre \u00e9tudiants de l\u2019UQAC r\u00e9compens\u00e9s par la Jeune Chambre de commerce du Saguenay - UQACtualit\u00e9s\",\"isPartOf\":{\"@id\":\"https:\/\/www.uqac.ca\/uqactualites\/#website\"},\"primaryImageOfPage\":{\"@id\":\"https:\/\/www.uqac.ca\/uqactualites\/2013\/03\/28\/quatre-etudiants-de-luqac-recompenses-par-la-jeune-chambre-de-commerce-du-saguenay\/#primaryimage\"},\"image\":{\"@id\":\"https:\/\/www.uqac.ca\/uqactualites\/2013\/03\/28\/quatre-etudiants-de-luqac-recompenses-par-la-jeune-chambre-de-commerce-du-saguenay\/#primaryimage\"},\"thumbnailUrl\":\"https:\/\/www.uqac.ca\/uqactualites\/wp-content\/uploads\/2013\/03\/PhytoChemia-Web-\u00a9Billy-Dragone-Photo.jpg\",\"datePublished\":\"2013-03-28T13:33:57+00:00\",\"dateModified\":\"2013-03-28T13:33:57+00:00\",\"author\":{\"@id\":\"https:\/\/www.uqac.ca\/uqactualites\/#\/schema\/person\/366c45a0c4f0e677b41b4af5886e2018\"},\"breadcrumb\":{\"@id\":\"https:\/\/www.uqac.ca\/uqactualites\/2013\/03\/28\/quatre-etudiants-de-luqac-recompenses-par-la-jeune-chambre-de-commerce-du-saguenay\/#breadcrumb\"},\"inLanguage\":\"fr-CA\",\"potentialAction\":[{\"@type\":\"ReadAction\",\"target\":[\"https:\/\/www.uqac.ca\/uqactualites\/2013\/03\/28\/quatre-etudiants-de-luqac-recompenses-par-la-jeune-chambre-de-commerce-du-saguenay\/\"]}]},{\"@type\":\"ImageObject\",\"inLanguage\":\"fr-CA\",\"@id\":\"https:\/\/www.uqac.ca\/uqactualites\/2013\/03\/28\/quatre-etudiants-de-luqac-recompenses-par-la-jeune-chambre-de-commerce-du-saguenay\/#primaryimage\",\"url\":\"https:\/\/www.uqac.ca\/uqactualites\/wp-content\/uploads\/2013\/03\/PhytoChemia-Web-\u00a9Billy-Dragone-Photo.jpg\",\"contentUrl\":\"https:\/\/www.uqac.ca\/uqactualites\/wp-content\/uploads\/2013\/03\/PhytoChemia-Web-\u00a9Billy-Dragone-Photo.jpg\",\"width\":620,\"height\":300},{\"@type\":\"BreadcrumbList\",\"@id\":\"https:\/\/www.uqac.ca\/uqactualites\/2013\/03\/28\/quatre-etudiants-de-luqac-recompenses-par-la-jeune-chambre-de-commerce-du-saguenay\/#breadcrumb\",\"itemListElement\":[{\"@type\":\"ListItem\",\"position\":1,\"name\":\"Home\",\"item\":\"https:\/\/www.uqac.ca\/uqactualites\/\"},{\"@type\":\"ListItem\",\"position\":2,\"name\":\"Quatre \u00e9tudiants de l\u2019UQAC r\u00e9compens\u00e9s par la Jeune Chambre de commerce du Saguenay\"}]},{\"@type\":\"WebSite\",\"@id\":\"https:\/\/www.uqac.ca\/uqactualites\/#website\",\"url\":\"https:\/\/www.uqac.ca\/uqactualites\/\",\"name\":\"UQACtualit\u00e9s\",\"description\":\"Le portail des nouvelles de l&#039;UQAC\",\"potentialAction\":[{\"@type\":\"SearchAction\",\"target\":{\"@type\":\"EntryPoint\",\"urlTemplate\":\"https:\/\/www.uqac.ca\/uqactualites\/?s={search_term_string}\"},\"query-input\":{\"@type\":\"PropertyValueSpecification\",\"valueRequired\":true,\"valueName\":\"search_term_string\"}}],\"inLanguage\":\"fr-CA\"},{\"@type\":\"Person\",\"@id\":\"https:\/\/www.uqac.ca\/uqactualites\/#\/schema\/person\/366c45a0c4f0e677b41b4af5886e2018\",\"name\":\"Service des communications et des relations publiques\",\"image\":{\"@type\":\"ImageObject\",\"inLanguage\":\"fr-CA\",\"@id\":\"https:\/\/www.uqac.ca\/uqactualites\/#\/schema\/person\/image\/\",\"url\":\"https:\/\/secure.gravatar.com\/avatar\/20fbbda8a292f59f2d3461a5b999c00b?s=96&d=mm&r=g\",\"contentUrl\":\"https:\/\/secure.gravatar.com\/avatar\/20fbbda8a292f59f2d3461a5b999c00b?s=96&d=mm&r=g\",\"caption\":\"Service des communications et des relations publiques\"},\"url\":\"https:\/\/www.uqac.ca\/uqactualites\/author\/bap\/\"}]}<\/script>\r\n<!-- \/ Yoast SEO plugin. -->","yoast_head_json":{"title":"Quatre \u00e9tudiants de l\u2019UQAC r\u00e9compens\u00e9s par la Jeune Chambre de commerce du Saguenay - UQACtualit\u00e9s","robots":{"index":"index","follow":"follow","max-snippet":"max-snippet:-1","max-image-preview":"max-image-preview:large","max-video-preview":"max-video-preview:-1"},"canonical":"https:\/\/www.uqac.ca\/uqactualites\/2013\/03\/28\/quatre-etudiants-de-luqac-recompenses-par-la-jeune-chambre-de-commerce-du-saguenay\/","og_locale":"fr_CA","og_type":"article","og_title":"Quatre \u00e9tudiants de l\u2019UQAC r\u00e9compens\u00e9s par la Jeune Chambre de commerce du Saguenay - UQACtualit\u00e9s","og_description":"La Jeune Chambre de commerce du Saguenay tenait le jeudi 21 mars dernier la seconde \u00e9dition du Gala Spin-Contact. L\u2019\u00e9v\u00e9nement, qui se d\u00e9roulait \u00e0 l\u2019h\u00f4tel Chicoutimi, visait \u00e0 r\u00e9compenser les jeunes entrepreneurs et professionnels de moins de 35 ans qui excellent dans leur domaine. Dans le cadre de cette soir\u00e9e, quatre \u00e9tudiants de l\u2019UQAC se [&hellip;]","og_url":"https:\/\/www.uqac.ca\/uqactualites\/2013\/03\/28\/quatre-etudiants-de-luqac-recompenses-par-la-jeune-chambre-de-commerce-du-saguenay\/","og_site_name":"UQACtualit\u00e9s","article_published_time":"2013-03-28T13:33:57+00:00","og_image":[{"width":620,"height":300,"url":"https:\/\/www.uqac.ca\/uqactualites\/wp-content\/uploads\/2013\/03\/PhytoChemia-Web-\u00a9Billy-Dragone-Photo.jpg","type":"image\/jpeg"}],"author":"Service des communications et des relations publiques","twitter_card":"summary_large_image","twitter_misc":{"\u00c9crit par":"Service des communications et des relations publiques","Estimation du temps de lecture":"1 minute"},"schema":{"@context":"https:\/\/schema.org","@graph":[{"@type":"WebPage","@id":"https:\/\/www.uqac.ca\/uqactualites\/2013\/03\/28\/quatre-etudiants-de-luqac-recompenses-par-la-jeune-chambre-de-commerce-du-saguenay\/","url":"https:\/\/www.uqac.ca\/uqactualites\/2013\/03\/28\/quatre-etudiants-de-luqac-recompenses-par-la-jeune-chambre-de-commerce-du-saguenay\/","name":"Quatre \u00e9tudiants de l\u2019UQAC r\u00e9compens\u00e9s par la Jeune Chambre de commerce du Saguenay - UQACtualit\u00e9s","isPartOf":{"@id":"https:\/\/www.uqac.ca\/uqactualites\/#website"},"primaryImageOfPage":{"@id":"https:\/\/www.uqac.ca\/uqactualites\/2013\/03\/28\/quatre-etudiants-de-luqac-recompenses-par-la-jeune-chambre-de-commerce-du-saguenay\/#primaryimage"},"image":{"@id":"https:\/\/www.uqac.ca\/uqactualites\/2013\/03\/28\/quatre-etudiants-de-luqac-recompenses-par-la-jeune-chambre-de-commerce-du-saguenay\/#primaryimage"},"thumbnailUrl":"https:\/\/www.uqac.ca\/uqactualites\/wp-content\/uploads\/2013\/03\/PhytoChemia-Web-\u00a9Billy-Dragone-Photo.jpg","datePublished":"2013-03-28T13:33:57+00:00","dateModified":"2013-03-28T13:33:57+00:00","author":{"@id":"https:\/\/www.uqac.ca\/uqactualites\/#\/schema\/person\/366c45a0c4f0e677b41b4af5886e2018"},"breadcrumb":{"@id":"https:\/\/www.uqac.ca\/uqactualites\/2013\/03\/28\/quatre-etudiants-de-luqac-recompenses-par-la-jeune-chambre-de-commerce-du-saguenay\/#breadcrumb"},"inLanguage":"fr-CA","potentialAction":[{"@type":"ReadAction","target":["https:\/\/www.uqac.ca\/uqactualites\/2013\/03\/28\/quatre-etudiants-de-luqac-recompenses-par-la-jeune-chambre-de-commerce-du-saguenay\/"]}]},{"@type":"ImageObject","inLanguage":"fr-CA","@id":"https:\/\/www.uqac.ca\/uqactualites\/2013\/03\/28\/quatre-etudiants-de-luqac-recompenses-par-la-jeune-chambre-de-commerce-du-saguenay\/#primaryimage","url":"https:\/\/www.uqac.ca\/uqactualites\/wp-content\/uploads\/2013\/03\/PhytoChemia-Web-\u00a9Billy-Dragone-Photo.jpg","contentUrl":"https:\/\/www.uqac.ca\/uqactualites\/wp-content\/uploads\/2013\/03\/PhytoChemia-Web-\u00a9Billy-Dragone-Photo.jpg","width":620,"height":300},{"@type":"BreadcrumbList","@id":"https:\/\/www.uqac.ca\/uqactualites\/2013\/03\/28\/quatre-etudiants-de-luqac-recompenses-par-la-jeune-chambre-de-commerce-du-saguenay\/#breadcrumb","itemListElement":[{"@type":"ListItem","position":1,"name":"Home","item":"https:\/\/www.uqac.ca\/uqactualites\/"},{"@type":"ListItem","position":2,"name":"Quatre \u00e9tudiants de l\u2019UQAC r\u00e9compens\u00e9s par la Jeune Chambre de commerce du Saguenay"}]},{"@type":"WebSite","@id":"https:\/\/www.uqac.ca\/uqactualites\/#website","url":"https:\/\/www.uqac.ca\/uqactualites\/","name":"UQACtualit\u00e9s","description":"Le portail des nouvelles de l&#039;UQAC","potentialAction":[{"@type":"SearchAction","target":{"@type":"EntryPoint","urlTemplate":"https:\/\/www.uqac.ca\/uqactualites\/?s={search_term_string}"},"query-input":{"@type":"PropertyValueSpecification","valueRequired":true,"valueName":"search_term_string"}}],"inLanguage":"fr-CA"},{"@type":"Person","@id":"https:\/\/www.uqac.ca\/uqactualites\/#\/schema\/person\/366c45a0c4f0e677b41b4af5886e2018","name":"Service des communications et des relations publiques","image":{"@type":"ImageObject","inLanguage":"fr-CA","@id":"https:\/\/www.uqac.ca\/uqactualites\/#\/schema\/person\/image\/","url":"https:\/\/secure.gravatar.com\/avatar\/20fbbda8a292f59f2d3461a5b999c00b?s=96&d=mm&r=g","contentUrl":"https:\/\/secure.gravatar.com\/avatar\/20fbbda8a292f59f2d3461a5b999c00b?s=96&d=mm&r=g","caption":"Service des communications et des relations publiques"},"url":"https:\/\/www.uqac.ca\/uqactualites\/author\/bap\/"}]}},"_links":{"self":[{"href":"https:\/\/www.uqac.ca\/uqactualites\/wp-json\/wp\/v2\/posts\/23733"}],"collection":[{"href":"https:\/\/www.uqac.ca\/uqactualites\/wp-json\/wp\/v2\/posts"}],"about":[{"href":"https:\/\/www.uqac.ca\/uqactualites\/wp-json\/wp\/v2\/types\/post"}],"author":[{"embeddable":true,"href":"https:\/\/www.uqac.ca\/uqactualites\/wp-json\/wp\/v2\/users\/5"}],"replies":[{"embeddable":true,"href":"https:\/\/www.uqac.ca\/uqactualites\/wp-json\/wp\/v2\/comments?post=23733"}],"version-history":[{"count":0,"href":"https:\/\/www.uqac.ca\/uqactualites\/wp-json\/wp\/v2\/posts\/23733\/revisions"}],"wp:featuredmedia":[{"embeddable":true,"href":"https:\/\/www.uqac.ca\/uqactualites\/wp-json\/wp\/v2\/media\/23734"}],"wp:attachment":[{"href":"https:\/\/www.uqac.ca\/uqactualites\/wp-json\/wp\/v2\/media?parent=23733"}],"wp:term":[{"taxonomy":"category","embeddable":true,"href":"https:\/\/www.uqac.ca\/uqactualites\/wp-json\/wp\/v2\/categories?post=23733"},{"taxonomy":"post_tag","embeddable":true,"href":"https:\/\/www.uqac.ca\/uqactualites\/wp-json\/wp\/v2\/tags?post=23733"}],"curies":[{"name":"wp","href":"https:\/\/api.w.org\/{rel}","templated":true}]}}