{"id":23806,"date":"2013-04-04T15:19:32","date_gmt":"2013-04-04T19:19:32","guid":{"rendered":"http:\/\/uqactualite.odev.ca\/?p=23806"},"modified":"2013-04-04T15:19:32","modified_gmt":"2013-04-04T19:19:32","slug":"luqac-obtient-le-soutien-du-ministere-du-developpement-durable-de-lenvironnement-de-la-faune-et-des-parcs-pour-la-recherche-sur-les-changements-climatiques","status":"publish","type":"post","link":"https:\/\/www.uqac.ca\/uqactualites\/2013\/04\/04\/luqac-obtient-le-soutien-du-ministere-du-developpement-durable-de-lenvironnement-de-la-faune-et-des-parcs-pour-la-recherche-sur-les-changements-climatiques\/","title":{"rendered":"L\u2019UQAC obtient le soutien du minist\u00e8re du D\u00e9veloppement durable, de l\u2019Environnement, de la Faune et des Parcs pour la recherche sur les changements climatiques"},"content":{"rendered":"<p style=\"text-align: justify\"><b>Saguenay, le 4 avril 2013 <\/b>\u2013 L\u2019Universit\u00e9 du Qu\u00e9bec \u00e0 Chicoutimi est heureuse d\u2019annoncer une importante contribution \u00e0 la recherche sur les changements climatiques accord\u00e9e \u00e0 l\u2019une de ses \u00e9quipes de recherche. En effet, M. St\u00e9phane B\u00e9dard, d\u00e9put\u00e9 de Chicoutimi, pr\u00e9sident du Conseil du tr\u00e9sor et ministre responsable de la r\u00e9gion du Saguenay\u2212Lac-St-Jean, a annonc\u00e9 aujourd\u2019hui une subvention de 400 000\u00a0$ \u00e0 la Chaire en \u00e9co-conseil de l\u2019UQAC provenant du minist\u00e8re du D\u00e9veloppement durable, de l\u2019Environnement, de la Faune et des Parcs (MDDEFP). Ces fonds permettront \u00e0 la Chaire de mener un projet d\u2019envergure sur la gestion des biosolides de papeti\u00e8res au Qu\u00e9bec dans une perspective de d\u00e9veloppement durable et de lutte aux changements climatiques.<\/p>\n<p style=\"text-align: justify\">Ce projet vise d\u2019abord \u00e0 mieux conna\u00eetre les impacts en termes de bilan d\u2019\u00e9missions de gaz \u00e0 effet de serre (GES) de la gestion actuelle des r\u00e9sidus de papeti\u00e8res au Qu\u00e9bec, \u00e0 explorer les blocages et les incitatifs \u00e0 leur mise en valeur et \u00e0 \u00e9mettre des recommandations au minist\u00e8re et \u00e0 l\u2019industrie. L\u2019apport des papeti\u00e8res en mati\u00e8res organiques r\u00e9siduelles totalise en moyenne 1,3 million de tonnes de rejets par ann\u00e9e au Qu\u00e9bec.<\/p>\n<p style=\"text-align: justify\">L\u2019\u00e9tude permettra de g\u00e9n\u00e9rer de nouvelles connaissances fondamentales sur les changements climatiques, connaissances qui font actuellement d\u00e9faut dans la litt\u00e9rature scientifique mondiale. \u00ab\u00a0Le projet conforte donc le tr\u00e8s haut niveau des recherches r\u00e9alis\u00e9es entre nos murs\u00a0\u00bb, a affirm\u00e9 Martin Gauthier, recteur de l\u2019UQAC.<\/p>\n<p style=\"text-align: justify\">Le projet jouit de l\u2019appui du Conseil de l\u2019industrie foresti\u00e8re du Qu\u00e9bec (CIFQ) et de ses membres. La collaboration et l\u2019ouverture des papeti\u00e8res sont d\u2019ailleurs essentielles \u00e0 la r\u00e9ussite du projet. La Chaire en \u00e9co-conseil peut \u00e9galement compter sur une solide \u00e9quipe de chercheurs et de professionnels de l\u2019UQAC et de collaborateurs pour la r\u00e9alisation du projet. Ces collaborateurs sont des chercheurs et intervenants \u0153uvrant au centre de transfert de technologie Agrinova (Alma), au Centre de recherche et de d\u00e9veloppement sur les sols et les grandes cultures d\u2019Agriculture et Agroalimentaire Canada (Qu\u00e9bec), au CIFQ et au NCASI. Sur le plan r\u00e9gional, Produits forestiers R\u00e9solu (PFR) K\u00e9nogami et PFR Alma, Solutions 3R ainsi que la ferme exp\u00e9rimentale du coll\u00e8ge d\u2019Alma participeront aux dispositifs exp\u00e9rimentaux et \u00e0 la prise de donn\u00e9es de terrain n\u00e9cessaires au projet.<\/p>\n<p style=\"text-align: justify\">La Chaire en \u00e9co-conseil est une unit\u00e9 de recherche et d\u2019intervention cr\u00e9\u00e9e \u00e0 l\u2019UQAC en 2003. Un de ses axes de recherche touche les mesures d\u2019att\u00e9nuation et d\u2019adaptation aux changements climatiques. Le projet r\u00e9sulte d\u2019une proposition spontan\u00e9e de la Chaire au MDDEFP \u00e0 la suite d\u2019une analyse r\u00e9alis\u00e9e en 2011 sur les sc\u00e9narios compar\u00e9s d\u2019empreinte carbonique des modes de gestion des biosolides municipaux au Qu\u00e9bec. Cette \u00e9tude avait \u00e9t\u00e9 faite \u00e0 l\u2019occasion du vingti\u00e8me anniversaire de la valorisation agricole des biosolides de ville Saguenay.<\/p>\n<p style=\"text-align: center\" align=\"center\">\u00a0&#8211; 30 &#8211;<\/p>\n<p style=\"text-align: justify\"><b>Source\u00a0:<\/b><br \/>\nJos\u00e9e Bourassa, agente d\u2019information<br \/>\nBureau des affaires publiques<br \/>\nUniversit\u00e9 du Qu\u00e9bec \u00e0 Chicoutimi<br \/>\n418\u00a0545-5011, poste\u00a02274\u00a0 \u25aa\u00a0 <span style=\"color: #5a7411\"><a href=\"mailto:josee_bourassa@uqac.ca\"><span style=\"color: #5a7411\">josee_bourassa@uqac.ca<\/span><\/a><\/span><\/p>\n<p style=\"text-align: justify\"><b>Renseignements\u00a0:<br \/>\n<\/b>Claude Villeneuve, professeur et directeur de la Chaire en \u00e9co-conseil<br \/>\nD\u00e9partement des sciences fondamentales<br \/>\nUniversit\u00e9 du Qu\u00e9bec \u00e0 Chicoutimi<br \/>\n418 545-5011 poste\u00a05059\u00a0 \u25aa\u00a0 <span style=\"color: #5a7411\"><a href=\"mailto:claude_villeneuve@uqac.ca\"><span style=\"color: #5a7411\">claude_villeneuve@uqac.ca<\/span><\/a><\/span><\/p>\n","protected":false},"excerpt":{"rendered":"<p>Saguenay, le 4 avril 2013 \u2013 L\u2019Universit\u00e9 du Qu\u00e9bec \u00e0 Chicoutimi est heureuse d\u2019annoncer une importante contribution \u00e0 la recherche sur les changements climatiques accord\u00e9e \u00e0 l\u2019une de ses \u00e9quipes de recherche. En effet, M. St\u00e9phane B\u00e9dard, d\u00e9put\u00e9 de Chicoutimi, pr\u00e9sident du Conseil du tr\u00e9sor et ministre responsable de la r\u00e9gion du Saguenay\u2212Lac-St-Jean, a annonc\u00e9 [&hellip;]<\/p>\n","protected":false},"author":5,"featured_media":20745,"comment_status":"open","ping_status":"open","sticky":false,"template":"","format":"standard","meta":{"footnotes":""},"categories":[2772],"tags":[493,273,3,1057,138,2062,1044],"yoast_head":"<!-- This site is optimized with the Yoast SEO plugin v24.2 - https:\/\/yoast.com\/wordpress\/plugins\/seo\/ -->\r\n<title>L\u2019UQAC obtient le soutien du minist\u00e8re du D\u00e9veloppement durable, de l\u2019Environnement, de la Faune et des Parcs pour la recherche sur les changements climatiques - UQACtualit\u00e9s<\/title>\r\n<meta name=\"robots\" content=\"index, follow, max-snippet:-1, max-image-preview:large, max-video-preview:-1\" \/>\r\n<link rel=\"canonical\" href=\"https:\/\/www.uqac.ca\/uqactualites\/2013\/04\/04\/luqac-obtient-le-soutien-du-ministere-du-developpement-durable-de-lenvironnement-de-la-faune-et-des-parcs-pour-la-recherche-sur-les-changements-climatiques\/\" \/>\r\n<meta property=\"og:locale\" content=\"fr_CA\" \/>\r\n<meta property=\"og:type\" content=\"article\" \/>\r\n<meta property=\"og:title\" content=\"L\u2019UQAC obtient le soutien du minist\u00e8re du D\u00e9veloppement durable, de l\u2019Environnement, de la Faune et des Parcs pour la recherche sur les changements climatiques - UQACtualit\u00e9s\" \/>\r\n<meta property=\"og:description\" content=\"Saguenay, le 4 avril 2013 \u2013 L\u2019Universit\u00e9 du Qu\u00e9bec \u00e0 Chicoutimi est heureuse d\u2019annoncer une importante contribution \u00e0 la recherche sur les changements climatiques accord\u00e9e \u00e0 l\u2019une de ses \u00e9quipes de recherche. En effet, M. St\u00e9phane B\u00e9dard, d\u00e9put\u00e9 de Chicoutimi, pr\u00e9sident du Conseil du tr\u00e9sor et ministre responsable de la r\u00e9gion du Saguenay\u2212Lac-St-Jean, a annonc\u00e9 [&hellip;]\" \/>\r\n<meta property=\"og:url\" content=\"https:\/\/www.uqac.ca\/uqactualites\/2013\/04\/04\/luqac-obtient-le-soutien-du-ministere-du-developpement-durable-de-lenvironnement-de-la-faune-et-des-parcs-pour-la-recherche-sur-les-changements-climatiques\/\" \/>\r\n<meta property=\"og:site_name\" content=\"UQACtualit\u00e9s\" \/>\r\n<meta property=\"article:published_time\" content=\"2013-04-04T19:19:32+00:00\" \/>\r\n<meta property=\"og:image\" content=\"https:\/\/www.uqac.ca\/uqactualites\/wp-content\/uploads\/2012\/05\/communiqu-.jpg\" \/>\r\n\t<meta property=\"og:image:width\" content=\"620\" \/>\r\n\t<meta property=\"og:image:height\" content=\"300\" \/>\r\n\t<meta property=\"og:image:type\" content=\"image\/jpeg\" \/>\r\n<meta name=\"author\" content=\"Service des communications et des relations publiques\" \/>\r\n<meta name=\"twitter:card\" content=\"summary_large_image\" \/>\r\n<meta name=\"twitter:label1\" content=\"\u00c9crit par\" \/>\n\t<meta name=\"twitter:data1\" content=\"Service des communications et des relations publiques\" \/>\n\t<meta name=\"twitter:label2\" content=\"Estimation du temps de lecture\" \/>\n\t<meta name=\"twitter:data2\" content=\"3 minutes\" \/>\r\n<script type=\"application\/ld+json\" class=\"yoast-schema-graph\">{\"@context\":\"https:\/\/schema.org\",\"@graph\":[{\"@type\":\"WebPage\",\"@id\":\"https:\/\/www.uqac.ca\/uqactualites\/2013\/04\/04\/luqac-obtient-le-soutien-du-ministere-du-developpement-durable-de-lenvironnement-de-la-faune-et-des-parcs-pour-la-recherche-sur-les-changements-climatiques\/\",\"url\":\"https:\/\/www.uqac.ca\/uqactualites\/2013\/04\/04\/luqac-obtient-le-soutien-du-ministere-du-developpement-durable-de-lenvironnement-de-la-faune-et-des-parcs-pour-la-recherche-sur-les-changements-climatiques\/\",\"name\":\"L\u2019UQAC obtient le soutien du minist\u00e8re du D\u00e9veloppement durable, de l\u2019Environnement, de la Faune et des Parcs pour la recherche sur les changements climatiques - UQACtualit\u00e9s\",\"isPartOf\":{\"@id\":\"https:\/\/www.uqac.ca\/uqactualites\/#website\"},\"primaryImageOfPage\":{\"@id\":\"https:\/\/www.uqac.ca\/uqactualites\/2013\/04\/04\/luqac-obtient-le-soutien-du-ministere-du-developpement-durable-de-lenvironnement-de-la-faune-et-des-parcs-pour-la-recherche-sur-les-changements-climatiques\/#primaryimage\"},\"image\":{\"@id\":\"https:\/\/www.uqac.ca\/uqactualites\/2013\/04\/04\/luqac-obtient-le-soutien-du-ministere-du-developpement-durable-de-lenvironnement-de-la-faune-et-des-parcs-pour-la-recherche-sur-les-changements-climatiques\/#primaryimage\"},\"thumbnailUrl\":\"https:\/\/www.uqac.ca\/uqactualites\/wp-content\/uploads\/2012\/05\/communiqu-.jpg\",\"datePublished\":\"2013-04-04T19:19:32+00:00\",\"dateModified\":\"2013-04-04T19:19:32+00:00\",\"author\":{\"@id\":\"https:\/\/www.uqac.ca\/uqactualites\/#\/schema\/person\/366c45a0c4f0e677b41b4af5886e2018\"},\"breadcrumb\":{\"@id\":\"https:\/\/www.uqac.ca\/uqactualites\/2013\/04\/04\/luqac-obtient-le-soutien-du-ministere-du-developpement-durable-de-lenvironnement-de-la-faune-et-des-parcs-pour-la-recherche-sur-les-changements-climatiques\/#breadcrumb\"},\"inLanguage\":\"fr-CA\",\"potentialAction\":[{\"@type\":\"ReadAction\",\"target\":[\"https:\/\/www.uqac.ca\/uqactualites\/2013\/04\/04\/luqac-obtient-le-soutien-du-ministere-du-developpement-durable-de-lenvironnement-de-la-faune-et-des-parcs-pour-la-recherche-sur-les-changements-climatiques\/\"]}]},{\"@type\":\"ImageObject\",\"inLanguage\":\"fr-CA\",\"@id\":\"https:\/\/www.uqac.ca\/uqactualites\/2013\/04\/04\/luqac-obtient-le-soutien-du-ministere-du-developpement-durable-de-lenvironnement-de-la-faune-et-des-parcs-pour-la-recherche-sur-les-changements-climatiques\/#primaryimage\",\"url\":\"https:\/\/www.uqac.ca\/uqactualites\/wp-content\/uploads\/2012\/05\/communiqu-.jpg\",\"contentUrl\":\"https:\/\/www.uqac.ca\/uqactualites\/wp-content\/uploads\/2012\/05\/communiqu-.jpg\",\"width\":620,\"height\":300},{\"@type\":\"BreadcrumbList\",\"@id\":\"https:\/\/www.uqac.ca\/uqactualites\/2013\/04\/04\/luqac-obtient-le-soutien-du-ministere-du-developpement-durable-de-lenvironnement-de-la-faune-et-des-parcs-pour-la-recherche-sur-les-changements-climatiques\/#breadcrumb\",\"itemListElement\":[{\"@type\":\"ListItem\",\"position\":1,\"name\":\"Home\",\"item\":\"https:\/\/www.uqac.ca\/uqactualites\/\"},{\"@type\":\"ListItem\",\"position\":2,\"name\":\"L\u2019UQAC obtient le soutien du minist\u00e8re du D\u00e9veloppement durable, de l\u2019Environnement, de la Faune et des Parcs pour la recherche sur les changements climatiques\"}]},{\"@type\":\"WebSite\",\"@id\":\"https:\/\/www.uqac.ca\/uqactualites\/#website\",\"url\":\"https:\/\/www.uqac.ca\/uqactualites\/\",\"name\":\"UQACtualit\u00e9s\",\"description\":\"Le portail des nouvelles de l&#039;UQAC\",\"potentialAction\":[{\"@type\":\"SearchAction\",\"target\":{\"@type\":\"EntryPoint\",\"urlTemplate\":\"https:\/\/www.uqac.ca\/uqactualites\/?s={search_term_string}\"},\"query-input\":{\"@type\":\"PropertyValueSpecification\",\"valueRequired\":true,\"valueName\":\"search_term_string\"}}],\"inLanguage\":\"fr-CA\"},{\"@type\":\"Person\",\"@id\":\"https:\/\/www.uqac.ca\/uqactualites\/#\/schema\/person\/366c45a0c4f0e677b41b4af5886e2018\",\"name\":\"Service des communications et des relations publiques\",\"image\":{\"@type\":\"ImageObject\",\"inLanguage\":\"fr-CA\",\"@id\":\"https:\/\/www.uqac.ca\/uqactualites\/#\/schema\/person\/image\/\",\"url\":\"https:\/\/secure.gravatar.com\/avatar\/20fbbda8a292f59f2d3461a5b999c00b?s=96&d=mm&r=g\",\"contentUrl\":\"https:\/\/secure.gravatar.com\/avatar\/20fbbda8a292f59f2d3461a5b999c00b?s=96&d=mm&r=g\",\"caption\":\"Service des communications et des relations publiques\"},\"url\":\"https:\/\/www.uqac.ca\/uqactualites\/author\/bap\/\"}]}<\/script>\r\n<!-- \/ Yoast SEO plugin. -->","yoast_head_json":{"title":"L\u2019UQAC obtient le soutien du minist\u00e8re du D\u00e9veloppement durable, de l\u2019Environnement, de la Faune et des Parcs pour la recherche sur les changements climatiques - UQACtualit\u00e9s","robots":{"index":"index","follow":"follow","max-snippet":"max-snippet:-1","max-image-preview":"max-image-preview:large","max-video-preview":"max-video-preview:-1"},"canonical":"https:\/\/www.uqac.ca\/uqactualites\/2013\/04\/04\/luqac-obtient-le-soutien-du-ministere-du-developpement-durable-de-lenvironnement-de-la-faune-et-des-parcs-pour-la-recherche-sur-les-changements-climatiques\/","og_locale":"fr_CA","og_type":"article","og_title":"L\u2019UQAC obtient le soutien du minist\u00e8re du D\u00e9veloppement durable, de l\u2019Environnement, de la Faune et des Parcs pour la recherche sur les changements climatiques - UQACtualit\u00e9s","og_description":"Saguenay, le 4 avril 2013 \u2013 L\u2019Universit\u00e9 du Qu\u00e9bec \u00e0 Chicoutimi est heureuse d\u2019annoncer une importante contribution \u00e0 la recherche sur les changements climatiques accord\u00e9e \u00e0 l\u2019une de ses \u00e9quipes de recherche. En effet, M. St\u00e9phane B\u00e9dard, d\u00e9put\u00e9 de Chicoutimi, pr\u00e9sident du Conseil du tr\u00e9sor et ministre responsable de la r\u00e9gion du Saguenay\u2212Lac-St-Jean, a annonc\u00e9 [&hellip;]","og_url":"https:\/\/www.uqac.ca\/uqactualites\/2013\/04\/04\/luqac-obtient-le-soutien-du-ministere-du-developpement-durable-de-lenvironnement-de-la-faune-et-des-parcs-pour-la-recherche-sur-les-changements-climatiques\/","og_site_name":"UQACtualit\u00e9s","article_published_time":"2013-04-04T19:19:32+00:00","og_image":[{"width":620,"height":300,"url":"https:\/\/www.uqac.ca\/uqactualites\/wp-content\/uploads\/2012\/05\/communiqu-.jpg","type":"image\/jpeg"}],"author":"Service des communications et des relations publiques","twitter_card":"summary_large_image","twitter_misc":{"\u00c9crit par":"Service des communications et des relations publiques","Estimation du temps de lecture":"3 minutes"},"schema":{"@context":"https:\/\/schema.org","@graph":[{"@type":"WebPage","@id":"https:\/\/www.uqac.ca\/uqactualites\/2013\/04\/04\/luqac-obtient-le-soutien-du-ministere-du-developpement-durable-de-lenvironnement-de-la-faune-et-des-parcs-pour-la-recherche-sur-les-changements-climatiques\/","url":"https:\/\/www.uqac.ca\/uqactualites\/2013\/04\/04\/luqac-obtient-le-soutien-du-ministere-du-developpement-durable-de-lenvironnement-de-la-faune-et-des-parcs-pour-la-recherche-sur-les-changements-climatiques\/","name":"L\u2019UQAC obtient le soutien du minist\u00e8re du D\u00e9veloppement durable, de l\u2019Environnement, de la Faune et des Parcs pour la recherche sur les changements climatiques - UQACtualit\u00e9s","isPartOf":{"@id":"https:\/\/www.uqac.ca\/uqactualites\/#website"},"primaryImageOfPage":{"@id":"https:\/\/www.uqac.ca\/uqactualites\/2013\/04\/04\/luqac-obtient-le-soutien-du-ministere-du-developpement-durable-de-lenvironnement-de-la-faune-et-des-parcs-pour-la-recherche-sur-les-changements-climatiques\/#primaryimage"},"image":{"@id":"https:\/\/www.uqac.ca\/uqactualites\/2013\/04\/04\/luqac-obtient-le-soutien-du-ministere-du-developpement-durable-de-lenvironnement-de-la-faune-et-des-parcs-pour-la-recherche-sur-les-changements-climatiques\/#primaryimage"},"thumbnailUrl":"https:\/\/www.uqac.ca\/uqactualites\/wp-content\/uploads\/2012\/05\/communiqu-.jpg","datePublished":"2013-04-04T19:19:32+00:00","dateModified":"2013-04-04T19:19:32+00:00","author":{"@id":"https:\/\/www.uqac.ca\/uqactualites\/#\/schema\/person\/366c45a0c4f0e677b41b4af5886e2018"},"breadcrumb":{"@id":"https:\/\/www.uqac.ca\/uqactualites\/2013\/04\/04\/luqac-obtient-le-soutien-du-ministere-du-developpement-durable-de-lenvironnement-de-la-faune-et-des-parcs-pour-la-recherche-sur-les-changements-climatiques\/#breadcrumb"},"inLanguage":"fr-CA","potentialAction":[{"@type":"ReadAction","target":["https:\/\/www.uqac.ca\/uqactualites\/2013\/04\/04\/luqac-obtient-le-soutien-du-ministere-du-developpement-durable-de-lenvironnement-de-la-faune-et-des-parcs-pour-la-recherche-sur-les-changements-climatiques\/"]}]},{"@type":"ImageObject","inLanguage":"fr-CA","@id":"https:\/\/www.uqac.ca\/uqactualites\/2013\/04\/04\/luqac-obtient-le-soutien-du-ministere-du-developpement-durable-de-lenvironnement-de-la-faune-et-des-parcs-pour-la-recherche-sur-les-changements-climatiques\/#primaryimage","url":"https:\/\/www.uqac.ca\/uqactualites\/wp-content\/uploads\/2012\/05\/communiqu-.jpg","contentUrl":"https:\/\/www.uqac.ca\/uqactualites\/wp-content\/uploads\/2012\/05\/communiqu-.jpg","width":620,"height":300},{"@type":"BreadcrumbList","@id":"https:\/\/www.uqac.ca\/uqactualites\/2013\/04\/04\/luqac-obtient-le-soutien-du-ministere-du-developpement-durable-de-lenvironnement-de-la-faune-et-des-parcs-pour-la-recherche-sur-les-changements-climatiques\/#breadcrumb","itemListElement":[{"@type":"ListItem","position":1,"name":"Home","item":"https:\/\/www.uqac.ca\/uqactualites\/"},{"@type":"ListItem","position":2,"name":"L\u2019UQAC obtient le soutien du minist\u00e8re du D\u00e9veloppement durable, de l\u2019Environnement, de la Faune et des Parcs pour la recherche sur les changements climatiques"}]},{"@type":"WebSite","@id":"https:\/\/www.uqac.ca\/uqactualites\/#website","url":"https:\/\/www.uqac.ca\/uqactualites\/","name":"UQACtualit\u00e9s","description":"Le portail des nouvelles de l&#039;UQAC","potentialAction":[{"@type":"SearchAction","target":{"@type":"EntryPoint","urlTemplate":"https:\/\/www.uqac.ca\/uqactualites\/?s={search_term_string}"},"query-input":{"@type":"PropertyValueSpecification","valueRequired":true,"valueName":"search_term_string"}}],"inLanguage":"fr-CA"},{"@type":"Person","@id":"https:\/\/www.uqac.ca\/uqactualites\/#\/schema\/person\/366c45a0c4f0e677b41b4af5886e2018","name":"Service des communications et des relations publiques","image":{"@type":"ImageObject","inLanguage":"fr-CA","@id":"https:\/\/www.uqac.ca\/uqactualites\/#\/schema\/person\/image\/","url":"https:\/\/secure.gravatar.com\/avatar\/20fbbda8a292f59f2d3461a5b999c00b?s=96&d=mm&r=g","contentUrl":"https:\/\/secure.gravatar.com\/avatar\/20fbbda8a292f59f2d3461a5b999c00b?s=96&d=mm&r=g","caption":"Service des communications et des relations publiques"},"url":"https:\/\/www.uqac.ca\/uqactualites\/author\/bap\/"}]}},"_links":{"self":[{"href":"https:\/\/www.uqac.ca\/uqactualites\/wp-json\/wp\/v2\/posts\/23806"}],"collection":[{"href":"https:\/\/www.uqac.ca\/uqactualites\/wp-json\/wp\/v2\/posts"}],"about":[{"href":"https:\/\/www.uqac.ca\/uqactualites\/wp-json\/wp\/v2\/types\/post"}],"author":[{"embeddable":true,"href":"https:\/\/www.uqac.ca\/uqactualites\/wp-json\/wp\/v2\/users\/5"}],"replies":[{"embeddable":true,"href":"https:\/\/www.uqac.ca\/uqactualites\/wp-json\/wp\/v2\/comments?post=23806"}],"version-history":[{"count":0,"href":"https:\/\/www.uqac.ca\/uqactualites\/wp-json\/wp\/v2\/posts\/23806\/revisions"}],"wp:featuredmedia":[{"embeddable":true,"href":"https:\/\/www.uqac.ca\/uqactualites\/wp-json\/wp\/v2\/media\/20745"}],"wp:attachment":[{"href":"https:\/\/www.uqac.ca\/uqactualites\/wp-json\/wp\/v2\/media?parent=23806"}],"wp:term":[{"taxonomy":"category","embeddable":true,"href":"https:\/\/www.uqac.ca\/uqactualites\/wp-json\/wp\/v2\/categories?post=23806"},{"taxonomy":"post_tag","embeddable":true,"href":"https:\/\/www.uqac.ca\/uqactualites\/wp-json\/wp\/v2\/tags?post=23806"}],"curies":[{"name":"wp","href":"https:\/\/api.w.org\/{rel}","templated":true}]}}