{"id":23874,"date":"2013-04-16T10:37:23","date_gmt":"2013-04-16T14:37:23","guid":{"rendered":"http:\/\/uqactualite.odev.ca\/?p=23874"},"modified":"2013-04-16T10:37:23","modified_gmt":"2013-04-16T14:37:23","slug":"rappel-bourse-de-cooperation-internationale","status":"publish","type":"post","link":"https:\/\/www.uqac.ca\/uqactualites\/2013\/04\/16\/rappel-bourse-de-cooperation-internationale\/","title":{"rendered":"Rappel &#8211; Bourse de coop\u00e9ration internationale"},"content":{"rendered":"<p style=\"text-align: justify\">Dans le but d\u2019offrir un soutien financier aux \u00e9tudiants de l\u2019UQAC qui d\u00e9sirent r\u00e9aliser un projet de coop\u00e9ration internationale, le MAGE-UQAC, en collaboration avec l\u2019Universit\u00e9, est heureux de leur accorder la possibilit\u00e9 d\u2019obtenir une bourse de coop\u00e9ration internationale.<\/p>\n<p style=\"text-align: justify\">En effet, dans le cadre de sa participation au Fonds de d\u00e9veloppement de l\u2019UQAC, le MAGE-UQAC a choisi d\u2019utiliser une partie du montant afin de soutenir les projets de coop\u00e9ration internationale des \u00e9tudiants. Cette aide se traduit par l\u2019attribution de quatre bourses d\u2019une valeur de 1 000\u00a0$ chacune.<\/p>\n<p style=\"text-align: justify\">L\u2019objectif de cette bourse est de permettre aux \u00e9tudiants de r\u00e9aliser des projets internationaux apportant des bienfaits et une aide structur\u00e9e contribuant au d\u00e9veloppement \u00e9conomique et social des populations locales.<\/p>\n<p style=\"text-align: justify\">Vous avez jusqu\u2019au <b>jeudi 18 avril 2013<\/b> pour d\u00e9poser votre projet de coop\u00e9ration internationale au local P1-1040.<\/p>\n<p style=\"text-align: justify\"><b><br \/>\nRenseignements\u00a0:<br \/>\n<\/b>Mobilit\u00e9 internationale<br \/>\nUniversit\u00e9 du Qu\u00e9bec \u00e0 Chicoutimi<br \/>\n<span style=\"color: #5a7411\"><a href=\"mailto:mobilite_internationale@uqac.ca\"><span style=\"color: #5a7411\">mobilite_internationale@uqac.ca<br \/>\n<\/span><\/a><a href=\"http:\/\/www.uqac.ca\/international\/etudier-a-letranger\/coop_inter_mageuqac.pdf\" target=\"_blank\" rel=\"noopener\"><span style=\"color: #5a7411\">www.uqac.ca\/international\/etudier-a-letranger\/coop_inter_mageuqac.pdf<\/span><\/a><\/span><\/p>\n","protected":false},"excerpt":{"rendered":"<p>Dans le but d\u2019offrir un soutien financier aux \u00e9tudiants de l\u2019UQAC qui d\u00e9sirent r\u00e9aliser un projet de coop\u00e9ration internationale, le MAGE-UQAC, en collaboration avec l\u2019Universit\u00e9, est heureux de leur accorder la possibilit\u00e9 d\u2019obtenir une bourse de coop\u00e9ration internationale. En effet, dans le cadre de sa participation au Fonds de d\u00e9veloppement de l\u2019UQAC, le MAGE-UQAC a [&hellip;]<\/p>\n","protected":false},"author":5,"featured_media":20989,"comment_status":"closed","ping_status":"open","sticky":false,"template":"","format":"standard","meta":{"footnotes":""},"categories":[2772],"tags":[54,1687,1688],"yoast_head":"<!-- This site is optimized with the Yoast SEO plugin v24.2 - https:\/\/yoast.com\/wordpress\/plugins\/seo\/ -->\r\n<title>Rappel - Bourse de coop\u00e9ration internationale - UQACtualit\u00e9s<\/title>\r\n<meta name=\"robots\" content=\"index, follow, max-snippet:-1, max-image-preview:large, max-video-preview:-1\" \/>\r\n<link rel=\"canonical\" href=\"https:\/\/www.uqac.ca\/uqactualites\/2013\/04\/16\/rappel-bourse-de-cooperation-internationale\/\" \/>\r\n<meta property=\"og:locale\" content=\"fr_CA\" \/>\r\n<meta property=\"og:type\" content=\"article\" \/>\r\n<meta property=\"og:title\" content=\"Rappel - Bourse de coop\u00e9ration internationale - UQACtualit\u00e9s\" \/>\r\n<meta property=\"og:description\" content=\"Dans le but d\u2019offrir un soutien financier aux \u00e9tudiants de l\u2019UQAC qui d\u00e9sirent r\u00e9aliser un projet de coop\u00e9ration internationale, le MAGE-UQAC, en collaboration avec l\u2019Universit\u00e9, est heureux de leur accorder la possibilit\u00e9 d\u2019obtenir une bourse de coop\u00e9ration internationale. En effet, dans le cadre de sa participation au Fonds de d\u00e9veloppement de l\u2019UQAC, le MAGE-UQAC a [&hellip;]\" \/>\r\n<meta property=\"og:url\" content=\"https:\/\/www.uqac.ca\/uqactualites\/2013\/04\/16\/rappel-bourse-de-cooperation-internationale\/\" \/>\r\n<meta property=\"og:site_name\" content=\"UQACtualit\u00e9s\" \/>\r\n<meta property=\"article:published_time\" content=\"2013-04-16T14:37:23+00:00\" \/>\r\n<meta property=\"og:image\" content=\"https:\/\/www.uqac.ca\/uqactualites\/wp-content\/uploads\/2012\/05\/avis-laCommunaut-.jpg\" \/>\r\n\t<meta property=\"og:image:width\" content=\"620\" \/>\r\n\t<meta property=\"og:image:height\" content=\"300\" \/>\r\n\t<meta property=\"og:image:type\" content=\"image\/jpeg\" \/>\r\n<meta name=\"author\" content=\"Service des communications et des relations publiques\" \/>\r\n<meta name=\"twitter:card\" content=\"summary_large_image\" \/>\r\n<meta name=\"twitter:label1\" content=\"\u00c9crit par\" \/>\n\t<meta name=\"twitter:data1\" content=\"Service des communications et des relations publiques\" \/>\n\t<meta name=\"twitter:label2\" content=\"Estimation du temps de lecture\" \/>\n\t<meta name=\"twitter:data2\" content=\"1 minute\" \/>\r\n<script type=\"application\/ld+json\" class=\"yoast-schema-graph\">{\"@context\":\"https:\/\/schema.org\",\"@graph\":[{\"@type\":\"WebPage\",\"@id\":\"https:\/\/www.uqac.ca\/uqactualites\/2013\/04\/16\/rappel-bourse-de-cooperation-internationale\/\",\"url\":\"https:\/\/www.uqac.ca\/uqactualites\/2013\/04\/16\/rappel-bourse-de-cooperation-internationale\/\",\"name\":\"Rappel - Bourse de coop\u00e9ration internationale - UQACtualit\u00e9s\",\"isPartOf\":{\"@id\":\"https:\/\/www.uqac.ca\/uqactualites\/#website\"},\"primaryImageOfPage\":{\"@id\":\"https:\/\/www.uqac.ca\/uqactualites\/2013\/04\/16\/rappel-bourse-de-cooperation-internationale\/#primaryimage\"},\"image\":{\"@id\":\"https:\/\/www.uqac.ca\/uqactualites\/2013\/04\/16\/rappel-bourse-de-cooperation-internationale\/#primaryimage\"},\"thumbnailUrl\":\"https:\/\/www.uqac.ca\/uqactualites\/wp-content\/uploads\/2012\/05\/avis-laCommunaut-.jpg\",\"datePublished\":\"2013-04-16T14:37:23+00:00\",\"dateModified\":\"2013-04-16T14:37:23+00:00\",\"author\":{\"@id\":\"https:\/\/www.uqac.ca\/uqactualites\/#\/schema\/person\/366c45a0c4f0e677b41b4af5886e2018\"},\"breadcrumb\":{\"@id\":\"https:\/\/www.uqac.ca\/uqactualites\/2013\/04\/16\/rappel-bourse-de-cooperation-internationale\/#breadcrumb\"},\"inLanguage\":\"fr-CA\",\"potentialAction\":[{\"@type\":\"ReadAction\",\"target\":[\"https:\/\/www.uqac.ca\/uqactualites\/2013\/04\/16\/rappel-bourse-de-cooperation-internationale\/\"]}]},{\"@type\":\"ImageObject\",\"inLanguage\":\"fr-CA\",\"@id\":\"https:\/\/www.uqac.ca\/uqactualites\/2013\/04\/16\/rappel-bourse-de-cooperation-internationale\/#primaryimage\",\"url\":\"https:\/\/www.uqac.ca\/uqactualites\/wp-content\/uploads\/2012\/05\/avis-laCommunaut-.jpg\",\"contentUrl\":\"https:\/\/www.uqac.ca\/uqactualites\/wp-content\/uploads\/2012\/05\/avis-laCommunaut-.jpg\",\"width\":620,\"height\":300},{\"@type\":\"BreadcrumbList\",\"@id\":\"https:\/\/www.uqac.ca\/uqactualites\/2013\/04\/16\/rappel-bourse-de-cooperation-internationale\/#breadcrumb\",\"itemListElement\":[{\"@type\":\"ListItem\",\"position\":1,\"name\":\"Home\",\"item\":\"https:\/\/www.uqac.ca\/uqactualites\/\"},{\"@type\":\"ListItem\",\"position\":2,\"name\":\"Rappel &#8211; Bourse de coop\u00e9ration internationale\"}]},{\"@type\":\"WebSite\",\"@id\":\"https:\/\/www.uqac.ca\/uqactualites\/#website\",\"url\":\"https:\/\/www.uqac.ca\/uqactualites\/\",\"name\":\"UQACtualit\u00e9s\",\"description\":\"Le portail des nouvelles de l&#039;UQAC\",\"potentialAction\":[{\"@type\":\"SearchAction\",\"target\":{\"@type\":\"EntryPoint\",\"urlTemplate\":\"https:\/\/www.uqac.ca\/uqactualites\/?s={search_term_string}\"},\"query-input\":{\"@type\":\"PropertyValueSpecification\",\"valueRequired\":true,\"valueName\":\"search_term_string\"}}],\"inLanguage\":\"fr-CA\"},{\"@type\":\"Person\",\"@id\":\"https:\/\/www.uqac.ca\/uqactualites\/#\/schema\/person\/366c45a0c4f0e677b41b4af5886e2018\",\"name\":\"Service des communications et des relations publiques\",\"image\":{\"@type\":\"ImageObject\",\"inLanguage\":\"fr-CA\",\"@id\":\"https:\/\/www.uqac.ca\/uqactualites\/#\/schema\/person\/image\/\",\"url\":\"https:\/\/secure.gravatar.com\/avatar\/20fbbda8a292f59f2d3461a5b999c00b?s=96&d=mm&r=g\",\"contentUrl\":\"https:\/\/secure.gravatar.com\/avatar\/20fbbda8a292f59f2d3461a5b999c00b?s=96&d=mm&r=g\",\"caption\":\"Service des communications et des relations publiques\"},\"url\":\"https:\/\/www.uqac.ca\/uqactualites\/author\/bap\/\"}]}<\/script>\r\n<!-- \/ Yoast SEO plugin. -->","yoast_head_json":{"title":"Rappel - Bourse de coop\u00e9ration internationale - UQACtualit\u00e9s","robots":{"index":"index","follow":"follow","max-snippet":"max-snippet:-1","max-image-preview":"max-image-preview:large","max-video-preview":"max-video-preview:-1"},"canonical":"https:\/\/www.uqac.ca\/uqactualites\/2013\/04\/16\/rappel-bourse-de-cooperation-internationale\/","og_locale":"fr_CA","og_type":"article","og_title":"Rappel - Bourse de coop\u00e9ration internationale - UQACtualit\u00e9s","og_description":"Dans le but d\u2019offrir un soutien financier aux \u00e9tudiants de l\u2019UQAC qui d\u00e9sirent r\u00e9aliser un projet de coop\u00e9ration internationale, le MAGE-UQAC, en collaboration avec l\u2019Universit\u00e9, est heureux de leur accorder la possibilit\u00e9 d\u2019obtenir une bourse de coop\u00e9ration internationale. En effet, dans le cadre de sa participation au Fonds de d\u00e9veloppement de l\u2019UQAC, le MAGE-UQAC a [&hellip;]","og_url":"https:\/\/www.uqac.ca\/uqactualites\/2013\/04\/16\/rappel-bourse-de-cooperation-internationale\/","og_site_name":"UQACtualit\u00e9s","article_published_time":"2013-04-16T14:37:23+00:00","og_image":[{"width":620,"height":300,"url":"https:\/\/www.uqac.ca\/uqactualites\/wp-content\/uploads\/2012\/05\/avis-laCommunaut-.jpg","type":"image\/jpeg"}],"author":"Service des communications et des relations publiques","twitter_card":"summary_large_image","twitter_misc":{"\u00c9crit par":"Service des communications et des relations publiques","Estimation du temps de lecture":"1 minute"},"schema":{"@context":"https:\/\/schema.org","@graph":[{"@type":"WebPage","@id":"https:\/\/www.uqac.ca\/uqactualites\/2013\/04\/16\/rappel-bourse-de-cooperation-internationale\/","url":"https:\/\/www.uqac.ca\/uqactualites\/2013\/04\/16\/rappel-bourse-de-cooperation-internationale\/","name":"Rappel - Bourse de coop\u00e9ration internationale - UQACtualit\u00e9s","isPartOf":{"@id":"https:\/\/www.uqac.ca\/uqactualites\/#website"},"primaryImageOfPage":{"@id":"https:\/\/www.uqac.ca\/uqactualites\/2013\/04\/16\/rappel-bourse-de-cooperation-internationale\/#primaryimage"},"image":{"@id":"https:\/\/www.uqac.ca\/uqactualites\/2013\/04\/16\/rappel-bourse-de-cooperation-internationale\/#primaryimage"},"thumbnailUrl":"https:\/\/www.uqac.ca\/uqactualites\/wp-content\/uploads\/2012\/05\/avis-laCommunaut-.jpg","datePublished":"2013-04-16T14:37:23+00:00","dateModified":"2013-04-16T14:37:23+00:00","author":{"@id":"https:\/\/www.uqac.ca\/uqactualites\/#\/schema\/person\/366c45a0c4f0e677b41b4af5886e2018"},"breadcrumb":{"@id":"https:\/\/www.uqac.ca\/uqactualites\/2013\/04\/16\/rappel-bourse-de-cooperation-internationale\/#breadcrumb"},"inLanguage":"fr-CA","potentialAction":[{"@type":"ReadAction","target":["https:\/\/www.uqac.ca\/uqactualites\/2013\/04\/16\/rappel-bourse-de-cooperation-internationale\/"]}]},{"@type":"ImageObject","inLanguage":"fr-CA","@id":"https:\/\/www.uqac.ca\/uqactualites\/2013\/04\/16\/rappel-bourse-de-cooperation-internationale\/#primaryimage","url":"https:\/\/www.uqac.ca\/uqactualites\/wp-content\/uploads\/2012\/05\/avis-laCommunaut-.jpg","contentUrl":"https:\/\/www.uqac.ca\/uqactualites\/wp-content\/uploads\/2012\/05\/avis-laCommunaut-.jpg","width":620,"height":300},{"@type":"BreadcrumbList","@id":"https:\/\/www.uqac.ca\/uqactualites\/2013\/04\/16\/rappel-bourse-de-cooperation-internationale\/#breadcrumb","itemListElement":[{"@type":"ListItem","position":1,"name":"Home","item":"https:\/\/www.uqac.ca\/uqactualites\/"},{"@type":"ListItem","position":2,"name":"Rappel &#8211; Bourse de coop\u00e9ration internationale"}]},{"@type":"WebSite","@id":"https:\/\/www.uqac.ca\/uqactualites\/#website","url":"https:\/\/www.uqac.ca\/uqactualites\/","name":"UQACtualit\u00e9s","description":"Le portail des nouvelles de l&#039;UQAC","potentialAction":[{"@type":"SearchAction","target":{"@type":"EntryPoint","urlTemplate":"https:\/\/www.uqac.ca\/uqactualites\/?s={search_term_string}"},"query-input":{"@type":"PropertyValueSpecification","valueRequired":true,"valueName":"search_term_string"}}],"inLanguage":"fr-CA"},{"@type":"Person","@id":"https:\/\/www.uqac.ca\/uqactualites\/#\/schema\/person\/366c45a0c4f0e677b41b4af5886e2018","name":"Service des communications et des relations publiques","image":{"@type":"ImageObject","inLanguage":"fr-CA","@id":"https:\/\/www.uqac.ca\/uqactualites\/#\/schema\/person\/image\/","url":"https:\/\/secure.gravatar.com\/avatar\/20fbbda8a292f59f2d3461a5b999c00b?s=96&d=mm&r=g","contentUrl":"https:\/\/secure.gravatar.com\/avatar\/20fbbda8a292f59f2d3461a5b999c00b?s=96&d=mm&r=g","caption":"Service des communications et des relations publiques"},"url":"https:\/\/www.uqac.ca\/uqactualites\/author\/bap\/"}]}},"_links":{"self":[{"href":"https:\/\/www.uqac.ca\/uqactualites\/wp-json\/wp\/v2\/posts\/23874"}],"collection":[{"href":"https:\/\/www.uqac.ca\/uqactualites\/wp-json\/wp\/v2\/posts"}],"about":[{"href":"https:\/\/www.uqac.ca\/uqactualites\/wp-json\/wp\/v2\/types\/post"}],"author":[{"embeddable":true,"href":"https:\/\/www.uqac.ca\/uqactualites\/wp-json\/wp\/v2\/users\/5"}],"replies":[{"embeddable":true,"href":"https:\/\/www.uqac.ca\/uqactualites\/wp-json\/wp\/v2\/comments?post=23874"}],"version-history":[{"count":0,"href":"https:\/\/www.uqac.ca\/uqactualites\/wp-json\/wp\/v2\/posts\/23874\/revisions"}],"wp:featuredmedia":[{"embeddable":true,"href":"https:\/\/www.uqac.ca\/uqactualites\/wp-json\/wp\/v2\/media\/20989"}],"wp:attachment":[{"href":"https:\/\/www.uqac.ca\/uqactualites\/wp-json\/wp\/v2\/media?parent=23874"}],"wp:term":[{"taxonomy":"category","embeddable":true,"href":"https:\/\/www.uqac.ca\/uqactualites\/wp-json\/wp\/v2\/categories?post=23874"},{"taxonomy":"post_tag","embeddable":true,"href":"https:\/\/www.uqac.ca\/uqactualites\/wp-json\/wp\/v2\/tags?post=23874"}],"curies":[{"name":"wp","href":"https:\/\/api.w.org\/{rel}","templated":true}]}}