{"id":23891,"date":"2013-04-10T09:24:48","date_gmt":"2013-04-10T13:24:48","guid":{"rendered":"http:\/\/uqactualite.odev.ca\/?p=23891"},"modified":"2013-04-10T09:24:48","modified_gmt":"2013-04-10T13:24:48","slug":"invitation-a-la-3e-rencontre-scientifique-de-visaj","status":"publish","type":"post","link":"https:\/\/www.uqac.ca\/uqactualites\/2013\/04\/10\/invitation-a-la-3e-rencontre-scientifique-de-visaj\/","title":{"rendered":"Invitation \u00e0 la 3e Rencontre scientifique de VISAJ"},"content":{"rendered":"<p style=\"text-align: justify\">L\u2019Universit\u00e9 du Qu\u00e9bec \u00e0 Chicoutimi vous convie \u00e0 la 3<sup>e<\/sup> Rencontre scientifique de VISAJ.<\/p>\n<p style=\"text-align: justify\">Monsieur Michel Perron, titulaire de la Chaire UQAC-C\u00e9gep de Jonqui\u00e8re sur les conditions de vie, la sant\u00e9 et les aspirations des jeunes (VISAJ), invite les repr\u00e9sentants des m\u00e9dias \u00e0 cette journ\u00e9e de conf\u00e9rences, une occasion tout indiqu\u00e9e de faire le point sur l\u2019avancement des travaux et des recherches de la Chaire :<\/p>\n<p style=\"text-align: center\"><strong><span style=\"color: #5a7411\">Vendredi 12 avril 2013\u00a0 \u25aa\u00a0 8\u00a0h\u00a030 \u00e0 16\u00a0h<\/span><\/strong><br \/>\n<span style=\"color: #5a7411\">Auditorium de l\u2019UQAC (local P0-5000)<\/span><br \/>\n<span style=\"color: #5a7411\">Pavillon principal<\/span><span style=\"color: #5a7411\"> &#8211;<\/span> <span style=\"color: #5a7411\">Universit\u00e9 du Qu\u00e9bec \u00e0 Chicoutimi<\/span><\/p>\n<p style=\"text-align: justify\">Consultez le programme de la journ\u00e9e au<br \/>\n<span style=\"color: #5a7411\"><b><a href=\"http:\/\/www.uqac.ca\/wp-content\/uploads\/2013\/03\/Programme-3e-rencontre-scientifique-VISAJ.pdf\" target=\"_blank\" rel=\"noopener\"><span style=\"color: #5a7411\">http:\/\/www.uqac.ca\/wp-content\/uploads\/2013\/03\/Programme-3e-rencontre-scientifique-VISAJ.pdf<\/span><\/a><\/b><\/span>.<\/p>\n<p style=\"text-align: justify\"><b>Confirmez votre pr\u00e9sence<\/b> aupr\u00e8s d\u2019\u00c9l\u00e9onore C\u00f4t\u00e9, professionnelle de recherche pour la Chaire VISAJ, par t\u00e9l\u00e9phone au 418 547-2191, poste\u00a07028 ou par courriel \u00e0 <span style=\"color: #5a7411\"><b><a href=\"mailto:info@visaj.ca\"><span style=\"color: #5a7411\">info@visaj.ca<\/span><\/a><\/b><\/span>.<\/p>\n<p style=\"text-align: justify\"><b><br \/>\nPour information\u00a0:<br \/>\n<\/b>\u00c9l\u00e9onore C\u00f4t\u00e9, professionnelle de recherche<br \/>\nChaire VISAJ<br \/>\n418 547-2191, poste\u00a07028\u00a0 \u25aa\u00a0 <span style=\"color: #5a7411\"><a href=\"mailto:info@visaj.ca\"><span style=\"color: #5a7411\">info@visaj.ca<\/span><\/a><\/span><\/p>\n","protected":false},"excerpt":{"rendered":"<p>L\u2019Universit\u00e9 du Qu\u00e9bec \u00e0 Chicoutimi vous convie \u00e0 la 3e Rencontre scientifique de VISAJ. Monsieur Michel Perron, titulaire de la Chaire UQAC-C\u00e9gep de Jonqui\u00e8re sur les conditions de vie, la sant\u00e9 et les aspirations des jeunes (VISAJ), invite les repr\u00e9sentants des m\u00e9dias \u00e0 cette journ\u00e9e de conf\u00e9rences, une occasion tout indiqu\u00e9e de faire le point [&hellip;]<\/p>\n","protected":false},"author":5,"featured_media":24873,"comment_status":"open","ping_status":"open","sticky":false,"template":"","format":"standard","meta":{"footnotes":""},"categories":[2772],"tags":[338,1003,2042,569],"yoast_head":"<!-- This site is optimized with the Yoast SEO plugin v24.2 - https:\/\/yoast.com\/wordpress\/plugins\/seo\/ -->\r\n<title>Invitation \u00e0 la 3e Rencontre scientifique de VISAJ - UQACtualit\u00e9s<\/title>\r\n<meta name=\"robots\" content=\"index, follow, max-snippet:-1, max-image-preview:large, max-video-preview:-1\" \/>\r\n<link rel=\"canonical\" href=\"https:\/\/www.uqac.ca\/uqactualites\/2013\/04\/10\/invitation-a-la-3e-rencontre-scientifique-de-visaj\/\" \/>\r\n<meta property=\"og:locale\" content=\"fr_CA\" \/>\r\n<meta property=\"og:type\" content=\"article\" \/>\r\n<meta property=\"og:title\" content=\"Invitation \u00e0 la 3e Rencontre scientifique de VISAJ - UQACtualit\u00e9s\" \/>\r\n<meta property=\"og:description\" content=\"L\u2019Universit\u00e9 du Qu\u00e9bec \u00e0 Chicoutimi vous convie \u00e0 la 3e Rencontre scientifique de VISAJ. Monsieur Michel Perron, titulaire de la Chaire UQAC-C\u00e9gep de Jonqui\u00e8re sur les conditions de vie, la sant\u00e9 et les aspirations des jeunes (VISAJ), invite les repr\u00e9sentants des m\u00e9dias \u00e0 cette journ\u00e9e de conf\u00e9rences, une occasion tout indiqu\u00e9e de faire le point [&hellip;]\" \/>\r\n<meta property=\"og:url\" content=\"https:\/\/www.uqac.ca\/uqactualites\/2013\/04\/10\/invitation-a-la-3e-rencontre-scientifique-de-visaj\/\" \/>\r\n<meta property=\"og:site_name\" content=\"UQACtualit\u00e9s\" \/>\r\n<meta property=\"article:published_time\" content=\"2013-04-10T13:24:48+00:00\" \/>\r\n<meta property=\"og:image\" content=\"https:\/\/www.uqac.ca\/uqactualites\/wp-content\/uploads\/2013\/07\/GRAF-Uqactualit\u00e9s-\u00c913-05.jpg\" \/>\r\n\t<meta property=\"og:image:width\" content=\"620\" \/>\r\n\t<meta property=\"og:image:height\" content=\"301\" \/>\r\n\t<meta property=\"og:image:type\" content=\"image\/jpeg\" \/>\r\n<meta name=\"author\" content=\"Service des communications et des relations publiques\" \/>\r\n<meta name=\"twitter:card\" content=\"summary_large_image\" \/>\r\n<meta name=\"twitter:label1\" content=\"\u00c9crit par\" \/>\n\t<meta name=\"twitter:data1\" content=\"Service des communications et des relations publiques\" \/>\n\t<meta name=\"twitter:label2\" content=\"Estimation du temps de lecture\" \/>\n\t<meta name=\"twitter:data2\" content=\"1 minute\" \/>\r\n<script type=\"application\/ld+json\" class=\"yoast-schema-graph\">{\"@context\":\"https:\/\/schema.org\",\"@graph\":[{\"@type\":\"WebPage\",\"@id\":\"https:\/\/www.uqac.ca\/uqactualites\/2013\/04\/10\/invitation-a-la-3e-rencontre-scientifique-de-visaj\/\",\"url\":\"https:\/\/www.uqac.ca\/uqactualites\/2013\/04\/10\/invitation-a-la-3e-rencontre-scientifique-de-visaj\/\",\"name\":\"Invitation \u00e0 la 3e Rencontre scientifique de VISAJ - UQACtualit\u00e9s\",\"isPartOf\":{\"@id\":\"https:\/\/www.uqac.ca\/uqactualites\/#website\"},\"primaryImageOfPage\":{\"@id\":\"https:\/\/www.uqac.ca\/uqactualites\/2013\/04\/10\/invitation-a-la-3e-rencontre-scientifique-de-visaj\/#primaryimage\"},\"image\":{\"@id\":\"https:\/\/www.uqac.ca\/uqactualites\/2013\/04\/10\/invitation-a-la-3e-rencontre-scientifique-de-visaj\/#primaryimage\"},\"thumbnailUrl\":\"https:\/\/www.uqac.ca\/uqactualites\/wp-content\/uploads\/2013\/07\/GRAF-Uqactualit\u00e9s-\u00c913-05.jpg\",\"datePublished\":\"2013-04-10T13:24:48+00:00\",\"dateModified\":\"2013-04-10T13:24:48+00:00\",\"author\":{\"@id\":\"https:\/\/www.uqac.ca\/uqactualites\/#\/schema\/person\/366c45a0c4f0e677b41b4af5886e2018\"},\"breadcrumb\":{\"@id\":\"https:\/\/www.uqac.ca\/uqactualites\/2013\/04\/10\/invitation-a-la-3e-rencontre-scientifique-de-visaj\/#breadcrumb\"},\"inLanguage\":\"fr-CA\",\"potentialAction\":[{\"@type\":\"ReadAction\",\"target\":[\"https:\/\/www.uqac.ca\/uqactualites\/2013\/04\/10\/invitation-a-la-3e-rencontre-scientifique-de-visaj\/\"]}]},{\"@type\":\"ImageObject\",\"inLanguage\":\"fr-CA\",\"@id\":\"https:\/\/www.uqac.ca\/uqactualites\/2013\/04\/10\/invitation-a-la-3e-rencontre-scientifique-de-visaj\/#primaryimage\",\"url\":\"https:\/\/www.uqac.ca\/uqactualites\/wp-content\/uploads\/2013\/07\/GRAF-Uqactualit\u00e9s-\u00c913-05.jpg\",\"contentUrl\":\"https:\/\/www.uqac.ca\/uqactualites\/wp-content\/uploads\/2013\/07\/GRAF-Uqactualit\u00e9s-\u00c913-05.jpg\",\"width\":620,\"height\":301},{\"@type\":\"BreadcrumbList\",\"@id\":\"https:\/\/www.uqac.ca\/uqactualites\/2013\/04\/10\/invitation-a-la-3e-rencontre-scientifique-de-visaj\/#breadcrumb\",\"itemListElement\":[{\"@type\":\"ListItem\",\"position\":1,\"name\":\"Home\",\"item\":\"https:\/\/www.uqac.ca\/uqactualites\/\"},{\"@type\":\"ListItem\",\"position\":2,\"name\":\"Invitation \u00e0 la 3e Rencontre scientifique de VISAJ\"}]},{\"@type\":\"WebSite\",\"@id\":\"https:\/\/www.uqac.ca\/uqactualites\/#website\",\"url\":\"https:\/\/www.uqac.ca\/uqactualites\/\",\"name\":\"UQACtualit\u00e9s\",\"description\":\"Le portail des nouvelles de l&#039;UQAC\",\"potentialAction\":[{\"@type\":\"SearchAction\",\"target\":{\"@type\":\"EntryPoint\",\"urlTemplate\":\"https:\/\/www.uqac.ca\/uqactualites\/?s={search_term_string}\"},\"query-input\":{\"@type\":\"PropertyValueSpecification\",\"valueRequired\":true,\"valueName\":\"search_term_string\"}}],\"inLanguage\":\"fr-CA\"},{\"@type\":\"Person\",\"@id\":\"https:\/\/www.uqac.ca\/uqactualites\/#\/schema\/person\/366c45a0c4f0e677b41b4af5886e2018\",\"name\":\"Service des communications et des relations publiques\",\"image\":{\"@type\":\"ImageObject\",\"inLanguage\":\"fr-CA\",\"@id\":\"https:\/\/www.uqac.ca\/uqactualites\/#\/schema\/person\/image\/\",\"url\":\"https:\/\/secure.gravatar.com\/avatar\/20fbbda8a292f59f2d3461a5b999c00b?s=96&d=mm&r=g\",\"contentUrl\":\"https:\/\/secure.gravatar.com\/avatar\/20fbbda8a292f59f2d3461a5b999c00b?s=96&d=mm&r=g\",\"caption\":\"Service des communications et des relations publiques\"},\"url\":\"https:\/\/www.uqac.ca\/uqactualites\/author\/bap\/\"}]}<\/script>\r\n<!-- \/ Yoast SEO plugin. -->","yoast_head_json":{"title":"Invitation \u00e0 la 3e Rencontre scientifique de VISAJ - UQACtualit\u00e9s","robots":{"index":"index","follow":"follow","max-snippet":"max-snippet:-1","max-image-preview":"max-image-preview:large","max-video-preview":"max-video-preview:-1"},"canonical":"https:\/\/www.uqac.ca\/uqactualites\/2013\/04\/10\/invitation-a-la-3e-rencontre-scientifique-de-visaj\/","og_locale":"fr_CA","og_type":"article","og_title":"Invitation \u00e0 la 3e Rencontre scientifique de VISAJ - UQACtualit\u00e9s","og_description":"L\u2019Universit\u00e9 du Qu\u00e9bec \u00e0 Chicoutimi vous convie \u00e0 la 3e Rencontre scientifique de VISAJ. Monsieur Michel Perron, titulaire de la Chaire UQAC-C\u00e9gep de Jonqui\u00e8re sur les conditions de vie, la sant\u00e9 et les aspirations des jeunes (VISAJ), invite les repr\u00e9sentants des m\u00e9dias \u00e0 cette journ\u00e9e de conf\u00e9rences, une occasion tout indiqu\u00e9e de faire le point [&hellip;]","og_url":"https:\/\/www.uqac.ca\/uqactualites\/2013\/04\/10\/invitation-a-la-3e-rencontre-scientifique-de-visaj\/","og_site_name":"UQACtualit\u00e9s","article_published_time":"2013-04-10T13:24:48+00:00","og_image":[{"width":620,"height":301,"url":"https:\/\/www.uqac.ca\/uqactualites\/wp-content\/uploads\/2013\/07\/GRAF-Uqactualit\u00e9s-\u00c913-05.jpg","type":"image\/jpeg"}],"author":"Service des communications et des relations publiques","twitter_card":"summary_large_image","twitter_misc":{"\u00c9crit par":"Service des communications et des relations publiques","Estimation du temps de lecture":"1 minute"},"schema":{"@context":"https:\/\/schema.org","@graph":[{"@type":"WebPage","@id":"https:\/\/www.uqac.ca\/uqactualites\/2013\/04\/10\/invitation-a-la-3e-rencontre-scientifique-de-visaj\/","url":"https:\/\/www.uqac.ca\/uqactualites\/2013\/04\/10\/invitation-a-la-3e-rencontre-scientifique-de-visaj\/","name":"Invitation \u00e0 la 3e Rencontre scientifique de VISAJ - UQACtualit\u00e9s","isPartOf":{"@id":"https:\/\/www.uqac.ca\/uqactualites\/#website"},"primaryImageOfPage":{"@id":"https:\/\/www.uqac.ca\/uqactualites\/2013\/04\/10\/invitation-a-la-3e-rencontre-scientifique-de-visaj\/#primaryimage"},"image":{"@id":"https:\/\/www.uqac.ca\/uqactualites\/2013\/04\/10\/invitation-a-la-3e-rencontre-scientifique-de-visaj\/#primaryimage"},"thumbnailUrl":"https:\/\/www.uqac.ca\/uqactualites\/wp-content\/uploads\/2013\/07\/GRAF-Uqactualit\u00e9s-\u00c913-05.jpg","datePublished":"2013-04-10T13:24:48+00:00","dateModified":"2013-04-10T13:24:48+00:00","author":{"@id":"https:\/\/www.uqac.ca\/uqactualites\/#\/schema\/person\/366c45a0c4f0e677b41b4af5886e2018"},"breadcrumb":{"@id":"https:\/\/www.uqac.ca\/uqactualites\/2013\/04\/10\/invitation-a-la-3e-rencontre-scientifique-de-visaj\/#breadcrumb"},"inLanguage":"fr-CA","potentialAction":[{"@type":"ReadAction","target":["https:\/\/www.uqac.ca\/uqactualites\/2013\/04\/10\/invitation-a-la-3e-rencontre-scientifique-de-visaj\/"]}]},{"@type":"ImageObject","inLanguage":"fr-CA","@id":"https:\/\/www.uqac.ca\/uqactualites\/2013\/04\/10\/invitation-a-la-3e-rencontre-scientifique-de-visaj\/#primaryimage","url":"https:\/\/www.uqac.ca\/uqactualites\/wp-content\/uploads\/2013\/07\/GRAF-Uqactualit\u00e9s-\u00c913-05.jpg","contentUrl":"https:\/\/www.uqac.ca\/uqactualites\/wp-content\/uploads\/2013\/07\/GRAF-Uqactualit\u00e9s-\u00c913-05.jpg","width":620,"height":301},{"@type":"BreadcrumbList","@id":"https:\/\/www.uqac.ca\/uqactualites\/2013\/04\/10\/invitation-a-la-3e-rencontre-scientifique-de-visaj\/#breadcrumb","itemListElement":[{"@type":"ListItem","position":1,"name":"Home","item":"https:\/\/www.uqac.ca\/uqactualites\/"},{"@type":"ListItem","position":2,"name":"Invitation \u00e0 la 3e Rencontre scientifique de VISAJ"}]},{"@type":"WebSite","@id":"https:\/\/www.uqac.ca\/uqactualites\/#website","url":"https:\/\/www.uqac.ca\/uqactualites\/","name":"UQACtualit\u00e9s","description":"Le portail des nouvelles de l&#039;UQAC","potentialAction":[{"@type":"SearchAction","target":{"@type":"EntryPoint","urlTemplate":"https:\/\/www.uqac.ca\/uqactualites\/?s={search_term_string}"},"query-input":{"@type":"PropertyValueSpecification","valueRequired":true,"valueName":"search_term_string"}}],"inLanguage":"fr-CA"},{"@type":"Person","@id":"https:\/\/www.uqac.ca\/uqactualites\/#\/schema\/person\/366c45a0c4f0e677b41b4af5886e2018","name":"Service des communications et des relations publiques","image":{"@type":"ImageObject","inLanguage":"fr-CA","@id":"https:\/\/www.uqac.ca\/uqactualites\/#\/schema\/person\/image\/","url":"https:\/\/secure.gravatar.com\/avatar\/20fbbda8a292f59f2d3461a5b999c00b?s=96&d=mm&r=g","contentUrl":"https:\/\/secure.gravatar.com\/avatar\/20fbbda8a292f59f2d3461a5b999c00b?s=96&d=mm&r=g","caption":"Service des communications et des relations publiques"},"url":"https:\/\/www.uqac.ca\/uqactualites\/author\/bap\/"}]}},"_links":{"self":[{"href":"https:\/\/www.uqac.ca\/uqactualites\/wp-json\/wp\/v2\/posts\/23891"}],"collection":[{"href":"https:\/\/www.uqac.ca\/uqactualites\/wp-json\/wp\/v2\/posts"}],"about":[{"href":"https:\/\/www.uqac.ca\/uqactualites\/wp-json\/wp\/v2\/types\/post"}],"author":[{"embeddable":true,"href":"https:\/\/www.uqac.ca\/uqactualites\/wp-json\/wp\/v2\/users\/5"}],"replies":[{"embeddable":true,"href":"https:\/\/www.uqac.ca\/uqactualites\/wp-json\/wp\/v2\/comments?post=23891"}],"version-history":[{"count":0,"href":"https:\/\/www.uqac.ca\/uqactualites\/wp-json\/wp\/v2\/posts\/23891\/revisions"}],"wp:featuredmedia":[{"embeddable":true,"href":"https:\/\/www.uqac.ca\/uqactualites\/wp-json\/wp\/v2\/media\/24873"}],"wp:attachment":[{"href":"https:\/\/www.uqac.ca\/uqactualites\/wp-json\/wp\/v2\/media?parent=23891"}],"wp:term":[{"taxonomy":"category","embeddable":true,"href":"https:\/\/www.uqac.ca\/uqactualites\/wp-json\/wp\/v2\/categories?post=23891"},{"taxonomy":"post_tag","embeddable":true,"href":"https:\/\/www.uqac.ca\/uqactualites\/wp-json\/wp\/v2\/tags?post=23891"}],"curies":[{"name":"wp","href":"https:\/\/api.w.org\/{rel}","templated":true}]}}