{"id":23926,"date":"2013-04-11T16:18:04","date_gmt":"2013-04-11T20:18:04","guid":{"rendered":"http:\/\/uqactualite.odev.ca\/?p=23926"},"modified":"2013-04-11T16:18:04","modified_gmt":"2013-04-11T20:18:04","slug":"2e-journee-dechanges-du-lemgp","status":"publish","type":"post","link":"https:\/\/www.uqac.ca\/uqactualites\/2013\/04\/11\/2e-journee-dechanges-du-lemgp\/","title":{"rendered":"2e Journ\u00e9e d\u2019\u00e9changes du LemGP"},"content":{"rendered":"<p style=\"text-align: justify\">Le Laboratoire d\u2019\u00e9tudes multidisciplinaires en gestion de projet invite la communaut\u00e9 universitaire \u00e0 participer \u00e0 sa 2<sup>e<\/sup> Journ\u00e9e d\u2019\u00e9changes, ayant pour th\u00e8me \u00ab\u00a0Les parties prenantes\u00a0\u00bb\u00a0:<\/p>\n<p style=\"text-align: center\" align=\"center\"><span style=\"color: #5a7411\"><b>Vendredi 19 avril 2013\u00a0 <\/b><b>\u25aa<\/b><b>\u00a0 13\u00a0h<\/b><\/span><br \/>\n<span style=\"color: #5a7411\">Local H1-1140<\/span><\/p>\n<p style=\"text-align: justify\">\u00c0 cette occasion, vous pourrez assister \u00e0 une conf\u00e9rence de M.\u00a0Denis Taillon, promoteur de la minicentrale hydro\u00e9lectrique de Val-Jalbert. Un second conf\u00e9rencier sera \u00e9galement pr\u00e9sent pour discuter de la gestion de projet des parties prenantes, au quotidien, dans le domaine de l&rsquo;ing\u00e9nierie.<\/p>\n<p style=\"text-align: justify\">Pour plus de d\u00e9tails, visitez le <span style=\"color: #5a7411\"><b><a href=\"http:\/\/www.uqac.ca\/lemgp\" target=\"_blank\" rel=\"noopener\"><span style=\"color: #5a7411\">www.uqac.ca\/lemgp<\/span><\/a><\/b><\/span>.<\/p>\n<p style=\"text-align: justify\">Au plaisir de vous recevoir!<\/p>\n<p style=\"text-align: justify\"><b><br \/>\nRenseignements\u00a0:<br \/>\n<\/b>Karen Perron<br \/>\n<a href=\"mailto:karen.perron@hotmail.com\">karen.perron@hotmail.com<\/a><\/p>\n","protected":false},"excerpt":{"rendered":"<p>Le Laboratoire d\u2019\u00e9tudes multidisciplinaires en gestion de projet invite la communaut\u00e9 universitaire \u00e0 participer \u00e0 sa 2e Journ\u00e9e d\u2019\u00e9changes, ayant pour th\u00e8me \u00ab\u00a0Les parties prenantes\u00a0\u00bb\u00a0: Vendredi 19 avril 2013\u00a0 \u25aa\u00a0 13\u00a0h Local H1-1140 \u00c0 cette occasion, vous pourrez assister \u00e0 une conf\u00e9rence de M.\u00a0Denis Taillon, promoteur de la minicentrale hydro\u00e9lectrique de Val-Jalbert. Un second conf\u00e9rencier [&hellip;]<\/p>\n","protected":false},"author":5,"featured_media":20989,"comment_status":"closed","ping_status":"open","sticky":false,"template":"","format":"standard","meta":{"footnotes":""},"categories":[2772],"tags":[8,1347,1348,1349],"yoast_head":"<!-- This site is optimized with the Yoast SEO plugin v24.2 - https:\/\/yoast.com\/wordpress\/plugins\/seo\/ -->\r\n<title>2e Journ\u00e9e d\u2019\u00e9changes du LemGP - UQACtualit\u00e9s<\/title>\r\n<meta name=\"robots\" content=\"index, follow, max-snippet:-1, max-image-preview:large, max-video-preview:-1\" \/>\r\n<link rel=\"canonical\" href=\"https:\/\/www.uqac.ca\/uqactualites\/2013\/04\/11\/2e-journee-dechanges-du-lemgp\/\" \/>\r\n<meta property=\"og:locale\" content=\"fr_CA\" \/>\r\n<meta property=\"og:type\" content=\"article\" \/>\r\n<meta property=\"og:title\" content=\"2e Journ\u00e9e d\u2019\u00e9changes du LemGP - UQACtualit\u00e9s\" \/>\r\n<meta property=\"og:description\" content=\"Le Laboratoire d\u2019\u00e9tudes multidisciplinaires en gestion de projet invite la communaut\u00e9 universitaire \u00e0 participer \u00e0 sa 2e Journ\u00e9e d\u2019\u00e9changes, ayant pour th\u00e8me \u00ab\u00a0Les parties prenantes\u00a0\u00bb\u00a0: Vendredi 19 avril 2013\u00a0 \u25aa\u00a0 13\u00a0h Local H1-1140 \u00c0 cette occasion, vous pourrez assister \u00e0 une conf\u00e9rence de M.\u00a0Denis Taillon, promoteur de la minicentrale hydro\u00e9lectrique de Val-Jalbert. Un second conf\u00e9rencier [&hellip;]\" \/>\r\n<meta property=\"og:url\" content=\"https:\/\/www.uqac.ca\/uqactualites\/2013\/04\/11\/2e-journee-dechanges-du-lemgp\/\" \/>\r\n<meta property=\"og:site_name\" content=\"UQACtualit\u00e9s\" \/>\r\n<meta property=\"article:published_time\" content=\"2013-04-11T20:18:04+00:00\" \/>\r\n<meta property=\"og:image\" content=\"https:\/\/www.uqac.ca\/uqactualites\/wp-content\/uploads\/2012\/05\/avis-laCommunaut-.jpg\" \/>\r\n\t<meta property=\"og:image:width\" content=\"620\" \/>\r\n\t<meta property=\"og:image:height\" content=\"300\" \/>\r\n\t<meta property=\"og:image:type\" content=\"image\/jpeg\" \/>\r\n<meta name=\"author\" content=\"Service des communications et des relations publiques\" \/>\r\n<meta name=\"twitter:card\" content=\"summary_large_image\" \/>\r\n<meta name=\"twitter:label1\" content=\"\u00c9crit par\" \/>\n\t<meta name=\"twitter:data1\" content=\"Service des communications et des relations publiques\" \/>\n\t<meta name=\"twitter:label2\" content=\"Estimation du temps de lecture\" \/>\n\t<meta name=\"twitter:data2\" content=\"1 minute\" \/>\r\n<script type=\"application\/ld+json\" class=\"yoast-schema-graph\">{\"@context\":\"https:\/\/schema.org\",\"@graph\":[{\"@type\":\"WebPage\",\"@id\":\"https:\/\/www.uqac.ca\/uqactualites\/2013\/04\/11\/2e-journee-dechanges-du-lemgp\/\",\"url\":\"https:\/\/www.uqac.ca\/uqactualites\/2013\/04\/11\/2e-journee-dechanges-du-lemgp\/\",\"name\":\"2e Journ\u00e9e d\u2019\u00e9changes du LemGP - UQACtualit\u00e9s\",\"isPartOf\":{\"@id\":\"https:\/\/www.uqac.ca\/uqactualites\/#website\"},\"primaryImageOfPage\":{\"@id\":\"https:\/\/www.uqac.ca\/uqactualites\/2013\/04\/11\/2e-journee-dechanges-du-lemgp\/#primaryimage\"},\"image\":{\"@id\":\"https:\/\/www.uqac.ca\/uqactualites\/2013\/04\/11\/2e-journee-dechanges-du-lemgp\/#primaryimage\"},\"thumbnailUrl\":\"https:\/\/www.uqac.ca\/uqactualites\/wp-content\/uploads\/2012\/05\/avis-laCommunaut-.jpg\",\"datePublished\":\"2013-04-11T20:18:04+00:00\",\"dateModified\":\"2013-04-11T20:18:04+00:00\",\"author\":{\"@id\":\"https:\/\/www.uqac.ca\/uqactualites\/#\/schema\/person\/366c45a0c4f0e677b41b4af5886e2018\"},\"breadcrumb\":{\"@id\":\"https:\/\/www.uqac.ca\/uqactualites\/2013\/04\/11\/2e-journee-dechanges-du-lemgp\/#breadcrumb\"},\"inLanguage\":\"fr-CA\",\"potentialAction\":[{\"@type\":\"ReadAction\",\"target\":[\"https:\/\/www.uqac.ca\/uqactualites\/2013\/04\/11\/2e-journee-dechanges-du-lemgp\/\"]}]},{\"@type\":\"ImageObject\",\"inLanguage\":\"fr-CA\",\"@id\":\"https:\/\/www.uqac.ca\/uqactualites\/2013\/04\/11\/2e-journee-dechanges-du-lemgp\/#primaryimage\",\"url\":\"https:\/\/www.uqac.ca\/uqactualites\/wp-content\/uploads\/2012\/05\/avis-laCommunaut-.jpg\",\"contentUrl\":\"https:\/\/www.uqac.ca\/uqactualites\/wp-content\/uploads\/2012\/05\/avis-laCommunaut-.jpg\",\"width\":620,\"height\":300},{\"@type\":\"BreadcrumbList\",\"@id\":\"https:\/\/www.uqac.ca\/uqactualites\/2013\/04\/11\/2e-journee-dechanges-du-lemgp\/#breadcrumb\",\"itemListElement\":[{\"@type\":\"ListItem\",\"position\":1,\"name\":\"Home\",\"item\":\"https:\/\/www.uqac.ca\/uqactualites\/\"},{\"@type\":\"ListItem\",\"position\":2,\"name\":\"2e Journ\u00e9e d\u2019\u00e9changes du LemGP\"}]},{\"@type\":\"WebSite\",\"@id\":\"https:\/\/www.uqac.ca\/uqactualites\/#website\",\"url\":\"https:\/\/www.uqac.ca\/uqactualites\/\",\"name\":\"UQACtualit\u00e9s\",\"description\":\"Le portail des nouvelles de l&#039;UQAC\",\"potentialAction\":[{\"@type\":\"SearchAction\",\"target\":{\"@type\":\"EntryPoint\",\"urlTemplate\":\"https:\/\/www.uqac.ca\/uqactualites\/?s={search_term_string}\"},\"query-input\":{\"@type\":\"PropertyValueSpecification\",\"valueRequired\":true,\"valueName\":\"search_term_string\"}}],\"inLanguage\":\"fr-CA\"},{\"@type\":\"Person\",\"@id\":\"https:\/\/www.uqac.ca\/uqactualites\/#\/schema\/person\/366c45a0c4f0e677b41b4af5886e2018\",\"name\":\"Service des communications et des relations publiques\",\"image\":{\"@type\":\"ImageObject\",\"inLanguage\":\"fr-CA\",\"@id\":\"https:\/\/www.uqac.ca\/uqactualites\/#\/schema\/person\/image\/\",\"url\":\"https:\/\/secure.gravatar.com\/avatar\/20fbbda8a292f59f2d3461a5b999c00b?s=96&d=mm&r=g\",\"contentUrl\":\"https:\/\/secure.gravatar.com\/avatar\/20fbbda8a292f59f2d3461a5b999c00b?s=96&d=mm&r=g\",\"caption\":\"Service des communications et des relations publiques\"},\"url\":\"https:\/\/www.uqac.ca\/uqactualites\/author\/bap\/\"}]}<\/script>\r\n<!-- \/ Yoast SEO plugin. -->","yoast_head_json":{"title":"2e Journ\u00e9e d\u2019\u00e9changes du LemGP - UQACtualit\u00e9s","robots":{"index":"index","follow":"follow","max-snippet":"max-snippet:-1","max-image-preview":"max-image-preview:large","max-video-preview":"max-video-preview:-1"},"canonical":"https:\/\/www.uqac.ca\/uqactualites\/2013\/04\/11\/2e-journee-dechanges-du-lemgp\/","og_locale":"fr_CA","og_type":"article","og_title":"2e Journ\u00e9e d\u2019\u00e9changes du LemGP - UQACtualit\u00e9s","og_description":"Le Laboratoire d\u2019\u00e9tudes multidisciplinaires en gestion de projet invite la communaut\u00e9 universitaire \u00e0 participer \u00e0 sa 2e Journ\u00e9e d\u2019\u00e9changes, ayant pour th\u00e8me \u00ab\u00a0Les parties prenantes\u00a0\u00bb\u00a0: Vendredi 19 avril 2013\u00a0 \u25aa\u00a0 13\u00a0h Local H1-1140 \u00c0 cette occasion, vous pourrez assister \u00e0 une conf\u00e9rence de M.\u00a0Denis Taillon, promoteur de la minicentrale hydro\u00e9lectrique de Val-Jalbert. Un second conf\u00e9rencier [&hellip;]","og_url":"https:\/\/www.uqac.ca\/uqactualites\/2013\/04\/11\/2e-journee-dechanges-du-lemgp\/","og_site_name":"UQACtualit\u00e9s","article_published_time":"2013-04-11T20:18:04+00:00","og_image":[{"width":620,"height":300,"url":"https:\/\/www.uqac.ca\/uqactualites\/wp-content\/uploads\/2012\/05\/avis-laCommunaut-.jpg","type":"image\/jpeg"}],"author":"Service des communications et des relations publiques","twitter_card":"summary_large_image","twitter_misc":{"\u00c9crit par":"Service des communications et des relations publiques","Estimation du temps de lecture":"1 minute"},"schema":{"@context":"https:\/\/schema.org","@graph":[{"@type":"WebPage","@id":"https:\/\/www.uqac.ca\/uqactualites\/2013\/04\/11\/2e-journee-dechanges-du-lemgp\/","url":"https:\/\/www.uqac.ca\/uqactualites\/2013\/04\/11\/2e-journee-dechanges-du-lemgp\/","name":"2e Journ\u00e9e d\u2019\u00e9changes du LemGP - UQACtualit\u00e9s","isPartOf":{"@id":"https:\/\/www.uqac.ca\/uqactualites\/#website"},"primaryImageOfPage":{"@id":"https:\/\/www.uqac.ca\/uqactualites\/2013\/04\/11\/2e-journee-dechanges-du-lemgp\/#primaryimage"},"image":{"@id":"https:\/\/www.uqac.ca\/uqactualites\/2013\/04\/11\/2e-journee-dechanges-du-lemgp\/#primaryimage"},"thumbnailUrl":"https:\/\/www.uqac.ca\/uqactualites\/wp-content\/uploads\/2012\/05\/avis-laCommunaut-.jpg","datePublished":"2013-04-11T20:18:04+00:00","dateModified":"2013-04-11T20:18:04+00:00","author":{"@id":"https:\/\/www.uqac.ca\/uqactualites\/#\/schema\/person\/366c45a0c4f0e677b41b4af5886e2018"},"breadcrumb":{"@id":"https:\/\/www.uqac.ca\/uqactualites\/2013\/04\/11\/2e-journee-dechanges-du-lemgp\/#breadcrumb"},"inLanguage":"fr-CA","potentialAction":[{"@type":"ReadAction","target":["https:\/\/www.uqac.ca\/uqactualites\/2013\/04\/11\/2e-journee-dechanges-du-lemgp\/"]}]},{"@type":"ImageObject","inLanguage":"fr-CA","@id":"https:\/\/www.uqac.ca\/uqactualites\/2013\/04\/11\/2e-journee-dechanges-du-lemgp\/#primaryimage","url":"https:\/\/www.uqac.ca\/uqactualites\/wp-content\/uploads\/2012\/05\/avis-laCommunaut-.jpg","contentUrl":"https:\/\/www.uqac.ca\/uqactualites\/wp-content\/uploads\/2012\/05\/avis-laCommunaut-.jpg","width":620,"height":300},{"@type":"BreadcrumbList","@id":"https:\/\/www.uqac.ca\/uqactualites\/2013\/04\/11\/2e-journee-dechanges-du-lemgp\/#breadcrumb","itemListElement":[{"@type":"ListItem","position":1,"name":"Home","item":"https:\/\/www.uqac.ca\/uqactualites\/"},{"@type":"ListItem","position":2,"name":"2e Journ\u00e9e d\u2019\u00e9changes du LemGP"}]},{"@type":"WebSite","@id":"https:\/\/www.uqac.ca\/uqactualites\/#website","url":"https:\/\/www.uqac.ca\/uqactualites\/","name":"UQACtualit\u00e9s","description":"Le portail des nouvelles de l&#039;UQAC","potentialAction":[{"@type":"SearchAction","target":{"@type":"EntryPoint","urlTemplate":"https:\/\/www.uqac.ca\/uqactualites\/?s={search_term_string}"},"query-input":{"@type":"PropertyValueSpecification","valueRequired":true,"valueName":"search_term_string"}}],"inLanguage":"fr-CA"},{"@type":"Person","@id":"https:\/\/www.uqac.ca\/uqactualites\/#\/schema\/person\/366c45a0c4f0e677b41b4af5886e2018","name":"Service des communications et des relations publiques","image":{"@type":"ImageObject","inLanguage":"fr-CA","@id":"https:\/\/www.uqac.ca\/uqactualites\/#\/schema\/person\/image\/","url":"https:\/\/secure.gravatar.com\/avatar\/20fbbda8a292f59f2d3461a5b999c00b?s=96&d=mm&r=g","contentUrl":"https:\/\/secure.gravatar.com\/avatar\/20fbbda8a292f59f2d3461a5b999c00b?s=96&d=mm&r=g","caption":"Service des communications et des relations publiques"},"url":"https:\/\/www.uqac.ca\/uqactualites\/author\/bap\/"}]}},"_links":{"self":[{"href":"https:\/\/www.uqac.ca\/uqactualites\/wp-json\/wp\/v2\/posts\/23926"}],"collection":[{"href":"https:\/\/www.uqac.ca\/uqactualites\/wp-json\/wp\/v2\/posts"}],"about":[{"href":"https:\/\/www.uqac.ca\/uqactualites\/wp-json\/wp\/v2\/types\/post"}],"author":[{"embeddable":true,"href":"https:\/\/www.uqac.ca\/uqactualites\/wp-json\/wp\/v2\/users\/5"}],"replies":[{"embeddable":true,"href":"https:\/\/www.uqac.ca\/uqactualites\/wp-json\/wp\/v2\/comments?post=23926"}],"version-history":[{"count":0,"href":"https:\/\/www.uqac.ca\/uqactualites\/wp-json\/wp\/v2\/posts\/23926\/revisions"}],"wp:featuredmedia":[{"embeddable":true,"href":"https:\/\/www.uqac.ca\/uqactualites\/wp-json\/wp\/v2\/media\/20989"}],"wp:attachment":[{"href":"https:\/\/www.uqac.ca\/uqactualites\/wp-json\/wp\/v2\/media?parent=23926"}],"wp:term":[{"taxonomy":"category","embeddable":true,"href":"https:\/\/www.uqac.ca\/uqactualites\/wp-json\/wp\/v2\/categories?post=23926"},{"taxonomy":"post_tag","embeddable":true,"href":"https:\/\/www.uqac.ca\/uqactualites\/wp-json\/wp\/v2\/tags?post=23926"}],"curies":[{"name":"wp","href":"https:\/\/api.w.org\/{rel}","templated":true}]}}