{"id":23930,"date":"2013-04-12T10:03:14","date_gmt":"2013-04-12T14:03:14","guid":{"rendered":"http:\/\/uqactualite.odev.ca\/?p=23930"},"modified":"2013-04-12T10:03:14","modified_gmt":"2013-04-12T14:03:14","slug":"concours-on-veut-pas-sortir-du-bois","status":"publish","type":"post","link":"https:\/\/www.uqac.ca\/uqactualites\/2013\/04\/12\/concours-on-veut-pas-sortir-du-bois\/","title":{"rendered":"Concours \u00ab On veut pas sortir du bois! \u00bb"},"content":{"rendered":"<p style=\"text-align: justify\">Dans le cadre des F\u00eates du 175<sup>e<\/sup> de la r\u00e9gion, l\u2019Association foresti\u00e8re du Saguenay\u2212Lac-Saint-Jean invite la communaut\u00e9 universitaire \u00e9tudiante \u00e0 participer au concours \u00ab\u00a0On veut pas sortir du bois!\u00a0\u00bb.<\/p>\n<p style=\"text-align: justify\">Ce concours vid\u00e9o vise \u00e0 mettre en valeur le talent de la r\u00e9gion\u00a0: il permettra \u00e9galement aux participants d\u2019exploiter leurs comp\u00e9tences dans les domaines artistique et t\u00e9l\u00e9visuel, tout en b\u00e9n\u00e9ficiant d\u2019une tribune extraordinaire!<\/p>\n<p style=\"text-align: justify\">Le concours se termine le 30 avril 2013.<br \/>\nConsultez les r\u00e8glements au <span style=\"color: #5a7411\"><b><a href=\"http:\/\/www.afsaglac.com\" target=\"_blank\" rel=\"noopener\"><span style=\"color: #5a7411\">www.afsaglac.com<\/span><\/a><\/b><\/span>.<\/p>\n<p style=\"text-align: justify\"><b><br \/>\nRenseignements\u00a0:<\/b><br \/>\n<a href=\"http:\/\/www.afsaglac.com\" target=\"_blank\" rel=\"noopener\"><span style=\"color: #5a7411\"><span style=\"color: #5a7411\">www.afsaglac.com<\/span><\/span><\/a><\/p>\n","protected":false},"excerpt":{"rendered":"<p>Dans le cadre des F\u00eates du 175e de la r\u00e9gion, l\u2019Association foresti\u00e8re du Saguenay\u2212Lac-Saint-Jean invite la communaut\u00e9 universitaire \u00e9tudiante \u00e0 participer au concours \u00ab\u00a0On veut pas sortir du bois!\u00a0\u00bb. Ce concours vid\u00e9o vise \u00e0 mettre en valeur le talent de la r\u00e9gion\u00a0: il permettra \u00e9galement aux participants d\u2019exploiter leurs comp\u00e9tences dans les domaines artistique et [&hellip;]<\/p>\n","protected":false},"author":5,"featured_media":20989,"comment_status":"closed","ping_status":"open","sticky":false,"template":"","format":"standard","meta":{"footnotes":""},"categories":[2772],"tags":[1866,430,67,2090,1089,578],"yoast_head":"<!-- This site is optimized with the Yoast SEO plugin v24.2 - https:\/\/yoast.com\/wordpress\/plugins\/seo\/ -->\r\n<title>Concours \u00ab On veut pas sortir du bois! \u00bb - UQACtualit\u00e9s<\/title>\r\n<meta name=\"robots\" content=\"index, follow, max-snippet:-1, max-image-preview:large, max-video-preview:-1\" \/>\r\n<link rel=\"canonical\" href=\"https:\/\/www.uqac.ca\/uqactualites\/2013\/04\/12\/concours-on-veut-pas-sortir-du-bois\/\" \/>\r\n<meta property=\"og:locale\" content=\"fr_CA\" \/>\r\n<meta property=\"og:type\" content=\"article\" \/>\r\n<meta property=\"og:title\" content=\"Concours \u00ab On veut pas sortir du bois! \u00bb - UQACtualit\u00e9s\" \/>\r\n<meta property=\"og:description\" content=\"Dans le cadre des F\u00eates du 175e de la r\u00e9gion, l\u2019Association foresti\u00e8re du Saguenay\u2212Lac-Saint-Jean invite la communaut\u00e9 universitaire \u00e9tudiante \u00e0 participer au concours \u00ab\u00a0On veut pas sortir du bois!\u00a0\u00bb. Ce concours vid\u00e9o vise \u00e0 mettre en valeur le talent de la r\u00e9gion\u00a0: il permettra \u00e9galement aux participants d\u2019exploiter leurs comp\u00e9tences dans les domaines artistique et [&hellip;]\" \/>\r\n<meta property=\"og:url\" content=\"https:\/\/www.uqac.ca\/uqactualites\/2013\/04\/12\/concours-on-veut-pas-sortir-du-bois\/\" \/>\r\n<meta property=\"og:site_name\" content=\"UQACtualit\u00e9s\" \/>\r\n<meta property=\"article:published_time\" content=\"2013-04-12T14:03:14+00:00\" \/>\r\n<meta property=\"og:image\" content=\"https:\/\/www.uqac.ca\/uqactualites\/wp-content\/uploads\/2012\/05\/avis-laCommunaut-.jpg\" \/>\r\n\t<meta property=\"og:image:width\" content=\"620\" \/>\r\n\t<meta property=\"og:image:height\" content=\"300\" \/>\r\n\t<meta property=\"og:image:type\" content=\"image\/jpeg\" \/>\r\n<meta name=\"author\" content=\"Service des communications et des relations publiques\" \/>\r\n<meta name=\"twitter:card\" content=\"summary_large_image\" \/>\r\n<meta name=\"twitter:label1\" content=\"\u00c9crit par\" \/>\n\t<meta name=\"twitter:data1\" content=\"Service des communications et des relations publiques\" \/>\r\n<script type=\"application\/ld+json\" class=\"yoast-schema-graph\">{\"@context\":\"https:\/\/schema.org\",\"@graph\":[{\"@type\":\"WebPage\",\"@id\":\"https:\/\/www.uqac.ca\/uqactualites\/2013\/04\/12\/concours-on-veut-pas-sortir-du-bois\/\",\"url\":\"https:\/\/www.uqac.ca\/uqactualites\/2013\/04\/12\/concours-on-veut-pas-sortir-du-bois\/\",\"name\":\"Concours \u00ab On veut pas sortir du bois! \u00bb - UQACtualit\u00e9s\",\"isPartOf\":{\"@id\":\"https:\/\/www.uqac.ca\/uqactualites\/#website\"},\"primaryImageOfPage\":{\"@id\":\"https:\/\/www.uqac.ca\/uqactualites\/2013\/04\/12\/concours-on-veut-pas-sortir-du-bois\/#primaryimage\"},\"image\":{\"@id\":\"https:\/\/www.uqac.ca\/uqactualites\/2013\/04\/12\/concours-on-veut-pas-sortir-du-bois\/#primaryimage\"},\"thumbnailUrl\":\"https:\/\/www.uqac.ca\/uqactualites\/wp-content\/uploads\/2012\/05\/avis-laCommunaut-.jpg\",\"datePublished\":\"2013-04-12T14:03:14+00:00\",\"dateModified\":\"2013-04-12T14:03:14+00:00\",\"author\":{\"@id\":\"https:\/\/www.uqac.ca\/uqactualites\/#\/schema\/person\/366c45a0c4f0e677b41b4af5886e2018\"},\"breadcrumb\":{\"@id\":\"https:\/\/www.uqac.ca\/uqactualites\/2013\/04\/12\/concours-on-veut-pas-sortir-du-bois\/#breadcrumb\"},\"inLanguage\":\"fr-CA\",\"potentialAction\":[{\"@type\":\"ReadAction\",\"target\":[\"https:\/\/www.uqac.ca\/uqactualites\/2013\/04\/12\/concours-on-veut-pas-sortir-du-bois\/\"]}]},{\"@type\":\"ImageObject\",\"inLanguage\":\"fr-CA\",\"@id\":\"https:\/\/www.uqac.ca\/uqactualites\/2013\/04\/12\/concours-on-veut-pas-sortir-du-bois\/#primaryimage\",\"url\":\"https:\/\/www.uqac.ca\/uqactualites\/wp-content\/uploads\/2012\/05\/avis-laCommunaut-.jpg\",\"contentUrl\":\"https:\/\/www.uqac.ca\/uqactualites\/wp-content\/uploads\/2012\/05\/avis-laCommunaut-.jpg\",\"width\":620,\"height\":300},{\"@type\":\"BreadcrumbList\",\"@id\":\"https:\/\/www.uqac.ca\/uqactualites\/2013\/04\/12\/concours-on-veut-pas-sortir-du-bois\/#breadcrumb\",\"itemListElement\":[{\"@type\":\"ListItem\",\"position\":1,\"name\":\"Home\",\"item\":\"https:\/\/www.uqac.ca\/uqactualites\/\"},{\"@type\":\"ListItem\",\"position\":2,\"name\":\"Concours \u00ab On veut pas sortir du bois! \u00bb\"}]},{\"@type\":\"WebSite\",\"@id\":\"https:\/\/www.uqac.ca\/uqactualites\/#website\",\"url\":\"https:\/\/www.uqac.ca\/uqactualites\/\",\"name\":\"UQACtualit\u00e9s\",\"description\":\"Le portail des nouvelles de l&#039;UQAC\",\"potentialAction\":[{\"@type\":\"SearchAction\",\"target\":{\"@type\":\"EntryPoint\",\"urlTemplate\":\"https:\/\/www.uqac.ca\/uqactualites\/?s={search_term_string}\"},\"query-input\":{\"@type\":\"PropertyValueSpecification\",\"valueRequired\":true,\"valueName\":\"search_term_string\"}}],\"inLanguage\":\"fr-CA\"},{\"@type\":\"Person\",\"@id\":\"https:\/\/www.uqac.ca\/uqactualites\/#\/schema\/person\/366c45a0c4f0e677b41b4af5886e2018\",\"name\":\"Service des communications et des relations publiques\",\"image\":{\"@type\":\"ImageObject\",\"inLanguage\":\"fr-CA\",\"@id\":\"https:\/\/www.uqac.ca\/uqactualites\/#\/schema\/person\/image\/\",\"url\":\"https:\/\/secure.gravatar.com\/avatar\/20fbbda8a292f59f2d3461a5b999c00b?s=96&d=mm&r=g\",\"contentUrl\":\"https:\/\/secure.gravatar.com\/avatar\/20fbbda8a292f59f2d3461a5b999c00b?s=96&d=mm&r=g\",\"caption\":\"Service des communications et des relations publiques\"},\"url\":\"https:\/\/www.uqac.ca\/uqactualites\/author\/bap\/\"}]}<\/script>\r\n<!-- \/ Yoast SEO plugin. -->","yoast_head_json":{"title":"Concours \u00ab On veut pas sortir du bois! \u00bb - UQACtualit\u00e9s","robots":{"index":"index","follow":"follow","max-snippet":"max-snippet:-1","max-image-preview":"max-image-preview:large","max-video-preview":"max-video-preview:-1"},"canonical":"https:\/\/www.uqac.ca\/uqactualites\/2013\/04\/12\/concours-on-veut-pas-sortir-du-bois\/","og_locale":"fr_CA","og_type":"article","og_title":"Concours \u00ab On veut pas sortir du bois! \u00bb - UQACtualit\u00e9s","og_description":"Dans le cadre des F\u00eates du 175e de la r\u00e9gion, l\u2019Association foresti\u00e8re du Saguenay\u2212Lac-Saint-Jean invite la communaut\u00e9 universitaire \u00e9tudiante \u00e0 participer au concours \u00ab\u00a0On veut pas sortir du bois!\u00a0\u00bb. Ce concours vid\u00e9o vise \u00e0 mettre en valeur le talent de la r\u00e9gion\u00a0: il permettra \u00e9galement aux participants d\u2019exploiter leurs comp\u00e9tences dans les domaines artistique et [&hellip;]","og_url":"https:\/\/www.uqac.ca\/uqactualites\/2013\/04\/12\/concours-on-veut-pas-sortir-du-bois\/","og_site_name":"UQACtualit\u00e9s","article_published_time":"2013-04-12T14:03:14+00:00","og_image":[{"width":620,"height":300,"url":"https:\/\/www.uqac.ca\/uqactualites\/wp-content\/uploads\/2012\/05\/avis-laCommunaut-.jpg","type":"image\/jpeg"}],"author":"Service des communications et des relations publiques","twitter_card":"summary_large_image","twitter_misc":{"\u00c9crit par":"Service des communications et des relations publiques"},"schema":{"@context":"https:\/\/schema.org","@graph":[{"@type":"WebPage","@id":"https:\/\/www.uqac.ca\/uqactualites\/2013\/04\/12\/concours-on-veut-pas-sortir-du-bois\/","url":"https:\/\/www.uqac.ca\/uqactualites\/2013\/04\/12\/concours-on-veut-pas-sortir-du-bois\/","name":"Concours \u00ab On veut pas sortir du bois! \u00bb - UQACtualit\u00e9s","isPartOf":{"@id":"https:\/\/www.uqac.ca\/uqactualites\/#website"},"primaryImageOfPage":{"@id":"https:\/\/www.uqac.ca\/uqactualites\/2013\/04\/12\/concours-on-veut-pas-sortir-du-bois\/#primaryimage"},"image":{"@id":"https:\/\/www.uqac.ca\/uqactualites\/2013\/04\/12\/concours-on-veut-pas-sortir-du-bois\/#primaryimage"},"thumbnailUrl":"https:\/\/www.uqac.ca\/uqactualites\/wp-content\/uploads\/2012\/05\/avis-laCommunaut-.jpg","datePublished":"2013-04-12T14:03:14+00:00","dateModified":"2013-04-12T14:03:14+00:00","author":{"@id":"https:\/\/www.uqac.ca\/uqactualites\/#\/schema\/person\/366c45a0c4f0e677b41b4af5886e2018"},"breadcrumb":{"@id":"https:\/\/www.uqac.ca\/uqactualites\/2013\/04\/12\/concours-on-veut-pas-sortir-du-bois\/#breadcrumb"},"inLanguage":"fr-CA","potentialAction":[{"@type":"ReadAction","target":["https:\/\/www.uqac.ca\/uqactualites\/2013\/04\/12\/concours-on-veut-pas-sortir-du-bois\/"]}]},{"@type":"ImageObject","inLanguage":"fr-CA","@id":"https:\/\/www.uqac.ca\/uqactualites\/2013\/04\/12\/concours-on-veut-pas-sortir-du-bois\/#primaryimage","url":"https:\/\/www.uqac.ca\/uqactualites\/wp-content\/uploads\/2012\/05\/avis-laCommunaut-.jpg","contentUrl":"https:\/\/www.uqac.ca\/uqactualites\/wp-content\/uploads\/2012\/05\/avis-laCommunaut-.jpg","width":620,"height":300},{"@type":"BreadcrumbList","@id":"https:\/\/www.uqac.ca\/uqactualites\/2013\/04\/12\/concours-on-veut-pas-sortir-du-bois\/#breadcrumb","itemListElement":[{"@type":"ListItem","position":1,"name":"Home","item":"https:\/\/www.uqac.ca\/uqactualites\/"},{"@type":"ListItem","position":2,"name":"Concours \u00ab On veut pas sortir du bois! \u00bb"}]},{"@type":"WebSite","@id":"https:\/\/www.uqac.ca\/uqactualites\/#website","url":"https:\/\/www.uqac.ca\/uqactualites\/","name":"UQACtualit\u00e9s","description":"Le portail des nouvelles de l&#039;UQAC","potentialAction":[{"@type":"SearchAction","target":{"@type":"EntryPoint","urlTemplate":"https:\/\/www.uqac.ca\/uqactualites\/?s={search_term_string}"},"query-input":{"@type":"PropertyValueSpecification","valueRequired":true,"valueName":"search_term_string"}}],"inLanguage":"fr-CA"},{"@type":"Person","@id":"https:\/\/www.uqac.ca\/uqactualites\/#\/schema\/person\/366c45a0c4f0e677b41b4af5886e2018","name":"Service des communications et des relations publiques","image":{"@type":"ImageObject","inLanguage":"fr-CA","@id":"https:\/\/www.uqac.ca\/uqactualites\/#\/schema\/person\/image\/","url":"https:\/\/secure.gravatar.com\/avatar\/20fbbda8a292f59f2d3461a5b999c00b?s=96&d=mm&r=g","contentUrl":"https:\/\/secure.gravatar.com\/avatar\/20fbbda8a292f59f2d3461a5b999c00b?s=96&d=mm&r=g","caption":"Service des communications et des relations publiques"},"url":"https:\/\/www.uqac.ca\/uqactualites\/author\/bap\/"}]}},"_links":{"self":[{"href":"https:\/\/www.uqac.ca\/uqactualites\/wp-json\/wp\/v2\/posts\/23930"}],"collection":[{"href":"https:\/\/www.uqac.ca\/uqactualites\/wp-json\/wp\/v2\/posts"}],"about":[{"href":"https:\/\/www.uqac.ca\/uqactualites\/wp-json\/wp\/v2\/types\/post"}],"author":[{"embeddable":true,"href":"https:\/\/www.uqac.ca\/uqactualites\/wp-json\/wp\/v2\/users\/5"}],"replies":[{"embeddable":true,"href":"https:\/\/www.uqac.ca\/uqactualites\/wp-json\/wp\/v2\/comments?post=23930"}],"version-history":[{"count":0,"href":"https:\/\/www.uqac.ca\/uqactualites\/wp-json\/wp\/v2\/posts\/23930\/revisions"}],"wp:featuredmedia":[{"embeddable":true,"href":"https:\/\/www.uqac.ca\/uqactualites\/wp-json\/wp\/v2\/media\/20989"}],"wp:attachment":[{"href":"https:\/\/www.uqac.ca\/uqactualites\/wp-json\/wp\/v2\/media?parent=23930"}],"wp:term":[{"taxonomy":"category","embeddable":true,"href":"https:\/\/www.uqac.ca\/uqactualites\/wp-json\/wp\/v2\/categories?post=23930"},{"taxonomy":"post_tag","embeddable":true,"href":"https:\/\/www.uqac.ca\/uqactualites\/wp-json\/wp\/v2\/tags?post=23930"}],"curies":[{"name":"wp","href":"https:\/\/api.w.org\/{rel}","templated":true}]}}