{"id":23938,"date":"2013-04-12T11:33:26","date_gmt":"2013-04-12T15:33:26","guid":{"rendered":"http:\/\/uqactualite.odev.ca\/?p=23938"},"modified":"2013-04-12T11:33:26","modified_gmt":"2013-04-12T15:33:26","slug":"la-chaire-en-eco-conseil-de-luqac-contribue-au-10e-forum-des-nations-unies-sur-les-forets","status":"publish","type":"post","link":"https:\/\/www.uqac.ca\/uqactualites\/2013\/04\/12\/la-chaire-en-eco-conseil-de-luqac-contribue-au-10e-forum-des-nations-unies-sur-les-forets\/","title":{"rendered":"La Chaire en \u00e9co-conseil de l\u2019UQAC contribue au 10e Forum des Nations Unies sur les for\u00eats"},"content":{"rendered":"<p style=\"text-align: justify\">L\u2019\u00e9tude de la Chaire en \u00e9co-conseil de l\u2019UQAC, intitul\u00e9e <i>For\u00eats et humains\u00a0: une communaut\u00e9 de destins<\/i>, r\u00e9cemment publi\u00e9e par l\u2019Organisation internationale de la Francophonie (OIF) et l\u2019Institut de la Francophonie pour le d\u00e9veloppement durable (IFDD) et dirig\u00e9e par le professeur Claude Villeneuve, a \u00e9t\u00e9 abord\u00e9e lors du 10<sup>e<\/sup> Forum des Nations Unies sur les for\u00eats, qui se d\u00e9roule du 8 au 19 avril 2013 \u00e0 Istanbul (Turquie). Jacques Prescott, professeur associ\u00e9 \u00e0 la Chaire en \u00e9co-conseil de l\u2019UQAC, a fait part des principales recommandations formul\u00e9es dans le cadre de cette \u00e9tude sur les for\u00eats \u00e0 l\u2019occasion d\u2019une r\u00e9union de concertation organis\u00e9e par l\u2019IFDD au premier jour de ce forum. Une quarantaine de repr\u00e9sentants issus de 19 pays membres de l\u2019OIF ainsi que des \u00c9tats-Unis, de la Turquie, de la Russie et de la Commission europ\u00e9enne participaient \u00e0 cet \u00e9v\u00e9nement.<\/p>\n<p style=\"text-align: justify\">La pr\u00e9sentation de M. Prescott a lanc\u00e9 une discussion anim\u00e9e au cours de laquelle les d\u00e9l\u00e9gu\u00e9s ont pu pr\u00e9senter leurs initiatives nationales et \u00e9changer sur leurs divers points de vue en relation avec l\u2019ordre du jour du Forum. Il en a \u00e9t\u00e9 conclu qu\u2019un effort doit \u00eatre fait pour que la for\u00eat demeure au c\u0153ur des discussions menant \u00e0 l\u2019identification des nouveaux objectifs de d\u00e9veloppement durable, de fa\u00e7on \u00e0 accentuer le financement international disponible pour les initiatives foresti\u00e8res en Afrique.<\/p>\n<p style=\"text-align: justify\">Les participants ont aussi insist\u00e9 sur l\u2019importance d\u2019une approche participative de la gestion des for\u00eats, sur la reconnaissance de leurs fonctions, usages et services multiples ainsi que sur l\u2019am\u00e9lioration des connaissances sur la part des for\u00eats dans les \u00e9conomies nationales. Les d\u00e9l\u00e9gu\u00e9s ont souhait\u00e9 que la Francophonie demeure un lieu d\u2019\u00e9changes et de r\u00e9flexion sur les enjeux du Forum des Nations Unies sur les for\u00eats.<\/p>\n<p style=\"text-align: justify\">Pour consulter un r\u00e9sum\u00e9 de l\u2019\u00e9tude <i>For\u00eats et humains\u00a0: une communaut\u00e9 de destins<\/i>,<br \/>\nvisitez le <span style=\"color: #5a7411\"><a href=\"http:\/\/ifdd.francophonie.org\/ressources\/ressources-pub-desc.php?id=491\" target=\"_blank\" rel=\"noopener\"><span style=\"color: #5a7411\"><b>http:\/\/ifdd.francophonie.org\/ressources\/ressources-pub-desc.php?id=491<\/b><\/span><\/a><\/span>.<\/p>\n<p style=\"text-align: justify\">Il est \u00e9galement possible de t\u00e9l\u00e9charger gratuitement l\u2019ouvrage en ligne au <span style=\"color: #5a7411\"><a href=\"http:\/\/synapse.uqac.ca\" target=\"_blank\" rel=\"noopener\"><span style=\"color: #5a7411\"><b>synapse.uqac.ca<\/b><\/span><\/a><\/span>, sous l\u2019onglet Rio+20.<\/p>\n<p style=\"text-align: justify\" align=\"left\"><b><br \/>\nSources\u00a0:<\/b><\/p>\n<p style=\"text-align: justify\" align=\"left\">Claude Villeneuve, professeur et directeur de la Chaire en \u00e9co-conseil<br \/>\nD\u00e9partement des sciences fondamentales<br \/>\nUniversit\u00e9 du Qu\u00e9bec \u00e0 Chicoutimi<br \/>\n418 545-5011 poste\u00a05059\u00a0 \u25aa\u00a0 <span style=\"color: #5a7411\"><a href=\"mailto:claude_villeneuve@uqac.ca\"><span style=\"color: #5a7411\">claude_villeneuve@uqac.ca<\/span><\/a><\/span><\/p>\n<p style=\"text-align: justify\" align=\"left\">Bureau des affaires publiques<br \/>\nUniversit\u00e9 du Qu\u00e9bec \u00e0 Chicoutimi<br \/>\n418\u00a0545-5011, poste\u00a02350\u00a0 \u25aa\u00a0 <span style=\"color: #5a7411\"><a href=\"mailto:affaires_publiques@uqac.ca\"><span style=\"color: #5a7411\">affaires_publiques@uqac.ca<\/span><\/a><\/span><\/p>\n<p style=\"text-align: justify\"><span style=\"color: #808080\">________________________________________________________________________________________<\/span><\/p>\n<p style=\"text-align: justify\" align=\"left\"><span style=\"color: #808080\"><b>Photographe\u00a0: <\/b>Guylain Doyle<\/span><br \/>\n<span style=\"color: #808080\"> ________________________________________________________________________________________<\/span><\/p>\n","protected":false},"excerpt":{"rendered":"<p>L\u2019\u00e9tude de la Chaire en \u00e9co-conseil de l\u2019UQAC, intitul\u00e9e For\u00eats et humains\u00a0: une communaut\u00e9 de destins, r\u00e9cemment publi\u00e9e par l\u2019Organisation internationale de la Francophonie (OIF) et l\u2019Institut de la Francophonie pour le d\u00e9veloppement durable (IFDD) et dirig\u00e9e par le professeur Claude Villeneuve, a \u00e9t\u00e9 abord\u00e9e lors du 10e Forum des Nations Unies sur les for\u00eats, [&hellip;]<\/p>\n","protected":false},"author":5,"featured_media":23939,"comment_status":"open","ping_status":"open","sticky":false,"template":"","format":"standard","meta":{"footnotes":""},"categories":[2],"tags":[493,1898,138,334,109,2091,393],"yoast_head":"<!-- This site is optimized with the Yoast SEO plugin v24.2 - https:\/\/yoast.com\/wordpress\/plugins\/seo\/ -->\r\n<title>La Chaire en \u00e9co-conseil de l\u2019UQAC contribue au 10e Forum des Nations Unies sur les for\u00eats - UQACtualit\u00e9s<\/title>\r\n<meta name=\"robots\" content=\"index, follow, max-snippet:-1, max-image-preview:large, max-video-preview:-1\" \/>\r\n<link rel=\"canonical\" href=\"https:\/\/www.uqac.ca\/uqactualites\/2013\/04\/12\/la-chaire-en-eco-conseil-de-luqac-contribue-au-10e-forum-des-nations-unies-sur-les-forets\/\" \/>\r\n<meta property=\"og:locale\" content=\"fr_CA\" \/>\r\n<meta property=\"og:type\" content=\"article\" \/>\r\n<meta property=\"og:title\" content=\"La Chaire en \u00e9co-conseil de l\u2019UQAC contribue au 10e Forum des Nations Unies sur les for\u00eats - UQACtualit\u00e9s\" \/>\r\n<meta property=\"og:description\" content=\"L\u2019\u00e9tude de la Chaire en \u00e9co-conseil de l\u2019UQAC, intitul\u00e9e For\u00eats et humains\u00a0: une communaut\u00e9 de destins, r\u00e9cemment publi\u00e9e par l\u2019Organisation internationale de la Francophonie (OIF) et l\u2019Institut de la Francophonie pour le d\u00e9veloppement durable (IFDD) et dirig\u00e9e par le professeur Claude Villeneuve, a \u00e9t\u00e9 abord\u00e9e lors du 10e Forum des Nations Unies sur les for\u00eats, [&hellip;]\" \/>\r\n<meta property=\"og:url\" content=\"https:\/\/www.uqac.ca\/uqactualites\/2013\/04\/12\/la-chaire-en-eco-conseil-de-luqac-contribue-au-10e-forum-des-nations-unies-sur-les-forets\/\" \/>\r\n<meta property=\"og:site_name\" content=\"UQACtualit\u00e9s\" \/>\r\n<meta property=\"article:published_time\" content=\"2013-04-12T15:33:26+00:00\" \/>\r\n<meta property=\"og:image\" content=\"https:\/\/www.uqac.ca\/uqactualites\/wp-content\/uploads\/2013\/04\/For\u00eat-Web-\u00a9Guylain-Doyle.jpg\" \/>\r\n\t<meta property=\"og:image:width\" content=\"620\" \/>\r\n\t<meta property=\"og:image:height\" content=\"300\" \/>\r\n\t<meta property=\"og:image:type\" content=\"image\/jpeg\" \/>\r\n<meta name=\"author\" content=\"Service des communications et des relations publiques\" \/>\r\n<meta name=\"twitter:card\" content=\"summary_large_image\" \/>\r\n<meta name=\"twitter:label1\" content=\"\u00c9crit par\" \/>\n\t<meta name=\"twitter:data1\" content=\"Service des communications et des relations publiques\" \/>\n\t<meta name=\"twitter:label2\" content=\"Estimation du temps de lecture\" \/>\n\t<meta name=\"twitter:data2\" content=\"2 minutes\" \/>\r\n<script type=\"application\/ld+json\" class=\"yoast-schema-graph\">{\"@context\":\"https:\/\/schema.org\",\"@graph\":[{\"@type\":\"WebPage\",\"@id\":\"https:\/\/www.uqac.ca\/uqactualites\/2013\/04\/12\/la-chaire-en-eco-conseil-de-luqac-contribue-au-10e-forum-des-nations-unies-sur-les-forets\/\",\"url\":\"https:\/\/www.uqac.ca\/uqactualites\/2013\/04\/12\/la-chaire-en-eco-conseil-de-luqac-contribue-au-10e-forum-des-nations-unies-sur-les-forets\/\",\"name\":\"La Chaire en \u00e9co-conseil de l\u2019UQAC contribue au 10e Forum des Nations Unies sur les for\u00eats - UQACtualit\u00e9s\",\"isPartOf\":{\"@id\":\"https:\/\/www.uqac.ca\/uqactualites\/#website\"},\"primaryImageOfPage\":{\"@id\":\"https:\/\/www.uqac.ca\/uqactualites\/2013\/04\/12\/la-chaire-en-eco-conseil-de-luqac-contribue-au-10e-forum-des-nations-unies-sur-les-forets\/#primaryimage\"},\"image\":{\"@id\":\"https:\/\/www.uqac.ca\/uqactualites\/2013\/04\/12\/la-chaire-en-eco-conseil-de-luqac-contribue-au-10e-forum-des-nations-unies-sur-les-forets\/#primaryimage\"},\"thumbnailUrl\":\"https:\/\/www.uqac.ca\/uqactualites\/wp-content\/uploads\/2013\/04\/For\u00eat-Web-\u00a9Guylain-Doyle.jpg\",\"datePublished\":\"2013-04-12T15:33:26+00:00\",\"dateModified\":\"2013-04-12T15:33:26+00:00\",\"author\":{\"@id\":\"https:\/\/www.uqac.ca\/uqactualites\/#\/schema\/person\/366c45a0c4f0e677b41b4af5886e2018\"},\"breadcrumb\":{\"@id\":\"https:\/\/www.uqac.ca\/uqactualites\/2013\/04\/12\/la-chaire-en-eco-conseil-de-luqac-contribue-au-10e-forum-des-nations-unies-sur-les-forets\/#breadcrumb\"},\"inLanguage\":\"fr-CA\",\"potentialAction\":[{\"@type\":\"ReadAction\",\"target\":[\"https:\/\/www.uqac.ca\/uqactualites\/2013\/04\/12\/la-chaire-en-eco-conseil-de-luqac-contribue-au-10e-forum-des-nations-unies-sur-les-forets\/\"]}]},{\"@type\":\"ImageObject\",\"inLanguage\":\"fr-CA\",\"@id\":\"https:\/\/www.uqac.ca\/uqactualites\/2013\/04\/12\/la-chaire-en-eco-conseil-de-luqac-contribue-au-10e-forum-des-nations-unies-sur-les-forets\/#primaryimage\",\"url\":\"https:\/\/www.uqac.ca\/uqactualites\/wp-content\/uploads\/2013\/04\/For\u00eat-Web-\u00a9Guylain-Doyle.jpg\",\"contentUrl\":\"https:\/\/www.uqac.ca\/uqactualites\/wp-content\/uploads\/2013\/04\/For\u00eat-Web-\u00a9Guylain-Doyle.jpg\",\"width\":620,\"height\":300},{\"@type\":\"BreadcrumbList\",\"@id\":\"https:\/\/www.uqac.ca\/uqactualites\/2013\/04\/12\/la-chaire-en-eco-conseil-de-luqac-contribue-au-10e-forum-des-nations-unies-sur-les-forets\/#breadcrumb\",\"itemListElement\":[{\"@type\":\"ListItem\",\"position\":1,\"name\":\"Home\",\"item\":\"https:\/\/www.uqac.ca\/uqactualites\/\"},{\"@type\":\"ListItem\",\"position\":2,\"name\":\"La Chaire en \u00e9co-conseil de l\u2019UQAC contribue au 10e Forum des Nations Unies sur les for\u00eats\"}]},{\"@type\":\"WebSite\",\"@id\":\"https:\/\/www.uqac.ca\/uqactualites\/#website\",\"url\":\"https:\/\/www.uqac.ca\/uqactualites\/\",\"name\":\"UQACtualit\u00e9s\",\"description\":\"Le portail des nouvelles de l&#039;UQAC\",\"potentialAction\":[{\"@type\":\"SearchAction\",\"target\":{\"@type\":\"EntryPoint\",\"urlTemplate\":\"https:\/\/www.uqac.ca\/uqactualites\/?s={search_term_string}\"},\"query-input\":{\"@type\":\"PropertyValueSpecification\",\"valueRequired\":true,\"valueName\":\"search_term_string\"}}],\"inLanguage\":\"fr-CA\"},{\"@type\":\"Person\",\"@id\":\"https:\/\/www.uqac.ca\/uqactualites\/#\/schema\/person\/366c45a0c4f0e677b41b4af5886e2018\",\"name\":\"Service des communications et des relations publiques\",\"image\":{\"@type\":\"ImageObject\",\"inLanguage\":\"fr-CA\",\"@id\":\"https:\/\/www.uqac.ca\/uqactualites\/#\/schema\/person\/image\/\",\"url\":\"https:\/\/secure.gravatar.com\/avatar\/20fbbda8a292f59f2d3461a5b999c00b?s=96&d=mm&r=g\",\"contentUrl\":\"https:\/\/secure.gravatar.com\/avatar\/20fbbda8a292f59f2d3461a5b999c00b?s=96&d=mm&r=g\",\"caption\":\"Service des communications et des relations publiques\"},\"url\":\"https:\/\/www.uqac.ca\/uqactualites\/author\/bap\/\"}]}<\/script>\r\n<!-- \/ Yoast SEO plugin. -->","yoast_head_json":{"title":"La Chaire en \u00e9co-conseil de l\u2019UQAC contribue au 10e Forum des Nations Unies sur les for\u00eats - UQACtualit\u00e9s","robots":{"index":"index","follow":"follow","max-snippet":"max-snippet:-1","max-image-preview":"max-image-preview:large","max-video-preview":"max-video-preview:-1"},"canonical":"https:\/\/www.uqac.ca\/uqactualites\/2013\/04\/12\/la-chaire-en-eco-conseil-de-luqac-contribue-au-10e-forum-des-nations-unies-sur-les-forets\/","og_locale":"fr_CA","og_type":"article","og_title":"La Chaire en \u00e9co-conseil de l\u2019UQAC contribue au 10e Forum des Nations Unies sur les for\u00eats - UQACtualit\u00e9s","og_description":"L\u2019\u00e9tude de la Chaire en \u00e9co-conseil de l\u2019UQAC, intitul\u00e9e For\u00eats et humains\u00a0: une communaut\u00e9 de destins, r\u00e9cemment publi\u00e9e par l\u2019Organisation internationale de la Francophonie (OIF) et l\u2019Institut de la Francophonie pour le d\u00e9veloppement durable (IFDD) et dirig\u00e9e par le professeur Claude Villeneuve, a \u00e9t\u00e9 abord\u00e9e lors du 10e Forum des Nations Unies sur les for\u00eats, [&hellip;]","og_url":"https:\/\/www.uqac.ca\/uqactualites\/2013\/04\/12\/la-chaire-en-eco-conseil-de-luqac-contribue-au-10e-forum-des-nations-unies-sur-les-forets\/","og_site_name":"UQACtualit\u00e9s","article_published_time":"2013-04-12T15:33:26+00:00","og_image":[{"width":620,"height":300,"url":"https:\/\/www.uqac.ca\/uqactualites\/wp-content\/uploads\/2013\/04\/For\u00eat-Web-\u00a9Guylain-Doyle.jpg","type":"image\/jpeg"}],"author":"Service des communications et des relations publiques","twitter_card":"summary_large_image","twitter_misc":{"\u00c9crit par":"Service des communications et des relations publiques","Estimation du temps de lecture":"2 minutes"},"schema":{"@context":"https:\/\/schema.org","@graph":[{"@type":"WebPage","@id":"https:\/\/www.uqac.ca\/uqactualites\/2013\/04\/12\/la-chaire-en-eco-conseil-de-luqac-contribue-au-10e-forum-des-nations-unies-sur-les-forets\/","url":"https:\/\/www.uqac.ca\/uqactualites\/2013\/04\/12\/la-chaire-en-eco-conseil-de-luqac-contribue-au-10e-forum-des-nations-unies-sur-les-forets\/","name":"La Chaire en \u00e9co-conseil de l\u2019UQAC contribue au 10e Forum des Nations Unies sur les for\u00eats - UQACtualit\u00e9s","isPartOf":{"@id":"https:\/\/www.uqac.ca\/uqactualites\/#website"},"primaryImageOfPage":{"@id":"https:\/\/www.uqac.ca\/uqactualites\/2013\/04\/12\/la-chaire-en-eco-conseil-de-luqac-contribue-au-10e-forum-des-nations-unies-sur-les-forets\/#primaryimage"},"image":{"@id":"https:\/\/www.uqac.ca\/uqactualites\/2013\/04\/12\/la-chaire-en-eco-conseil-de-luqac-contribue-au-10e-forum-des-nations-unies-sur-les-forets\/#primaryimage"},"thumbnailUrl":"https:\/\/www.uqac.ca\/uqactualites\/wp-content\/uploads\/2013\/04\/For\u00eat-Web-\u00a9Guylain-Doyle.jpg","datePublished":"2013-04-12T15:33:26+00:00","dateModified":"2013-04-12T15:33:26+00:00","author":{"@id":"https:\/\/www.uqac.ca\/uqactualites\/#\/schema\/person\/366c45a0c4f0e677b41b4af5886e2018"},"breadcrumb":{"@id":"https:\/\/www.uqac.ca\/uqactualites\/2013\/04\/12\/la-chaire-en-eco-conseil-de-luqac-contribue-au-10e-forum-des-nations-unies-sur-les-forets\/#breadcrumb"},"inLanguage":"fr-CA","potentialAction":[{"@type":"ReadAction","target":["https:\/\/www.uqac.ca\/uqactualites\/2013\/04\/12\/la-chaire-en-eco-conseil-de-luqac-contribue-au-10e-forum-des-nations-unies-sur-les-forets\/"]}]},{"@type":"ImageObject","inLanguage":"fr-CA","@id":"https:\/\/www.uqac.ca\/uqactualites\/2013\/04\/12\/la-chaire-en-eco-conseil-de-luqac-contribue-au-10e-forum-des-nations-unies-sur-les-forets\/#primaryimage","url":"https:\/\/www.uqac.ca\/uqactualites\/wp-content\/uploads\/2013\/04\/For\u00eat-Web-\u00a9Guylain-Doyle.jpg","contentUrl":"https:\/\/www.uqac.ca\/uqactualites\/wp-content\/uploads\/2013\/04\/For\u00eat-Web-\u00a9Guylain-Doyle.jpg","width":620,"height":300},{"@type":"BreadcrumbList","@id":"https:\/\/www.uqac.ca\/uqactualites\/2013\/04\/12\/la-chaire-en-eco-conseil-de-luqac-contribue-au-10e-forum-des-nations-unies-sur-les-forets\/#breadcrumb","itemListElement":[{"@type":"ListItem","position":1,"name":"Home","item":"https:\/\/www.uqac.ca\/uqactualites\/"},{"@type":"ListItem","position":2,"name":"La Chaire en \u00e9co-conseil de l\u2019UQAC contribue au 10e Forum des Nations Unies sur les for\u00eats"}]},{"@type":"WebSite","@id":"https:\/\/www.uqac.ca\/uqactualites\/#website","url":"https:\/\/www.uqac.ca\/uqactualites\/","name":"UQACtualit\u00e9s","description":"Le portail des nouvelles de l&#039;UQAC","potentialAction":[{"@type":"SearchAction","target":{"@type":"EntryPoint","urlTemplate":"https:\/\/www.uqac.ca\/uqactualites\/?s={search_term_string}"},"query-input":{"@type":"PropertyValueSpecification","valueRequired":true,"valueName":"search_term_string"}}],"inLanguage":"fr-CA"},{"@type":"Person","@id":"https:\/\/www.uqac.ca\/uqactualites\/#\/schema\/person\/366c45a0c4f0e677b41b4af5886e2018","name":"Service des communications et des relations publiques","image":{"@type":"ImageObject","inLanguage":"fr-CA","@id":"https:\/\/www.uqac.ca\/uqactualites\/#\/schema\/person\/image\/","url":"https:\/\/secure.gravatar.com\/avatar\/20fbbda8a292f59f2d3461a5b999c00b?s=96&d=mm&r=g","contentUrl":"https:\/\/secure.gravatar.com\/avatar\/20fbbda8a292f59f2d3461a5b999c00b?s=96&d=mm&r=g","caption":"Service des communications et des relations publiques"},"url":"https:\/\/www.uqac.ca\/uqactualites\/author\/bap\/"}]}},"_links":{"self":[{"href":"https:\/\/www.uqac.ca\/uqactualites\/wp-json\/wp\/v2\/posts\/23938"}],"collection":[{"href":"https:\/\/www.uqac.ca\/uqactualites\/wp-json\/wp\/v2\/posts"}],"about":[{"href":"https:\/\/www.uqac.ca\/uqactualites\/wp-json\/wp\/v2\/types\/post"}],"author":[{"embeddable":true,"href":"https:\/\/www.uqac.ca\/uqactualites\/wp-json\/wp\/v2\/users\/5"}],"replies":[{"embeddable":true,"href":"https:\/\/www.uqac.ca\/uqactualites\/wp-json\/wp\/v2\/comments?post=23938"}],"version-history":[{"count":0,"href":"https:\/\/www.uqac.ca\/uqactualites\/wp-json\/wp\/v2\/posts\/23938\/revisions"}],"wp:featuredmedia":[{"embeddable":true,"href":"https:\/\/www.uqac.ca\/uqactualites\/wp-json\/wp\/v2\/media\/23939"}],"wp:attachment":[{"href":"https:\/\/www.uqac.ca\/uqactualites\/wp-json\/wp\/v2\/media?parent=23938"}],"wp:term":[{"taxonomy":"category","embeddable":true,"href":"https:\/\/www.uqac.ca\/uqactualites\/wp-json\/wp\/v2\/categories?post=23938"},{"taxonomy":"post_tag","embeddable":true,"href":"https:\/\/www.uqac.ca\/uqactualites\/wp-json\/wp\/v2\/tags?post=23938"}],"curies":[{"name":"wp","href":"https:\/\/api.w.org\/{rel}","templated":true}]}}