{"id":23945,"date":"2013-04-12T14:27:54","date_gmt":"2013-04-12T18:27:54","guid":{"rendered":"http:\/\/uqactualite.odev.ca\/?p=23945"},"modified":"2013-04-12T14:27:54","modified_gmt":"2013-04-12T18:27:54","slug":"pauline-minier-realise-un-projet-humanitaire-en-haiti","status":"publish","type":"post","link":"https:\/\/www.uqac.ca\/uqactualites\/2013\/04\/12\/pauline-minier-realise-un-projet-humanitaire-en-haiti\/","title":{"rendered":"Pauline Minier r\u00e9alise un projet humanitaire en Ha\u00efti"},"content":{"rendered":"<p style=\"text-align: justify\">Pauline Minier, professeure associ\u00e9e au D\u00e9partement des sciences de l\u2019\u00e9ducation de l\u2019UQAC, travaille actuellement\u00a0au d\u00e9veloppement d\u2019un projet humanitaire ayant pour objectif la formation accr\u00e9dit\u00e9e d\u2019une trentaine de professeurs ha\u00eftiens.<\/p>\n<p style=\"text-align: justify\">Alors qu\u2019elle \u0153uvre de concert avec divers intervenants d\u2019Ha\u00efti depuis deux ans d\u00e9j\u00e0, l\u2019UNESCO lui annon\u00e7ait r\u00e9cemment l\u2019octroi d\u2019un soutien de plus de 60\u00a0000\u00a0$, auquel s\u2019ajoute l\u2019appui du Bureau de l\u2019international de l\u2019UQAC en ce qui a trait au suivi du projet sur le campus et \u00e0 la coordination de certaines ressources. Ces aides pr\u00e9cieuses permettront \u00e0 Mme\u00a0Minier ainsi qu\u2019\u00e0 son \u00e9quipe, form\u00e9e d\u2019une douzaine de professeurs en enseignement \u00e0 la retraite de l\u2019UQAC et de l\u2019universit\u00e9 McGill, de poursuivre leur engagement b\u00e9n\u00e9vole dans la r\u00e9gion de Grande-Go\u00e2ve. Au terme du projet, en 2016, pas moins de 29 professeurs ha\u00eftiens obtiendront leur certificat en enseignement et pourront ainsi partager leur savoir au sein de leur communaut\u00e9.<\/p>\n<p style=\"text-align: justify\"><span style=\"color: #808080\"><br \/>\n________________________________________________________________________________________<\/span><\/p>\n<p style=\"text-align: justify\" align=\"left\"><span style=\"color: #808080\"><b>Sur la photo\u00a0:<\/b> Pauline Minier, professeure associ\u00e9e au D\u00e9partement des sciences de l\u2019\u00e9ducation, entour\u00e9e d\u2019un professeur et d\u2019\u00e9l\u00e8ves du secondaire<\/span><br \/>\n<span style=\"color: #808080\"><b>Photographe\u00a0:<\/b> Gracieuset\u00e9 Pauline Minier<\/span><br \/>\n<span style=\"color: #808080\">________________________________________________________________________________________<\/span><\/p>\n","protected":false},"excerpt":{"rendered":"<p>Pauline Minier, professeure associ\u00e9e au D\u00e9partement des sciences de l\u2019\u00e9ducation de l\u2019UQAC, travaille actuellement\u00a0au d\u00e9veloppement d\u2019un projet humanitaire ayant pour objectif la formation accr\u00e9dit\u00e9e d\u2019une trentaine de professeurs ha\u00eftiens. Alors qu\u2019elle \u0153uvre de concert avec divers intervenants d\u2019Ha\u00efti depuis deux ans d\u00e9j\u00e0, l\u2019UNESCO lui annon\u00e7ait r\u00e9cemment l\u2019octroi d\u2019un soutien de plus de 60\u00a0000\u00a0$, auquel s\u2019ajoute [&hellip;]<\/p>\n","protected":false},"author":5,"featured_media":23946,"comment_status":"open","ping_status":"open","sticky":false,"template":"","format":"standard","meta":{"footnotes":""},"categories":[2],"tags":[1109,5,123,102,1058,997,1211,2092,469],"yoast_head":"<!-- This site is optimized with the Yoast SEO plugin v24.2 - https:\/\/yoast.com\/wordpress\/plugins\/seo\/ -->\r\n<title>Pauline Minier r\u00e9alise un projet humanitaire en Ha\u00efti - UQACtualit\u00e9s<\/title>\r\n<meta name=\"robots\" content=\"index, follow, max-snippet:-1, max-image-preview:large, max-video-preview:-1\" \/>\r\n<link rel=\"canonical\" href=\"https:\/\/www.uqac.ca\/uqactualites\/2013\/04\/12\/pauline-minier-realise-un-projet-humanitaire-en-haiti\/\" \/>\r\n<meta property=\"og:locale\" content=\"fr_CA\" \/>\r\n<meta property=\"og:type\" content=\"article\" \/>\r\n<meta property=\"og:title\" content=\"Pauline Minier r\u00e9alise un projet humanitaire en Ha\u00efti - UQACtualit\u00e9s\" \/>\r\n<meta property=\"og:description\" content=\"Pauline Minier, professeure associ\u00e9e au D\u00e9partement des sciences de l\u2019\u00e9ducation de l\u2019UQAC, travaille actuellement\u00a0au d\u00e9veloppement d\u2019un projet humanitaire ayant pour objectif la formation accr\u00e9dit\u00e9e d\u2019une trentaine de professeurs ha\u00eftiens. Alors qu\u2019elle \u0153uvre de concert avec divers intervenants d\u2019Ha\u00efti depuis deux ans d\u00e9j\u00e0, l\u2019UNESCO lui annon\u00e7ait r\u00e9cemment l\u2019octroi d\u2019un soutien de plus de 60\u00a0000\u00a0$, auquel s\u2019ajoute [&hellip;]\" \/>\r\n<meta property=\"og:url\" content=\"https:\/\/www.uqac.ca\/uqactualites\/2013\/04\/12\/pauline-minier-realise-un-projet-humanitaire-en-haiti\/\" \/>\r\n<meta property=\"og:site_name\" content=\"UQACtualit\u00e9s\" \/>\r\n<meta property=\"article:published_time\" content=\"2013-04-12T18:27:54+00:00\" \/>\r\n<meta property=\"og:image\" content=\"https:\/\/www.uqac.ca\/uqactualites\/wp-content\/uploads\/2013\/04\/Pauline-Minier-Web-\u00a9Gracieuset\u00e9.jpg\" \/>\r\n\t<meta property=\"og:image:width\" content=\"620\" \/>\r\n\t<meta property=\"og:image:height\" content=\"300\" \/>\r\n\t<meta property=\"og:image:type\" content=\"image\/jpeg\" \/>\r\n<meta name=\"author\" content=\"Service des communications et des relations publiques\" \/>\r\n<meta name=\"twitter:card\" content=\"summary_large_image\" \/>\r\n<meta name=\"twitter:label1\" content=\"\u00c9crit par\" \/>\n\t<meta name=\"twitter:data1\" content=\"Service des communications et des relations publiques\" \/>\n\t<meta name=\"twitter:label2\" content=\"Estimation du temps de lecture\" \/>\n\t<meta name=\"twitter:data2\" content=\"1 minute\" \/>\r\n<script type=\"application\/ld+json\" class=\"yoast-schema-graph\">{\"@context\":\"https:\/\/schema.org\",\"@graph\":[{\"@type\":\"WebPage\",\"@id\":\"https:\/\/www.uqac.ca\/uqactualites\/2013\/04\/12\/pauline-minier-realise-un-projet-humanitaire-en-haiti\/\",\"url\":\"https:\/\/www.uqac.ca\/uqactualites\/2013\/04\/12\/pauline-minier-realise-un-projet-humanitaire-en-haiti\/\",\"name\":\"Pauline Minier r\u00e9alise un projet humanitaire en Ha\u00efti - UQACtualit\u00e9s\",\"isPartOf\":{\"@id\":\"https:\/\/www.uqac.ca\/uqactualites\/#website\"},\"primaryImageOfPage\":{\"@id\":\"https:\/\/www.uqac.ca\/uqactualites\/2013\/04\/12\/pauline-minier-realise-un-projet-humanitaire-en-haiti\/#primaryimage\"},\"image\":{\"@id\":\"https:\/\/www.uqac.ca\/uqactualites\/2013\/04\/12\/pauline-minier-realise-un-projet-humanitaire-en-haiti\/#primaryimage\"},\"thumbnailUrl\":\"https:\/\/www.uqac.ca\/uqactualites\/wp-content\/uploads\/2013\/04\/Pauline-Minier-Web-\u00a9Gracieuset\u00e9.jpg\",\"datePublished\":\"2013-04-12T18:27:54+00:00\",\"dateModified\":\"2013-04-12T18:27:54+00:00\",\"author\":{\"@id\":\"https:\/\/www.uqac.ca\/uqactualites\/#\/schema\/person\/366c45a0c4f0e677b41b4af5886e2018\"},\"breadcrumb\":{\"@id\":\"https:\/\/www.uqac.ca\/uqactualites\/2013\/04\/12\/pauline-minier-realise-un-projet-humanitaire-en-haiti\/#breadcrumb\"},\"inLanguage\":\"fr-CA\",\"potentialAction\":[{\"@type\":\"ReadAction\",\"target\":[\"https:\/\/www.uqac.ca\/uqactualites\/2013\/04\/12\/pauline-minier-realise-un-projet-humanitaire-en-haiti\/\"]}]},{\"@type\":\"ImageObject\",\"inLanguage\":\"fr-CA\",\"@id\":\"https:\/\/www.uqac.ca\/uqactualites\/2013\/04\/12\/pauline-minier-realise-un-projet-humanitaire-en-haiti\/#primaryimage\",\"url\":\"https:\/\/www.uqac.ca\/uqactualites\/wp-content\/uploads\/2013\/04\/Pauline-Minier-Web-\u00a9Gracieuset\u00e9.jpg\",\"contentUrl\":\"https:\/\/www.uqac.ca\/uqactualites\/wp-content\/uploads\/2013\/04\/Pauline-Minier-Web-\u00a9Gracieuset\u00e9.jpg\",\"width\":620,\"height\":300},{\"@type\":\"BreadcrumbList\",\"@id\":\"https:\/\/www.uqac.ca\/uqactualites\/2013\/04\/12\/pauline-minier-realise-un-projet-humanitaire-en-haiti\/#breadcrumb\",\"itemListElement\":[{\"@type\":\"ListItem\",\"position\":1,\"name\":\"Home\",\"item\":\"https:\/\/www.uqac.ca\/uqactualites\/\"},{\"@type\":\"ListItem\",\"position\":2,\"name\":\"Pauline Minier r\u00e9alise un projet humanitaire en Ha\u00efti\"}]},{\"@type\":\"WebSite\",\"@id\":\"https:\/\/www.uqac.ca\/uqactualites\/#website\",\"url\":\"https:\/\/www.uqac.ca\/uqactualites\/\",\"name\":\"UQACtualit\u00e9s\",\"description\":\"Le portail des nouvelles de l&#039;UQAC\",\"potentialAction\":[{\"@type\":\"SearchAction\",\"target\":{\"@type\":\"EntryPoint\",\"urlTemplate\":\"https:\/\/www.uqac.ca\/uqactualites\/?s={search_term_string}\"},\"query-input\":{\"@type\":\"PropertyValueSpecification\",\"valueRequired\":true,\"valueName\":\"search_term_string\"}}],\"inLanguage\":\"fr-CA\"},{\"@type\":\"Person\",\"@id\":\"https:\/\/www.uqac.ca\/uqactualites\/#\/schema\/person\/366c45a0c4f0e677b41b4af5886e2018\",\"name\":\"Service des communications et des relations publiques\",\"image\":{\"@type\":\"ImageObject\",\"inLanguage\":\"fr-CA\",\"@id\":\"https:\/\/www.uqac.ca\/uqactualites\/#\/schema\/person\/image\/\",\"url\":\"https:\/\/secure.gravatar.com\/avatar\/20fbbda8a292f59f2d3461a5b999c00b?s=96&d=mm&r=g\",\"contentUrl\":\"https:\/\/secure.gravatar.com\/avatar\/20fbbda8a292f59f2d3461a5b999c00b?s=96&d=mm&r=g\",\"caption\":\"Service des communications et des relations publiques\"},\"url\":\"https:\/\/www.uqac.ca\/uqactualites\/author\/bap\/\"}]}<\/script>\r\n<!-- \/ Yoast SEO plugin. -->","yoast_head_json":{"title":"Pauline Minier r\u00e9alise un projet humanitaire en Ha\u00efti - UQACtualit\u00e9s","robots":{"index":"index","follow":"follow","max-snippet":"max-snippet:-1","max-image-preview":"max-image-preview:large","max-video-preview":"max-video-preview:-1"},"canonical":"https:\/\/www.uqac.ca\/uqactualites\/2013\/04\/12\/pauline-minier-realise-un-projet-humanitaire-en-haiti\/","og_locale":"fr_CA","og_type":"article","og_title":"Pauline Minier r\u00e9alise un projet humanitaire en Ha\u00efti - UQACtualit\u00e9s","og_description":"Pauline Minier, professeure associ\u00e9e au D\u00e9partement des sciences de l\u2019\u00e9ducation de l\u2019UQAC, travaille actuellement\u00a0au d\u00e9veloppement d\u2019un projet humanitaire ayant pour objectif la formation accr\u00e9dit\u00e9e d\u2019une trentaine de professeurs ha\u00eftiens. Alors qu\u2019elle \u0153uvre de concert avec divers intervenants d\u2019Ha\u00efti depuis deux ans d\u00e9j\u00e0, l\u2019UNESCO lui annon\u00e7ait r\u00e9cemment l\u2019octroi d\u2019un soutien de plus de 60\u00a0000\u00a0$, auquel s\u2019ajoute [&hellip;]","og_url":"https:\/\/www.uqac.ca\/uqactualites\/2013\/04\/12\/pauline-minier-realise-un-projet-humanitaire-en-haiti\/","og_site_name":"UQACtualit\u00e9s","article_published_time":"2013-04-12T18:27:54+00:00","og_image":[{"width":620,"height":300,"url":"https:\/\/www.uqac.ca\/uqactualites\/wp-content\/uploads\/2013\/04\/Pauline-Minier-Web-\u00a9Gracieuset\u00e9.jpg","type":"image\/jpeg"}],"author":"Service des communications et des relations publiques","twitter_card":"summary_large_image","twitter_misc":{"\u00c9crit par":"Service des communications et des relations publiques","Estimation du temps de lecture":"1 minute"},"schema":{"@context":"https:\/\/schema.org","@graph":[{"@type":"WebPage","@id":"https:\/\/www.uqac.ca\/uqactualites\/2013\/04\/12\/pauline-minier-realise-un-projet-humanitaire-en-haiti\/","url":"https:\/\/www.uqac.ca\/uqactualites\/2013\/04\/12\/pauline-minier-realise-un-projet-humanitaire-en-haiti\/","name":"Pauline Minier r\u00e9alise un projet humanitaire en Ha\u00efti - UQACtualit\u00e9s","isPartOf":{"@id":"https:\/\/www.uqac.ca\/uqactualites\/#website"},"primaryImageOfPage":{"@id":"https:\/\/www.uqac.ca\/uqactualites\/2013\/04\/12\/pauline-minier-realise-un-projet-humanitaire-en-haiti\/#primaryimage"},"image":{"@id":"https:\/\/www.uqac.ca\/uqactualites\/2013\/04\/12\/pauline-minier-realise-un-projet-humanitaire-en-haiti\/#primaryimage"},"thumbnailUrl":"https:\/\/www.uqac.ca\/uqactualites\/wp-content\/uploads\/2013\/04\/Pauline-Minier-Web-\u00a9Gracieuset\u00e9.jpg","datePublished":"2013-04-12T18:27:54+00:00","dateModified":"2013-04-12T18:27:54+00:00","author":{"@id":"https:\/\/www.uqac.ca\/uqactualites\/#\/schema\/person\/366c45a0c4f0e677b41b4af5886e2018"},"breadcrumb":{"@id":"https:\/\/www.uqac.ca\/uqactualites\/2013\/04\/12\/pauline-minier-realise-un-projet-humanitaire-en-haiti\/#breadcrumb"},"inLanguage":"fr-CA","potentialAction":[{"@type":"ReadAction","target":["https:\/\/www.uqac.ca\/uqactualites\/2013\/04\/12\/pauline-minier-realise-un-projet-humanitaire-en-haiti\/"]}]},{"@type":"ImageObject","inLanguage":"fr-CA","@id":"https:\/\/www.uqac.ca\/uqactualites\/2013\/04\/12\/pauline-minier-realise-un-projet-humanitaire-en-haiti\/#primaryimage","url":"https:\/\/www.uqac.ca\/uqactualites\/wp-content\/uploads\/2013\/04\/Pauline-Minier-Web-\u00a9Gracieuset\u00e9.jpg","contentUrl":"https:\/\/www.uqac.ca\/uqactualites\/wp-content\/uploads\/2013\/04\/Pauline-Minier-Web-\u00a9Gracieuset\u00e9.jpg","width":620,"height":300},{"@type":"BreadcrumbList","@id":"https:\/\/www.uqac.ca\/uqactualites\/2013\/04\/12\/pauline-minier-realise-un-projet-humanitaire-en-haiti\/#breadcrumb","itemListElement":[{"@type":"ListItem","position":1,"name":"Home","item":"https:\/\/www.uqac.ca\/uqactualites\/"},{"@type":"ListItem","position":2,"name":"Pauline Minier r\u00e9alise un projet humanitaire en Ha\u00efti"}]},{"@type":"WebSite","@id":"https:\/\/www.uqac.ca\/uqactualites\/#website","url":"https:\/\/www.uqac.ca\/uqactualites\/","name":"UQACtualit\u00e9s","description":"Le portail des nouvelles de l&#039;UQAC","potentialAction":[{"@type":"SearchAction","target":{"@type":"EntryPoint","urlTemplate":"https:\/\/www.uqac.ca\/uqactualites\/?s={search_term_string}"},"query-input":{"@type":"PropertyValueSpecification","valueRequired":true,"valueName":"search_term_string"}}],"inLanguage":"fr-CA"},{"@type":"Person","@id":"https:\/\/www.uqac.ca\/uqactualites\/#\/schema\/person\/366c45a0c4f0e677b41b4af5886e2018","name":"Service des communications et des relations publiques","image":{"@type":"ImageObject","inLanguage":"fr-CA","@id":"https:\/\/www.uqac.ca\/uqactualites\/#\/schema\/person\/image\/","url":"https:\/\/secure.gravatar.com\/avatar\/20fbbda8a292f59f2d3461a5b999c00b?s=96&d=mm&r=g","contentUrl":"https:\/\/secure.gravatar.com\/avatar\/20fbbda8a292f59f2d3461a5b999c00b?s=96&d=mm&r=g","caption":"Service des communications et des relations publiques"},"url":"https:\/\/www.uqac.ca\/uqactualites\/author\/bap\/"}]}},"_links":{"self":[{"href":"https:\/\/www.uqac.ca\/uqactualites\/wp-json\/wp\/v2\/posts\/23945"}],"collection":[{"href":"https:\/\/www.uqac.ca\/uqactualites\/wp-json\/wp\/v2\/posts"}],"about":[{"href":"https:\/\/www.uqac.ca\/uqactualites\/wp-json\/wp\/v2\/types\/post"}],"author":[{"embeddable":true,"href":"https:\/\/www.uqac.ca\/uqactualites\/wp-json\/wp\/v2\/users\/5"}],"replies":[{"embeddable":true,"href":"https:\/\/www.uqac.ca\/uqactualites\/wp-json\/wp\/v2\/comments?post=23945"}],"version-history":[{"count":0,"href":"https:\/\/www.uqac.ca\/uqactualites\/wp-json\/wp\/v2\/posts\/23945\/revisions"}],"wp:featuredmedia":[{"embeddable":true,"href":"https:\/\/www.uqac.ca\/uqactualites\/wp-json\/wp\/v2\/media\/23946"}],"wp:attachment":[{"href":"https:\/\/www.uqac.ca\/uqactualites\/wp-json\/wp\/v2\/media?parent=23945"}],"wp:term":[{"taxonomy":"category","embeddable":true,"href":"https:\/\/www.uqac.ca\/uqactualites\/wp-json\/wp\/v2\/categories?post=23945"},{"taxonomy":"post_tag","embeddable":true,"href":"https:\/\/www.uqac.ca\/uqactualites\/wp-json\/wp\/v2\/tags?post=23945"}],"curies":[{"name":"wp","href":"https:\/\/api.w.org\/{rel}","templated":true}]}}