{"id":23958,"date":"2013-04-15T09:37:02","date_gmt":"2013-04-15T13:37:02","guid":{"rendered":"http:\/\/uqactualite.odev.ca\/?p=23958"},"modified":"2013-04-15T09:37:02","modified_gmt":"2013-04-15T13:37:02","slug":"projet-de-baccalaureat-questionnaire-sur-la-poursuite-des-etudes-universitaires","status":"publish","type":"post","link":"https:\/\/www.uqac.ca\/uqactualites\/2013\/04\/15\/projet-de-baccalaureat-questionnaire-sur-la-poursuite-des-etudes-universitaires\/","title":{"rendered":"Projet de baccalaur\u00e9at &#8211; Questionnaire sur la poursuite des \u00e9tudes universitaires"},"content":{"rendered":"<p style=\"text-align: justify\">Dans le cadre de son m\u00e9moire de premier cycle, Mme\u00a0Clara Ringeval, \u00e9tudiante au baccalaur\u00e9at en administration, invite les \u00e9tudiants de l\u2019UQAC \u00e0 r\u00e9pondre \u00e0 un questionnaire portant les motivations et les aspirations concernant la poursuite d\u2019\u00e9tudes universitaires.<\/p>\n<p style=\"text-align: justify\">L&rsquo;enqu\u00eate se terminera le 27 avril prochain.<\/p>\n<p style=\"text-align: justify\">Pour remplir le questionnaire, visitez-le<br \/>\n<span style=\"color: #5a7411\"><a href=\"http:\/\/cdc.sphinxonline.net\/iuttclarochelle\/motivationsetudiant\/index.htm\" target=\"_blank\" rel=\"noopener\"><span style=\"color: #5a7411\"><b>http:\/\/cdc.sphinxonline.net\/iuttclarochelle\/motivationsetudiant\/index.htm<\/b><\/span><\/a><\/span>.<\/p>\n<p style=\"text-align: justify\"><b><br \/>\nRenseignements\u00a0:<br \/>\n<\/b>Clara Ringeval, \u00e9tudiante au baccalaur\u00e9at en administration<br \/>\nD\u00e9partement des sciences \u00e9conomiques et administratives<br \/>\nUniversit\u00e9 du Qu\u00e9bec \u00e0 Chicoutimi<br \/>\n<span style=\"color: #5a7411\"><a href=\"mailto:clara.ringeval1@uqac.ca\"><span style=\"color: #5a7411\">clara.ringeval1@uqac.ca<\/span><\/a><\/span><\/p>\n","protected":false},"excerpt":{"rendered":"<p>Dans le cadre de son m\u00e9moire de premier cycle, Mme\u00a0Clara Ringeval, \u00e9tudiante au baccalaur\u00e9at en administration, invite les \u00e9tudiants de l\u2019UQAC \u00e0 r\u00e9pondre \u00e0 un questionnaire portant les motivations et les aspirations concernant la poursuite d\u2019\u00e9tudes universitaires. L&rsquo;enqu\u00eate se terminera le 27 avril prochain. Pour remplir le questionnaire, visitez-le http:\/\/cdc.sphinxonline.net\/iuttclarochelle\/motivationsetudiant\/index.htm. Renseignements\u00a0: Clara Ringeval, \u00e9tudiante au [&hellip;]<\/p>\n","protected":false},"author":5,"featured_media":20989,"comment_status":"closed","ping_status":"open","sticky":false,"template":"","format":"standard","meta":{"footnotes":""},"categories":[2772],"tags":[412,1157,8,469,1995,1590],"yoast_head":"<!-- This site is optimized with the Yoast SEO plugin v24.2 - https:\/\/yoast.com\/wordpress\/plugins\/seo\/ -->\r\n<title>Projet de baccalaur\u00e9at - Questionnaire sur la poursuite des \u00e9tudes universitaires - UQACtualit\u00e9s<\/title>\r\n<meta name=\"robots\" content=\"index, follow, max-snippet:-1, max-image-preview:large, max-video-preview:-1\" \/>\r\n<link rel=\"canonical\" href=\"https:\/\/www.uqac.ca\/uqactualites\/2013\/04\/15\/projet-de-baccalaureat-questionnaire-sur-la-poursuite-des-etudes-universitaires\/\" \/>\r\n<meta property=\"og:locale\" content=\"fr_CA\" \/>\r\n<meta property=\"og:type\" content=\"article\" \/>\r\n<meta property=\"og:title\" content=\"Projet de baccalaur\u00e9at - Questionnaire sur la poursuite des \u00e9tudes universitaires - UQACtualit\u00e9s\" \/>\r\n<meta property=\"og:description\" content=\"Dans le cadre de son m\u00e9moire de premier cycle, Mme\u00a0Clara Ringeval, \u00e9tudiante au baccalaur\u00e9at en administration, invite les \u00e9tudiants de l\u2019UQAC \u00e0 r\u00e9pondre \u00e0 un questionnaire portant les motivations et les aspirations concernant la poursuite d\u2019\u00e9tudes universitaires. L&rsquo;enqu\u00eate se terminera le 27 avril prochain. Pour remplir le questionnaire, visitez-le http:\/\/cdc.sphinxonline.net\/iuttclarochelle\/motivationsetudiant\/index.htm. Renseignements\u00a0: Clara Ringeval, \u00e9tudiante au [&hellip;]\" \/>\r\n<meta property=\"og:url\" content=\"https:\/\/www.uqac.ca\/uqactualites\/2013\/04\/15\/projet-de-baccalaureat-questionnaire-sur-la-poursuite-des-etudes-universitaires\/\" \/>\r\n<meta property=\"og:site_name\" content=\"UQACtualit\u00e9s\" \/>\r\n<meta property=\"article:published_time\" content=\"2013-04-15T13:37:02+00:00\" \/>\r\n<meta property=\"og:image\" content=\"https:\/\/www.uqac.ca\/uqactualites\/wp-content\/uploads\/2012\/05\/avis-laCommunaut-.jpg\" \/>\r\n\t<meta property=\"og:image:width\" content=\"620\" \/>\r\n\t<meta property=\"og:image:height\" content=\"300\" \/>\r\n\t<meta property=\"og:image:type\" content=\"image\/jpeg\" \/>\r\n<meta name=\"author\" content=\"Service des communications et des relations publiques\" \/>\r\n<meta name=\"twitter:card\" content=\"summary_large_image\" \/>\r\n<meta name=\"twitter:label1\" content=\"\u00c9crit par\" \/>\n\t<meta name=\"twitter:data1\" content=\"Service des communications et des relations publiques\" \/>\r\n<script type=\"application\/ld+json\" class=\"yoast-schema-graph\">{\"@context\":\"https:\/\/schema.org\",\"@graph\":[{\"@type\":\"WebPage\",\"@id\":\"https:\/\/www.uqac.ca\/uqactualites\/2013\/04\/15\/projet-de-baccalaureat-questionnaire-sur-la-poursuite-des-etudes-universitaires\/\",\"url\":\"https:\/\/www.uqac.ca\/uqactualites\/2013\/04\/15\/projet-de-baccalaureat-questionnaire-sur-la-poursuite-des-etudes-universitaires\/\",\"name\":\"Projet de baccalaur\u00e9at - Questionnaire sur la poursuite des \u00e9tudes universitaires - UQACtualit\u00e9s\",\"isPartOf\":{\"@id\":\"https:\/\/www.uqac.ca\/uqactualites\/#website\"},\"primaryImageOfPage\":{\"@id\":\"https:\/\/www.uqac.ca\/uqactualites\/2013\/04\/15\/projet-de-baccalaureat-questionnaire-sur-la-poursuite-des-etudes-universitaires\/#primaryimage\"},\"image\":{\"@id\":\"https:\/\/www.uqac.ca\/uqactualites\/2013\/04\/15\/projet-de-baccalaureat-questionnaire-sur-la-poursuite-des-etudes-universitaires\/#primaryimage\"},\"thumbnailUrl\":\"https:\/\/www.uqac.ca\/uqactualites\/wp-content\/uploads\/2012\/05\/avis-laCommunaut-.jpg\",\"datePublished\":\"2013-04-15T13:37:02+00:00\",\"dateModified\":\"2013-04-15T13:37:02+00:00\",\"author\":{\"@id\":\"https:\/\/www.uqac.ca\/uqactualites\/#\/schema\/person\/366c45a0c4f0e677b41b4af5886e2018\"},\"breadcrumb\":{\"@id\":\"https:\/\/www.uqac.ca\/uqactualites\/2013\/04\/15\/projet-de-baccalaureat-questionnaire-sur-la-poursuite-des-etudes-universitaires\/#breadcrumb\"},\"inLanguage\":\"fr-CA\",\"potentialAction\":[{\"@type\":\"ReadAction\",\"target\":[\"https:\/\/www.uqac.ca\/uqactualites\/2013\/04\/15\/projet-de-baccalaureat-questionnaire-sur-la-poursuite-des-etudes-universitaires\/\"]}]},{\"@type\":\"ImageObject\",\"inLanguage\":\"fr-CA\",\"@id\":\"https:\/\/www.uqac.ca\/uqactualites\/2013\/04\/15\/projet-de-baccalaureat-questionnaire-sur-la-poursuite-des-etudes-universitaires\/#primaryimage\",\"url\":\"https:\/\/www.uqac.ca\/uqactualites\/wp-content\/uploads\/2012\/05\/avis-laCommunaut-.jpg\",\"contentUrl\":\"https:\/\/www.uqac.ca\/uqactualites\/wp-content\/uploads\/2012\/05\/avis-laCommunaut-.jpg\",\"width\":620,\"height\":300},{\"@type\":\"BreadcrumbList\",\"@id\":\"https:\/\/www.uqac.ca\/uqactualites\/2013\/04\/15\/projet-de-baccalaureat-questionnaire-sur-la-poursuite-des-etudes-universitaires\/#breadcrumb\",\"itemListElement\":[{\"@type\":\"ListItem\",\"position\":1,\"name\":\"Home\",\"item\":\"https:\/\/www.uqac.ca\/uqactualites\/\"},{\"@type\":\"ListItem\",\"position\":2,\"name\":\"Projet de baccalaur\u00e9at &#8211; Questionnaire sur la poursuite des \u00e9tudes universitaires\"}]},{\"@type\":\"WebSite\",\"@id\":\"https:\/\/www.uqac.ca\/uqactualites\/#website\",\"url\":\"https:\/\/www.uqac.ca\/uqactualites\/\",\"name\":\"UQACtualit\u00e9s\",\"description\":\"Le portail des nouvelles de l&#039;UQAC\",\"potentialAction\":[{\"@type\":\"SearchAction\",\"target\":{\"@type\":\"EntryPoint\",\"urlTemplate\":\"https:\/\/www.uqac.ca\/uqactualites\/?s={search_term_string}\"},\"query-input\":{\"@type\":\"PropertyValueSpecification\",\"valueRequired\":true,\"valueName\":\"search_term_string\"}}],\"inLanguage\":\"fr-CA\"},{\"@type\":\"Person\",\"@id\":\"https:\/\/www.uqac.ca\/uqactualites\/#\/schema\/person\/366c45a0c4f0e677b41b4af5886e2018\",\"name\":\"Service des communications et des relations publiques\",\"image\":{\"@type\":\"ImageObject\",\"inLanguage\":\"fr-CA\",\"@id\":\"https:\/\/www.uqac.ca\/uqactualites\/#\/schema\/person\/image\/\",\"url\":\"https:\/\/secure.gravatar.com\/avatar\/20fbbda8a292f59f2d3461a5b999c00b?s=96&d=mm&r=g\",\"contentUrl\":\"https:\/\/secure.gravatar.com\/avatar\/20fbbda8a292f59f2d3461a5b999c00b?s=96&d=mm&r=g\",\"caption\":\"Service des communications et des relations publiques\"},\"url\":\"https:\/\/www.uqac.ca\/uqactualites\/author\/bap\/\"}]}<\/script>\r\n<!-- \/ Yoast SEO plugin. -->","yoast_head_json":{"title":"Projet de baccalaur\u00e9at - Questionnaire sur la poursuite des \u00e9tudes universitaires - UQACtualit\u00e9s","robots":{"index":"index","follow":"follow","max-snippet":"max-snippet:-1","max-image-preview":"max-image-preview:large","max-video-preview":"max-video-preview:-1"},"canonical":"https:\/\/www.uqac.ca\/uqactualites\/2013\/04\/15\/projet-de-baccalaureat-questionnaire-sur-la-poursuite-des-etudes-universitaires\/","og_locale":"fr_CA","og_type":"article","og_title":"Projet de baccalaur\u00e9at - Questionnaire sur la poursuite des \u00e9tudes universitaires - UQACtualit\u00e9s","og_description":"Dans le cadre de son m\u00e9moire de premier cycle, Mme\u00a0Clara Ringeval, \u00e9tudiante au baccalaur\u00e9at en administration, invite les \u00e9tudiants de l\u2019UQAC \u00e0 r\u00e9pondre \u00e0 un questionnaire portant les motivations et les aspirations concernant la poursuite d\u2019\u00e9tudes universitaires. L&rsquo;enqu\u00eate se terminera le 27 avril prochain. Pour remplir le questionnaire, visitez-le http:\/\/cdc.sphinxonline.net\/iuttclarochelle\/motivationsetudiant\/index.htm. Renseignements\u00a0: Clara Ringeval, \u00e9tudiante au [&hellip;]","og_url":"https:\/\/www.uqac.ca\/uqactualites\/2013\/04\/15\/projet-de-baccalaureat-questionnaire-sur-la-poursuite-des-etudes-universitaires\/","og_site_name":"UQACtualit\u00e9s","article_published_time":"2013-04-15T13:37:02+00:00","og_image":[{"width":620,"height":300,"url":"https:\/\/www.uqac.ca\/uqactualites\/wp-content\/uploads\/2012\/05\/avis-laCommunaut-.jpg","type":"image\/jpeg"}],"author":"Service des communications et des relations publiques","twitter_card":"summary_large_image","twitter_misc":{"\u00c9crit par":"Service des communications et des relations publiques"},"schema":{"@context":"https:\/\/schema.org","@graph":[{"@type":"WebPage","@id":"https:\/\/www.uqac.ca\/uqactualites\/2013\/04\/15\/projet-de-baccalaureat-questionnaire-sur-la-poursuite-des-etudes-universitaires\/","url":"https:\/\/www.uqac.ca\/uqactualites\/2013\/04\/15\/projet-de-baccalaureat-questionnaire-sur-la-poursuite-des-etudes-universitaires\/","name":"Projet de baccalaur\u00e9at - Questionnaire sur la poursuite des \u00e9tudes universitaires - UQACtualit\u00e9s","isPartOf":{"@id":"https:\/\/www.uqac.ca\/uqactualites\/#website"},"primaryImageOfPage":{"@id":"https:\/\/www.uqac.ca\/uqactualites\/2013\/04\/15\/projet-de-baccalaureat-questionnaire-sur-la-poursuite-des-etudes-universitaires\/#primaryimage"},"image":{"@id":"https:\/\/www.uqac.ca\/uqactualites\/2013\/04\/15\/projet-de-baccalaureat-questionnaire-sur-la-poursuite-des-etudes-universitaires\/#primaryimage"},"thumbnailUrl":"https:\/\/www.uqac.ca\/uqactualites\/wp-content\/uploads\/2012\/05\/avis-laCommunaut-.jpg","datePublished":"2013-04-15T13:37:02+00:00","dateModified":"2013-04-15T13:37:02+00:00","author":{"@id":"https:\/\/www.uqac.ca\/uqactualites\/#\/schema\/person\/366c45a0c4f0e677b41b4af5886e2018"},"breadcrumb":{"@id":"https:\/\/www.uqac.ca\/uqactualites\/2013\/04\/15\/projet-de-baccalaureat-questionnaire-sur-la-poursuite-des-etudes-universitaires\/#breadcrumb"},"inLanguage":"fr-CA","potentialAction":[{"@type":"ReadAction","target":["https:\/\/www.uqac.ca\/uqactualites\/2013\/04\/15\/projet-de-baccalaureat-questionnaire-sur-la-poursuite-des-etudes-universitaires\/"]}]},{"@type":"ImageObject","inLanguage":"fr-CA","@id":"https:\/\/www.uqac.ca\/uqactualites\/2013\/04\/15\/projet-de-baccalaureat-questionnaire-sur-la-poursuite-des-etudes-universitaires\/#primaryimage","url":"https:\/\/www.uqac.ca\/uqactualites\/wp-content\/uploads\/2012\/05\/avis-laCommunaut-.jpg","contentUrl":"https:\/\/www.uqac.ca\/uqactualites\/wp-content\/uploads\/2012\/05\/avis-laCommunaut-.jpg","width":620,"height":300},{"@type":"BreadcrumbList","@id":"https:\/\/www.uqac.ca\/uqactualites\/2013\/04\/15\/projet-de-baccalaureat-questionnaire-sur-la-poursuite-des-etudes-universitaires\/#breadcrumb","itemListElement":[{"@type":"ListItem","position":1,"name":"Home","item":"https:\/\/www.uqac.ca\/uqactualites\/"},{"@type":"ListItem","position":2,"name":"Projet de baccalaur\u00e9at &#8211; Questionnaire sur la poursuite des \u00e9tudes universitaires"}]},{"@type":"WebSite","@id":"https:\/\/www.uqac.ca\/uqactualites\/#website","url":"https:\/\/www.uqac.ca\/uqactualites\/","name":"UQACtualit\u00e9s","description":"Le portail des nouvelles de l&#039;UQAC","potentialAction":[{"@type":"SearchAction","target":{"@type":"EntryPoint","urlTemplate":"https:\/\/www.uqac.ca\/uqactualites\/?s={search_term_string}"},"query-input":{"@type":"PropertyValueSpecification","valueRequired":true,"valueName":"search_term_string"}}],"inLanguage":"fr-CA"},{"@type":"Person","@id":"https:\/\/www.uqac.ca\/uqactualites\/#\/schema\/person\/366c45a0c4f0e677b41b4af5886e2018","name":"Service des communications et des relations publiques","image":{"@type":"ImageObject","inLanguage":"fr-CA","@id":"https:\/\/www.uqac.ca\/uqactualites\/#\/schema\/person\/image\/","url":"https:\/\/secure.gravatar.com\/avatar\/20fbbda8a292f59f2d3461a5b999c00b?s=96&d=mm&r=g","contentUrl":"https:\/\/secure.gravatar.com\/avatar\/20fbbda8a292f59f2d3461a5b999c00b?s=96&d=mm&r=g","caption":"Service des communications et des relations publiques"},"url":"https:\/\/www.uqac.ca\/uqactualites\/author\/bap\/"}]}},"_links":{"self":[{"href":"https:\/\/www.uqac.ca\/uqactualites\/wp-json\/wp\/v2\/posts\/23958"}],"collection":[{"href":"https:\/\/www.uqac.ca\/uqactualites\/wp-json\/wp\/v2\/posts"}],"about":[{"href":"https:\/\/www.uqac.ca\/uqactualites\/wp-json\/wp\/v2\/types\/post"}],"author":[{"embeddable":true,"href":"https:\/\/www.uqac.ca\/uqactualites\/wp-json\/wp\/v2\/users\/5"}],"replies":[{"embeddable":true,"href":"https:\/\/www.uqac.ca\/uqactualites\/wp-json\/wp\/v2\/comments?post=23958"}],"version-history":[{"count":0,"href":"https:\/\/www.uqac.ca\/uqactualites\/wp-json\/wp\/v2\/posts\/23958\/revisions"}],"wp:featuredmedia":[{"embeddable":true,"href":"https:\/\/www.uqac.ca\/uqactualites\/wp-json\/wp\/v2\/media\/20989"}],"wp:attachment":[{"href":"https:\/\/www.uqac.ca\/uqactualites\/wp-json\/wp\/v2\/media?parent=23958"}],"wp:term":[{"taxonomy":"category","embeddable":true,"href":"https:\/\/www.uqac.ca\/uqactualites\/wp-json\/wp\/v2\/categories?post=23958"},{"taxonomy":"post_tag","embeddable":true,"href":"https:\/\/www.uqac.ca\/uqactualites\/wp-json\/wp\/v2\/tags?post=23958"}],"curies":[{"name":"wp","href":"https:\/\/api.w.org\/{rel}","templated":true}]}}