{"id":23961,"date":"2013-04-15T10:52:38","date_gmt":"2013-04-15T14:52:38","guid":{"rendered":"http:\/\/uqactualite.odev.ca\/?p=23961"},"modified":"2013-04-15T10:52:38","modified_gmt":"2013-04-15T14:52:38","slug":"quelques-messages-de-la-vie-etudiante-pour-la-rentree-dautomne-2013","status":"publish","type":"post","link":"https:\/\/www.uqac.ca\/uqactualites\/2013\/04\/15\/quelques-messages-de-la-vie-etudiante-pour-la-rentree-dautomne-2013\/","title":{"rendered":"Quelques messages de la Vie \u00e9tudiante pour la rentr\u00e9e d\u2019automne 2013"},"content":{"rendered":"<p style=\"text-align: justify\"><b>B\u00e9n\u00e9voles recherch\u00e9s \u2014 Rentr\u00e9e\u00a02013<\/b><br \/>\nNous en sommes d\u00e9j\u00e0 \u00e0 pr\u00e9parer les f\u00eates de la rentr\u00e9e\u00a02013, qui auront lieu du 26 au 30 ao\u00fbt prochain. Nous avons besoin de vous\u00a0: si vous d\u00e9sirez vous impliquer en tant que b\u00e9n\u00e9vole durant la semaine, passez \u00e0 la Vie \u00e9tudiante afin de nous laisser vos coordonn\u00e9es. La personne responsable des b\u00e9n\u00e9voles vous contactera par la suite. Vous pourrez alors participer au tirage de prix de participation, et un chandail de la rentr\u00e9e ainsi que d\u2019autres petits avantages vous seront offerts.<\/p>\n<p style=\"text-align: justify\"><b>Aide financi\u00e8re pour l\u2019accueil et l\u2019int\u00e9gration des \u00e9tudiants<br \/>\n<\/b>L\u2019accueil et l\u2019int\u00e9gration des nouveaux admis lors de la rentr\u00e9e d\u2019automne sont des incontournables \u00e0 l\u2019UQAC. Saviez-vous qu\u2019il y a de l\u2019aide financi\u00e8re disponible? Procurez-vous un formulaire de \u00ab\u00a0financement pour les projets d\u2019accueil et d\u2019int\u00e9gration\u00a0\u00bb au P1-4020 ou dans votre case postale chez MAGE-UQAC pour obtenir un soutien financier afin de faire de votre activit\u00e9 une r\u00e9ussite. Notez que cette ann\u00e9e marque le retour de l\u2019aide suppl\u00e9mentaire pour assurer la pr\u00e9sence d\u2019un agent de s\u00e9curit\u00e9.<\/p>\n<p style=\"text-align: justify\"><b>Invitation aux clubs et associations \u00e9tudiantes de l\u2019UQAC<br \/>\n<\/b>La Vie \u00e9tudiante vous invite \u00e0 r\u00e9server d\u00e8s maintenant l\u2019emplacement de votre kiosque pour le salon \u00e9tudiant de la rentr\u00e9e\u00a02013. Pr\u00e9sentez-vous au local P1-4020 pour vous procurer un formulaire d\u2019inscription ou pour obtenir davantage d\u2019information.<\/p>\n<p style=\"text-align: justify\"><b><br \/>\nRenseignements\u00a0:<br \/>\n<\/b>Myriam Tremblay, secr\u00e9taire \u00e0 la Vie \u00e9tudiante<br \/>\nServices aux \u00e9tudiants<br \/>\nUniversit\u00e9 du Qu\u00e9bec \u00e0 Chicoutimi<br \/>\n418 545-5011, poste\u00a05617\u00a0 \u25aa\u00a0 <span style=\"color: #5a7411\"><a href=\"mailto:vie_etudiante@uqac.ca\"><span style=\"color: #5a7411\">vie_etudiante@uqac.ca<\/span><\/a><\/span><\/p>\n","protected":false},"excerpt":{"rendered":"<p>B\u00e9n\u00e9voles recherch\u00e9s \u2014 Rentr\u00e9e\u00a02013 Nous en sommes d\u00e9j\u00e0 \u00e0 pr\u00e9parer les f\u00eates de la rentr\u00e9e\u00a02013, qui auront lieu du 26 au 30 ao\u00fbt prochain. Nous avons besoin de vous\u00a0: si vous d\u00e9sirez vous impliquer en tant que b\u00e9n\u00e9vole durant la semaine, passez \u00e0 la Vie \u00e9tudiante afin de nous laisser vos coordonn\u00e9es. La personne responsable [&hellip;]<\/p>\n","protected":false},"author":5,"featured_media":20989,"comment_status":"closed","ping_status":"open","sticky":false,"template":"","format":"standard","meta":{"footnotes":""},"categories":[2772],"tags":[1778,1232,1109,1821,1534,1029,2094,564,2095,538,958,1006],"yoast_head":"<!-- This site is optimized with the Yoast SEO plugin v24.2 - https:\/\/yoast.com\/wordpress\/plugins\/seo\/ -->\r\n<title>Quelques messages de la Vie \u00e9tudiante pour la rentr\u00e9e d\u2019automne 2013 - UQACtualit\u00e9s<\/title>\r\n<meta name=\"robots\" content=\"index, follow, max-snippet:-1, max-image-preview:large, max-video-preview:-1\" \/>\r\n<link rel=\"canonical\" href=\"https:\/\/www.uqac.ca\/uqactualites\/2013\/04\/15\/quelques-messages-de-la-vie-etudiante-pour-la-rentree-dautomne-2013\/\" \/>\r\n<meta property=\"og:locale\" content=\"fr_CA\" \/>\r\n<meta property=\"og:type\" content=\"article\" \/>\r\n<meta property=\"og:title\" content=\"Quelques messages de la Vie \u00e9tudiante pour la rentr\u00e9e d\u2019automne 2013 - UQACtualit\u00e9s\" \/>\r\n<meta property=\"og:description\" content=\"B\u00e9n\u00e9voles recherch\u00e9s \u2014 Rentr\u00e9e\u00a02013 Nous en sommes d\u00e9j\u00e0 \u00e0 pr\u00e9parer les f\u00eates de la rentr\u00e9e\u00a02013, qui auront lieu du 26 au 30 ao\u00fbt prochain. Nous avons besoin de vous\u00a0: si vous d\u00e9sirez vous impliquer en tant que b\u00e9n\u00e9vole durant la semaine, passez \u00e0 la Vie \u00e9tudiante afin de nous laisser vos coordonn\u00e9es. La personne responsable [&hellip;]\" \/>\r\n<meta property=\"og:url\" content=\"https:\/\/www.uqac.ca\/uqactualites\/2013\/04\/15\/quelques-messages-de-la-vie-etudiante-pour-la-rentree-dautomne-2013\/\" \/>\r\n<meta property=\"og:site_name\" content=\"UQACtualit\u00e9s\" \/>\r\n<meta property=\"article:published_time\" content=\"2013-04-15T14:52:38+00:00\" \/>\r\n<meta property=\"og:image\" content=\"https:\/\/www.uqac.ca\/uqactualites\/wp-content\/uploads\/2012\/05\/avis-laCommunaut-.jpg\" \/>\r\n\t<meta property=\"og:image:width\" content=\"620\" \/>\r\n\t<meta property=\"og:image:height\" content=\"300\" \/>\r\n\t<meta property=\"og:image:type\" content=\"image\/jpeg\" \/>\r\n<meta name=\"author\" content=\"Service des communications et des relations publiques\" \/>\r\n<meta name=\"twitter:card\" content=\"summary_large_image\" \/>\r\n<meta name=\"twitter:label1\" content=\"\u00c9crit par\" \/>\n\t<meta name=\"twitter:data1\" content=\"Service des communications et des relations publiques\" \/>\n\t<meta name=\"twitter:label2\" content=\"Estimation du temps de lecture\" \/>\n\t<meta name=\"twitter:data2\" content=\"1 minute\" \/>\r\n<script type=\"application\/ld+json\" class=\"yoast-schema-graph\">{\"@context\":\"https:\/\/schema.org\",\"@graph\":[{\"@type\":\"WebPage\",\"@id\":\"https:\/\/www.uqac.ca\/uqactualites\/2013\/04\/15\/quelques-messages-de-la-vie-etudiante-pour-la-rentree-dautomne-2013\/\",\"url\":\"https:\/\/www.uqac.ca\/uqactualites\/2013\/04\/15\/quelques-messages-de-la-vie-etudiante-pour-la-rentree-dautomne-2013\/\",\"name\":\"Quelques messages de la Vie \u00e9tudiante pour la rentr\u00e9e d\u2019automne 2013 - UQACtualit\u00e9s\",\"isPartOf\":{\"@id\":\"https:\/\/www.uqac.ca\/uqactualites\/#website\"},\"primaryImageOfPage\":{\"@id\":\"https:\/\/www.uqac.ca\/uqactualites\/2013\/04\/15\/quelques-messages-de-la-vie-etudiante-pour-la-rentree-dautomne-2013\/#primaryimage\"},\"image\":{\"@id\":\"https:\/\/www.uqac.ca\/uqactualites\/2013\/04\/15\/quelques-messages-de-la-vie-etudiante-pour-la-rentree-dautomne-2013\/#primaryimage\"},\"thumbnailUrl\":\"https:\/\/www.uqac.ca\/uqactualites\/wp-content\/uploads\/2012\/05\/avis-laCommunaut-.jpg\",\"datePublished\":\"2013-04-15T14:52:38+00:00\",\"dateModified\":\"2013-04-15T14:52:38+00:00\",\"author\":{\"@id\":\"https:\/\/www.uqac.ca\/uqactualites\/#\/schema\/person\/366c45a0c4f0e677b41b4af5886e2018\"},\"breadcrumb\":{\"@id\":\"https:\/\/www.uqac.ca\/uqactualites\/2013\/04\/15\/quelques-messages-de-la-vie-etudiante-pour-la-rentree-dautomne-2013\/#breadcrumb\"},\"inLanguage\":\"fr-CA\",\"potentialAction\":[{\"@type\":\"ReadAction\",\"target\":[\"https:\/\/www.uqac.ca\/uqactualites\/2013\/04\/15\/quelques-messages-de-la-vie-etudiante-pour-la-rentree-dautomne-2013\/\"]}]},{\"@type\":\"ImageObject\",\"inLanguage\":\"fr-CA\",\"@id\":\"https:\/\/www.uqac.ca\/uqactualites\/2013\/04\/15\/quelques-messages-de-la-vie-etudiante-pour-la-rentree-dautomne-2013\/#primaryimage\",\"url\":\"https:\/\/www.uqac.ca\/uqactualites\/wp-content\/uploads\/2012\/05\/avis-laCommunaut-.jpg\",\"contentUrl\":\"https:\/\/www.uqac.ca\/uqactualites\/wp-content\/uploads\/2012\/05\/avis-laCommunaut-.jpg\",\"width\":620,\"height\":300},{\"@type\":\"BreadcrumbList\",\"@id\":\"https:\/\/www.uqac.ca\/uqactualites\/2013\/04\/15\/quelques-messages-de-la-vie-etudiante-pour-la-rentree-dautomne-2013\/#breadcrumb\",\"itemListElement\":[{\"@type\":\"ListItem\",\"position\":1,\"name\":\"Home\",\"item\":\"https:\/\/www.uqac.ca\/uqactualites\/\"},{\"@type\":\"ListItem\",\"position\":2,\"name\":\"Quelques messages de la Vie \u00e9tudiante pour la rentr\u00e9e d\u2019automne 2013\"}]},{\"@type\":\"WebSite\",\"@id\":\"https:\/\/www.uqac.ca\/uqactualites\/#website\",\"url\":\"https:\/\/www.uqac.ca\/uqactualites\/\",\"name\":\"UQACtualit\u00e9s\",\"description\":\"Le portail des nouvelles de l&#039;UQAC\",\"potentialAction\":[{\"@type\":\"SearchAction\",\"target\":{\"@type\":\"EntryPoint\",\"urlTemplate\":\"https:\/\/www.uqac.ca\/uqactualites\/?s={search_term_string}\"},\"query-input\":{\"@type\":\"PropertyValueSpecification\",\"valueRequired\":true,\"valueName\":\"search_term_string\"}}],\"inLanguage\":\"fr-CA\"},{\"@type\":\"Person\",\"@id\":\"https:\/\/www.uqac.ca\/uqactualites\/#\/schema\/person\/366c45a0c4f0e677b41b4af5886e2018\",\"name\":\"Service des communications et des relations publiques\",\"image\":{\"@type\":\"ImageObject\",\"inLanguage\":\"fr-CA\",\"@id\":\"https:\/\/www.uqac.ca\/uqactualites\/#\/schema\/person\/image\/\",\"url\":\"https:\/\/secure.gravatar.com\/avatar\/20fbbda8a292f59f2d3461a5b999c00b?s=96&d=mm&r=g\",\"contentUrl\":\"https:\/\/secure.gravatar.com\/avatar\/20fbbda8a292f59f2d3461a5b999c00b?s=96&d=mm&r=g\",\"caption\":\"Service des communications et des relations publiques\"},\"url\":\"https:\/\/www.uqac.ca\/uqactualites\/author\/bap\/\"}]}<\/script>\r\n<!-- \/ Yoast SEO plugin. -->","yoast_head_json":{"title":"Quelques messages de la Vie \u00e9tudiante pour la rentr\u00e9e d\u2019automne 2013 - UQACtualit\u00e9s","robots":{"index":"index","follow":"follow","max-snippet":"max-snippet:-1","max-image-preview":"max-image-preview:large","max-video-preview":"max-video-preview:-1"},"canonical":"https:\/\/www.uqac.ca\/uqactualites\/2013\/04\/15\/quelques-messages-de-la-vie-etudiante-pour-la-rentree-dautomne-2013\/","og_locale":"fr_CA","og_type":"article","og_title":"Quelques messages de la Vie \u00e9tudiante pour la rentr\u00e9e d\u2019automne 2013 - UQACtualit\u00e9s","og_description":"B\u00e9n\u00e9voles recherch\u00e9s \u2014 Rentr\u00e9e\u00a02013 Nous en sommes d\u00e9j\u00e0 \u00e0 pr\u00e9parer les f\u00eates de la rentr\u00e9e\u00a02013, qui auront lieu du 26 au 30 ao\u00fbt prochain. Nous avons besoin de vous\u00a0: si vous d\u00e9sirez vous impliquer en tant que b\u00e9n\u00e9vole durant la semaine, passez \u00e0 la Vie \u00e9tudiante afin de nous laisser vos coordonn\u00e9es. La personne responsable [&hellip;]","og_url":"https:\/\/www.uqac.ca\/uqactualites\/2013\/04\/15\/quelques-messages-de-la-vie-etudiante-pour-la-rentree-dautomne-2013\/","og_site_name":"UQACtualit\u00e9s","article_published_time":"2013-04-15T14:52:38+00:00","og_image":[{"width":620,"height":300,"url":"https:\/\/www.uqac.ca\/uqactualites\/wp-content\/uploads\/2012\/05\/avis-laCommunaut-.jpg","type":"image\/jpeg"}],"author":"Service des communications et des relations publiques","twitter_card":"summary_large_image","twitter_misc":{"\u00c9crit par":"Service des communications et des relations publiques","Estimation du temps de lecture":"1 minute"},"schema":{"@context":"https:\/\/schema.org","@graph":[{"@type":"WebPage","@id":"https:\/\/www.uqac.ca\/uqactualites\/2013\/04\/15\/quelques-messages-de-la-vie-etudiante-pour-la-rentree-dautomne-2013\/","url":"https:\/\/www.uqac.ca\/uqactualites\/2013\/04\/15\/quelques-messages-de-la-vie-etudiante-pour-la-rentree-dautomne-2013\/","name":"Quelques messages de la Vie \u00e9tudiante pour la rentr\u00e9e d\u2019automne 2013 - UQACtualit\u00e9s","isPartOf":{"@id":"https:\/\/www.uqac.ca\/uqactualites\/#website"},"primaryImageOfPage":{"@id":"https:\/\/www.uqac.ca\/uqactualites\/2013\/04\/15\/quelques-messages-de-la-vie-etudiante-pour-la-rentree-dautomne-2013\/#primaryimage"},"image":{"@id":"https:\/\/www.uqac.ca\/uqactualites\/2013\/04\/15\/quelques-messages-de-la-vie-etudiante-pour-la-rentree-dautomne-2013\/#primaryimage"},"thumbnailUrl":"https:\/\/www.uqac.ca\/uqactualites\/wp-content\/uploads\/2012\/05\/avis-laCommunaut-.jpg","datePublished":"2013-04-15T14:52:38+00:00","dateModified":"2013-04-15T14:52:38+00:00","author":{"@id":"https:\/\/www.uqac.ca\/uqactualites\/#\/schema\/person\/366c45a0c4f0e677b41b4af5886e2018"},"breadcrumb":{"@id":"https:\/\/www.uqac.ca\/uqactualites\/2013\/04\/15\/quelques-messages-de-la-vie-etudiante-pour-la-rentree-dautomne-2013\/#breadcrumb"},"inLanguage":"fr-CA","potentialAction":[{"@type":"ReadAction","target":["https:\/\/www.uqac.ca\/uqactualites\/2013\/04\/15\/quelques-messages-de-la-vie-etudiante-pour-la-rentree-dautomne-2013\/"]}]},{"@type":"ImageObject","inLanguage":"fr-CA","@id":"https:\/\/www.uqac.ca\/uqactualites\/2013\/04\/15\/quelques-messages-de-la-vie-etudiante-pour-la-rentree-dautomne-2013\/#primaryimage","url":"https:\/\/www.uqac.ca\/uqactualites\/wp-content\/uploads\/2012\/05\/avis-laCommunaut-.jpg","contentUrl":"https:\/\/www.uqac.ca\/uqactualites\/wp-content\/uploads\/2012\/05\/avis-laCommunaut-.jpg","width":620,"height":300},{"@type":"BreadcrumbList","@id":"https:\/\/www.uqac.ca\/uqactualites\/2013\/04\/15\/quelques-messages-de-la-vie-etudiante-pour-la-rentree-dautomne-2013\/#breadcrumb","itemListElement":[{"@type":"ListItem","position":1,"name":"Home","item":"https:\/\/www.uqac.ca\/uqactualites\/"},{"@type":"ListItem","position":2,"name":"Quelques messages de la Vie \u00e9tudiante pour la rentr\u00e9e d\u2019automne 2013"}]},{"@type":"WebSite","@id":"https:\/\/www.uqac.ca\/uqactualites\/#website","url":"https:\/\/www.uqac.ca\/uqactualites\/","name":"UQACtualit\u00e9s","description":"Le portail des nouvelles de l&#039;UQAC","potentialAction":[{"@type":"SearchAction","target":{"@type":"EntryPoint","urlTemplate":"https:\/\/www.uqac.ca\/uqactualites\/?s={search_term_string}"},"query-input":{"@type":"PropertyValueSpecification","valueRequired":true,"valueName":"search_term_string"}}],"inLanguage":"fr-CA"},{"@type":"Person","@id":"https:\/\/www.uqac.ca\/uqactualites\/#\/schema\/person\/366c45a0c4f0e677b41b4af5886e2018","name":"Service des communications et des relations publiques","image":{"@type":"ImageObject","inLanguage":"fr-CA","@id":"https:\/\/www.uqac.ca\/uqactualites\/#\/schema\/person\/image\/","url":"https:\/\/secure.gravatar.com\/avatar\/20fbbda8a292f59f2d3461a5b999c00b?s=96&d=mm&r=g","contentUrl":"https:\/\/secure.gravatar.com\/avatar\/20fbbda8a292f59f2d3461a5b999c00b?s=96&d=mm&r=g","caption":"Service des communications et des relations publiques"},"url":"https:\/\/www.uqac.ca\/uqactualites\/author\/bap\/"}]}},"_links":{"self":[{"href":"https:\/\/www.uqac.ca\/uqactualites\/wp-json\/wp\/v2\/posts\/23961"}],"collection":[{"href":"https:\/\/www.uqac.ca\/uqactualites\/wp-json\/wp\/v2\/posts"}],"about":[{"href":"https:\/\/www.uqac.ca\/uqactualites\/wp-json\/wp\/v2\/types\/post"}],"author":[{"embeddable":true,"href":"https:\/\/www.uqac.ca\/uqactualites\/wp-json\/wp\/v2\/users\/5"}],"replies":[{"embeddable":true,"href":"https:\/\/www.uqac.ca\/uqactualites\/wp-json\/wp\/v2\/comments?post=23961"}],"version-history":[{"count":0,"href":"https:\/\/www.uqac.ca\/uqactualites\/wp-json\/wp\/v2\/posts\/23961\/revisions"}],"wp:featuredmedia":[{"embeddable":true,"href":"https:\/\/www.uqac.ca\/uqactualites\/wp-json\/wp\/v2\/media\/20989"}],"wp:attachment":[{"href":"https:\/\/www.uqac.ca\/uqactualites\/wp-json\/wp\/v2\/media?parent=23961"}],"wp:term":[{"taxonomy":"category","embeddable":true,"href":"https:\/\/www.uqac.ca\/uqactualites\/wp-json\/wp\/v2\/categories?post=23961"},{"taxonomy":"post_tag","embeddable":true,"href":"https:\/\/www.uqac.ca\/uqactualites\/wp-json\/wp\/v2\/tags?post=23961"}],"curies":[{"name":"wp","href":"https:\/\/api.w.org\/{rel}","templated":true}]}}