{"id":24024,"date":"2013-04-23T09:51:18","date_gmt":"2013-04-23T13:51:18","guid":{"rendered":"http:\/\/uqactualite.odev.ca\/?p=24024"},"modified":"2013-04-23T09:51:18","modified_gmt":"2013-04-23T13:51:18","slug":"de-luqac-a-cannes","status":"publish","type":"post","link":"https:\/\/www.uqac.ca\/uqactualites\/2013\/04\/23\/de-luqac-a-cannes\/","title":{"rendered":"De l\u2019UQAC \u00e0 Cannes"},"content":{"rendered":"<p style=\"text-align: justify\"><i>Le d\u00e9mant\u00e8lement<\/i>, le tout nouveau long m\u00e9trage du cin\u00e9aste S\u00e9bastien Pilote, dipl\u00f4m\u00e9 du baccalaur\u00e9at interdisciplinaire en arts de l\u2019UQAC, fera partie de la comp\u00e9tition officielle de la 52<sup>e<\/sup> Semaine de la critique du Festival de Cannes 2013. Cette derni\u00e8re se consacre principalement \u00e0 la d\u00e9couverte de jeunes talents en pr\u00e9sentant des premiers et seconds longs m\u00e9trages. Elle se tiendra du 16 au 24 mai prochain.<\/p>\n<p style=\"text-align: justify\">Tourn\u00e9 \u00e0 H\u00e9bertville, au Saguenay\u2212Lac-Saint-Jean, <i>Le d\u00e9mant\u00e8lement<\/i> met en vedette une brochette impressionnante d\u2019acteurs qu\u00e9b\u00e9cois de renom, dont Gabriel Arcand, Lucie Laurier et Gilles Renaud. <i>Le d\u00e9mant\u00e8lement<\/i> est le second long m\u00e9trage r\u00e9alis\u00e9 par S\u00e9bastien Pilote \u00e0 jouir d\u2019une belle r\u00e9putation \u00e0 l\u2019international\u00a0: son premier, <i>Le vendeur<\/i>, avait remport\u00e9 il y a quelques ann\u00e9es de nombreux prix, dont celui de la F\u00e9d\u00e9ration internationale de la presse cin\u00e9matographique (FIPRESCI).<\/p>\n<p style=\"text-align: justify\">Deux autres dipl\u00f4m\u00e9s du baccalaur\u00e9at interdisciplinaire en arts de l\u2019UQAC prendront part \u00e0 l\u2019\u00e9dition\u00a02013 de \u00ab\u00a0Cannes court m\u00e9trage\u00a0\u00bb, un volet du Festival consacr\u00e9 au film court\u00a0: Nicolas L\u00e9vesque pr\u00e9sentera <i>In guns we trust<\/i>, et Philippe David Gagn\u00e9 proposera <i>Le chant des cabanes<\/i>. De son c\u00f4t\u00e9, Alexandre Rufin, \u00e9tudiant \u00e0 la ma\u00eetrise en art de l\u2019UQAC, y pr\u00e9sentera son court m\u00e9trage <i>\u00d4 divin bovin<\/i>.<\/p>\n<p style=\"text-align: justify\">Toutes nos f\u00e9licitations \u00e0 ces quatre ambassadeurs de l\u2019UQAC, des cr\u00e9ateurs dont nous sommes fiers!<\/p>\n<p style=\"text-align: justify\"><span style=\"color: #5a7411\">* * *<\/span><br \/>\n<span style=\"color: #5a7411\"><a href=\"http:\/\/www.uqac.ca\/wp-content\/uploads\/2013\/05\/Pub-UQACCannesQT-E13.pdf\" target=\"_blank\" rel=\"noopener\"><span style=\"color: #5a7411\"><strong>Cliquez ici<\/strong><\/span><\/a><\/span><span style=\"color: #5a7411\"> pour voir la publicit\u00e9 \u00e0 para\u00eetre dans <em>Le Quotidien<\/em> du samedi 25 mai 2013.<\/span><br \/>\n<span style=\"color: #5a7411\">* * *<\/span><\/p>\n<p style=\"text-align: justify\" align=\"left\"><span style=\"color: #808080\">________________________________________________________________________________________<\/span><\/p>\n<p style=\"text-align: justify\"><span style=\"color: #808080\"><b>Sur la photo\u00a0: <\/b>S\u00e9bastien Pilote, Alexandre Rufin et Nicolas L\u00e9vesque<\/span><br \/>\n<span style=\"color: #808080\"><b>Photographe\u00a0: <\/b>Guylain Doyle<\/span><br \/>\n<span style=\"color: #808080\">________________________________________________________________________________________<\/span><\/p>\n","protected":false},"excerpt":{"rendered":"<p>Le d\u00e9mant\u00e8lement, le tout nouveau long m\u00e9trage du cin\u00e9aste S\u00e9bastien Pilote, dipl\u00f4m\u00e9 du baccalaur\u00e9at interdisciplinaire en arts de l\u2019UQAC, fera partie de la comp\u00e9tition officielle de la 52e Semaine de la critique du Festival de Cannes 2013. Cette derni\u00e8re se consacre principalement \u00e0 la d\u00e9couverte de jeunes talents en pr\u00e9sentant des premiers et seconds longs [&hellip;]<\/p>\n","protected":false},"author":5,"featured_media":24343,"comment_status":"open","ping_status":"open","sticky":false,"template":"","format":"standard","meta":{"footnotes":""},"categories":[2,9],"tags":[2110,2111,152,406,584,1171,2112],"yoast_head":"<!-- This site is optimized with the Yoast SEO plugin v24.2 - https:\/\/yoast.com\/wordpress\/plugins\/seo\/ -->\r\n<title>De l\u2019UQAC \u00e0 Cannes - UQACtualit\u00e9s<\/title>\r\n<meta name=\"robots\" content=\"index, follow, max-snippet:-1, max-image-preview:large, max-video-preview:-1\" \/>\r\n<link rel=\"canonical\" href=\"https:\/\/www.uqac.ca\/uqactualites\/2013\/04\/23\/de-luqac-a-cannes\/\" \/>\r\n<meta property=\"og:locale\" content=\"fr_CA\" \/>\r\n<meta property=\"og:type\" content=\"article\" \/>\r\n<meta property=\"og:title\" content=\"De l\u2019UQAC \u00e0 Cannes - UQACtualit\u00e9s\" \/>\r\n<meta property=\"og:description\" content=\"Le d\u00e9mant\u00e8lement, le tout nouveau long m\u00e9trage du cin\u00e9aste S\u00e9bastien Pilote, dipl\u00f4m\u00e9 du baccalaur\u00e9at interdisciplinaire en arts de l\u2019UQAC, fera partie de la comp\u00e9tition officielle de la 52e Semaine de la critique du Festival de Cannes 2013. Cette derni\u00e8re se consacre principalement \u00e0 la d\u00e9couverte de jeunes talents en pr\u00e9sentant des premiers et seconds longs [&hellip;]\" \/>\r\n<meta property=\"og:url\" content=\"https:\/\/www.uqac.ca\/uqactualites\/2013\/04\/23\/de-luqac-a-cannes\/\" \/>\r\n<meta property=\"og:site_name\" content=\"UQACtualit\u00e9s\" \/>\r\n<meta property=\"article:published_time\" content=\"2013-04-23T13:51:18+00:00\" \/>\r\n<meta property=\"og:image\" content=\"https:\/\/www.uqac.ca\/uqactualites\/wp-content\/uploads\/2013\/04\/Pub-Cannes-E13-05-scaled.jpg\" \/>\r\n\t<meta property=\"og:image:width\" content=\"2560\" \/>\r\n\t<meta property=\"og:image:height\" content=\"1239\" \/>\r\n\t<meta property=\"og:image:type\" content=\"image\/jpeg\" \/>\r\n<meta name=\"author\" content=\"Service des communications et des relations publiques\" \/>\r\n<meta name=\"twitter:card\" content=\"summary_large_image\" \/>\r\n<meta name=\"twitter:label1\" content=\"\u00c9crit par\" \/>\n\t<meta name=\"twitter:data1\" content=\"Service des communications et des relations publiques\" \/>\n\t<meta name=\"twitter:label2\" content=\"Estimation du temps de lecture\" \/>\n\t<meta name=\"twitter:data2\" content=\"1 minute\" \/>\r\n<script type=\"application\/ld+json\" class=\"yoast-schema-graph\">{\"@context\":\"https:\/\/schema.org\",\"@graph\":[{\"@type\":\"WebPage\",\"@id\":\"https:\/\/www.uqac.ca\/uqactualites\/2013\/04\/23\/de-luqac-a-cannes\/\",\"url\":\"https:\/\/www.uqac.ca\/uqactualites\/2013\/04\/23\/de-luqac-a-cannes\/\",\"name\":\"De l\u2019UQAC \u00e0 Cannes - UQACtualit\u00e9s\",\"isPartOf\":{\"@id\":\"https:\/\/www.uqac.ca\/uqactualites\/#website\"},\"primaryImageOfPage\":{\"@id\":\"https:\/\/www.uqac.ca\/uqactualites\/2013\/04\/23\/de-luqac-a-cannes\/#primaryimage\"},\"image\":{\"@id\":\"https:\/\/www.uqac.ca\/uqactualites\/2013\/04\/23\/de-luqac-a-cannes\/#primaryimage\"},\"thumbnailUrl\":\"https:\/\/www.uqac.ca\/uqactualites\/wp-content\/uploads\/2013\/04\/Pub-Cannes-E13-05-scaled.jpg\",\"datePublished\":\"2013-04-23T13:51:18+00:00\",\"dateModified\":\"2013-04-23T13:51:18+00:00\",\"author\":{\"@id\":\"https:\/\/www.uqac.ca\/uqactualites\/#\/schema\/person\/366c45a0c4f0e677b41b4af5886e2018\"},\"breadcrumb\":{\"@id\":\"https:\/\/www.uqac.ca\/uqactualites\/2013\/04\/23\/de-luqac-a-cannes\/#breadcrumb\"},\"inLanguage\":\"fr-CA\",\"potentialAction\":[{\"@type\":\"ReadAction\",\"target\":[\"https:\/\/www.uqac.ca\/uqactualites\/2013\/04\/23\/de-luqac-a-cannes\/\"]}]},{\"@type\":\"ImageObject\",\"inLanguage\":\"fr-CA\",\"@id\":\"https:\/\/www.uqac.ca\/uqactualites\/2013\/04\/23\/de-luqac-a-cannes\/#primaryimage\",\"url\":\"https:\/\/www.uqac.ca\/uqactualites\/wp-content\/uploads\/2013\/04\/Pub-Cannes-E13-05-scaled.jpg\",\"contentUrl\":\"https:\/\/www.uqac.ca\/uqactualites\/wp-content\/uploads\/2013\/04\/Pub-Cannes-E13-05-scaled.jpg\",\"width\":2560,\"height\":1239},{\"@type\":\"BreadcrumbList\",\"@id\":\"https:\/\/www.uqac.ca\/uqactualites\/2013\/04\/23\/de-luqac-a-cannes\/#breadcrumb\",\"itemListElement\":[{\"@type\":\"ListItem\",\"position\":1,\"name\":\"Home\",\"item\":\"https:\/\/www.uqac.ca\/uqactualites\/\"},{\"@type\":\"ListItem\",\"position\":2,\"name\":\"De l\u2019UQAC \u00e0 Cannes\"}]},{\"@type\":\"WebSite\",\"@id\":\"https:\/\/www.uqac.ca\/uqactualites\/#website\",\"url\":\"https:\/\/www.uqac.ca\/uqactualites\/\",\"name\":\"UQACtualit\u00e9s\",\"description\":\"Le portail des nouvelles de l&#039;UQAC\",\"potentialAction\":[{\"@type\":\"SearchAction\",\"target\":{\"@type\":\"EntryPoint\",\"urlTemplate\":\"https:\/\/www.uqac.ca\/uqactualites\/?s={search_term_string}\"},\"query-input\":{\"@type\":\"PropertyValueSpecification\",\"valueRequired\":true,\"valueName\":\"search_term_string\"}}],\"inLanguage\":\"fr-CA\"},{\"@type\":\"Person\",\"@id\":\"https:\/\/www.uqac.ca\/uqactualites\/#\/schema\/person\/366c45a0c4f0e677b41b4af5886e2018\",\"name\":\"Service des communications et des relations publiques\",\"image\":{\"@type\":\"ImageObject\",\"inLanguage\":\"fr-CA\",\"@id\":\"https:\/\/www.uqac.ca\/uqactualites\/#\/schema\/person\/image\/\",\"url\":\"https:\/\/secure.gravatar.com\/avatar\/20fbbda8a292f59f2d3461a5b999c00b?s=96&d=mm&r=g\",\"contentUrl\":\"https:\/\/secure.gravatar.com\/avatar\/20fbbda8a292f59f2d3461a5b999c00b?s=96&d=mm&r=g\",\"caption\":\"Service des communications et des relations publiques\"},\"url\":\"https:\/\/www.uqac.ca\/uqactualites\/author\/bap\/\"}]}<\/script>\r\n<!-- \/ Yoast SEO plugin. -->","yoast_head_json":{"title":"De l\u2019UQAC \u00e0 Cannes - UQACtualit\u00e9s","robots":{"index":"index","follow":"follow","max-snippet":"max-snippet:-1","max-image-preview":"max-image-preview:large","max-video-preview":"max-video-preview:-1"},"canonical":"https:\/\/www.uqac.ca\/uqactualites\/2013\/04\/23\/de-luqac-a-cannes\/","og_locale":"fr_CA","og_type":"article","og_title":"De l\u2019UQAC \u00e0 Cannes - UQACtualit\u00e9s","og_description":"Le d\u00e9mant\u00e8lement, le tout nouveau long m\u00e9trage du cin\u00e9aste S\u00e9bastien Pilote, dipl\u00f4m\u00e9 du baccalaur\u00e9at interdisciplinaire en arts de l\u2019UQAC, fera partie de la comp\u00e9tition officielle de la 52e Semaine de la critique du Festival de Cannes 2013. Cette derni\u00e8re se consacre principalement \u00e0 la d\u00e9couverte de jeunes talents en pr\u00e9sentant des premiers et seconds longs [&hellip;]","og_url":"https:\/\/www.uqac.ca\/uqactualites\/2013\/04\/23\/de-luqac-a-cannes\/","og_site_name":"UQACtualit\u00e9s","article_published_time":"2013-04-23T13:51:18+00:00","og_image":[{"width":2560,"height":1239,"url":"https:\/\/www.uqac.ca\/uqactualites\/wp-content\/uploads\/2013\/04\/Pub-Cannes-E13-05-scaled.jpg","type":"image\/jpeg"}],"author":"Service des communications et des relations publiques","twitter_card":"summary_large_image","twitter_misc":{"\u00c9crit par":"Service des communications et des relations publiques","Estimation du temps de lecture":"1 minute"},"schema":{"@context":"https:\/\/schema.org","@graph":[{"@type":"WebPage","@id":"https:\/\/www.uqac.ca\/uqactualites\/2013\/04\/23\/de-luqac-a-cannes\/","url":"https:\/\/www.uqac.ca\/uqactualites\/2013\/04\/23\/de-luqac-a-cannes\/","name":"De l\u2019UQAC \u00e0 Cannes - UQACtualit\u00e9s","isPartOf":{"@id":"https:\/\/www.uqac.ca\/uqactualites\/#website"},"primaryImageOfPage":{"@id":"https:\/\/www.uqac.ca\/uqactualites\/2013\/04\/23\/de-luqac-a-cannes\/#primaryimage"},"image":{"@id":"https:\/\/www.uqac.ca\/uqactualites\/2013\/04\/23\/de-luqac-a-cannes\/#primaryimage"},"thumbnailUrl":"https:\/\/www.uqac.ca\/uqactualites\/wp-content\/uploads\/2013\/04\/Pub-Cannes-E13-05-scaled.jpg","datePublished":"2013-04-23T13:51:18+00:00","dateModified":"2013-04-23T13:51:18+00:00","author":{"@id":"https:\/\/www.uqac.ca\/uqactualites\/#\/schema\/person\/366c45a0c4f0e677b41b4af5886e2018"},"breadcrumb":{"@id":"https:\/\/www.uqac.ca\/uqactualites\/2013\/04\/23\/de-luqac-a-cannes\/#breadcrumb"},"inLanguage":"fr-CA","potentialAction":[{"@type":"ReadAction","target":["https:\/\/www.uqac.ca\/uqactualites\/2013\/04\/23\/de-luqac-a-cannes\/"]}]},{"@type":"ImageObject","inLanguage":"fr-CA","@id":"https:\/\/www.uqac.ca\/uqactualites\/2013\/04\/23\/de-luqac-a-cannes\/#primaryimage","url":"https:\/\/www.uqac.ca\/uqactualites\/wp-content\/uploads\/2013\/04\/Pub-Cannes-E13-05-scaled.jpg","contentUrl":"https:\/\/www.uqac.ca\/uqactualites\/wp-content\/uploads\/2013\/04\/Pub-Cannes-E13-05-scaled.jpg","width":2560,"height":1239},{"@type":"BreadcrumbList","@id":"https:\/\/www.uqac.ca\/uqactualites\/2013\/04\/23\/de-luqac-a-cannes\/#breadcrumb","itemListElement":[{"@type":"ListItem","position":1,"name":"Home","item":"https:\/\/www.uqac.ca\/uqactualites\/"},{"@type":"ListItem","position":2,"name":"De l\u2019UQAC \u00e0 Cannes"}]},{"@type":"WebSite","@id":"https:\/\/www.uqac.ca\/uqactualites\/#website","url":"https:\/\/www.uqac.ca\/uqactualites\/","name":"UQACtualit\u00e9s","description":"Le portail des nouvelles de l&#039;UQAC","potentialAction":[{"@type":"SearchAction","target":{"@type":"EntryPoint","urlTemplate":"https:\/\/www.uqac.ca\/uqactualites\/?s={search_term_string}"},"query-input":{"@type":"PropertyValueSpecification","valueRequired":true,"valueName":"search_term_string"}}],"inLanguage":"fr-CA"},{"@type":"Person","@id":"https:\/\/www.uqac.ca\/uqactualites\/#\/schema\/person\/366c45a0c4f0e677b41b4af5886e2018","name":"Service des communications et des relations publiques","image":{"@type":"ImageObject","inLanguage":"fr-CA","@id":"https:\/\/www.uqac.ca\/uqactualites\/#\/schema\/person\/image\/","url":"https:\/\/secure.gravatar.com\/avatar\/20fbbda8a292f59f2d3461a5b999c00b?s=96&d=mm&r=g","contentUrl":"https:\/\/secure.gravatar.com\/avatar\/20fbbda8a292f59f2d3461a5b999c00b?s=96&d=mm&r=g","caption":"Service des communications et des relations publiques"},"url":"https:\/\/www.uqac.ca\/uqactualites\/author\/bap\/"}]}},"_links":{"self":[{"href":"https:\/\/www.uqac.ca\/uqactualites\/wp-json\/wp\/v2\/posts\/24024"}],"collection":[{"href":"https:\/\/www.uqac.ca\/uqactualites\/wp-json\/wp\/v2\/posts"}],"about":[{"href":"https:\/\/www.uqac.ca\/uqactualites\/wp-json\/wp\/v2\/types\/post"}],"author":[{"embeddable":true,"href":"https:\/\/www.uqac.ca\/uqactualites\/wp-json\/wp\/v2\/users\/5"}],"replies":[{"embeddable":true,"href":"https:\/\/www.uqac.ca\/uqactualites\/wp-json\/wp\/v2\/comments?post=24024"}],"version-history":[{"count":0,"href":"https:\/\/www.uqac.ca\/uqactualites\/wp-json\/wp\/v2\/posts\/24024\/revisions"}],"wp:featuredmedia":[{"embeddable":true,"href":"https:\/\/www.uqac.ca\/uqactualites\/wp-json\/wp\/v2\/media\/24343"}],"wp:attachment":[{"href":"https:\/\/www.uqac.ca\/uqactualites\/wp-json\/wp\/v2\/media?parent=24024"}],"wp:term":[{"taxonomy":"category","embeddable":true,"href":"https:\/\/www.uqac.ca\/uqactualites\/wp-json\/wp\/v2\/categories?post=24024"},{"taxonomy":"post_tag","embeddable":true,"href":"https:\/\/www.uqac.ca\/uqactualites\/wp-json\/wp\/v2\/tags?post=24024"}],"curies":[{"name":"wp","href":"https:\/\/api.w.org\/{rel}","templated":true}]}}