{"id":24080,"date":"2013-04-25T14:52:58","date_gmt":"2013-04-25T18:52:58","guid":{"rendered":"http:\/\/uqactualite.odev.ca\/?p=24080"},"modified":"2013-04-25T14:52:58","modified_gmt":"2013-04-25T18:52:58","slug":"plus-de-25-athletes-recompenses-au-gala-des-inuk","status":"publish","type":"post","link":"https:\/\/www.uqac.ca\/uqactualites\/2013\/04\/25\/plus-de-25-athletes-recompenses-au-gala-des-inuk\/","title":{"rendered":"Plus de 25 athl\u00e8tes r\u00e9compens\u00e9s au Gala des INUK"},"content":{"rendered":"<p style=\"text-align: justify\">C\u2019est le mercredi 10 avril dernier qu\u2019avait lieu la soir\u00e9e de remise des <i>Inukshuk<\/i> et des bourses d\u2019excellence pour l\u2019ann\u00e9e 2012-2013, mieux connue sous le nom de Gala des INUK. Cet \u00e9v\u00e9nement, qui avait lieu \u00e0 l\u2019auditorium de l\u2019UQAC, avait pour but d\u2019honorer les meilleurs athl\u00e8tes des sports d\u2019excellence de notre Universit\u00e9.<\/p>\n<p style=\"text-align: justify\">\u00c0 cette occasion, huit statuettes <i>Inukshuk<\/i> ont \u00e9t\u00e9 remises aux gagnants de diverses cat\u00e9gories\u00a0: de l\u2019athl\u00e8te f\u00e9minine par excellence en sport individuel \u00e0 l\u2019entra\u00eeneur de l\u2019ann\u00e9e, en passant par les recrues et l\u2019\u00e9quipe de l\u2019ann\u00e9e, nos meilleurs athl\u00e8tes ont \u00e9t\u00e9 r\u00e9compens\u00e9s pour leurs performances sportives exceptionnelles.<\/p>\n<p style=\"text-align: justify\">La soir\u00e9e \u00e9tait \u00e9galement l\u2019occasion de remettre aux membres des INUK diverses bourses soulignant tant\u00f4t l\u2019excellence de leurs performances, tant\u00f4t leurs succ\u00e8s scolaires. Des bourses de recrutement ont aussi \u00e9t\u00e9 offertes \u00e0 des \u00e9tudiants ayant bien perform\u00e9 dans leur sport au niveau coll\u00e9gial et qui sont pressentis pour int\u00e9grer une \u00e9quipe des INUK d\u00e8s leur premi\u00e8re ann\u00e9e universitaire. Au total, 17 r\u00e9cipiendaires se sont partag\u00e9 la somme de 16\u00a0000 $.<\/p>\n<p style=\"text-align: justify\">Pour consulter la liste compl\u00e8te des honneurs remis \u00e0 l\u2019occasion du Gala des INUK, consultez le<br \/>\n<span style=\"color: #5a7411\"><a href=\"http:\/\/inuk.uqac.ca\/evenements\/index.php\" target=\"_blank\" rel=\"noopener\"><span style=\"color: #5a7411\"><b>inuk.uqac.ca\/evenements\/index.php<\/b><\/span><\/a><\/span>.<\/p>\n<p style=\"text-align: justify\">Toutes nos f\u00e9licitations aux gagnants et aux r\u00e9cipiendaires, ainsi qu\u2019\u00e0 tous les nomm\u00e9s!<\/p>\n<p style=\"text-align: justify\" align=\"left\"><span style=\"color: #808080\"><br \/>\n________________________________________________________________________________________<\/span><\/p>\n<p style=\"text-align: justify\"><span style=\"color: #808080\"><b>Sur la photo\u00a0: <\/b>L\u2019\u00e9quipe de cheerleading, nomm\u00e9e \u00e9quipe par excellence de l\u2019ann\u00e9e<\/span><br \/>\n<span style=\"color: #808080\"><b>Photographe\u00a0: <\/b>Dominique B. Gagn\u00e9<\/span><br \/>\n<span style=\"color: #808080\">________________________________________________________________________________________<\/span><\/p>\n","protected":false},"excerpt":{"rendered":"<p>C\u2019est le mercredi 10 avril dernier qu\u2019avait lieu la soir\u00e9e de remise des Inukshuk et des bourses d\u2019excellence pour l\u2019ann\u00e9e 2012-2013, mieux connue sous le nom de Gala des INUK. Cet \u00e9v\u00e9nement, qui avait lieu \u00e0 l\u2019auditorium de l\u2019UQAC, avait pour but d\u2019honorer les meilleurs athl\u00e8tes des sports d\u2019excellence de notre Universit\u00e9. \u00c0 cette occasion, [&hellip;]<\/p>\n","protected":false},"author":5,"featured_media":24081,"comment_status":"open","ping_status":"open","sticky":false,"template":"","format":"standard","meta":{"footnotes":""},"categories":[2,61],"tags":[283,474,26,94],"yoast_head":"<!-- This site is optimized with the Yoast SEO plugin v24.2 - https:\/\/yoast.com\/wordpress\/plugins\/seo\/ -->\r\n<title>Plus de 25 athl\u00e8tes r\u00e9compens\u00e9s au Gala des INUK - UQACtualit\u00e9s<\/title>\r\n<meta name=\"robots\" content=\"index, follow, max-snippet:-1, max-image-preview:large, max-video-preview:-1\" \/>\r\n<link rel=\"canonical\" href=\"https:\/\/www.uqac.ca\/uqactualites\/2013\/04\/25\/plus-de-25-athletes-recompenses-au-gala-des-inuk\/\" \/>\r\n<meta property=\"og:locale\" content=\"fr_CA\" \/>\r\n<meta property=\"og:type\" content=\"article\" \/>\r\n<meta property=\"og:title\" content=\"Plus de 25 athl\u00e8tes r\u00e9compens\u00e9s au Gala des INUK - UQACtualit\u00e9s\" \/>\r\n<meta property=\"og:description\" content=\"C\u2019est le mercredi 10 avril dernier qu\u2019avait lieu la soir\u00e9e de remise des Inukshuk et des bourses d\u2019excellence pour l\u2019ann\u00e9e 2012-2013, mieux connue sous le nom de Gala des INUK. Cet \u00e9v\u00e9nement, qui avait lieu \u00e0 l\u2019auditorium de l\u2019UQAC, avait pour but d\u2019honorer les meilleurs athl\u00e8tes des sports d\u2019excellence de notre Universit\u00e9. \u00c0 cette occasion, [&hellip;]\" \/>\r\n<meta property=\"og:url\" content=\"https:\/\/www.uqac.ca\/uqactualites\/2013\/04\/25\/plus-de-25-athletes-recompenses-au-gala-des-inuk\/\" \/>\r\n<meta property=\"og:site_name\" content=\"UQACtualit\u00e9s\" \/>\r\n<meta property=\"article:published_time\" content=\"2013-04-25T18:52:58+00:00\" \/>\r\n<meta property=\"og:image\" content=\"https:\/\/www.uqac.ca\/uqactualites\/wp-content\/uploads\/2013\/04\/quipe-de-lann\u00e9e-Gala-Inuk-Web-\u00a9Dominique-B.-Gagn\u00e9.png\" \/>\r\n\t<meta property=\"og:image:width\" content=\"620\" \/>\r\n\t<meta property=\"og:image:height\" content=\"300\" \/>\r\n\t<meta property=\"og:image:type\" content=\"image\/png\" \/>\r\n<meta name=\"author\" content=\"Service des communications et des relations publiques\" \/>\r\n<meta name=\"twitter:card\" content=\"summary_large_image\" \/>\r\n<meta name=\"twitter:label1\" content=\"\u00c9crit par\" \/>\n\t<meta name=\"twitter:data1\" content=\"Service des communications et des relations publiques\" \/>\n\t<meta name=\"twitter:label2\" content=\"Estimation du temps de lecture\" \/>\n\t<meta name=\"twitter:data2\" content=\"1 minute\" \/>\r\n<script type=\"application\/ld+json\" class=\"yoast-schema-graph\">{\"@context\":\"https:\/\/schema.org\",\"@graph\":[{\"@type\":\"WebPage\",\"@id\":\"https:\/\/www.uqac.ca\/uqactualites\/2013\/04\/25\/plus-de-25-athletes-recompenses-au-gala-des-inuk\/\",\"url\":\"https:\/\/www.uqac.ca\/uqactualites\/2013\/04\/25\/plus-de-25-athletes-recompenses-au-gala-des-inuk\/\",\"name\":\"Plus de 25 athl\u00e8tes r\u00e9compens\u00e9s au Gala des INUK - UQACtualit\u00e9s\",\"isPartOf\":{\"@id\":\"https:\/\/www.uqac.ca\/uqactualites\/#website\"},\"primaryImageOfPage\":{\"@id\":\"https:\/\/www.uqac.ca\/uqactualites\/2013\/04\/25\/plus-de-25-athletes-recompenses-au-gala-des-inuk\/#primaryimage\"},\"image\":{\"@id\":\"https:\/\/www.uqac.ca\/uqactualites\/2013\/04\/25\/plus-de-25-athletes-recompenses-au-gala-des-inuk\/#primaryimage\"},\"thumbnailUrl\":\"https:\/\/www.uqac.ca\/uqactualites\/wp-content\/uploads\/2013\/04\/quipe-de-lann\u00e9e-Gala-Inuk-Web-\u00a9Dominique-B.-Gagn\u00e9.png\",\"datePublished\":\"2013-04-25T18:52:58+00:00\",\"dateModified\":\"2013-04-25T18:52:58+00:00\",\"author\":{\"@id\":\"https:\/\/www.uqac.ca\/uqactualites\/#\/schema\/person\/366c45a0c4f0e677b41b4af5886e2018\"},\"breadcrumb\":{\"@id\":\"https:\/\/www.uqac.ca\/uqactualites\/2013\/04\/25\/plus-de-25-athletes-recompenses-au-gala-des-inuk\/#breadcrumb\"},\"inLanguage\":\"fr-CA\",\"potentialAction\":[{\"@type\":\"ReadAction\",\"target\":[\"https:\/\/www.uqac.ca\/uqactualites\/2013\/04\/25\/plus-de-25-athletes-recompenses-au-gala-des-inuk\/\"]}]},{\"@type\":\"ImageObject\",\"inLanguage\":\"fr-CA\",\"@id\":\"https:\/\/www.uqac.ca\/uqactualites\/2013\/04\/25\/plus-de-25-athletes-recompenses-au-gala-des-inuk\/#primaryimage\",\"url\":\"https:\/\/www.uqac.ca\/uqactualites\/wp-content\/uploads\/2013\/04\/quipe-de-lann\u00e9e-Gala-Inuk-Web-\u00a9Dominique-B.-Gagn\u00e9.png\",\"contentUrl\":\"https:\/\/www.uqac.ca\/uqactualites\/wp-content\/uploads\/2013\/04\/quipe-de-lann\u00e9e-Gala-Inuk-Web-\u00a9Dominique-B.-Gagn\u00e9.png\",\"width\":620,\"height\":300},{\"@type\":\"BreadcrumbList\",\"@id\":\"https:\/\/www.uqac.ca\/uqactualites\/2013\/04\/25\/plus-de-25-athletes-recompenses-au-gala-des-inuk\/#breadcrumb\",\"itemListElement\":[{\"@type\":\"ListItem\",\"position\":1,\"name\":\"Home\",\"item\":\"https:\/\/www.uqac.ca\/uqactualites\/\"},{\"@type\":\"ListItem\",\"position\":2,\"name\":\"Plus de 25 athl\u00e8tes r\u00e9compens\u00e9s au Gala des INUK\"}]},{\"@type\":\"WebSite\",\"@id\":\"https:\/\/www.uqac.ca\/uqactualites\/#website\",\"url\":\"https:\/\/www.uqac.ca\/uqactualites\/\",\"name\":\"UQACtualit\u00e9s\",\"description\":\"Le portail des nouvelles de l&#039;UQAC\",\"potentialAction\":[{\"@type\":\"SearchAction\",\"target\":{\"@type\":\"EntryPoint\",\"urlTemplate\":\"https:\/\/www.uqac.ca\/uqactualites\/?s={search_term_string}\"},\"query-input\":{\"@type\":\"PropertyValueSpecification\",\"valueRequired\":true,\"valueName\":\"search_term_string\"}}],\"inLanguage\":\"fr-CA\"},{\"@type\":\"Person\",\"@id\":\"https:\/\/www.uqac.ca\/uqactualites\/#\/schema\/person\/366c45a0c4f0e677b41b4af5886e2018\",\"name\":\"Service des communications et des relations publiques\",\"image\":{\"@type\":\"ImageObject\",\"inLanguage\":\"fr-CA\",\"@id\":\"https:\/\/www.uqac.ca\/uqactualites\/#\/schema\/person\/image\/\",\"url\":\"https:\/\/secure.gravatar.com\/avatar\/20fbbda8a292f59f2d3461a5b999c00b?s=96&d=mm&r=g\",\"contentUrl\":\"https:\/\/secure.gravatar.com\/avatar\/20fbbda8a292f59f2d3461a5b999c00b?s=96&d=mm&r=g\",\"caption\":\"Service des communications et des relations publiques\"},\"url\":\"https:\/\/www.uqac.ca\/uqactualites\/author\/bap\/\"}]}<\/script>\r\n<!-- \/ Yoast SEO plugin. -->","yoast_head_json":{"title":"Plus de 25 athl\u00e8tes r\u00e9compens\u00e9s au Gala des INUK - UQACtualit\u00e9s","robots":{"index":"index","follow":"follow","max-snippet":"max-snippet:-1","max-image-preview":"max-image-preview:large","max-video-preview":"max-video-preview:-1"},"canonical":"https:\/\/www.uqac.ca\/uqactualites\/2013\/04\/25\/plus-de-25-athletes-recompenses-au-gala-des-inuk\/","og_locale":"fr_CA","og_type":"article","og_title":"Plus de 25 athl\u00e8tes r\u00e9compens\u00e9s au Gala des INUK - UQACtualit\u00e9s","og_description":"C\u2019est le mercredi 10 avril dernier qu\u2019avait lieu la soir\u00e9e de remise des Inukshuk et des bourses d\u2019excellence pour l\u2019ann\u00e9e 2012-2013, mieux connue sous le nom de Gala des INUK. Cet \u00e9v\u00e9nement, qui avait lieu \u00e0 l\u2019auditorium de l\u2019UQAC, avait pour but d\u2019honorer les meilleurs athl\u00e8tes des sports d\u2019excellence de notre Universit\u00e9. \u00c0 cette occasion, [&hellip;]","og_url":"https:\/\/www.uqac.ca\/uqactualites\/2013\/04\/25\/plus-de-25-athletes-recompenses-au-gala-des-inuk\/","og_site_name":"UQACtualit\u00e9s","article_published_time":"2013-04-25T18:52:58+00:00","og_image":[{"width":620,"height":300,"url":"https:\/\/www.uqac.ca\/uqactualites\/wp-content\/uploads\/2013\/04\/quipe-de-lann\u00e9e-Gala-Inuk-Web-\u00a9Dominique-B.-Gagn\u00e9.png","type":"image\/png"}],"author":"Service des communications et des relations publiques","twitter_card":"summary_large_image","twitter_misc":{"\u00c9crit par":"Service des communications et des relations publiques","Estimation du temps de lecture":"1 minute"},"schema":{"@context":"https:\/\/schema.org","@graph":[{"@type":"WebPage","@id":"https:\/\/www.uqac.ca\/uqactualites\/2013\/04\/25\/plus-de-25-athletes-recompenses-au-gala-des-inuk\/","url":"https:\/\/www.uqac.ca\/uqactualites\/2013\/04\/25\/plus-de-25-athletes-recompenses-au-gala-des-inuk\/","name":"Plus de 25 athl\u00e8tes r\u00e9compens\u00e9s au Gala des INUK - UQACtualit\u00e9s","isPartOf":{"@id":"https:\/\/www.uqac.ca\/uqactualites\/#website"},"primaryImageOfPage":{"@id":"https:\/\/www.uqac.ca\/uqactualites\/2013\/04\/25\/plus-de-25-athletes-recompenses-au-gala-des-inuk\/#primaryimage"},"image":{"@id":"https:\/\/www.uqac.ca\/uqactualites\/2013\/04\/25\/plus-de-25-athletes-recompenses-au-gala-des-inuk\/#primaryimage"},"thumbnailUrl":"https:\/\/www.uqac.ca\/uqactualites\/wp-content\/uploads\/2013\/04\/quipe-de-lann\u00e9e-Gala-Inuk-Web-\u00a9Dominique-B.-Gagn\u00e9.png","datePublished":"2013-04-25T18:52:58+00:00","dateModified":"2013-04-25T18:52:58+00:00","author":{"@id":"https:\/\/www.uqac.ca\/uqactualites\/#\/schema\/person\/366c45a0c4f0e677b41b4af5886e2018"},"breadcrumb":{"@id":"https:\/\/www.uqac.ca\/uqactualites\/2013\/04\/25\/plus-de-25-athletes-recompenses-au-gala-des-inuk\/#breadcrumb"},"inLanguage":"fr-CA","potentialAction":[{"@type":"ReadAction","target":["https:\/\/www.uqac.ca\/uqactualites\/2013\/04\/25\/plus-de-25-athletes-recompenses-au-gala-des-inuk\/"]}]},{"@type":"ImageObject","inLanguage":"fr-CA","@id":"https:\/\/www.uqac.ca\/uqactualites\/2013\/04\/25\/plus-de-25-athletes-recompenses-au-gala-des-inuk\/#primaryimage","url":"https:\/\/www.uqac.ca\/uqactualites\/wp-content\/uploads\/2013\/04\/quipe-de-lann\u00e9e-Gala-Inuk-Web-\u00a9Dominique-B.-Gagn\u00e9.png","contentUrl":"https:\/\/www.uqac.ca\/uqactualites\/wp-content\/uploads\/2013\/04\/quipe-de-lann\u00e9e-Gala-Inuk-Web-\u00a9Dominique-B.-Gagn\u00e9.png","width":620,"height":300},{"@type":"BreadcrumbList","@id":"https:\/\/www.uqac.ca\/uqactualites\/2013\/04\/25\/plus-de-25-athletes-recompenses-au-gala-des-inuk\/#breadcrumb","itemListElement":[{"@type":"ListItem","position":1,"name":"Home","item":"https:\/\/www.uqac.ca\/uqactualites\/"},{"@type":"ListItem","position":2,"name":"Plus de 25 athl\u00e8tes r\u00e9compens\u00e9s au Gala des INUK"}]},{"@type":"WebSite","@id":"https:\/\/www.uqac.ca\/uqactualites\/#website","url":"https:\/\/www.uqac.ca\/uqactualites\/","name":"UQACtualit\u00e9s","description":"Le portail des nouvelles de l&#039;UQAC","potentialAction":[{"@type":"SearchAction","target":{"@type":"EntryPoint","urlTemplate":"https:\/\/www.uqac.ca\/uqactualites\/?s={search_term_string}"},"query-input":{"@type":"PropertyValueSpecification","valueRequired":true,"valueName":"search_term_string"}}],"inLanguage":"fr-CA"},{"@type":"Person","@id":"https:\/\/www.uqac.ca\/uqactualites\/#\/schema\/person\/366c45a0c4f0e677b41b4af5886e2018","name":"Service des communications et des relations publiques","image":{"@type":"ImageObject","inLanguage":"fr-CA","@id":"https:\/\/www.uqac.ca\/uqactualites\/#\/schema\/person\/image\/","url":"https:\/\/secure.gravatar.com\/avatar\/20fbbda8a292f59f2d3461a5b999c00b?s=96&d=mm&r=g","contentUrl":"https:\/\/secure.gravatar.com\/avatar\/20fbbda8a292f59f2d3461a5b999c00b?s=96&d=mm&r=g","caption":"Service des communications et des relations publiques"},"url":"https:\/\/www.uqac.ca\/uqactualites\/author\/bap\/"}]}},"_links":{"self":[{"href":"https:\/\/www.uqac.ca\/uqactualites\/wp-json\/wp\/v2\/posts\/24080"}],"collection":[{"href":"https:\/\/www.uqac.ca\/uqactualites\/wp-json\/wp\/v2\/posts"}],"about":[{"href":"https:\/\/www.uqac.ca\/uqactualites\/wp-json\/wp\/v2\/types\/post"}],"author":[{"embeddable":true,"href":"https:\/\/www.uqac.ca\/uqactualites\/wp-json\/wp\/v2\/users\/5"}],"replies":[{"embeddable":true,"href":"https:\/\/www.uqac.ca\/uqactualites\/wp-json\/wp\/v2\/comments?post=24080"}],"version-history":[{"count":0,"href":"https:\/\/www.uqac.ca\/uqactualites\/wp-json\/wp\/v2\/posts\/24080\/revisions"}],"wp:featuredmedia":[{"embeddable":true,"href":"https:\/\/www.uqac.ca\/uqactualites\/wp-json\/wp\/v2\/media\/24081"}],"wp:attachment":[{"href":"https:\/\/www.uqac.ca\/uqactualites\/wp-json\/wp\/v2\/media?parent=24080"}],"wp:term":[{"taxonomy":"category","embeddable":true,"href":"https:\/\/www.uqac.ca\/uqactualites\/wp-json\/wp\/v2\/categories?post=24080"},{"taxonomy":"post_tag","embeddable":true,"href":"https:\/\/www.uqac.ca\/uqactualites\/wp-json\/wp\/v2\/tags?post=24080"}],"curies":[{"name":"wp","href":"https:\/\/api.w.org\/{rel}","templated":true}]}}