{"id":24114,"date":"2013-04-29T14:53:18","date_gmt":"2013-04-29T18:53:18","guid":{"rendered":"http:\/\/uqactualite.odev.ca\/?p=24114"},"modified":"2013-04-29T14:53:18","modified_gmt":"2013-04-29T18:53:18","slug":"lancement-du-livre-le-manager-explorateur","status":"publish","type":"post","link":"https:\/\/www.uqac.ca\/uqactualites\/2013\/04\/29\/lancement-du-livre-le-manager-explorateur\/","title":{"rendered":"Lancement du livre Le manager explorateur"},"content":{"rendered":"<p style=\"text-align: justify\">Le Laboratoire d\u2019\u00e9tudes multidisciplinaires en gestion de projet (LemGP) de l\u2019UQAC, en collaboration avec Cegertec WorleyParsons, invite la communaut\u00e9 universitaire \u00e0 assister au lancement du livre <i>Le manager explorateur<\/i>, propos\u00e9 sous forme de d\u00eener-conf\u00e9rence\u00a0:<\/p>\n<p style=\"text-align: center\" align=\"center\"><span style=\"color: #5a7411\"><b>Vendredi 3 mai 2013\u00a0 <\/b><b>\u25aa<\/b><b>\u00a0 12\u00a0h<\/b><\/span><br \/>\n<span style=\"color: #5a7411\">Salon Andr\u00e9 Desgagn\u00e9 (local H1-1110)<\/span><\/p>\n<p style=\"text-align: justify\">L\u2019auteur, Fr\u00e9d\u00e9ric Touvard, sera sur place pour pr\u00e9senter son ouvrage, dans lequel le concept de \u00ab\u00a0management de projet par enjeux\u00a0\u00bb est abord\u00e9. Des bouch\u00e9es et rafra\u00eechissements vous seront offerts, et l\u2019activit\u00e9 sera suivie d\u2019une p\u00e9riode de discussion et de r\u00e9seautage.<\/p>\n<p style=\"text-align: justify\">Les places sont limit\u00e9es.<br \/>\nConfirmez votre pr\u00e9sence aupr\u00e8s d\u2019\u00c9ric Castonguay (<span style=\"color: #5a7411\"><b><a href=\"mailto:eric.castonguay@cegertecworleyparsons.com\"><span style=\"color: #5a7411\">eric.castonguay@cegertecworleyparsons.com<\/span><\/a><\/b><\/span>).<\/p>\n<p style=\"text-align: justify\">C\u2019est un rendez-vous!<\/p>\n<p style=\"text-align: justify\"><b><br \/>\nRenseignements\u00a0:<\/b><br \/>\nJulien Bousquet, professeur et directeur de la ma\u00eetrise en gestion de projet<br \/>\nD\u00e9partement des sciences \u00e9conomiques et administratives<br \/>\nUniversit\u00e9 du Qu\u00e9bec \u00e0 Chicoutimi<br \/>\n418 545-5011, poste\u00a05664\u00a0 \u25aa\u00a0 <span style=\"color: #5a7411\"><a href=\"mailto:julien_bousquet@uqac.ca\"><span style=\"color: #5a7411\">julien_bousquet@uqac.ca<\/span><\/a><\/span><\/p>\n","protected":false},"excerpt":{"rendered":"<p>Le Laboratoire d\u2019\u00e9tudes multidisciplinaires en gestion de projet (LemGP) de l\u2019UQAC, en collaboration avec Cegertec WorleyParsons, invite la communaut\u00e9 universitaire \u00e0 assister au lancement du livre Le manager explorateur, propos\u00e9 sous forme de d\u00eener-conf\u00e9rence\u00a0: Vendredi 3 mai 2013\u00a0 \u25aa\u00a0 12\u00a0h Salon Andr\u00e9 Desgagn\u00e9 (local H1-1110) L\u2019auteur, Fr\u00e9d\u00e9ric Touvard, sera sur place pour pr\u00e9senter son ouvrage, [&hellip;]<\/p>\n","protected":false},"author":5,"featured_media":20989,"comment_status":"closed","ping_status":"open","sticky":false,"template":"","format":"standard","meta":{"footnotes":""},"categories":[2772],"tags":[8,2133,466,75,80,2134,252,469],"yoast_head":"<!-- This site is optimized with the Yoast SEO plugin v24.2 - https:\/\/yoast.com\/wordpress\/plugins\/seo\/ -->\r\n<title>Lancement du livre Le manager explorateur - UQACtualit\u00e9s<\/title>\r\n<meta name=\"robots\" content=\"index, follow, max-snippet:-1, max-image-preview:large, max-video-preview:-1\" \/>\r\n<link rel=\"canonical\" href=\"https:\/\/www.uqac.ca\/uqactualites\/2013\/04\/29\/lancement-du-livre-le-manager-explorateur\/\" \/>\r\n<meta property=\"og:locale\" content=\"fr_CA\" \/>\r\n<meta property=\"og:type\" content=\"article\" \/>\r\n<meta property=\"og:title\" content=\"Lancement du livre Le manager explorateur - UQACtualit\u00e9s\" \/>\r\n<meta property=\"og:description\" content=\"Le Laboratoire d\u2019\u00e9tudes multidisciplinaires en gestion de projet (LemGP) de l\u2019UQAC, en collaboration avec Cegertec WorleyParsons, invite la communaut\u00e9 universitaire \u00e0 assister au lancement du livre Le manager explorateur, propos\u00e9 sous forme de d\u00eener-conf\u00e9rence\u00a0: Vendredi 3 mai 2013\u00a0 \u25aa\u00a0 12\u00a0h Salon Andr\u00e9 Desgagn\u00e9 (local H1-1110) L\u2019auteur, Fr\u00e9d\u00e9ric Touvard, sera sur place pour pr\u00e9senter son ouvrage, [&hellip;]\" \/>\r\n<meta property=\"og:url\" content=\"https:\/\/www.uqac.ca\/uqactualites\/2013\/04\/29\/lancement-du-livre-le-manager-explorateur\/\" \/>\r\n<meta property=\"og:site_name\" content=\"UQACtualit\u00e9s\" \/>\r\n<meta property=\"article:published_time\" content=\"2013-04-29T18:53:18+00:00\" \/>\r\n<meta property=\"og:image\" content=\"https:\/\/www.uqac.ca\/uqactualites\/wp-content\/uploads\/2012\/05\/avis-laCommunaut-.jpg\" \/>\r\n\t<meta property=\"og:image:width\" content=\"620\" \/>\r\n\t<meta property=\"og:image:height\" content=\"300\" \/>\r\n\t<meta property=\"og:image:type\" content=\"image\/jpeg\" \/>\r\n<meta name=\"author\" content=\"Service des communications et des relations publiques\" \/>\r\n<meta name=\"twitter:card\" content=\"summary_large_image\" \/>\r\n<meta name=\"twitter:label1\" content=\"\u00c9crit par\" \/>\n\t<meta name=\"twitter:data1\" content=\"Service des communications et des relations publiques\" \/>\n\t<meta name=\"twitter:label2\" content=\"Estimation du temps de lecture\" \/>\n\t<meta name=\"twitter:data2\" content=\"1 minute\" \/>\r\n<script type=\"application\/ld+json\" class=\"yoast-schema-graph\">{\"@context\":\"https:\/\/schema.org\",\"@graph\":[{\"@type\":\"WebPage\",\"@id\":\"https:\/\/www.uqac.ca\/uqactualites\/2013\/04\/29\/lancement-du-livre-le-manager-explorateur\/\",\"url\":\"https:\/\/www.uqac.ca\/uqactualites\/2013\/04\/29\/lancement-du-livre-le-manager-explorateur\/\",\"name\":\"Lancement du livre Le manager explorateur - UQACtualit\u00e9s\",\"isPartOf\":{\"@id\":\"https:\/\/www.uqac.ca\/uqactualites\/#website\"},\"primaryImageOfPage\":{\"@id\":\"https:\/\/www.uqac.ca\/uqactualites\/2013\/04\/29\/lancement-du-livre-le-manager-explorateur\/#primaryimage\"},\"image\":{\"@id\":\"https:\/\/www.uqac.ca\/uqactualites\/2013\/04\/29\/lancement-du-livre-le-manager-explorateur\/#primaryimage\"},\"thumbnailUrl\":\"https:\/\/www.uqac.ca\/uqactualites\/wp-content\/uploads\/2012\/05\/avis-laCommunaut-.jpg\",\"datePublished\":\"2013-04-29T18:53:18+00:00\",\"dateModified\":\"2013-04-29T18:53:18+00:00\",\"author\":{\"@id\":\"https:\/\/www.uqac.ca\/uqactualites\/#\/schema\/person\/366c45a0c4f0e677b41b4af5886e2018\"},\"breadcrumb\":{\"@id\":\"https:\/\/www.uqac.ca\/uqactualites\/2013\/04\/29\/lancement-du-livre-le-manager-explorateur\/#breadcrumb\"},\"inLanguage\":\"fr-CA\",\"potentialAction\":[{\"@type\":\"ReadAction\",\"target\":[\"https:\/\/www.uqac.ca\/uqactualites\/2013\/04\/29\/lancement-du-livre-le-manager-explorateur\/\"]}]},{\"@type\":\"ImageObject\",\"inLanguage\":\"fr-CA\",\"@id\":\"https:\/\/www.uqac.ca\/uqactualites\/2013\/04\/29\/lancement-du-livre-le-manager-explorateur\/#primaryimage\",\"url\":\"https:\/\/www.uqac.ca\/uqactualites\/wp-content\/uploads\/2012\/05\/avis-laCommunaut-.jpg\",\"contentUrl\":\"https:\/\/www.uqac.ca\/uqactualites\/wp-content\/uploads\/2012\/05\/avis-laCommunaut-.jpg\",\"width\":620,\"height\":300},{\"@type\":\"BreadcrumbList\",\"@id\":\"https:\/\/www.uqac.ca\/uqactualites\/2013\/04\/29\/lancement-du-livre-le-manager-explorateur\/#breadcrumb\",\"itemListElement\":[{\"@type\":\"ListItem\",\"position\":1,\"name\":\"Home\",\"item\":\"https:\/\/www.uqac.ca\/uqactualites\/\"},{\"@type\":\"ListItem\",\"position\":2,\"name\":\"Lancement du livre Le manager explorateur\"}]},{\"@type\":\"WebSite\",\"@id\":\"https:\/\/www.uqac.ca\/uqactualites\/#website\",\"url\":\"https:\/\/www.uqac.ca\/uqactualites\/\",\"name\":\"UQACtualit\u00e9s\",\"description\":\"Le portail des nouvelles de l&#039;UQAC\",\"potentialAction\":[{\"@type\":\"SearchAction\",\"target\":{\"@type\":\"EntryPoint\",\"urlTemplate\":\"https:\/\/www.uqac.ca\/uqactualites\/?s={search_term_string}\"},\"query-input\":{\"@type\":\"PropertyValueSpecification\",\"valueRequired\":true,\"valueName\":\"search_term_string\"}}],\"inLanguage\":\"fr-CA\"},{\"@type\":\"Person\",\"@id\":\"https:\/\/www.uqac.ca\/uqactualites\/#\/schema\/person\/366c45a0c4f0e677b41b4af5886e2018\",\"name\":\"Service des communications et des relations publiques\",\"image\":{\"@type\":\"ImageObject\",\"inLanguage\":\"fr-CA\",\"@id\":\"https:\/\/www.uqac.ca\/uqactualites\/#\/schema\/person\/image\/\",\"url\":\"https:\/\/secure.gravatar.com\/avatar\/20fbbda8a292f59f2d3461a5b999c00b?s=96&d=mm&r=g\",\"contentUrl\":\"https:\/\/secure.gravatar.com\/avatar\/20fbbda8a292f59f2d3461a5b999c00b?s=96&d=mm&r=g\",\"caption\":\"Service des communications et des relations publiques\"},\"url\":\"https:\/\/www.uqac.ca\/uqactualites\/author\/bap\/\"}]}<\/script>\r\n<!-- \/ Yoast SEO plugin. -->","yoast_head_json":{"title":"Lancement du livre Le manager explorateur - UQACtualit\u00e9s","robots":{"index":"index","follow":"follow","max-snippet":"max-snippet:-1","max-image-preview":"max-image-preview:large","max-video-preview":"max-video-preview:-1"},"canonical":"https:\/\/www.uqac.ca\/uqactualites\/2013\/04\/29\/lancement-du-livre-le-manager-explorateur\/","og_locale":"fr_CA","og_type":"article","og_title":"Lancement du livre Le manager explorateur - UQACtualit\u00e9s","og_description":"Le Laboratoire d\u2019\u00e9tudes multidisciplinaires en gestion de projet (LemGP) de l\u2019UQAC, en collaboration avec Cegertec WorleyParsons, invite la communaut\u00e9 universitaire \u00e0 assister au lancement du livre Le manager explorateur, propos\u00e9 sous forme de d\u00eener-conf\u00e9rence\u00a0: Vendredi 3 mai 2013\u00a0 \u25aa\u00a0 12\u00a0h Salon Andr\u00e9 Desgagn\u00e9 (local H1-1110) L\u2019auteur, Fr\u00e9d\u00e9ric Touvard, sera sur place pour pr\u00e9senter son ouvrage, [&hellip;]","og_url":"https:\/\/www.uqac.ca\/uqactualites\/2013\/04\/29\/lancement-du-livre-le-manager-explorateur\/","og_site_name":"UQACtualit\u00e9s","article_published_time":"2013-04-29T18:53:18+00:00","og_image":[{"width":620,"height":300,"url":"https:\/\/www.uqac.ca\/uqactualites\/wp-content\/uploads\/2012\/05\/avis-laCommunaut-.jpg","type":"image\/jpeg"}],"author":"Service des communications et des relations publiques","twitter_card":"summary_large_image","twitter_misc":{"\u00c9crit par":"Service des communications et des relations publiques","Estimation du temps de lecture":"1 minute"},"schema":{"@context":"https:\/\/schema.org","@graph":[{"@type":"WebPage","@id":"https:\/\/www.uqac.ca\/uqactualites\/2013\/04\/29\/lancement-du-livre-le-manager-explorateur\/","url":"https:\/\/www.uqac.ca\/uqactualites\/2013\/04\/29\/lancement-du-livre-le-manager-explorateur\/","name":"Lancement du livre Le manager explorateur - UQACtualit\u00e9s","isPartOf":{"@id":"https:\/\/www.uqac.ca\/uqactualites\/#website"},"primaryImageOfPage":{"@id":"https:\/\/www.uqac.ca\/uqactualites\/2013\/04\/29\/lancement-du-livre-le-manager-explorateur\/#primaryimage"},"image":{"@id":"https:\/\/www.uqac.ca\/uqactualites\/2013\/04\/29\/lancement-du-livre-le-manager-explorateur\/#primaryimage"},"thumbnailUrl":"https:\/\/www.uqac.ca\/uqactualites\/wp-content\/uploads\/2012\/05\/avis-laCommunaut-.jpg","datePublished":"2013-04-29T18:53:18+00:00","dateModified":"2013-04-29T18:53:18+00:00","author":{"@id":"https:\/\/www.uqac.ca\/uqactualites\/#\/schema\/person\/366c45a0c4f0e677b41b4af5886e2018"},"breadcrumb":{"@id":"https:\/\/www.uqac.ca\/uqactualites\/2013\/04\/29\/lancement-du-livre-le-manager-explorateur\/#breadcrumb"},"inLanguage":"fr-CA","potentialAction":[{"@type":"ReadAction","target":["https:\/\/www.uqac.ca\/uqactualites\/2013\/04\/29\/lancement-du-livre-le-manager-explorateur\/"]}]},{"@type":"ImageObject","inLanguage":"fr-CA","@id":"https:\/\/www.uqac.ca\/uqactualites\/2013\/04\/29\/lancement-du-livre-le-manager-explorateur\/#primaryimage","url":"https:\/\/www.uqac.ca\/uqactualites\/wp-content\/uploads\/2012\/05\/avis-laCommunaut-.jpg","contentUrl":"https:\/\/www.uqac.ca\/uqactualites\/wp-content\/uploads\/2012\/05\/avis-laCommunaut-.jpg","width":620,"height":300},{"@type":"BreadcrumbList","@id":"https:\/\/www.uqac.ca\/uqactualites\/2013\/04\/29\/lancement-du-livre-le-manager-explorateur\/#breadcrumb","itemListElement":[{"@type":"ListItem","position":1,"name":"Home","item":"https:\/\/www.uqac.ca\/uqactualites\/"},{"@type":"ListItem","position":2,"name":"Lancement du livre Le manager explorateur"}]},{"@type":"WebSite","@id":"https:\/\/www.uqac.ca\/uqactualites\/#website","url":"https:\/\/www.uqac.ca\/uqactualites\/","name":"UQACtualit\u00e9s","description":"Le portail des nouvelles de l&#039;UQAC","potentialAction":[{"@type":"SearchAction","target":{"@type":"EntryPoint","urlTemplate":"https:\/\/www.uqac.ca\/uqactualites\/?s={search_term_string}"},"query-input":{"@type":"PropertyValueSpecification","valueRequired":true,"valueName":"search_term_string"}}],"inLanguage":"fr-CA"},{"@type":"Person","@id":"https:\/\/www.uqac.ca\/uqactualites\/#\/schema\/person\/366c45a0c4f0e677b41b4af5886e2018","name":"Service des communications et des relations publiques","image":{"@type":"ImageObject","inLanguage":"fr-CA","@id":"https:\/\/www.uqac.ca\/uqactualites\/#\/schema\/person\/image\/","url":"https:\/\/secure.gravatar.com\/avatar\/20fbbda8a292f59f2d3461a5b999c00b?s=96&d=mm&r=g","contentUrl":"https:\/\/secure.gravatar.com\/avatar\/20fbbda8a292f59f2d3461a5b999c00b?s=96&d=mm&r=g","caption":"Service des communications et des relations publiques"},"url":"https:\/\/www.uqac.ca\/uqactualites\/author\/bap\/"}]}},"_links":{"self":[{"href":"https:\/\/www.uqac.ca\/uqactualites\/wp-json\/wp\/v2\/posts\/24114"}],"collection":[{"href":"https:\/\/www.uqac.ca\/uqactualites\/wp-json\/wp\/v2\/posts"}],"about":[{"href":"https:\/\/www.uqac.ca\/uqactualites\/wp-json\/wp\/v2\/types\/post"}],"author":[{"embeddable":true,"href":"https:\/\/www.uqac.ca\/uqactualites\/wp-json\/wp\/v2\/users\/5"}],"replies":[{"embeddable":true,"href":"https:\/\/www.uqac.ca\/uqactualites\/wp-json\/wp\/v2\/comments?post=24114"}],"version-history":[{"count":0,"href":"https:\/\/www.uqac.ca\/uqactualites\/wp-json\/wp\/v2\/posts\/24114\/revisions"}],"wp:featuredmedia":[{"embeddable":true,"href":"https:\/\/www.uqac.ca\/uqactualites\/wp-json\/wp\/v2\/media\/20989"}],"wp:attachment":[{"href":"https:\/\/www.uqac.ca\/uqactualites\/wp-json\/wp\/v2\/media?parent=24114"}],"wp:term":[{"taxonomy":"category","embeddable":true,"href":"https:\/\/www.uqac.ca\/uqactualites\/wp-json\/wp\/v2\/categories?post=24114"},{"taxonomy":"post_tag","embeddable":true,"href":"https:\/\/www.uqac.ca\/uqactualites\/wp-json\/wp\/v2\/tags?post=24114"}],"curies":[{"name":"wp","href":"https:\/\/api.w.org\/{rel}","templated":true}]}}