{"id":24117,"date":"2013-04-29T15:07:05","date_gmt":"2013-04-29T19:07:05","guid":{"rendered":"http:\/\/uqactualite.odev.ca\/?p=24117"},"modified":"2013-04-29T15:07:05","modified_gmt":"2013-04-29T19:07:05","slug":"luqac-presente-son-7e-colloque-en-sciences-infirmieres","status":"publish","type":"post","link":"https:\/\/www.uqac.ca\/uqactualites\/2013\/04\/29\/luqac-presente-son-7e-colloque-en-sciences-infirmieres\/","title":{"rendered":"L\u2019UQAC pr\u00e9sente son 7e Colloque en sciences infirmi\u00e8res"},"content":{"rendered":"<p style=\"text-align: justify\"><b>Saguenay, le 29 avril 2013<\/b> \u2013 Le 7<sup>e<\/sup> Colloque en sciences infirmi\u00e8res de l&rsquo;UQAC se tiendra le mercredi 1<sup>er<\/sup> mai prochain \u00e0 l\u2019H\u00f4tel Delta de Jonqui\u00e8re. L\u2019\u00e9v\u00e9nement, mis sur pied par l\u2019\u00e9quipe du Module des sciences infirmi\u00e8res et de la sant\u00e9, de concert avec le Centre du savoir sur mesure (CESAM), se d\u00e9roulera sous le th\u00e8me \u00ab\u00a0De la th\u00e9orie \u00e0 la pratique\u2026 un rendez-vous pour le partage des savoirs\u00a0\u00bb et r\u00e9unira plus de 300 participantes en provenance du secteur des sciences infirmi\u00e8res et issues principalement de la r\u00e9gion et de la C\u00f4te-Nord.<\/p>\n<p style=\"text-align: justify\">Cette 7<sup>e<\/sup> \u00e9dition du Colloque en sciences infirmi\u00e8res se veut une occasion d\u2019\u00e9changer avec des conf\u00e9renciers et des animateurs d\u2019ateliers qui font \u00e9tat de diff\u00e9rentes connaissances acquises par l\u2019\u00e9tude th\u00e9orique et pratique. Il s\u2019agit d\u2019une journ\u00e9e privil\u00e9gi\u00e9e qui vise notamment \u00e0 intensifier les collaborations de recherche et \u00e0 enrichir le partenariat entre le milieu clinique et la communaut\u00e9 universitaire. Le colloque a aussi pour objectifs de cr\u00e9er un espace de partage en d\u00e9veloppant des alliances avec les intervenants du milieu et de d\u00e9montrer les retomb\u00e9es de la recherche en milieu clinique.<\/p>\n<p style=\"text-align: justify\">Le colloque accueillera plusieurs conf\u00e9renciers de prestige, qui entretiendront les participantes de sujets allant de l\u2019organisation des \u00e9quipes de travail \u00e0 la recherche des \u00e9l\u00e9ments organisationnels qui affectent la qualit\u00e9 de l\u2019exercice infirmier et les r\u00e9sultats chez les patients. Huit ateliers sont \u00e9galement pr\u00e9vus \u00e0 l\u2019horaire du colloque.<\/p>\n<p style=\"text-align: justify\"><b>Inscription<\/b><\/p>\n<p style=\"text-align: justify\">Toute personne int\u00e9ress\u00e9e par les sciences infirmi\u00e8res, qu\u2019elle soit clinicienne, chercheuse, professeure ou \u00e9tudiante, est invit\u00e9e \u00e0 participer au colloque. Il est \u00e0 noter que la participation \u00e0 cette activit\u00e9 accorde 0,7 UEC, \u00e9quivalant \u00e0 7 heures de formation continue accr\u00e9dit\u00e9e.<\/p>\n<p style=\"text-align: justify\">Inscrivez-vous sur le site Web du CESAM au <span style=\"color: #5a7411\"><b><a href=\"http:\/\/cesam.uqac.ca\/formations\/#5\" target=\"_blank\" rel=\"noopener\"><span style=\"color: #5a7411\">cesam.uqac.ca\/formations\/#5<\/span><\/a><\/b><\/span> ou sur les lieux m\u00eames du congr\u00e8s. Bienvenue \u00e0 toutes et \u00e0 tous!<\/p>\n<p style=\"text-align: center\">&#8211; 30 &#8211;<\/p>\n<p style=\"text-align: justify\"><strong>Source :<\/strong><br \/>\nJos\u00e9e Bourassa, agente d\u2019information<br \/>\nBureau des affaires publiques<br \/>\nUniversit\u00e9 du Qu\u00e9bec \u00e0 Chicoutimi<br \/>\n418 545-5011, poste 2274\u00a0 \u25aa\u00a0 <span style=\"color: #5a7411\"><a href=\"mailto:josee_bourassa@uqac.ca\"><span style=\"color: #5a7411\">josee_bourassa@uqac.ca<\/span><\/a><\/span><\/p>\n<p style=\"text-align: justify\"><strong>Renseignements :<\/strong><br \/>\nCarole Dionne, professeure et pr\u00e9sidente du comit\u00e9 organisateur 2013<br \/>\nD\u00e9partement des sciences de la sant\u00e9<br \/>\nUniversit\u00e9 du Qu\u00e9bec \u00e0 Chicoutimi<br \/>\n418 545-5011, poste 5285\u00a0 \u25aa\u00a0 <span style=\"color: #5a7411\"><a href=\"mailto:carole_dionne@uqac.ca\"><span style=\"color: #5a7411\">carole_dionne@uqac.ca<\/span><\/a><\/span><\/p>\n","protected":false},"excerpt":{"rendered":"<p>Saguenay, le 29 avril 2013 \u2013 Le 7e Colloque en sciences infirmi\u00e8res de l&rsquo;UQAC se tiendra le mercredi 1er mai prochain \u00e0 l\u2019H\u00f4tel Delta de Jonqui\u00e8re. L\u2019\u00e9v\u00e9nement, mis sur pied par l\u2019\u00e9quipe du Module des sciences infirmi\u00e8res et de la sant\u00e9, de concert avec le Centre du savoir sur mesure (CESAM), se d\u00e9roulera sous le [&hellip;]<\/p>\n","protected":false},"author":5,"featured_media":20745,"comment_status":"open","ping_status":"open","sticky":false,"template":"","format":"standard","meta":{"footnotes":""},"categories":[2772],"tags":[1519,101,23,359,297,2135],"yoast_head":"<!-- This site is optimized with the Yoast SEO plugin v24.2 - https:\/\/yoast.com\/wordpress\/plugins\/seo\/ -->\r\n<title>L\u2019UQAC pr\u00e9sente son 7e Colloque en sciences infirmi\u00e8res - UQACtualit\u00e9s<\/title>\r\n<meta name=\"robots\" content=\"index, follow, max-snippet:-1, max-image-preview:large, max-video-preview:-1\" \/>\r\n<link rel=\"canonical\" href=\"https:\/\/www.uqac.ca\/uqactualites\/2013\/04\/29\/luqac-presente-son-7e-colloque-en-sciences-infirmieres\/\" \/>\r\n<meta property=\"og:locale\" content=\"fr_CA\" \/>\r\n<meta property=\"og:type\" content=\"article\" \/>\r\n<meta property=\"og:title\" content=\"L\u2019UQAC pr\u00e9sente son 7e Colloque en sciences infirmi\u00e8res - UQACtualit\u00e9s\" \/>\r\n<meta property=\"og:description\" content=\"Saguenay, le 29 avril 2013 \u2013 Le 7e Colloque en sciences infirmi\u00e8res de l&rsquo;UQAC se tiendra le mercredi 1er mai prochain \u00e0 l\u2019H\u00f4tel Delta de Jonqui\u00e8re. L\u2019\u00e9v\u00e9nement, mis sur pied par l\u2019\u00e9quipe du Module des sciences infirmi\u00e8res et de la sant\u00e9, de concert avec le Centre du savoir sur mesure (CESAM), se d\u00e9roulera sous le [&hellip;]\" \/>\r\n<meta property=\"og:url\" content=\"https:\/\/www.uqac.ca\/uqactualites\/2013\/04\/29\/luqac-presente-son-7e-colloque-en-sciences-infirmieres\/\" \/>\r\n<meta property=\"og:site_name\" content=\"UQACtualit\u00e9s\" \/>\r\n<meta property=\"article:published_time\" content=\"2013-04-29T19:07:05+00:00\" \/>\r\n<meta property=\"og:image\" content=\"https:\/\/www.uqac.ca\/uqactualites\/wp-content\/uploads\/2012\/05\/communiqu-.jpg\" \/>\r\n\t<meta property=\"og:image:width\" content=\"620\" \/>\r\n\t<meta property=\"og:image:height\" content=\"300\" \/>\r\n\t<meta property=\"og:image:type\" content=\"image\/jpeg\" \/>\r\n<meta name=\"author\" content=\"Service des communications et des relations publiques\" \/>\r\n<meta name=\"twitter:card\" content=\"summary_large_image\" \/>\r\n<meta name=\"twitter:label1\" content=\"\u00c9crit par\" \/>\n\t<meta name=\"twitter:data1\" content=\"Service des communications et des relations publiques\" \/>\n\t<meta name=\"twitter:label2\" content=\"Estimation du temps de lecture\" \/>\n\t<meta name=\"twitter:data2\" content=\"2 minutes\" \/>\r\n<script type=\"application\/ld+json\" class=\"yoast-schema-graph\">{\"@context\":\"https:\/\/schema.org\",\"@graph\":[{\"@type\":\"WebPage\",\"@id\":\"https:\/\/www.uqac.ca\/uqactualites\/2013\/04\/29\/luqac-presente-son-7e-colloque-en-sciences-infirmieres\/\",\"url\":\"https:\/\/www.uqac.ca\/uqactualites\/2013\/04\/29\/luqac-presente-son-7e-colloque-en-sciences-infirmieres\/\",\"name\":\"L\u2019UQAC pr\u00e9sente son 7e Colloque en sciences infirmi\u00e8res - UQACtualit\u00e9s\",\"isPartOf\":{\"@id\":\"https:\/\/www.uqac.ca\/uqactualites\/#website\"},\"primaryImageOfPage\":{\"@id\":\"https:\/\/www.uqac.ca\/uqactualites\/2013\/04\/29\/luqac-presente-son-7e-colloque-en-sciences-infirmieres\/#primaryimage\"},\"image\":{\"@id\":\"https:\/\/www.uqac.ca\/uqactualites\/2013\/04\/29\/luqac-presente-son-7e-colloque-en-sciences-infirmieres\/#primaryimage\"},\"thumbnailUrl\":\"https:\/\/www.uqac.ca\/uqactualites\/wp-content\/uploads\/2012\/05\/communiqu-.jpg\",\"datePublished\":\"2013-04-29T19:07:05+00:00\",\"dateModified\":\"2013-04-29T19:07:05+00:00\",\"author\":{\"@id\":\"https:\/\/www.uqac.ca\/uqactualites\/#\/schema\/person\/366c45a0c4f0e677b41b4af5886e2018\"},\"breadcrumb\":{\"@id\":\"https:\/\/www.uqac.ca\/uqactualites\/2013\/04\/29\/luqac-presente-son-7e-colloque-en-sciences-infirmieres\/#breadcrumb\"},\"inLanguage\":\"fr-CA\",\"potentialAction\":[{\"@type\":\"ReadAction\",\"target\":[\"https:\/\/www.uqac.ca\/uqactualites\/2013\/04\/29\/luqac-presente-son-7e-colloque-en-sciences-infirmieres\/\"]}]},{\"@type\":\"ImageObject\",\"inLanguage\":\"fr-CA\",\"@id\":\"https:\/\/www.uqac.ca\/uqactualites\/2013\/04\/29\/luqac-presente-son-7e-colloque-en-sciences-infirmieres\/#primaryimage\",\"url\":\"https:\/\/www.uqac.ca\/uqactualites\/wp-content\/uploads\/2012\/05\/communiqu-.jpg\",\"contentUrl\":\"https:\/\/www.uqac.ca\/uqactualites\/wp-content\/uploads\/2012\/05\/communiqu-.jpg\",\"width\":620,\"height\":300},{\"@type\":\"BreadcrumbList\",\"@id\":\"https:\/\/www.uqac.ca\/uqactualites\/2013\/04\/29\/luqac-presente-son-7e-colloque-en-sciences-infirmieres\/#breadcrumb\",\"itemListElement\":[{\"@type\":\"ListItem\",\"position\":1,\"name\":\"Home\",\"item\":\"https:\/\/www.uqac.ca\/uqactualites\/\"},{\"@type\":\"ListItem\",\"position\":2,\"name\":\"L\u2019UQAC pr\u00e9sente son 7e Colloque en sciences infirmi\u00e8res\"}]},{\"@type\":\"WebSite\",\"@id\":\"https:\/\/www.uqac.ca\/uqactualites\/#website\",\"url\":\"https:\/\/www.uqac.ca\/uqactualites\/\",\"name\":\"UQACtualit\u00e9s\",\"description\":\"Le portail des nouvelles de l&#039;UQAC\",\"potentialAction\":[{\"@type\":\"SearchAction\",\"target\":{\"@type\":\"EntryPoint\",\"urlTemplate\":\"https:\/\/www.uqac.ca\/uqactualites\/?s={search_term_string}\"},\"query-input\":{\"@type\":\"PropertyValueSpecification\",\"valueRequired\":true,\"valueName\":\"search_term_string\"}}],\"inLanguage\":\"fr-CA\"},{\"@type\":\"Person\",\"@id\":\"https:\/\/www.uqac.ca\/uqactualites\/#\/schema\/person\/366c45a0c4f0e677b41b4af5886e2018\",\"name\":\"Service des communications et des relations publiques\",\"image\":{\"@type\":\"ImageObject\",\"inLanguage\":\"fr-CA\",\"@id\":\"https:\/\/www.uqac.ca\/uqactualites\/#\/schema\/person\/image\/\",\"url\":\"https:\/\/secure.gravatar.com\/avatar\/20fbbda8a292f59f2d3461a5b999c00b?s=96&d=mm&r=g\",\"contentUrl\":\"https:\/\/secure.gravatar.com\/avatar\/20fbbda8a292f59f2d3461a5b999c00b?s=96&d=mm&r=g\",\"caption\":\"Service des communications et des relations publiques\"},\"url\":\"https:\/\/www.uqac.ca\/uqactualites\/author\/bap\/\"}]}<\/script>\r\n<!-- \/ Yoast SEO plugin. -->","yoast_head_json":{"title":"L\u2019UQAC pr\u00e9sente son 7e Colloque en sciences infirmi\u00e8res - UQACtualit\u00e9s","robots":{"index":"index","follow":"follow","max-snippet":"max-snippet:-1","max-image-preview":"max-image-preview:large","max-video-preview":"max-video-preview:-1"},"canonical":"https:\/\/www.uqac.ca\/uqactualites\/2013\/04\/29\/luqac-presente-son-7e-colloque-en-sciences-infirmieres\/","og_locale":"fr_CA","og_type":"article","og_title":"L\u2019UQAC pr\u00e9sente son 7e Colloque en sciences infirmi\u00e8res - UQACtualit\u00e9s","og_description":"Saguenay, le 29 avril 2013 \u2013 Le 7e Colloque en sciences infirmi\u00e8res de l&rsquo;UQAC se tiendra le mercredi 1er mai prochain \u00e0 l\u2019H\u00f4tel Delta de Jonqui\u00e8re. L\u2019\u00e9v\u00e9nement, mis sur pied par l\u2019\u00e9quipe du Module des sciences infirmi\u00e8res et de la sant\u00e9, de concert avec le Centre du savoir sur mesure (CESAM), se d\u00e9roulera sous le [&hellip;]","og_url":"https:\/\/www.uqac.ca\/uqactualites\/2013\/04\/29\/luqac-presente-son-7e-colloque-en-sciences-infirmieres\/","og_site_name":"UQACtualit\u00e9s","article_published_time":"2013-04-29T19:07:05+00:00","og_image":[{"width":620,"height":300,"url":"https:\/\/www.uqac.ca\/uqactualites\/wp-content\/uploads\/2012\/05\/communiqu-.jpg","type":"image\/jpeg"}],"author":"Service des communications et des relations publiques","twitter_card":"summary_large_image","twitter_misc":{"\u00c9crit par":"Service des communications et des relations publiques","Estimation du temps de lecture":"2 minutes"},"schema":{"@context":"https:\/\/schema.org","@graph":[{"@type":"WebPage","@id":"https:\/\/www.uqac.ca\/uqactualites\/2013\/04\/29\/luqac-presente-son-7e-colloque-en-sciences-infirmieres\/","url":"https:\/\/www.uqac.ca\/uqactualites\/2013\/04\/29\/luqac-presente-son-7e-colloque-en-sciences-infirmieres\/","name":"L\u2019UQAC pr\u00e9sente son 7e Colloque en sciences infirmi\u00e8res - UQACtualit\u00e9s","isPartOf":{"@id":"https:\/\/www.uqac.ca\/uqactualites\/#website"},"primaryImageOfPage":{"@id":"https:\/\/www.uqac.ca\/uqactualites\/2013\/04\/29\/luqac-presente-son-7e-colloque-en-sciences-infirmieres\/#primaryimage"},"image":{"@id":"https:\/\/www.uqac.ca\/uqactualites\/2013\/04\/29\/luqac-presente-son-7e-colloque-en-sciences-infirmieres\/#primaryimage"},"thumbnailUrl":"https:\/\/www.uqac.ca\/uqactualites\/wp-content\/uploads\/2012\/05\/communiqu-.jpg","datePublished":"2013-04-29T19:07:05+00:00","dateModified":"2013-04-29T19:07:05+00:00","author":{"@id":"https:\/\/www.uqac.ca\/uqactualites\/#\/schema\/person\/366c45a0c4f0e677b41b4af5886e2018"},"breadcrumb":{"@id":"https:\/\/www.uqac.ca\/uqactualites\/2013\/04\/29\/luqac-presente-son-7e-colloque-en-sciences-infirmieres\/#breadcrumb"},"inLanguage":"fr-CA","potentialAction":[{"@type":"ReadAction","target":["https:\/\/www.uqac.ca\/uqactualites\/2013\/04\/29\/luqac-presente-son-7e-colloque-en-sciences-infirmieres\/"]}]},{"@type":"ImageObject","inLanguage":"fr-CA","@id":"https:\/\/www.uqac.ca\/uqactualites\/2013\/04\/29\/luqac-presente-son-7e-colloque-en-sciences-infirmieres\/#primaryimage","url":"https:\/\/www.uqac.ca\/uqactualites\/wp-content\/uploads\/2012\/05\/communiqu-.jpg","contentUrl":"https:\/\/www.uqac.ca\/uqactualites\/wp-content\/uploads\/2012\/05\/communiqu-.jpg","width":620,"height":300},{"@type":"BreadcrumbList","@id":"https:\/\/www.uqac.ca\/uqactualites\/2013\/04\/29\/luqac-presente-son-7e-colloque-en-sciences-infirmieres\/#breadcrumb","itemListElement":[{"@type":"ListItem","position":1,"name":"Home","item":"https:\/\/www.uqac.ca\/uqactualites\/"},{"@type":"ListItem","position":2,"name":"L\u2019UQAC pr\u00e9sente son 7e Colloque en sciences infirmi\u00e8res"}]},{"@type":"WebSite","@id":"https:\/\/www.uqac.ca\/uqactualites\/#website","url":"https:\/\/www.uqac.ca\/uqactualites\/","name":"UQACtualit\u00e9s","description":"Le portail des nouvelles de l&#039;UQAC","potentialAction":[{"@type":"SearchAction","target":{"@type":"EntryPoint","urlTemplate":"https:\/\/www.uqac.ca\/uqactualites\/?s={search_term_string}"},"query-input":{"@type":"PropertyValueSpecification","valueRequired":true,"valueName":"search_term_string"}}],"inLanguage":"fr-CA"},{"@type":"Person","@id":"https:\/\/www.uqac.ca\/uqactualites\/#\/schema\/person\/366c45a0c4f0e677b41b4af5886e2018","name":"Service des communications et des relations publiques","image":{"@type":"ImageObject","inLanguage":"fr-CA","@id":"https:\/\/www.uqac.ca\/uqactualites\/#\/schema\/person\/image\/","url":"https:\/\/secure.gravatar.com\/avatar\/20fbbda8a292f59f2d3461a5b999c00b?s=96&d=mm&r=g","contentUrl":"https:\/\/secure.gravatar.com\/avatar\/20fbbda8a292f59f2d3461a5b999c00b?s=96&d=mm&r=g","caption":"Service des communications et des relations publiques"},"url":"https:\/\/www.uqac.ca\/uqactualites\/author\/bap\/"}]}},"_links":{"self":[{"href":"https:\/\/www.uqac.ca\/uqactualites\/wp-json\/wp\/v2\/posts\/24117"}],"collection":[{"href":"https:\/\/www.uqac.ca\/uqactualites\/wp-json\/wp\/v2\/posts"}],"about":[{"href":"https:\/\/www.uqac.ca\/uqactualites\/wp-json\/wp\/v2\/types\/post"}],"author":[{"embeddable":true,"href":"https:\/\/www.uqac.ca\/uqactualites\/wp-json\/wp\/v2\/users\/5"}],"replies":[{"embeddable":true,"href":"https:\/\/www.uqac.ca\/uqactualites\/wp-json\/wp\/v2\/comments?post=24117"}],"version-history":[{"count":0,"href":"https:\/\/www.uqac.ca\/uqactualites\/wp-json\/wp\/v2\/posts\/24117\/revisions"}],"wp:featuredmedia":[{"embeddable":true,"href":"https:\/\/www.uqac.ca\/uqactualites\/wp-json\/wp\/v2\/media\/20745"}],"wp:attachment":[{"href":"https:\/\/www.uqac.ca\/uqactualites\/wp-json\/wp\/v2\/media?parent=24117"}],"wp:term":[{"taxonomy":"category","embeddable":true,"href":"https:\/\/www.uqac.ca\/uqactualites\/wp-json\/wp\/v2\/categories?post=24117"},{"taxonomy":"post_tag","embeddable":true,"href":"https:\/\/www.uqac.ca\/uqactualites\/wp-json\/wp\/v2\/tags?post=24117"}],"curies":[{"name":"wp","href":"https:\/\/api.w.org\/{rel}","templated":true}]}}