{"id":24120,"date":"2013-04-30T08:51:41","date_gmt":"2013-04-30T12:51:41","guid":{"rendered":"http:\/\/uqactualite.odev.ca\/?p=24120"},"modified":"2013-04-30T08:51:41","modified_gmt":"2013-04-30T12:51:41","slug":"revue-diversitates-appels-de-contributions","status":"publish","type":"post","link":"https:\/\/www.uqac.ca\/uqactualites\/2013\/04\/30\/revue-diversitates-appels-de-contributions\/","title":{"rendered":"Revue Diversitates : appels de contributions"},"content":{"rendered":"<p style=\"text-align: justify\">Les chercheurs et chercheuses de l\u2019UQAC sont invit\u00e9s \u00e0 soumettre leurs articles scientifiques aupr\u00e8s de la revue <i>Diversitates<\/i>, une publication br\u00e9silienne internationale et interdisciplinaire sp\u00e9cialis\u00e9e dans les domaines de l\u2019inclusion sociale, de la coop\u00e9ration internationale et des politiques publiques pour le d\u00e9veloppement. Elle publie d\u2019ailleurs des textes en portugais, en anglais et en fran\u00e7ais.<\/p>\n<p style=\"text-align: justify\">Les articles doivent \u00eatre envoy\u00e9s au plus tard le <b>30 mai prochain<\/b> au <span style=\"color: #5a7411\"><a href=\"mailto:revista.diversitates@gmail.com\"><span style=\"color: #5a7411\"><b>revista.diversitates@gmail.com<\/b><\/span><\/a><\/span>.<br \/>\nIls devront \u00eatre achemin\u00e9s sans aucune identification de l\u2019auteur, qui devra faire parvenir dans un fichier s\u00e9par\u00e9 les informations suivantes\u00a0: le nom complet de l\u2019auteur, son titre et son universit\u00e9 d\u2019attache.<\/p>\n<p style=\"text-align: justify\">Les r\u00e8gles de mise en page peuvent \u00eatre v\u00e9rifi\u00e9es \u00e0 l\u2019adresse suivante\u00a0:<br \/>\n<span style=\"color: #5a7411\"><a href=\"http:\/\/diversitates.wordpress.com\/notes-for-contribution\" target=\"_blank\" rel=\"noopener\"><span style=\"color: #5a7411\"><b>diversitates.wordpress.com\/notes-for-contribution<\/b><\/span><\/a><\/span>.<\/p>\n<p style=\"text-align: justify\">Pour plus de d\u00e9tails, consultez le site Web de la revue au <span style=\"color: #5a7411\"><a href=\"http:\/\/diversitates.wordpress.com\" target=\"_blank\" rel=\"noopener\"><span style=\"color: #5a7411\"><b>diversitates.wordpress.com<\/b><\/span><\/a><\/span>.<\/p>\n<p style=\"text-align: justify\"><b><br \/>\nRenseignements\u00a0:<\/b><br \/>\nDenis Bellemare, professeur<br \/>\nD\u00e9partement des arts et lettres<br \/>\nUniversit\u00e9 du Qu\u00e9bec \u00e0 Chicoutimi<br \/>\n418 545-5011, poste\u00a05535\u00a0 \u25aa\u00a0 <span style=\"color: #5a7411\"><a href=\"mailto:denis_bellemare@uqac.ca\"><span style=\"color: #5a7411\">denis_bellemare@uqac.ca<\/span><\/a><\/span><\/p>\n","protected":false},"excerpt":{"rendered":"<p>Les chercheurs et chercheuses de l\u2019UQAC sont invit\u00e9s \u00e0 soumettre leurs articles scientifiques aupr\u00e8s de la revue Diversitates, une publication br\u00e9silienne internationale et interdisciplinaire sp\u00e9cialis\u00e9e dans les domaines de l\u2019inclusion sociale, de la coop\u00e9ration internationale et des politiques publiques pour le d\u00e9veloppement. Elle publie d\u2019ailleurs des textes en portugais, en anglais et en fran\u00e7ais. Les [&hellip;]<\/p>\n","protected":false},"author":5,"featured_media":20989,"comment_status":"closed","ping_status":"open","sticky":false,"template":"","format":"standard","meta":{"footnotes":""},"categories":[2772],"tags":[1263,1062,2136,2137,1060,68],"yoast_head":"<!-- This site is optimized with the Yoast SEO plugin v24.2 - https:\/\/yoast.com\/wordpress\/plugins\/seo\/ -->\r\n<title>Revue Diversitates : appels de contributions - UQACtualit\u00e9s<\/title>\r\n<meta name=\"robots\" content=\"index, follow, max-snippet:-1, max-image-preview:large, max-video-preview:-1\" \/>\r\n<link rel=\"canonical\" href=\"https:\/\/www.uqac.ca\/uqactualites\/2013\/04\/30\/revue-diversitates-appels-de-contributions\/\" \/>\r\n<meta property=\"og:locale\" content=\"fr_CA\" \/>\r\n<meta property=\"og:type\" content=\"article\" \/>\r\n<meta property=\"og:title\" content=\"Revue Diversitates : appels de contributions - UQACtualit\u00e9s\" \/>\r\n<meta property=\"og:description\" content=\"Les chercheurs et chercheuses de l\u2019UQAC sont invit\u00e9s \u00e0 soumettre leurs articles scientifiques aupr\u00e8s de la revue Diversitates, une publication br\u00e9silienne internationale et interdisciplinaire sp\u00e9cialis\u00e9e dans les domaines de l\u2019inclusion sociale, de la coop\u00e9ration internationale et des politiques publiques pour le d\u00e9veloppement. Elle publie d\u2019ailleurs des textes en portugais, en anglais et en fran\u00e7ais. Les [&hellip;]\" \/>\r\n<meta property=\"og:url\" content=\"https:\/\/www.uqac.ca\/uqactualites\/2013\/04\/30\/revue-diversitates-appels-de-contributions\/\" \/>\r\n<meta property=\"og:site_name\" content=\"UQACtualit\u00e9s\" \/>\r\n<meta property=\"article:published_time\" content=\"2013-04-30T12:51:41+00:00\" \/>\r\n<meta property=\"og:image\" content=\"https:\/\/www.uqac.ca\/uqactualites\/wp-content\/uploads\/2012\/05\/avis-laCommunaut-.jpg\" \/>\r\n\t<meta property=\"og:image:width\" content=\"620\" \/>\r\n\t<meta property=\"og:image:height\" content=\"300\" \/>\r\n\t<meta property=\"og:image:type\" content=\"image\/jpeg\" \/>\r\n<meta name=\"author\" content=\"Service des communications et des relations publiques\" \/>\r\n<meta name=\"twitter:card\" content=\"summary_large_image\" \/>\r\n<meta name=\"twitter:label1\" content=\"\u00c9crit par\" \/>\n\t<meta name=\"twitter:data1\" content=\"Service des communications et des relations publiques\" \/>\n\t<meta name=\"twitter:label2\" content=\"Estimation du temps de lecture\" \/>\n\t<meta name=\"twitter:data2\" content=\"1 minute\" \/>\r\n<script type=\"application\/ld+json\" class=\"yoast-schema-graph\">{\"@context\":\"https:\/\/schema.org\",\"@graph\":[{\"@type\":\"WebPage\",\"@id\":\"https:\/\/www.uqac.ca\/uqactualites\/2013\/04\/30\/revue-diversitates-appels-de-contributions\/\",\"url\":\"https:\/\/www.uqac.ca\/uqactualites\/2013\/04\/30\/revue-diversitates-appels-de-contributions\/\",\"name\":\"Revue Diversitates : appels de contributions - UQACtualit\u00e9s\",\"isPartOf\":{\"@id\":\"https:\/\/www.uqac.ca\/uqactualites\/#website\"},\"primaryImageOfPage\":{\"@id\":\"https:\/\/www.uqac.ca\/uqactualites\/2013\/04\/30\/revue-diversitates-appels-de-contributions\/#primaryimage\"},\"image\":{\"@id\":\"https:\/\/www.uqac.ca\/uqactualites\/2013\/04\/30\/revue-diversitates-appels-de-contributions\/#primaryimage\"},\"thumbnailUrl\":\"https:\/\/www.uqac.ca\/uqactualites\/wp-content\/uploads\/2012\/05\/avis-laCommunaut-.jpg\",\"datePublished\":\"2013-04-30T12:51:41+00:00\",\"dateModified\":\"2013-04-30T12:51:41+00:00\",\"author\":{\"@id\":\"https:\/\/www.uqac.ca\/uqactualites\/#\/schema\/person\/366c45a0c4f0e677b41b4af5886e2018\"},\"breadcrumb\":{\"@id\":\"https:\/\/www.uqac.ca\/uqactualites\/2013\/04\/30\/revue-diversitates-appels-de-contributions\/#breadcrumb\"},\"inLanguage\":\"fr-CA\",\"potentialAction\":[{\"@type\":\"ReadAction\",\"target\":[\"https:\/\/www.uqac.ca\/uqactualites\/2013\/04\/30\/revue-diversitates-appels-de-contributions\/\"]}]},{\"@type\":\"ImageObject\",\"inLanguage\":\"fr-CA\",\"@id\":\"https:\/\/www.uqac.ca\/uqactualites\/2013\/04\/30\/revue-diversitates-appels-de-contributions\/#primaryimage\",\"url\":\"https:\/\/www.uqac.ca\/uqactualites\/wp-content\/uploads\/2012\/05\/avis-laCommunaut-.jpg\",\"contentUrl\":\"https:\/\/www.uqac.ca\/uqactualites\/wp-content\/uploads\/2012\/05\/avis-laCommunaut-.jpg\",\"width\":620,\"height\":300},{\"@type\":\"BreadcrumbList\",\"@id\":\"https:\/\/www.uqac.ca\/uqactualites\/2013\/04\/30\/revue-diversitates-appels-de-contributions\/#breadcrumb\",\"itemListElement\":[{\"@type\":\"ListItem\",\"position\":1,\"name\":\"Home\",\"item\":\"https:\/\/www.uqac.ca\/uqactualites\/\"},{\"@type\":\"ListItem\",\"position\":2,\"name\":\"Revue Diversitates : appels de contributions\"}]},{\"@type\":\"WebSite\",\"@id\":\"https:\/\/www.uqac.ca\/uqactualites\/#website\",\"url\":\"https:\/\/www.uqac.ca\/uqactualites\/\",\"name\":\"UQACtualit\u00e9s\",\"description\":\"Le portail des nouvelles de l&#039;UQAC\",\"potentialAction\":[{\"@type\":\"SearchAction\",\"target\":{\"@type\":\"EntryPoint\",\"urlTemplate\":\"https:\/\/www.uqac.ca\/uqactualites\/?s={search_term_string}\"},\"query-input\":{\"@type\":\"PropertyValueSpecification\",\"valueRequired\":true,\"valueName\":\"search_term_string\"}}],\"inLanguage\":\"fr-CA\"},{\"@type\":\"Person\",\"@id\":\"https:\/\/www.uqac.ca\/uqactualites\/#\/schema\/person\/366c45a0c4f0e677b41b4af5886e2018\",\"name\":\"Service des communications et des relations publiques\",\"image\":{\"@type\":\"ImageObject\",\"inLanguage\":\"fr-CA\",\"@id\":\"https:\/\/www.uqac.ca\/uqactualites\/#\/schema\/person\/image\/\",\"url\":\"https:\/\/secure.gravatar.com\/avatar\/20fbbda8a292f59f2d3461a5b999c00b?s=96&d=mm&r=g\",\"contentUrl\":\"https:\/\/secure.gravatar.com\/avatar\/20fbbda8a292f59f2d3461a5b999c00b?s=96&d=mm&r=g\",\"caption\":\"Service des communications et des relations publiques\"},\"url\":\"https:\/\/www.uqac.ca\/uqactualites\/author\/bap\/\"}]}<\/script>\r\n<!-- \/ Yoast SEO plugin. -->","yoast_head_json":{"title":"Revue Diversitates : appels de contributions - UQACtualit\u00e9s","robots":{"index":"index","follow":"follow","max-snippet":"max-snippet:-1","max-image-preview":"max-image-preview:large","max-video-preview":"max-video-preview:-1"},"canonical":"https:\/\/www.uqac.ca\/uqactualites\/2013\/04\/30\/revue-diversitates-appels-de-contributions\/","og_locale":"fr_CA","og_type":"article","og_title":"Revue Diversitates : appels de contributions - UQACtualit\u00e9s","og_description":"Les chercheurs et chercheuses de l\u2019UQAC sont invit\u00e9s \u00e0 soumettre leurs articles scientifiques aupr\u00e8s de la revue Diversitates, une publication br\u00e9silienne internationale et interdisciplinaire sp\u00e9cialis\u00e9e dans les domaines de l\u2019inclusion sociale, de la coop\u00e9ration internationale et des politiques publiques pour le d\u00e9veloppement. Elle publie d\u2019ailleurs des textes en portugais, en anglais et en fran\u00e7ais. Les [&hellip;]","og_url":"https:\/\/www.uqac.ca\/uqactualites\/2013\/04\/30\/revue-diversitates-appels-de-contributions\/","og_site_name":"UQACtualit\u00e9s","article_published_time":"2013-04-30T12:51:41+00:00","og_image":[{"width":620,"height":300,"url":"https:\/\/www.uqac.ca\/uqactualites\/wp-content\/uploads\/2012\/05\/avis-laCommunaut-.jpg","type":"image\/jpeg"}],"author":"Service des communications et des relations publiques","twitter_card":"summary_large_image","twitter_misc":{"\u00c9crit par":"Service des communications et des relations publiques","Estimation du temps de lecture":"1 minute"},"schema":{"@context":"https:\/\/schema.org","@graph":[{"@type":"WebPage","@id":"https:\/\/www.uqac.ca\/uqactualites\/2013\/04\/30\/revue-diversitates-appels-de-contributions\/","url":"https:\/\/www.uqac.ca\/uqactualites\/2013\/04\/30\/revue-diversitates-appels-de-contributions\/","name":"Revue Diversitates : appels de contributions - UQACtualit\u00e9s","isPartOf":{"@id":"https:\/\/www.uqac.ca\/uqactualites\/#website"},"primaryImageOfPage":{"@id":"https:\/\/www.uqac.ca\/uqactualites\/2013\/04\/30\/revue-diversitates-appels-de-contributions\/#primaryimage"},"image":{"@id":"https:\/\/www.uqac.ca\/uqactualites\/2013\/04\/30\/revue-diversitates-appels-de-contributions\/#primaryimage"},"thumbnailUrl":"https:\/\/www.uqac.ca\/uqactualites\/wp-content\/uploads\/2012\/05\/avis-laCommunaut-.jpg","datePublished":"2013-04-30T12:51:41+00:00","dateModified":"2013-04-30T12:51:41+00:00","author":{"@id":"https:\/\/www.uqac.ca\/uqactualites\/#\/schema\/person\/366c45a0c4f0e677b41b4af5886e2018"},"breadcrumb":{"@id":"https:\/\/www.uqac.ca\/uqactualites\/2013\/04\/30\/revue-diversitates-appels-de-contributions\/#breadcrumb"},"inLanguage":"fr-CA","potentialAction":[{"@type":"ReadAction","target":["https:\/\/www.uqac.ca\/uqactualites\/2013\/04\/30\/revue-diversitates-appels-de-contributions\/"]}]},{"@type":"ImageObject","inLanguage":"fr-CA","@id":"https:\/\/www.uqac.ca\/uqactualites\/2013\/04\/30\/revue-diversitates-appels-de-contributions\/#primaryimage","url":"https:\/\/www.uqac.ca\/uqactualites\/wp-content\/uploads\/2012\/05\/avis-laCommunaut-.jpg","contentUrl":"https:\/\/www.uqac.ca\/uqactualites\/wp-content\/uploads\/2012\/05\/avis-laCommunaut-.jpg","width":620,"height":300},{"@type":"BreadcrumbList","@id":"https:\/\/www.uqac.ca\/uqactualites\/2013\/04\/30\/revue-diversitates-appels-de-contributions\/#breadcrumb","itemListElement":[{"@type":"ListItem","position":1,"name":"Home","item":"https:\/\/www.uqac.ca\/uqactualites\/"},{"@type":"ListItem","position":2,"name":"Revue Diversitates : appels de contributions"}]},{"@type":"WebSite","@id":"https:\/\/www.uqac.ca\/uqactualites\/#website","url":"https:\/\/www.uqac.ca\/uqactualites\/","name":"UQACtualit\u00e9s","description":"Le portail des nouvelles de l&#039;UQAC","potentialAction":[{"@type":"SearchAction","target":{"@type":"EntryPoint","urlTemplate":"https:\/\/www.uqac.ca\/uqactualites\/?s={search_term_string}"},"query-input":{"@type":"PropertyValueSpecification","valueRequired":true,"valueName":"search_term_string"}}],"inLanguage":"fr-CA"},{"@type":"Person","@id":"https:\/\/www.uqac.ca\/uqactualites\/#\/schema\/person\/366c45a0c4f0e677b41b4af5886e2018","name":"Service des communications et des relations publiques","image":{"@type":"ImageObject","inLanguage":"fr-CA","@id":"https:\/\/www.uqac.ca\/uqactualites\/#\/schema\/person\/image\/","url":"https:\/\/secure.gravatar.com\/avatar\/20fbbda8a292f59f2d3461a5b999c00b?s=96&d=mm&r=g","contentUrl":"https:\/\/secure.gravatar.com\/avatar\/20fbbda8a292f59f2d3461a5b999c00b?s=96&d=mm&r=g","caption":"Service des communications et des relations publiques"},"url":"https:\/\/www.uqac.ca\/uqactualites\/author\/bap\/"}]}},"_links":{"self":[{"href":"https:\/\/www.uqac.ca\/uqactualites\/wp-json\/wp\/v2\/posts\/24120"}],"collection":[{"href":"https:\/\/www.uqac.ca\/uqactualites\/wp-json\/wp\/v2\/posts"}],"about":[{"href":"https:\/\/www.uqac.ca\/uqactualites\/wp-json\/wp\/v2\/types\/post"}],"author":[{"embeddable":true,"href":"https:\/\/www.uqac.ca\/uqactualites\/wp-json\/wp\/v2\/users\/5"}],"replies":[{"embeddable":true,"href":"https:\/\/www.uqac.ca\/uqactualites\/wp-json\/wp\/v2\/comments?post=24120"}],"version-history":[{"count":0,"href":"https:\/\/www.uqac.ca\/uqactualites\/wp-json\/wp\/v2\/posts\/24120\/revisions"}],"wp:featuredmedia":[{"embeddable":true,"href":"https:\/\/www.uqac.ca\/uqactualites\/wp-json\/wp\/v2\/media\/20989"}],"wp:attachment":[{"href":"https:\/\/www.uqac.ca\/uqactualites\/wp-json\/wp\/v2\/media?parent=24120"}],"wp:term":[{"taxonomy":"category","embeddable":true,"href":"https:\/\/www.uqac.ca\/uqactualites\/wp-json\/wp\/v2\/categories?post=24120"},{"taxonomy":"post_tag","embeddable":true,"href":"https:\/\/www.uqac.ca\/uqactualites\/wp-json\/wp\/v2\/tags?post=24120"}],"curies":[{"name":"wp","href":"https:\/\/api.w.org\/{rel}","templated":true}]}}