{"id":24210,"date":"2013-05-03T08:49:56","date_gmt":"2013-05-03T12:49:56","guid":{"rendered":"http:\/\/uqactualite.odev.ca\/?p=24210"},"modified":"2013-05-03T08:49:56","modified_gmt":"2013-05-03T12:49:56","slug":"luqac-presente-son-7e-colloque-annuel-en-sciences-infirmieres","status":"publish","type":"post","link":"https:\/\/www.uqac.ca\/uqactualites\/2013\/05\/03\/luqac-presente-son-7e-colloque-annuel-en-sciences-infirmieres\/","title":{"rendered":"L&rsquo;UQAC pr\u00e9sente son 7e Colloque annuel en sciences infirmi\u00e8res"},"content":{"rendered":"<p style=\"text-align: justify\">Le 7<sup>e<\/sup> Colloque en sciences infirmi\u00e8res de l&rsquo;UQAC s\u2019est tenu le mercredi 1<sup>er<\/sup> mai dernier \u00e0 l\u2019H\u00f4tel Delta de Jonqui\u00e8re. L\u2019\u00e9v\u00e9nement, mis sur pied par l\u2019\u00e9quipe du Module des sciences infirmi\u00e8res et de la sant\u00e9, de concert avec le Centre du savoir sur mesure (CESAM), se d\u00e9roulait sous le th\u00e8me \u00ab\u00a0De la th\u00e9orie \u00e0 la pratique\u2026 un rendez-vous pour le partage des savoirs\u00a0\u00bb et r\u00e9unissait plus de 320 participantes en provenance du secteur des sciences infirmi\u00e8res et issues principalement de la r\u00e9gion et de la C\u00f4te-Nord.<\/p>\n<p style=\"text-align: justify\">Cette 7<sup>e<\/sup> \u00e9dition du Colloque en sciences infirmi\u00e8res se voulait une occasion d\u2019\u00e9changer avec des conf\u00e9renciers et des animateurs d\u2019ateliers qui faisaient \u00e9tat de diff\u00e9rentes connaissances acquises par l\u2019\u00e9tude th\u00e9orique et pratique. Il s\u2019agissait d\u2019une journ\u00e9e privil\u00e9gi\u00e9e qui visait notamment \u00e0 intensifier les collaborations de recherche et \u00e0 enrichir le partenariat entre le milieu clinique et la communaut\u00e9 universitaire. Le colloque avait aussi pour objectifs de cr\u00e9er un espace de partage en d\u00e9veloppant des alliances avec les intervenants du milieu et de d\u00e9montrer les retomb\u00e9es de la recherche en milieu clinique. Le colloque accueillait plusieurs conf\u00e9renciers de prestige, qui ont entretenu les participantes de sujets allant de l\u2019organisation des \u00e9quipes de travail \u00e0 la recherche des \u00e9l\u00e9ments organisationnels qui affectent la qualit\u00e9 de l\u2019exercice infirmier et les r\u00e9sultats chez les patients.<\/p>\n<p style=\"text-align: justify\">Un succ\u00e8s sur toute la ligne!<\/p>\n<p style=\"text-align: justify\"><b><br \/>\nSources\u00a0:<\/b><\/p>\n<p style=\"text-align: justify\">Carole Dionne, professeure et pr\u00e9sidente du comit\u00e9 organisateur 2013<br \/>\nD\u00e9partement des sciences de la sant\u00e9<br \/>\nUniversit\u00e9 du Qu\u00e9bec \u00e0 Chicoutimi<br \/>\n418 545-5011, poste 5285\u00a0 \u25aa\u00a0 <span style=\"color: #5a7411\"><a href=\"mailto:carole_dionne@uqac.ca\"><span style=\"color: #5a7411\">carole_dionne@uqac.ca<\/span><\/a><\/span><\/p>\n<p style=\"text-align: justify\">Bureau des affaires publiques<br \/>\nUniversit\u00e9 du Qu\u00e9bec \u00e0 Chicoutimi<br \/>\n418\u00a0545-5011, poste\u00a02350\u00a0 \u25aa\u00a0 <span style=\"color: #5a7411\"><a href=\"mailto:affaires_publiques@uqac.ca\"><span style=\"color: #5a7411\">affaires_publiques@uqac.ca<\/span><\/a><\/span><\/p>\n<p style=\"text-align: justify\"><span style=\"color: #808080\"><br \/>\n________________________________________________________________________________________<\/span><\/p>\n<p style=\"text-align: justify\"><span style=\"color: #808080\"><b>Sur la photo\u00a0:<\/b> Colloque annuel en sciences infirmi\u00e8res 2013<\/span><br \/>\n<span style=\"color: #808080\"><b>Photographe\u00a0:<\/b> Denis Blackburn, UQAC<\/span><br \/>\n<span style=\"color: #808080\">________________________________________________________________________________________<\/span><\/p>\n","protected":false},"excerpt":{"rendered":"<p>Le 7e Colloque en sciences infirmi\u00e8res de l&rsquo;UQAC s\u2019est tenu le mercredi 1er mai dernier \u00e0 l\u2019H\u00f4tel Delta de Jonqui\u00e8re. L\u2019\u00e9v\u00e9nement, mis sur pied par l\u2019\u00e9quipe du Module des sciences infirmi\u00e8res et de la sant\u00e9, de concert avec le Centre du savoir sur mesure (CESAM), se d\u00e9roulait sous le th\u00e8me \u00ab\u00a0De la th\u00e9orie \u00e0 la [&hellip;]<\/p>\n","protected":false},"author":5,"featured_media":24211,"comment_status":"open","ping_status":"open","sticky":false,"template":"","format":"standard","meta":{"footnotes":""},"categories":[2,61],"tags":[1519,101,23,1295,297],"yoast_head":"<!-- This site is optimized with the Yoast SEO plugin v24.2 - https:\/\/yoast.com\/wordpress\/plugins\/seo\/ -->\r\n<title>L&#039;UQAC pr\u00e9sente son 7e Colloque annuel en sciences infirmi\u00e8res - UQACtualit\u00e9s<\/title>\r\n<meta name=\"robots\" content=\"index, follow, max-snippet:-1, max-image-preview:large, max-video-preview:-1\" \/>\r\n<link rel=\"canonical\" href=\"https:\/\/www.uqac.ca\/uqactualites\/2013\/05\/03\/luqac-presente-son-7e-colloque-annuel-en-sciences-infirmieres\/\" \/>\r\n<meta property=\"og:locale\" content=\"fr_CA\" \/>\r\n<meta property=\"og:type\" content=\"article\" \/>\r\n<meta property=\"og:title\" content=\"L&#039;UQAC pr\u00e9sente son 7e Colloque annuel en sciences infirmi\u00e8res - UQACtualit\u00e9s\" \/>\r\n<meta property=\"og:description\" content=\"Le 7e Colloque en sciences infirmi\u00e8res de l&rsquo;UQAC s\u2019est tenu le mercredi 1er mai dernier \u00e0 l\u2019H\u00f4tel Delta de Jonqui\u00e8re. L\u2019\u00e9v\u00e9nement, mis sur pied par l\u2019\u00e9quipe du Module des sciences infirmi\u00e8res et de la sant\u00e9, de concert avec le Centre du savoir sur mesure (CESAM), se d\u00e9roulait sous le th\u00e8me \u00ab\u00a0De la th\u00e9orie \u00e0 la [&hellip;]\" \/>\r\n<meta property=\"og:url\" content=\"https:\/\/www.uqac.ca\/uqactualites\/2013\/05\/03\/luqac-presente-son-7e-colloque-annuel-en-sciences-infirmieres\/\" \/>\r\n<meta property=\"og:site_name\" content=\"UQACtualit\u00e9s\" \/>\r\n<meta property=\"article:published_time\" content=\"2013-05-03T12:49:56+00:00\" \/>\r\n<meta property=\"og:image\" content=\"https:\/\/www.uqac.ca\/uqactualites\/wp-content\/uploads\/2013\/05\/Colloque-sciences-infirmi\u00e8res-Web-\u00a9Denis-Blackburn.jpg\" \/>\r\n\t<meta property=\"og:image:width\" content=\"620\" \/>\r\n\t<meta property=\"og:image:height\" content=\"300\" \/>\r\n\t<meta property=\"og:image:type\" content=\"image\/jpeg\" \/>\r\n<meta name=\"author\" content=\"Service des communications et des relations publiques\" \/>\r\n<meta name=\"twitter:card\" content=\"summary_large_image\" \/>\r\n<meta name=\"twitter:label1\" content=\"\u00c9crit par\" \/>\n\t<meta name=\"twitter:data1\" content=\"Service des communications et des relations publiques\" \/>\n\t<meta name=\"twitter:label2\" content=\"Estimation du temps de lecture\" \/>\n\t<meta name=\"twitter:data2\" content=\"2 minutes\" \/>\r\n<script type=\"application\/ld+json\" class=\"yoast-schema-graph\">{\"@context\":\"https:\/\/schema.org\",\"@graph\":[{\"@type\":\"WebPage\",\"@id\":\"https:\/\/www.uqac.ca\/uqactualites\/2013\/05\/03\/luqac-presente-son-7e-colloque-annuel-en-sciences-infirmieres\/\",\"url\":\"https:\/\/www.uqac.ca\/uqactualites\/2013\/05\/03\/luqac-presente-son-7e-colloque-annuel-en-sciences-infirmieres\/\",\"name\":\"L'UQAC pr\u00e9sente son 7e Colloque annuel en sciences infirmi\u00e8res - UQACtualit\u00e9s\",\"isPartOf\":{\"@id\":\"https:\/\/www.uqac.ca\/uqactualites\/#website\"},\"primaryImageOfPage\":{\"@id\":\"https:\/\/www.uqac.ca\/uqactualites\/2013\/05\/03\/luqac-presente-son-7e-colloque-annuel-en-sciences-infirmieres\/#primaryimage\"},\"image\":{\"@id\":\"https:\/\/www.uqac.ca\/uqactualites\/2013\/05\/03\/luqac-presente-son-7e-colloque-annuel-en-sciences-infirmieres\/#primaryimage\"},\"thumbnailUrl\":\"https:\/\/www.uqac.ca\/uqactualites\/wp-content\/uploads\/2013\/05\/Colloque-sciences-infirmi\u00e8res-Web-\u00a9Denis-Blackburn.jpg\",\"datePublished\":\"2013-05-03T12:49:56+00:00\",\"dateModified\":\"2013-05-03T12:49:56+00:00\",\"author\":{\"@id\":\"https:\/\/www.uqac.ca\/uqactualites\/#\/schema\/person\/366c45a0c4f0e677b41b4af5886e2018\"},\"breadcrumb\":{\"@id\":\"https:\/\/www.uqac.ca\/uqactualites\/2013\/05\/03\/luqac-presente-son-7e-colloque-annuel-en-sciences-infirmieres\/#breadcrumb\"},\"inLanguage\":\"fr-CA\",\"potentialAction\":[{\"@type\":\"ReadAction\",\"target\":[\"https:\/\/www.uqac.ca\/uqactualites\/2013\/05\/03\/luqac-presente-son-7e-colloque-annuel-en-sciences-infirmieres\/\"]}]},{\"@type\":\"ImageObject\",\"inLanguage\":\"fr-CA\",\"@id\":\"https:\/\/www.uqac.ca\/uqactualites\/2013\/05\/03\/luqac-presente-son-7e-colloque-annuel-en-sciences-infirmieres\/#primaryimage\",\"url\":\"https:\/\/www.uqac.ca\/uqactualites\/wp-content\/uploads\/2013\/05\/Colloque-sciences-infirmi\u00e8res-Web-\u00a9Denis-Blackburn.jpg\",\"contentUrl\":\"https:\/\/www.uqac.ca\/uqactualites\/wp-content\/uploads\/2013\/05\/Colloque-sciences-infirmi\u00e8res-Web-\u00a9Denis-Blackburn.jpg\",\"width\":620,\"height\":300},{\"@type\":\"BreadcrumbList\",\"@id\":\"https:\/\/www.uqac.ca\/uqactualites\/2013\/05\/03\/luqac-presente-son-7e-colloque-annuel-en-sciences-infirmieres\/#breadcrumb\",\"itemListElement\":[{\"@type\":\"ListItem\",\"position\":1,\"name\":\"Home\",\"item\":\"https:\/\/www.uqac.ca\/uqactualites\/\"},{\"@type\":\"ListItem\",\"position\":2,\"name\":\"L&rsquo;UQAC pr\u00e9sente son 7e Colloque annuel en sciences infirmi\u00e8res\"}]},{\"@type\":\"WebSite\",\"@id\":\"https:\/\/www.uqac.ca\/uqactualites\/#website\",\"url\":\"https:\/\/www.uqac.ca\/uqactualites\/\",\"name\":\"UQACtualit\u00e9s\",\"description\":\"Le portail des nouvelles de l&#039;UQAC\",\"potentialAction\":[{\"@type\":\"SearchAction\",\"target\":{\"@type\":\"EntryPoint\",\"urlTemplate\":\"https:\/\/www.uqac.ca\/uqactualites\/?s={search_term_string}\"},\"query-input\":{\"@type\":\"PropertyValueSpecification\",\"valueRequired\":true,\"valueName\":\"search_term_string\"}}],\"inLanguage\":\"fr-CA\"},{\"@type\":\"Person\",\"@id\":\"https:\/\/www.uqac.ca\/uqactualites\/#\/schema\/person\/366c45a0c4f0e677b41b4af5886e2018\",\"name\":\"Service des communications et des relations publiques\",\"image\":{\"@type\":\"ImageObject\",\"inLanguage\":\"fr-CA\",\"@id\":\"https:\/\/www.uqac.ca\/uqactualites\/#\/schema\/person\/image\/\",\"url\":\"https:\/\/secure.gravatar.com\/avatar\/20fbbda8a292f59f2d3461a5b999c00b?s=96&d=mm&r=g\",\"contentUrl\":\"https:\/\/secure.gravatar.com\/avatar\/20fbbda8a292f59f2d3461a5b999c00b?s=96&d=mm&r=g\",\"caption\":\"Service des communications et des relations publiques\"},\"url\":\"https:\/\/www.uqac.ca\/uqactualites\/author\/bap\/\"}]}<\/script>\r\n<!-- \/ Yoast SEO plugin. -->","yoast_head_json":{"title":"L'UQAC pr\u00e9sente son 7e Colloque annuel en sciences infirmi\u00e8res - UQACtualit\u00e9s","robots":{"index":"index","follow":"follow","max-snippet":"max-snippet:-1","max-image-preview":"max-image-preview:large","max-video-preview":"max-video-preview:-1"},"canonical":"https:\/\/www.uqac.ca\/uqactualites\/2013\/05\/03\/luqac-presente-son-7e-colloque-annuel-en-sciences-infirmieres\/","og_locale":"fr_CA","og_type":"article","og_title":"L'UQAC pr\u00e9sente son 7e Colloque annuel en sciences infirmi\u00e8res - UQACtualit\u00e9s","og_description":"Le 7e Colloque en sciences infirmi\u00e8res de l&rsquo;UQAC s\u2019est tenu le mercredi 1er mai dernier \u00e0 l\u2019H\u00f4tel Delta de Jonqui\u00e8re. L\u2019\u00e9v\u00e9nement, mis sur pied par l\u2019\u00e9quipe du Module des sciences infirmi\u00e8res et de la sant\u00e9, de concert avec le Centre du savoir sur mesure (CESAM), se d\u00e9roulait sous le th\u00e8me \u00ab\u00a0De la th\u00e9orie \u00e0 la [&hellip;]","og_url":"https:\/\/www.uqac.ca\/uqactualites\/2013\/05\/03\/luqac-presente-son-7e-colloque-annuel-en-sciences-infirmieres\/","og_site_name":"UQACtualit\u00e9s","article_published_time":"2013-05-03T12:49:56+00:00","og_image":[{"width":620,"height":300,"url":"https:\/\/www.uqac.ca\/uqactualites\/wp-content\/uploads\/2013\/05\/Colloque-sciences-infirmi\u00e8res-Web-\u00a9Denis-Blackburn.jpg","type":"image\/jpeg"}],"author":"Service des communications et des relations publiques","twitter_card":"summary_large_image","twitter_misc":{"\u00c9crit par":"Service des communications et des relations publiques","Estimation du temps de lecture":"2 minutes"},"schema":{"@context":"https:\/\/schema.org","@graph":[{"@type":"WebPage","@id":"https:\/\/www.uqac.ca\/uqactualites\/2013\/05\/03\/luqac-presente-son-7e-colloque-annuel-en-sciences-infirmieres\/","url":"https:\/\/www.uqac.ca\/uqactualites\/2013\/05\/03\/luqac-presente-son-7e-colloque-annuel-en-sciences-infirmieres\/","name":"L'UQAC pr\u00e9sente son 7e Colloque annuel en sciences infirmi\u00e8res - UQACtualit\u00e9s","isPartOf":{"@id":"https:\/\/www.uqac.ca\/uqactualites\/#website"},"primaryImageOfPage":{"@id":"https:\/\/www.uqac.ca\/uqactualites\/2013\/05\/03\/luqac-presente-son-7e-colloque-annuel-en-sciences-infirmieres\/#primaryimage"},"image":{"@id":"https:\/\/www.uqac.ca\/uqactualites\/2013\/05\/03\/luqac-presente-son-7e-colloque-annuel-en-sciences-infirmieres\/#primaryimage"},"thumbnailUrl":"https:\/\/www.uqac.ca\/uqactualites\/wp-content\/uploads\/2013\/05\/Colloque-sciences-infirmi\u00e8res-Web-\u00a9Denis-Blackburn.jpg","datePublished":"2013-05-03T12:49:56+00:00","dateModified":"2013-05-03T12:49:56+00:00","author":{"@id":"https:\/\/www.uqac.ca\/uqactualites\/#\/schema\/person\/366c45a0c4f0e677b41b4af5886e2018"},"breadcrumb":{"@id":"https:\/\/www.uqac.ca\/uqactualites\/2013\/05\/03\/luqac-presente-son-7e-colloque-annuel-en-sciences-infirmieres\/#breadcrumb"},"inLanguage":"fr-CA","potentialAction":[{"@type":"ReadAction","target":["https:\/\/www.uqac.ca\/uqactualites\/2013\/05\/03\/luqac-presente-son-7e-colloque-annuel-en-sciences-infirmieres\/"]}]},{"@type":"ImageObject","inLanguage":"fr-CA","@id":"https:\/\/www.uqac.ca\/uqactualites\/2013\/05\/03\/luqac-presente-son-7e-colloque-annuel-en-sciences-infirmieres\/#primaryimage","url":"https:\/\/www.uqac.ca\/uqactualites\/wp-content\/uploads\/2013\/05\/Colloque-sciences-infirmi\u00e8res-Web-\u00a9Denis-Blackburn.jpg","contentUrl":"https:\/\/www.uqac.ca\/uqactualites\/wp-content\/uploads\/2013\/05\/Colloque-sciences-infirmi\u00e8res-Web-\u00a9Denis-Blackburn.jpg","width":620,"height":300},{"@type":"BreadcrumbList","@id":"https:\/\/www.uqac.ca\/uqactualites\/2013\/05\/03\/luqac-presente-son-7e-colloque-annuel-en-sciences-infirmieres\/#breadcrumb","itemListElement":[{"@type":"ListItem","position":1,"name":"Home","item":"https:\/\/www.uqac.ca\/uqactualites\/"},{"@type":"ListItem","position":2,"name":"L&rsquo;UQAC pr\u00e9sente son 7e Colloque annuel en sciences infirmi\u00e8res"}]},{"@type":"WebSite","@id":"https:\/\/www.uqac.ca\/uqactualites\/#website","url":"https:\/\/www.uqac.ca\/uqactualites\/","name":"UQACtualit\u00e9s","description":"Le portail des nouvelles de l&#039;UQAC","potentialAction":[{"@type":"SearchAction","target":{"@type":"EntryPoint","urlTemplate":"https:\/\/www.uqac.ca\/uqactualites\/?s={search_term_string}"},"query-input":{"@type":"PropertyValueSpecification","valueRequired":true,"valueName":"search_term_string"}}],"inLanguage":"fr-CA"},{"@type":"Person","@id":"https:\/\/www.uqac.ca\/uqactualites\/#\/schema\/person\/366c45a0c4f0e677b41b4af5886e2018","name":"Service des communications et des relations publiques","image":{"@type":"ImageObject","inLanguage":"fr-CA","@id":"https:\/\/www.uqac.ca\/uqactualites\/#\/schema\/person\/image\/","url":"https:\/\/secure.gravatar.com\/avatar\/20fbbda8a292f59f2d3461a5b999c00b?s=96&d=mm&r=g","contentUrl":"https:\/\/secure.gravatar.com\/avatar\/20fbbda8a292f59f2d3461a5b999c00b?s=96&d=mm&r=g","caption":"Service des communications et des relations publiques"},"url":"https:\/\/www.uqac.ca\/uqactualites\/author\/bap\/"}]}},"_links":{"self":[{"href":"https:\/\/www.uqac.ca\/uqactualites\/wp-json\/wp\/v2\/posts\/24210"}],"collection":[{"href":"https:\/\/www.uqac.ca\/uqactualites\/wp-json\/wp\/v2\/posts"}],"about":[{"href":"https:\/\/www.uqac.ca\/uqactualites\/wp-json\/wp\/v2\/types\/post"}],"author":[{"embeddable":true,"href":"https:\/\/www.uqac.ca\/uqactualites\/wp-json\/wp\/v2\/users\/5"}],"replies":[{"embeddable":true,"href":"https:\/\/www.uqac.ca\/uqactualites\/wp-json\/wp\/v2\/comments?post=24210"}],"version-history":[{"count":0,"href":"https:\/\/www.uqac.ca\/uqactualites\/wp-json\/wp\/v2\/posts\/24210\/revisions"}],"wp:featuredmedia":[{"embeddable":true,"href":"https:\/\/www.uqac.ca\/uqactualites\/wp-json\/wp\/v2\/media\/24211"}],"wp:attachment":[{"href":"https:\/\/www.uqac.ca\/uqactualites\/wp-json\/wp\/v2\/media?parent=24210"}],"wp:term":[{"taxonomy":"category","embeddable":true,"href":"https:\/\/www.uqac.ca\/uqactualites\/wp-json\/wp\/v2\/categories?post=24210"},{"taxonomy":"post_tag","embeddable":true,"href":"https:\/\/www.uqac.ca\/uqactualites\/wp-json\/wp\/v2\/tags?post=24210"}],"curies":[{"name":"wp","href":"https:\/\/api.w.org\/{rel}","templated":true}]}}