{"id":24238,"date":"2013-05-09T08:57:59","date_gmt":"2013-05-09T12:57:59","guid":{"rendered":"http:\/\/uqactualite.odev.ca\/?p=24238"},"modified":"2013-05-09T08:57:59","modified_gmt":"2013-05-09T12:57:59","slug":"thomas-levesque-recoit-une-bourse-de-50-000","status":"publish","type":"post","link":"https:\/\/www.uqac.ca\/uqactualites\/2013\/05\/09\/thomas-levesque-recoit-une-bourse-de-50-000\/","title":{"rendered":"Thomas L\u00e9vesque re\u00e7oit une bourse de 50 000 $"},"content":{"rendered":"<p style=\"text-align: justify\">\u00c9tudiant de l\u2019UQAC, Thomas L\u00e9vesque a re\u00e7u le mercredi 8 mai dernier la premi\u00e8re Bourse Pierre-P\u00e9ladeau 2013. D\u2019une valeur de 50\u00a0000\u00a0$, cette bourse lui permettra de proc\u00e9der \u00e0 l\u2019expansion de son entreprise <span style=\"color: #5a7411\"><a href=\"http:\/\/www.cellulairexpert.com\/\" target=\"_blank\" rel=\"noopener\"><span style=\"color: #5a7411\">MobileXpert<\/span><\/a><\/span>. M.\u00a0L\u00e9vesque se joint ainsi \u00e0 deux autres jeunes r\u00e9cipiendaires aux id\u00e9es novatrices, dont les projets ont \u00e9t\u00e9 consid\u00e9r\u00e9s comme les meilleurs par le jury d\u2019\u00e9valuation de cette 15<sup>e<\/sup> \u00e9dition des Bourses Pierre-P\u00e9ladeau.<\/p>\n<p style=\"text-align: justify\">R\u00e9pondant \u00e0 un besoin grandissant chez les d\u00e9tenteurs d\u2019appareils mobiles, <span style=\"color: #5a7411\"><a href=\"http:\/\/www.cellulairexpert.com\/\" target=\"_blank\" rel=\"noopener\"><span style=\"color: #5a7411\">MobileXpert<\/span><\/a><\/span> se sp\u00e9cialise dans le service de r\u00e9paration d\u2019appareils sans fil (cellulaires, tablettes, lecteurs multim\u00e9dias), tout en offrant \u00e0 sa client\u00e8le une gamme d\u2019accessoires compl\u00e9mentaires (\u00e9tuis, chargeurs, amplificateurs d\u2019antenne et autres). Pour le d\u00e9veloppement de son projet, Thomas L\u00e9vesque a b\u00e9n\u00e9fici\u00e9 de l\u2019accompagnement offert par le Centre d\u2019entrepreneuriat et d\u2019essaimage de l\u2019UQAC\u00a0: celui-ci \u00e9tait d\u2019ailleurs de la partie d\u00e8s le d\u00e9but de l\u2019aventure, du plan d\u2019affaires \u00e0 la cr\u00e9ation de l\u2019entreprise.<\/p>\n<p style=\"text-align: justify\">Toutes nos f\u00e9licitations \u00e0 Thomas L\u00e9vesque pour cette r\u00e9compense bien m\u00e9rit\u00e9e!<\/p>\n<p style=\"text-align: justify\">Pour lire le communiqu\u00e9 publi\u00e9 par Qu\u00e9becor, <span style=\"color: #5a7411\"><b><a href=\"http:\/\/quebecor.com\/fr\/comm\/les-bourses-pierre-p%C3%A9ladeau-2013-trois-jeunes-entrepreneurs-se-partagent-100-000-pour-lancer-le\" target=\"_blank\" rel=\"noopener\"><span style=\"color: #5a7411\">cliquez ici<\/span><\/a><\/b><\/span>.<\/p>\n<p style=\"text-align: justify\"><b><br \/>\nSources\u00a0:<\/b><\/p>\n<p style=\"text-align: justify\">Martin Tremblay, vice-pr\u00e9sident des affaires publiques<br \/>\nQu\u00e9becor M\u00e9dia inc.<br \/>\n514 380-1985\u00a0 \u25aa\u00a0 <span style=\"color: #5a7411\"><a href=\"mailto:martin.tremblay@quebecor.com\"><span style=\"color: #5a7411\">martin.tremblay@quebecor.com<\/span><\/a><\/span><\/p>\n<p style=\"text-align: justify\">Bureau des affaires publiques<br \/>\nUniversit\u00e9 du Qu\u00e9bec \u00e0 Chicoutimi<br \/>\n418\u00a0545-5011, poste\u00a02350\u00a0 \u25aa\u00a0 <span style=\"color: #5a7411\"><a href=\"mailto:affaires_publiques@uqac.ca\"><span style=\"color: #5a7411\">affaires_publiques@uqac.ca<\/span><\/a><\/span><\/p>\n<p style=\"text-align: justify\"><span style=\"color: #808080\">_______________________________________________________________________________________<\/span><\/p>\n<p style=\"text-align: justify\"><span style=\"color: #808080\"><b>Sur la photo, dans l\u2019ordre habituel\u00a0:<\/b> Thomas L\u00e9vesque, boursier, Pierre Laurin, membre du jury et pr\u00e9sident du conseil, Atrium Innovations, et Pierre Karl P\u00e9ladeau, pr\u00e9sident du conseil d&rsquo;administration de Qu\u00e9becor Media inc.<\/span><br \/>\n<span style=\"color: #808080\"><b>Photographe\u00a0:<\/b> Gracieuset\u00e9 Qu\u00e9becor<\/span><br \/>\n<span style=\"color: #808080\">________________________________________________________________________________________<\/span><\/p>\n","protected":false},"excerpt":{"rendered":"<p>\u00c9tudiant de l\u2019UQAC, Thomas L\u00e9vesque a re\u00e7u le mercredi 8 mai dernier la premi\u00e8re Bourse Pierre-P\u00e9ladeau 2013. D\u2019une valeur de 50\u00a0000\u00a0$, cette bourse lui permettra de proc\u00e9der \u00e0 l\u2019expansion de son entreprise MobileXpert. M.\u00a0L\u00e9vesque se joint ainsi \u00e0 deux autres jeunes r\u00e9cipiendaires aux id\u00e9es novatrices, dont les projets ont \u00e9t\u00e9 consid\u00e9r\u00e9s comme les meilleurs par [&hellip;]<\/p>\n","protected":false},"author":5,"featured_media":24239,"comment_status":"open","ping_status":"open","sticky":false,"template":"","format":"standard","meta":{"footnotes":""},"categories":[2,9],"tags":[2144,54,5,1284,2050,1950,2145],"yoast_head":"<!-- This site is optimized with the Yoast SEO plugin v24.2 - https:\/\/yoast.com\/wordpress\/plugins\/seo\/ -->\r\n<title>Thomas L\u00e9vesque re\u00e7oit une bourse de 50 000 $ - UQACtualit\u00e9s<\/title>\r\n<meta name=\"robots\" content=\"index, follow, max-snippet:-1, max-image-preview:large, max-video-preview:-1\" \/>\r\n<link rel=\"canonical\" href=\"https:\/\/www.uqac.ca\/uqactualites\/2013\/05\/09\/thomas-levesque-recoit-une-bourse-de-50-000\/\" \/>\r\n<meta property=\"og:locale\" content=\"fr_CA\" \/>\r\n<meta property=\"og:type\" content=\"article\" \/>\r\n<meta property=\"og:title\" content=\"Thomas L\u00e9vesque re\u00e7oit une bourse de 50 000 $ - UQACtualit\u00e9s\" \/>\r\n<meta property=\"og:description\" content=\"\u00c9tudiant de l\u2019UQAC, Thomas L\u00e9vesque a re\u00e7u le mercredi 8 mai dernier la premi\u00e8re Bourse Pierre-P\u00e9ladeau 2013. D\u2019une valeur de 50\u00a0000\u00a0$, cette bourse lui permettra de proc\u00e9der \u00e0 l\u2019expansion de son entreprise MobileXpert. M.\u00a0L\u00e9vesque se joint ainsi \u00e0 deux autres jeunes r\u00e9cipiendaires aux id\u00e9es novatrices, dont les projets ont \u00e9t\u00e9 consid\u00e9r\u00e9s comme les meilleurs par [&hellip;]\" \/>\r\n<meta property=\"og:url\" content=\"https:\/\/www.uqac.ca\/uqactualites\/2013\/05\/09\/thomas-levesque-recoit-une-bourse-de-50-000\/\" \/>\r\n<meta property=\"og:site_name\" content=\"UQACtualit\u00e9s\" \/>\r\n<meta property=\"article:published_time\" content=\"2013-05-09T12:57:59+00:00\" \/>\r\n<meta property=\"og:image\" content=\"https:\/\/www.uqac.ca\/uqactualites\/wp-content\/uploads\/2013\/05\/Thomas-L\u00e9vesque-Qbcor-Web.jpg\" \/>\r\n\t<meta property=\"og:image:width\" content=\"620\" \/>\r\n\t<meta property=\"og:image:height\" content=\"300\" \/>\r\n\t<meta property=\"og:image:type\" content=\"image\/jpeg\" \/>\r\n<meta name=\"author\" content=\"Service des communications et des relations publiques\" \/>\r\n<meta name=\"twitter:card\" content=\"summary_large_image\" \/>\r\n<meta name=\"twitter:label1\" content=\"\u00c9crit par\" \/>\n\t<meta name=\"twitter:data1\" content=\"Service des communications et des relations publiques\" \/>\n\t<meta name=\"twitter:label2\" content=\"Estimation du temps de lecture\" \/>\n\t<meta name=\"twitter:data2\" content=\"1 minute\" \/>\r\n<script type=\"application\/ld+json\" class=\"yoast-schema-graph\">{\"@context\":\"https:\/\/schema.org\",\"@graph\":[{\"@type\":\"WebPage\",\"@id\":\"https:\/\/www.uqac.ca\/uqactualites\/2013\/05\/09\/thomas-levesque-recoit-une-bourse-de-50-000\/\",\"url\":\"https:\/\/www.uqac.ca\/uqactualites\/2013\/05\/09\/thomas-levesque-recoit-une-bourse-de-50-000\/\",\"name\":\"Thomas L\u00e9vesque re\u00e7oit une bourse de 50 000 $ - UQACtualit\u00e9s\",\"isPartOf\":{\"@id\":\"https:\/\/www.uqac.ca\/uqactualites\/#website\"},\"primaryImageOfPage\":{\"@id\":\"https:\/\/www.uqac.ca\/uqactualites\/2013\/05\/09\/thomas-levesque-recoit-une-bourse-de-50-000\/#primaryimage\"},\"image\":{\"@id\":\"https:\/\/www.uqac.ca\/uqactualites\/2013\/05\/09\/thomas-levesque-recoit-une-bourse-de-50-000\/#primaryimage\"},\"thumbnailUrl\":\"https:\/\/www.uqac.ca\/uqactualites\/wp-content\/uploads\/2013\/05\/Thomas-L\u00e9vesque-Qbcor-Web.jpg\",\"datePublished\":\"2013-05-09T12:57:59+00:00\",\"dateModified\":\"2013-05-09T12:57:59+00:00\",\"author\":{\"@id\":\"https:\/\/www.uqac.ca\/uqactualites\/#\/schema\/person\/366c45a0c4f0e677b41b4af5886e2018\"},\"breadcrumb\":{\"@id\":\"https:\/\/www.uqac.ca\/uqactualites\/2013\/05\/09\/thomas-levesque-recoit-une-bourse-de-50-000\/#breadcrumb\"},\"inLanguage\":\"fr-CA\",\"potentialAction\":[{\"@type\":\"ReadAction\",\"target\":[\"https:\/\/www.uqac.ca\/uqactualites\/2013\/05\/09\/thomas-levesque-recoit-une-bourse-de-50-000\/\"]}]},{\"@type\":\"ImageObject\",\"inLanguage\":\"fr-CA\",\"@id\":\"https:\/\/www.uqac.ca\/uqactualites\/2013\/05\/09\/thomas-levesque-recoit-une-bourse-de-50-000\/#primaryimage\",\"url\":\"https:\/\/www.uqac.ca\/uqactualites\/wp-content\/uploads\/2013\/05\/Thomas-L\u00e9vesque-Qbcor-Web.jpg\",\"contentUrl\":\"https:\/\/www.uqac.ca\/uqactualites\/wp-content\/uploads\/2013\/05\/Thomas-L\u00e9vesque-Qbcor-Web.jpg\",\"width\":620,\"height\":300},{\"@type\":\"BreadcrumbList\",\"@id\":\"https:\/\/www.uqac.ca\/uqactualites\/2013\/05\/09\/thomas-levesque-recoit-une-bourse-de-50-000\/#breadcrumb\",\"itemListElement\":[{\"@type\":\"ListItem\",\"position\":1,\"name\":\"Home\",\"item\":\"https:\/\/www.uqac.ca\/uqactualites\/\"},{\"@type\":\"ListItem\",\"position\":2,\"name\":\"Thomas L\u00e9vesque re\u00e7oit une bourse de 50 000 $\"}]},{\"@type\":\"WebSite\",\"@id\":\"https:\/\/www.uqac.ca\/uqactualites\/#website\",\"url\":\"https:\/\/www.uqac.ca\/uqactualites\/\",\"name\":\"UQACtualit\u00e9s\",\"description\":\"Le portail des nouvelles de l&#039;UQAC\",\"potentialAction\":[{\"@type\":\"SearchAction\",\"target\":{\"@type\":\"EntryPoint\",\"urlTemplate\":\"https:\/\/www.uqac.ca\/uqactualites\/?s={search_term_string}\"},\"query-input\":{\"@type\":\"PropertyValueSpecification\",\"valueRequired\":true,\"valueName\":\"search_term_string\"}}],\"inLanguage\":\"fr-CA\"},{\"@type\":\"Person\",\"@id\":\"https:\/\/www.uqac.ca\/uqactualites\/#\/schema\/person\/366c45a0c4f0e677b41b4af5886e2018\",\"name\":\"Service des communications et des relations publiques\",\"image\":{\"@type\":\"ImageObject\",\"inLanguage\":\"fr-CA\",\"@id\":\"https:\/\/www.uqac.ca\/uqactualites\/#\/schema\/person\/image\/\",\"url\":\"https:\/\/secure.gravatar.com\/avatar\/20fbbda8a292f59f2d3461a5b999c00b?s=96&d=mm&r=g\",\"contentUrl\":\"https:\/\/secure.gravatar.com\/avatar\/20fbbda8a292f59f2d3461a5b999c00b?s=96&d=mm&r=g\",\"caption\":\"Service des communications et des relations publiques\"},\"url\":\"https:\/\/www.uqac.ca\/uqactualites\/author\/bap\/\"}]}<\/script>\r\n<!-- \/ Yoast SEO plugin. -->","yoast_head_json":{"title":"Thomas L\u00e9vesque re\u00e7oit une bourse de 50 000 $ - UQACtualit\u00e9s","robots":{"index":"index","follow":"follow","max-snippet":"max-snippet:-1","max-image-preview":"max-image-preview:large","max-video-preview":"max-video-preview:-1"},"canonical":"https:\/\/www.uqac.ca\/uqactualites\/2013\/05\/09\/thomas-levesque-recoit-une-bourse-de-50-000\/","og_locale":"fr_CA","og_type":"article","og_title":"Thomas L\u00e9vesque re\u00e7oit une bourse de 50 000 $ - UQACtualit\u00e9s","og_description":"\u00c9tudiant de l\u2019UQAC, Thomas L\u00e9vesque a re\u00e7u le mercredi 8 mai dernier la premi\u00e8re Bourse Pierre-P\u00e9ladeau 2013. D\u2019une valeur de 50\u00a0000\u00a0$, cette bourse lui permettra de proc\u00e9der \u00e0 l\u2019expansion de son entreprise MobileXpert. M.\u00a0L\u00e9vesque se joint ainsi \u00e0 deux autres jeunes r\u00e9cipiendaires aux id\u00e9es novatrices, dont les projets ont \u00e9t\u00e9 consid\u00e9r\u00e9s comme les meilleurs par [&hellip;]","og_url":"https:\/\/www.uqac.ca\/uqactualites\/2013\/05\/09\/thomas-levesque-recoit-une-bourse-de-50-000\/","og_site_name":"UQACtualit\u00e9s","article_published_time":"2013-05-09T12:57:59+00:00","og_image":[{"width":620,"height":300,"url":"https:\/\/www.uqac.ca\/uqactualites\/wp-content\/uploads\/2013\/05\/Thomas-L\u00e9vesque-Qbcor-Web.jpg","type":"image\/jpeg"}],"author":"Service des communications et des relations publiques","twitter_card":"summary_large_image","twitter_misc":{"\u00c9crit par":"Service des communications et des relations publiques","Estimation du temps de lecture":"1 minute"},"schema":{"@context":"https:\/\/schema.org","@graph":[{"@type":"WebPage","@id":"https:\/\/www.uqac.ca\/uqactualites\/2013\/05\/09\/thomas-levesque-recoit-une-bourse-de-50-000\/","url":"https:\/\/www.uqac.ca\/uqactualites\/2013\/05\/09\/thomas-levesque-recoit-une-bourse-de-50-000\/","name":"Thomas L\u00e9vesque re\u00e7oit une bourse de 50 000 $ - UQACtualit\u00e9s","isPartOf":{"@id":"https:\/\/www.uqac.ca\/uqactualites\/#website"},"primaryImageOfPage":{"@id":"https:\/\/www.uqac.ca\/uqactualites\/2013\/05\/09\/thomas-levesque-recoit-une-bourse-de-50-000\/#primaryimage"},"image":{"@id":"https:\/\/www.uqac.ca\/uqactualites\/2013\/05\/09\/thomas-levesque-recoit-une-bourse-de-50-000\/#primaryimage"},"thumbnailUrl":"https:\/\/www.uqac.ca\/uqactualites\/wp-content\/uploads\/2013\/05\/Thomas-L\u00e9vesque-Qbcor-Web.jpg","datePublished":"2013-05-09T12:57:59+00:00","dateModified":"2013-05-09T12:57:59+00:00","author":{"@id":"https:\/\/www.uqac.ca\/uqactualites\/#\/schema\/person\/366c45a0c4f0e677b41b4af5886e2018"},"breadcrumb":{"@id":"https:\/\/www.uqac.ca\/uqactualites\/2013\/05\/09\/thomas-levesque-recoit-une-bourse-de-50-000\/#breadcrumb"},"inLanguage":"fr-CA","potentialAction":[{"@type":"ReadAction","target":["https:\/\/www.uqac.ca\/uqactualites\/2013\/05\/09\/thomas-levesque-recoit-une-bourse-de-50-000\/"]}]},{"@type":"ImageObject","inLanguage":"fr-CA","@id":"https:\/\/www.uqac.ca\/uqactualites\/2013\/05\/09\/thomas-levesque-recoit-une-bourse-de-50-000\/#primaryimage","url":"https:\/\/www.uqac.ca\/uqactualites\/wp-content\/uploads\/2013\/05\/Thomas-L\u00e9vesque-Qbcor-Web.jpg","contentUrl":"https:\/\/www.uqac.ca\/uqactualites\/wp-content\/uploads\/2013\/05\/Thomas-L\u00e9vesque-Qbcor-Web.jpg","width":620,"height":300},{"@type":"BreadcrumbList","@id":"https:\/\/www.uqac.ca\/uqactualites\/2013\/05\/09\/thomas-levesque-recoit-une-bourse-de-50-000\/#breadcrumb","itemListElement":[{"@type":"ListItem","position":1,"name":"Home","item":"https:\/\/www.uqac.ca\/uqactualites\/"},{"@type":"ListItem","position":2,"name":"Thomas L\u00e9vesque re\u00e7oit une bourse de 50 000 $"}]},{"@type":"WebSite","@id":"https:\/\/www.uqac.ca\/uqactualites\/#website","url":"https:\/\/www.uqac.ca\/uqactualites\/","name":"UQACtualit\u00e9s","description":"Le portail des nouvelles de l&#039;UQAC","potentialAction":[{"@type":"SearchAction","target":{"@type":"EntryPoint","urlTemplate":"https:\/\/www.uqac.ca\/uqactualites\/?s={search_term_string}"},"query-input":{"@type":"PropertyValueSpecification","valueRequired":true,"valueName":"search_term_string"}}],"inLanguage":"fr-CA"},{"@type":"Person","@id":"https:\/\/www.uqac.ca\/uqactualites\/#\/schema\/person\/366c45a0c4f0e677b41b4af5886e2018","name":"Service des communications et des relations publiques","image":{"@type":"ImageObject","inLanguage":"fr-CA","@id":"https:\/\/www.uqac.ca\/uqactualites\/#\/schema\/person\/image\/","url":"https:\/\/secure.gravatar.com\/avatar\/20fbbda8a292f59f2d3461a5b999c00b?s=96&d=mm&r=g","contentUrl":"https:\/\/secure.gravatar.com\/avatar\/20fbbda8a292f59f2d3461a5b999c00b?s=96&d=mm&r=g","caption":"Service des communications et des relations publiques"},"url":"https:\/\/www.uqac.ca\/uqactualites\/author\/bap\/"}]}},"_links":{"self":[{"href":"https:\/\/www.uqac.ca\/uqactualites\/wp-json\/wp\/v2\/posts\/24238"}],"collection":[{"href":"https:\/\/www.uqac.ca\/uqactualites\/wp-json\/wp\/v2\/posts"}],"about":[{"href":"https:\/\/www.uqac.ca\/uqactualites\/wp-json\/wp\/v2\/types\/post"}],"author":[{"embeddable":true,"href":"https:\/\/www.uqac.ca\/uqactualites\/wp-json\/wp\/v2\/users\/5"}],"replies":[{"embeddable":true,"href":"https:\/\/www.uqac.ca\/uqactualites\/wp-json\/wp\/v2\/comments?post=24238"}],"version-history":[{"count":0,"href":"https:\/\/www.uqac.ca\/uqactualites\/wp-json\/wp\/v2\/posts\/24238\/revisions"}],"wp:featuredmedia":[{"embeddable":true,"href":"https:\/\/www.uqac.ca\/uqactualites\/wp-json\/wp\/v2\/media\/24239"}],"wp:attachment":[{"href":"https:\/\/www.uqac.ca\/uqactualites\/wp-json\/wp\/v2\/media?parent=24238"}],"wp:term":[{"taxonomy":"category","embeddable":true,"href":"https:\/\/www.uqac.ca\/uqactualites\/wp-json\/wp\/v2\/categories?post=24238"},{"taxonomy":"post_tag","embeddable":true,"href":"https:\/\/www.uqac.ca\/uqactualites\/wp-json\/wp\/v2\/tags?post=24238"}],"curies":[{"name":"wp","href":"https:\/\/api.w.org\/{rel}","templated":true}]}}