{"id":24297,"date":"2013-05-16T15:56:12","date_gmt":"2013-05-16T19:56:12","guid":{"rendered":"http:\/\/uqactualite.odev.ca\/?p=24297"},"modified":"2013-05-16T15:56:12","modified_gmt":"2013-05-16T19:56:12","slug":"le-lemgp-procede-au-lancement-dun-ouvrage-sur-la-gestion-de-projet","status":"publish","type":"post","link":"https:\/\/www.uqac.ca\/uqactualites\/2013\/05\/16\/le-lemgp-procede-au-lancement-dun-ouvrage-sur-la-gestion-de-projet\/","title":{"rendered":"Le LemGP proc\u00e8de au lancement d\u2019un ouvrage sur la gestion de projet"},"content":{"rendered":"<p style=\"text-align: justify\">Le vendredi 3 mai dernier, le Laboratoire d\u2019\u00e9tudes multidisciplinaires en gestion de projet (LemGP) de l\u2019UQAC, en collaboration avec Cegertec WorleyParsons, invitait la communaut\u00e9 universitaire \u00e0 assister au lancement du livre <i>Le manager explorateur<\/i>, de l\u2019auteur Fr\u00e9d\u00e9ric Touvard, \u00e0 l\u2019occasion d\u2019un d\u00eener-conf\u00e9rence. Une trentaine de professionnels provenant d\u2019entreprises de la r\u00e9gion ont r\u00e9pondu \u00e0 l\u2019invitation. Le LemGP \u00e9tait repr\u00e9sent\u00e9 par Julien Bousquet, professeur au D\u00e9partement des sciences \u00e9conomiques et administratives (DSEA) et responsable du Laboratoire, et Christophe Leyrie, \u00e9galement professeur au DSEA. Des \u00e9tudiants de la ma\u00eetrise en gestion de projet se sont aussi joints \u00e0 l\u2019\u00e9v\u00e9nement, qui s\u2019est av\u00e9r\u00e9 un franc succ\u00e8s. Il sera d\u2019ailleurs probablement r\u00e9it\u00e9r\u00e9 afin de permettre le maillage entre l\u2019UQAC et son milieu.<\/p>\n<p style=\"text-align: justify\"><b><br \/>\nSources\u00a0:<\/b><\/p>\n<p>Julien Bousquet, professeur et directeur de la ma\u00eetrise en gestion de projet<br \/>\nD\u00e9partement des sciences \u00e9conomiques et administratives<br \/>\nUniversit\u00e9 du Qu\u00e9bec \u00e0 Chicoutimi<br \/>\n418 545-5011, poste\u00a05664\u00a0 \u25aa\u00a0 <span style=\"color: #5a7411\"><a href=\"mailto:julien_bousquet@uqac.ca\"><span style=\"color: #5a7411\">julien_bousquet@uqac.ca<\/span><\/a><\/span><\/p>\n<p style=\"text-align: justify\">Bureau des affaires publiques<br \/>\nUniversit\u00e9 du Qu\u00e9bec \u00e0 Chicoutimi<br \/>\n418\u00a0545-5011, poste\u00a02350\u00a0 \u25aa\u00a0 <span style=\"color: #5a7411\"><a href=\"mailto:affaires_publiques@uqac.ca\"><span style=\"color: #5a7411\">affaires_publiques@uqac.ca<\/span><\/a><\/span><\/p>\n<p style=\"text-align: justify\"><span style=\"color: #808080\">________________________________________________________________________________________<\/span><\/p>\n<p style=\"text-align: justify\"><span style=\"color: #808080\"><b>Sur la photo\u00a0: <\/b>Fr\u00e9d\u00e9ric Touvard lors de la s\u00e9ance de signatures de son livre <i>Le manager explorateur<\/i>.<br \/>\n<strong>Photographe :<\/strong> \u00c9ric Castonguay<\/span><br \/>\n<span style=\"color: #808080\">________________________________________________________________________________________\u00a0<\/span><\/p>\n","protected":false},"excerpt":{"rendered":"<p>Le vendredi 3 mai dernier, le Laboratoire d\u2019\u00e9tudes multidisciplinaires en gestion de projet (LemGP) de l\u2019UQAC, en collaboration avec Cegertec WorleyParsons, invitait la communaut\u00e9 universitaire \u00e0 assister au lancement du livre Le manager explorateur, de l\u2019auteur Fr\u00e9d\u00e9ric Touvard, \u00e0 l\u2019occasion d\u2019un d\u00eener-conf\u00e9rence. Une trentaine de professionnels provenant d\u2019entreprises de la r\u00e9gion ont r\u00e9pondu \u00e0 l\u2019invitation. [&hellip;]<\/p>\n","protected":false},"author":5,"featured_media":24305,"comment_status":"open","ping_status":"open","sticky":false,"template":"","format":"standard","meta":{"footnotes":""},"categories":[2,61],"tags":[8,2133,1921,466,75,1349,2152,469,2153],"yoast_head":"<!-- This site is optimized with the Yoast SEO plugin v24.2 - https:\/\/yoast.com\/wordpress\/plugins\/seo\/ -->\r\n<title>Le LemGP proc\u00e8de au lancement d\u2019un ouvrage sur la gestion de projet - UQACtualit\u00e9s<\/title>\r\n<meta name=\"robots\" content=\"index, follow, max-snippet:-1, max-image-preview:large, max-video-preview:-1\" \/>\r\n<link rel=\"canonical\" href=\"https:\/\/www.uqac.ca\/uqactualites\/2013\/05\/16\/le-lemgp-procede-au-lancement-dun-ouvrage-sur-la-gestion-de-projet\/\" \/>\r\n<meta property=\"og:locale\" content=\"fr_CA\" \/>\r\n<meta property=\"og:type\" content=\"article\" \/>\r\n<meta property=\"og:title\" content=\"Le LemGP proc\u00e8de au lancement d\u2019un ouvrage sur la gestion de projet - UQACtualit\u00e9s\" \/>\r\n<meta property=\"og:description\" content=\"Le vendredi 3 mai dernier, le Laboratoire d\u2019\u00e9tudes multidisciplinaires en gestion de projet (LemGP) de l\u2019UQAC, en collaboration avec Cegertec WorleyParsons, invitait la communaut\u00e9 universitaire \u00e0 assister au lancement du livre Le manager explorateur, de l\u2019auteur Fr\u00e9d\u00e9ric Touvard, \u00e0 l\u2019occasion d\u2019un d\u00eener-conf\u00e9rence. Une trentaine de professionnels provenant d\u2019entreprises de la r\u00e9gion ont r\u00e9pondu \u00e0 l\u2019invitation. [&hellip;]\" \/>\r\n<meta property=\"og:url\" content=\"https:\/\/www.uqac.ca\/uqactualites\/2013\/05\/16\/le-lemgp-procede-au-lancement-dun-ouvrage-sur-la-gestion-de-projet\/\" \/>\r\n<meta property=\"og:site_name\" content=\"UQACtualit\u00e9s\" \/>\r\n<meta property=\"article:published_time\" content=\"2013-05-16T19:56:12+00:00\" \/>\r\n<meta property=\"og:image\" content=\"https:\/\/www.uqac.ca\/uqactualites\/wp-content\/uploads\/2013\/05\/Fr\u00e9d\u00e9ric-Touvard-Web-\u00a9\u00c9ric-Castonguay.jpg\" \/>\r\n\t<meta property=\"og:image:width\" content=\"620\" \/>\r\n\t<meta property=\"og:image:height\" content=\"300\" \/>\r\n\t<meta property=\"og:image:type\" content=\"image\/jpeg\" \/>\r\n<meta name=\"author\" content=\"Service des communications et des relations publiques\" \/>\r\n<meta name=\"twitter:card\" content=\"summary_large_image\" \/>\r\n<meta name=\"twitter:label1\" content=\"\u00c9crit par\" \/>\n\t<meta name=\"twitter:data1\" content=\"Service des communications et des relations publiques\" \/>\n\t<meta name=\"twitter:label2\" content=\"Estimation du temps de lecture\" \/>\n\t<meta name=\"twitter:data2\" content=\"1 minute\" \/>\r\n<script type=\"application\/ld+json\" class=\"yoast-schema-graph\">{\"@context\":\"https:\/\/schema.org\",\"@graph\":[{\"@type\":\"WebPage\",\"@id\":\"https:\/\/www.uqac.ca\/uqactualites\/2013\/05\/16\/le-lemgp-procede-au-lancement-dun-ouvrage-sur-la-gestion-de-projet\/\",\"url\":\"https:\/\/www.uqac.ca\/uqactualites\/2013\/05\/16\/le-lemgp-procede-au-lancement-dun-ouvrage-sur-la-gestion-de-projet\/\",\"name\":\"Le LemGP proc\u00e8de au lancement d\u2019un ouvrage sur la gestion de projet - UQACtualit\u00e9s\",\"isPartOf\":{\"@id\":\"https:\/\/www.uqac.ca\/uqactualites\/#website\"},\"primaryImageOfPage\":{\"@id\":\"https:\/\/www.uqac.ca\/uqactualites\/2013\/05\/16\/le-lemgp-procede-au-lancement-dun-ouvrage-sur-la-gestion-de-projet\/#primaryimage\"},\"image\":{\"@id\":\"https:\/\/www.uqac.ca\/uqactualites\/2013\/05\/16\/le-lemgp-procede-au-lancement-dun-ouvrage-sur-la-gestion-de-projet\/#primaryimage\"},\"thumbnailUrl\":\"https:\/\/www.uqac.ca\/uqactualites\/wp-content\/uploads\/2013\/05\/Fr\u00e9d\u00e9ric-Touvard-Web-\u00a9\u00c9ric-Castonguay.jpg\",\"datePublished\":\"2013-05-16T19:56:12+00:00\",\"dateModified\":\"2013-05-16T19:56:12+00:00\",\"author\":{\"@id\":\"https:\/\/www.uqac.ca\/uqactualites\/#\/schema\/person\/366c45a0c4f0e677b41b4af5886e2018\"},\"breadcrumb\":{\"@id\":\"https:\/\/www.uqac.ca\/uqactualites\/2013\/05\/16\/le-lemgp-procede-au-lancement-dun-ouvrage-sur-la-gestion-de-projet\/#breadcrumb\"},\"inLanguage\":\"fr-CA\",\"potentialAction\":[{\"@type\":\"ReadAction\",\"target\":[\"https:\/\/www.uqac.ca\/uqactualites\/2013\/05\/16\/le-lemgp-procede-au-lancement-dun-ouvrage-sur-la-gestion-de-projet\/\"]}]},{\"@type\":\"ImageObject\",\"inLanguage\":\"fr-CA\",\"@id\":\"https:\/\/www.uqac.ca\/uqactualites\/2013\/05\/16\/le-lemgp-procede-au-lancement-dun-ouvrage-sur-la-gestion-de-projet\/#primaryimage\",\"url\":\"https:\/\/www.uqac.ca\/uqactualites\/wp-content\/uploads\/2013\/05\/Fr\u00e9d\u00e9ric-Touvard-Web-\u00a9\u00c9ric-Castonguay.jpg\",\"contentUrl\":\"https:\/\/www.uqac.ca\/uqactualites\/wp-content\/uploads\/2013\/05\/Fr\u00e9d\u00e9ric-Touvard-Web-\u00a9\u00c9ric-Castonguay.jpg\",\"width\":620,\"height\":300},{\"@type\":\"BreadcrumbList\",\"@id\":\"https:\/\/www.uqac.ca\/uqactualites\/2013\/05\/16\/le-lemgp-procede-au-lancement-dun-ouvrage-sur-la-gestion-de-projet\/#breadcrumb\",\"itemListElement\":[{\"@type\":\"ListItem\",\"position\":1,\"name\":\"Home\",\"item\":\"https:\/\/www.uqac.ca\/uqactualites\/\"},{\"@type\":\"ListItem\",\"position\":2,\"name\":\"Le LemGP proc\u00e8de au lancement d\u2019un ouvrage sur la gestion de projet\"}]},{\"@type\":\"WebSite\",\"@id\":\"https:\/\/www.uqac.ca\/uqactualites\/#website\",\"url\":\"https:\/\/www.uqac.ca\/uqactualites\/\",\"name\":\"UQACtualit\u00e9s\",\"description\":\"Le portail des nouvelles de l&#039;UQAC\",\"potentialAction\":[{\"@type\":\"SearchAction\",\"target\":{\"@type\":\"EntryPoint\",\"urlTemplate\":\"https:\/\/www.uqac.ca\/uqactualites\/?s={search_term_string}\"},\"query-input\":{\"@type\":\"PropertyValueSpecification\",\"valueRequired\":true,\"valueName\":\"search_term_string\"}}],\"inLanguage\":\"fr-CA\"},{\"@type\":\"Person\",\"@id\":\"https:\/\/www.uqac.ca\/uqactualites\/#\/schema\/person\/366c45a0c4f0e677b41b4af5886e2018\",\"name\":\"Service des communications et des relations publiques\",\"image\":{\"@type\":\"ImageObject\",\"inLanguage\":\"fr-CA\",\"@id\":\"https:\/\/www.uqac.ca\/uqactualites\/#\/schema\/person\/image\/\",\"url\":\"https:\/\/secure.gravatar.com\/avatar\/20fbbda8a292f59f2d3461a5b999c00b?s=96&d=mm&r=g\",\"contentUrl\":\"https:\/\/secure.gravatar.com\/avatar\/20fbbda8a292f59f2d3461a5b999c00b?s=96&d=mm&r=g\",\"caption\":\"Service des communications et des relations publiques\"},\"url\":\"https:\/\/www.uqac.ca\/uqactualites\/author\/bap\/\"}]}<\/script>\r\n<!-- \/ Yoast SEO plugin. -->","yoast_head_json":{"title":"Le LemGP proc\u00e8de au lancement d\u2019un ouvrage sur la gestion de projet - UQACtualit\u00e9s","robots":{"index":"index","follow":"follow","max-snippet":"max-snippet:-1","max-image-preview":"max-image-preview:large","max-video-preview":"max-video-preview:-1"},"canonical":"https:\/\/www.uqac.ca\/uqactualites\/2013\/05\/16\/le-lemgp-procede-au-lancement-dun-ouvrage-sur-la-gestion-de-projet\/","og_locale":"fr_CA","og_type":"article","og_title":"Le LemGP proc\u00e8de au lancement d\u2019un ouvrage sur la gestion de projet - UQACtualit\u00e9s","og_description":"Le vendredi 3 mai dernier, le Laboratoire d\u2019\u00e9tudes multidisciplinaires en gestion de projet (LemGP) de l\u2019UQAC, en collaboration avec Cegertec WorleyParsons, invitait la communaut\u00e9 universitaire \u00e0 assister au lancement du livre Le manager explorateur, de l\u2019auteur Fr\u00e9d\u00e9ric Touvard, \u00e0 l\u2019occasion d\u2019un d\u00eener-conf\u00e9rence. Une trentaine de professionnels provenant d\u2019entreprises de la r\u00e9gion ont r\u00e9pondu \u00e0 l\u2019invitation. [&hellip;]","og_url":"https:\/\/www.uqac.ca\/uqactualites\/2013\/05\/16\/le-lemgp-procede-au-lancement-dun-ouvrage-sur-la-gestion-de-projet\/","og_site_name":"UQACtualit\u00e9s","article_published_time":"2013-05-16T19:56:12+00:00","og_image":[{"width":620,"height":300,"url":"https:\/\/www.uqac.ca\/uqactualites\/wp-content\/uploads\/2013\/05\/Fr\u00e9d\u00e9ric-Touvard-Web-\u00a9\u00c9ric-Castonguay.jpg","type":"image\/jpeg"}],"author":"Service des communications et des relations publiques","twitter_card":"summary_large_image","twitter_misc":{"\u00c9crit par":"Service des communications et des relations publiques","Estimation du temps de lecture":"1 minute"},"schema":{"@context":"https:\/\/schema.org","@graph":[{"@type":"WebPage","@id":"https:\/\/www.uqac.ca\/uqactualites\/2013\/05\/16\/le-lemgp-procede-au-lancement-dun-ouvrage-sur-la-gestion-de-projet\/","url":"https:\/\/www.uqac.ca\/uqactualites\/2013\/05\/16\/le-lemgp-procede-au-lancement-dun-ouvrage-sur-la-gestion-de-projet\/","name":"Le LemGP proc\u00e8de au lancement d\u2019un ouvrage sur la gestion de projet - UQACtualit\u00e9s","isPartOf":{"@id":"https:\/\/www.uqac.ca\/uqactualites\/#website"},"primaryImageOfPage":{"@id":"https:\/\/www.uqac.ca\/uqactualites\/2013\/05\/16\/le-lemgp-procede-au-lancement-dun-ouvrage-sur-la-gestion-de-projet\/#primaryimage"},"image":{"@id":"https:\/\/www.uqac.ca\/uqactualites\/2013\/05\/16\/le-lemgp-procede-au-lancement-dun-ouvrage-sur-la-gestion-de-projet\/#primaryimage"},"thumbnailUrl":"https:\/\/www.uqac.ca\/uqactualites\/wp-content\/uploads\/2013\/05\/Fr\u00e9d\u00e9ric-Touvard-Web-\u00a9\u00c9ric-Castonguay.jpg","datePublished":"2013-05-16T19:56:12+00:00","dateModified":"2013-05-16T19:56:12+00:00","author":{"@id":"https:\/\/www.uqac.ca\/uqactualites\/#\/schema\/person\/366c45a0c4f0e677b41b4af5886e2018"},"breadcrumb":{"@id":"https:\/\/www.uqac.ca\/uqactualites\/2013\/05\/16\/le-lemgp-procede-au-lancement-dun-ouvrage-sur-la-gestion-de-projet\/#breadcrumb"},"inLanguage":"fr-CA","potentialAction":[{"@type":"ReadAction","target":["https:\/\/www.uqac.ca\/uqactualites\/2013\/05\/16\/le-lemgp-procede-au-lancement-dun-ouvrage-sur-la-gestion-de-projet\/"]}]},{"@type":"ImageObject","inLanguage":"fr-CA","@id":"https:\/\/www.uqac.ca\/uqactualites\/2013\/05\/16\/le-lemgp-procede-au-lancement-dun-ouvrage-sur-la-gestion-de-projet\/#primaryimage","url":"https:\/\/www.uqac.ca\/uqactualites\/wp-content\/uploads\/2013\/05\/Fr\u00e9d\u00e9ric-Touvard-Web-\u00a9\u00c9ric-Castonguay.jpg","contentUrl":"https:\/\/www.uqac.ca\/uqactualites\/wp-content\/uploads\/2013\/05\/Fr\u00e9d\u00e9ric-Touvard-Web-\u00a9\u00c9ric-Castonguay.jpg","width":620,"height":300},{"@type":"BreadcrumbList","@id":"https:\/\/www.uqac.ca\/uqactualites\/2013\/05\/16\/le-lemgp-procede-au-lancement-dun-ouvrage-sur-la-gestion-de-projet\/#breadcrumb","itemListElement":[{"@type":"ListItem","position":1,"name":"Home","item":"https:\/\/www.uqac.ca\/uqactualites\/"},{"@type":"ListItem","position":2,"name":"Le LemGP proc\u00e8de au lancement d\u2019un ouvrage sur la gestion de projet"}]},{"@type":"WebSite","@id":"https:\/\/www.uqac.ca\/uqactualites\/#website","url":"https:\/\/www.uqac.ca\/uqactualites\/","name":"UQACtualit\u00e9s","description":"Le portail des nouvelles de l&#039;UQAC","potentialAction":[{"@type":"SearchAction","target":{"@type":"EntryPoint","urlTemplate":"https:\/\/www.uqac.ca\/uqactualites\/?s={search_term_string}"},"query-input":{"@type":"PropertyValueSpecification","valueRequired":true,"valueName":"search_term_string"}}],"inLanguage":"fr-CA"},{"@type":"Person","@id":"https:\/\/www.uqac.ca\/uqactualites\/#\/schema\/person\/366c45a0c4f0e677b41b4af5886e2018","name":"Service des communications et des relations publiques","image":{"@type":"ImageObject","inLanguage":"fr-CA","@id":"https:\/\/www.uqac.ca\/uqactualites\/#\/schema\/person\/image\/","url":"https:\/\/secure.gravatar.com\/avatar\/20fbbda8a292f59f2d3461a5b999c00b?s=96&d=mm&r=g","contentUrl":"https:\/\/secure.gravatar.com\/avatar\/20fbbda8a292f59f2d3461a5b999c00b?s=96&d=mm&r=g","caption":"Service des communications et des relations publiques"},"url":"https:\/\/www.uqac.ca\/uqactualites\/author\/bap\/"}]}},"_links":{"self":[{"href":"https:\/\/www.uqac.ca\/uqactualites\/wp-json\/wp\/v2\/posts\/24297"}],"collection":[{"href":"https:\/\/www.uqac.ca\/uqactualites\/wp-json\/wp\/v2\/posts"}],"about":[{"href":"https:\/\/www.uqac.ca\/uqactualites\/wp-json\/wp\/v2\/types\/post"}],"author":[{"embeddable":true,"href":"https:\/\/www.uqac.ca\/uqactualites\/wp-json\/wp\/v2\/users\/5"}],"replies":[{"embeddable":true,"href":"https:\/\/www.uqac.ca\/uqactualites\/wp-json\/wp\/v2\/comments?post=24297"}],"version-history":[{"count":0,"href":"https:\/\/www.uqac.ca\/uqactualites\/wp-json\/wp\/v2\/posts\/24297\/revisions"}],"wp:featuredmedia":[{"embeddable":true,"href":"https:\/\/www.uqac.ca\/uqactualites\/wp-json\/wp\/v2\/media\/24305"}],"wp:attachment":[{"href":"https:\/\/www.uqac.ca\/uqactualites\/wp-json\/wp\/v2\/media?parent=24297"}],"wp:term":[{"taxonomy":"category","embeddable":true,"href":"https:\/\/www.uqac.ca\/uqactualites\/wp-json\/wp\/v2\/categories?post=24297"},{"taxonomy":"post_tag","embeddable":true,"href":"https:\/\/www.uqac.ca\/uqactualites\/wp-json\/wp\/v2\/tags?post=24297"}],"curies":[{"name":"wp","href":"https:\/\/api.w.org\/{rel}","templated":true}]}}