{"id":24323,"date":"2013-05-22T08:56:39","date_gmt":"2013-05-22T12:56:39","guid":{"rendered":"http:\/\/uqactualite.odev.ca\/?p=24323"},"modified":"2013-05-22T08:56:39","modified_gmt":"2013-05-22T12:56:39","slug":"plus-de-40-scientifiques-de-luqac-participent-a-la-finale-quebecoise-dexpo-sciences","status":"publish","type":"post","link":"https:\/\/www.uqac.ca\/uqactualites\/2013\/05\/22\/plus-de-40-scientifiques-de-luqac-participent-a-la-finale-quebecoise-dexpo-sciences\/","title":{"rendered":"Plus de 40 scientifiques de l\u2019UQAC participent \u00e0 la finale qu\u00e9b\u00e9coise d\u2019Expo-Sciences"},"content":{"rendered":"<p style=\"text-align: justify\">Le 18 avril dernier, des \u00e9quipes provenant des huit d\u00e9partements de l\u2019UQAC ont offert aux quelque 170 visiteurs de\u00a0la finale qu\u00e9b\u00e9coise d\u2019Expo-Sciences une douzaine d\u2019ateliers couvrant une grande diversit\u00e9 de sujets. Cette visite \u00e9tait coordonn\u00e9e par les Services aux \u00e9tudiants et l\u2019\u00e9quipe du Vice-rectorat \u00e0 l\u2019enseignement et \u00e0 la recherche.<\/p>\n<p style=\"text-align: justify\">Voici la liste des scientifiques de chez nous qui ont contribu\u00e9 \u00e0 cette activit\u00e9.<\/p>\n<p style=\"text-align: justify\"><b>Du D\u00e9partement des sciences de la sant\u00e9\u00a0:<\/b><\/p>\n<ul style=\"text-align: justify\">\n<li style=\"text-align: justify\">Patricia Blackburn;<\/li>\n<li style=\"text-align: justify\">Julie Bouchard;<\/li>\n<li>Claudie \u00c9mond;<\/li>\n<li>Dominique Labb\u00e9e;<\/li>\n<li>Daniel Lalande;<\/li>\n<li>Gilles Lalande;<\/li>\n<li>Luc Robitaille.<\/li>\n<\/ul>\n<p style=\"text-align: justify\"><b>Du D\u00e9partement des sciences fondamentales\u00a0:<\/b><\/p>\n<ul style=\"text-align: justify\">\n<li>Catherine Laprise;<\/li>\n<li>Anne-Marie Madore;<\/li>\n<li>Jean-Fran\u00e7ois Boucher;<\/li>\n<li>Jacques Ibarzabal;<\/li>\n<li>Jean Legault;<\/li>\n<li>Carlo Lupi;<\/li>\n<li>Alexis Saint-Gelais.<\/li>\n<\/ul>\n<p style=\"text-align: justify\"><b>Du D\u00e9partement des sciences appliqu\u00e9es\u00a0:<\/b><\/p>\n<ul style=\"text-align: justify\">\n<li>Marie-Am\u00e9lie Boucher;<\/li>\n<li>Romain Chesneaux;<\/li>\n<li>R\u00e9al Daigneault;<\/li>\n<li>Damien Gaboury;<\/li>\n<li>Lazlo\u00a0 Kiss;<\/li>\n<li>Sylvain M\u00e9nard;<\/li>\n<li>Martin Otis;<\/li>\n<li>Jean Perron;<\/li>\n<li>Sandor Poncsak;<\/li>\n<li>Alain Rouleau;<\/li>\n<li>Dany Savard;<\/li>\n<li>Marc-Mario Tremblay.<\/li>\n<\/ul>\n<p style=\"text-align: justify\"><b>Du D\u00e9partement des sciences humaines\u00a0:<\/b><\/p>\n<ul style=\"text-align: justify\">\n<li>\u00c8ve-Marie Lavoie;<\/li>\n<li>No\u00e9mie Plourde;<\/li>\n<li>H\u00e9l\u00e8ne V\u00e9zina;<\/li>\n<li>Majella Gauthier;<\/li>\n<li>Murray Hay.<\/li>\n<\/ul>\n<p style=\"text-align: justify\"><b>Du D\u00e9partement d\u2019informatique et de math\u00e9matique\u00a0:<\/b><\/p>\n<ul style=\"text-align: justify\">\n<li>Bruno Bouchard;<\/li>\n<li>Alexandre Blondin-Mass\u00e9;<\/li>\n<li>Sylvain Hall\u00e9;<\/li>\n<li>Bob-Antoine Jerry M\u00e9n\u00e9las;<\/li>\n<li>Fran\u00e7ois Lemieux;<\/li>\n<li>Antoine Pecatikov;<\/li>\n<li>Julien Vandewynicel.<\/li>\n<\/ul>\n<p style=\"text-align: justify\"><b>Du D\u00e9partement des arts et lettres\u00a0:<\/b><\/p>\n<ul style=\"text-align: justify\">\n<li>Paolo Almario;<\/li>\n<li>Pierre Tremblay-Th\u00e9riault.<\/li>\n<\/ul>\n<p style=\"text-align: justify\"><b>Du D\u00e9partement des sciences \u00e9conomiques et administratives\u00a0:<\/b><\/p>\n<ul style=\"text-align: justify\">\n<li>St\u00e9phane Aubin.<\/li>\n<\/ul>\n<p style=\"text-align: justify\">Deux scientifiques de chez Rio-Tinto Alcan, Catherine Munger et Simon Gaboury, ont aussi contribu\u00e9 \u00e0 un atelier de l\u2019UQAC. Soulignons \u00e9galement que Karine Jean et l\u2019\u00e9quipe du Centre de g\u00e9omatique du Qu\u00e9bec du c\u00e9gep de Chicoutimi ont accueilli un groupe de jeunes \u00e0 cette occasion.<\/p>\n<p style=\"text-align: justify\">Mentionnons au passage la contribution de tous ceux et celles qui ont apport\u00e9 leur soutien \u00e0 la pr\u00e9paration et au d\u00e9roulement des ateliers, notamment l\u2019\u00e9quipe du Service des technologies de l\u2019information, les \u00e9tudiants qui ont guid\u00e9 les groupes de jeunes et ceux qui ont contribu\u00e9 \u00e0 leur accueil dans diff\u00e9rents laboratoires.<\/p>\n<p style=\"text-align: justify\">Merci et bravo \u00e0 tous pour cette activit\u00e9 qui a contribu\u00e9 \u00e0 pr\u00e9senter notre Universit\u00e9 \u00e0 des jeunes de toutes les r\u00e9gions du Qu\u00e9bec!<\/p>\n<p style=\"text-align: justify\"><span style=\"color: #808080\">________________________________________________________________________________________<\/span><\/p>\n<p style=\"text-align: justify\"><span style=\"color: #808080\"><b>Sur la photo\u00a0:<\/b> Quelques-uns des participants de l&rsquo;UQAC \u00e0 l&rsquo;accueil des finalistes de la Super Expo-Sciences Hydro-Qu\u00e9bec\u00a0: M\u00e9lanie Grenon, Andr\u00e9anne Martin, Martin Otis, Ugo Collard-Fortin, Sylvain Hall\u00e9, Daniel Lalande, Julie Bouchard, Jean-Fran\u00e7ois Moreau, Sylvain Cloutier et St\u00e9phane Aubin<\/span><br \/>\n<span style=\"color: #808080\"><b>Photographe\u00a0:<\/b> Denis Blackburn, UQAC<\/span><br \/>\n<span style=\"color: #808080\">________________________________________________________________________________________<\/span><\/p>\n","protected":false},"excerpt":{"rendered":"<p>Le 18 avril dernier, des \u00e9quipes provenant des huit d\u00e9partements de l\u2019UQAC ont offert aux quelque 170 visiteurs de\u00a0la finale qu\u00e9b\u00e9coise d\u2019Expo-Sciences une douzaine d\u2019ateliers couvrant une grande diversit\u00e9 de sujets. Cette visite \u00e9tait coordonn\u00e9e par les Services aux \u00e9tudiants et l\u2019\u00e9quipe du Vice-rectorat \u00e0 l\u2019enseignement et \u00e0 la recherche. Voici la liste des scientifiques [&hellip;]<\/p>\n","protected":false},"author":5,"featured_media":24324,"comment_status":"open","ping_status":"open","sticky":false,"template":"","format":"standard","meta":{"footnotes":""},"categories":[2,61],"tags":[514,606,1036,958,501,2159],"yoast_head":"<!-- This site is optimized with the Yoast SEO plugin v24.2 - https:\/\/yoast.com\/wordpress\/plugins\/seo\/ -->\r\n<title>Plus de 40 scientifiques de l\u2019UQAC participent \u00e0 la finale qu\u00e9b\u00e9coise d\u2019Expo-Sciences - UQACtualit\u00e9s<\/title>\r\n<meta name=\"robots\" content=\"index, follow, max-snippet:-1, max-image-preview:large, max-video-preview:-1\" \/>\r\n<link rel=\"canonical\" href=\"https:\/\/www.uqac.ca\/uqactualites\/2013\/05\/22\/plus-de-40-scientifiques-de-luqac-participent-a-la-finale-quebecoise-dexpo-sciences\/\" \/>\r\n<meta property=\"og:locale\" content=\"fr_CA\" \/>\r\n<meta property=\"og:type\" content=\"article\" \/>\r\n<meta property=\"og:title\" content=\"Plus de 40 scientifiques de l\u2019UQAC participent \u00e0 la finale qu\u00e9b\u00e9coise d\u2019Expo-Sciences - UQACtualit\u00e9s\" \/>\r\n<meta property=\"og:description\" content=\"Le 18 avril dernier, des \u00e9quipes provenant des huit d\u00e9partements de l\u2019UQAC ont offert aux quelque 170 visiteurs de\u00a0la finale qu\u00e9b\u00e9coise d\u2019Expo-Sciences une douzaine d\u2019ateliers couvrant une grande diversit\u00e9 de sujets. Cette visite \u00e9tait coordonn\u00e9e par les Services aux \u00e9tudiants et l\u2019\u00e9quipe du Vice-rectorat \u00e0 l\u2019enseignement et \u00e0 la recherche. Voici la liste des scientifiques [&hellip;]\" \/>\r\n<meta property=\"og:url\" content=\"https:\/\/www.uqac.ca\/uqactualites\/2013\/05\/22\/plus-de-40-scientifiques-de-luqac-participent-a-la-finale-quebecoise-dexpo-sciences\/\" \/>\r\n<meta property=\"og:site_name\" content=\"UQACtualit\u00e9s\" \/>\r\n<meta property=\"article:published_time\" content=\"2013-05-22T12:56:39+00:00\" \/>\r\n<meta property=\"og:image\" content=\"https:\/\/www.uqac.ca\/uqactualites\/wp-content\/uploads\/2013\/05\/quipe-UQAC-SESHQ-Web-\u00a9Denis-Blackburn.jpg\" \/>\r\n\t<meta property=\"og:image:width\" content=\"620\" \/>\r\n\t<meta property=\"og:image:height\" content=\"300\" \/>\r\n\t<meta property=\"og:image:type\" content=\"image\/jpeg\" \/>\r\n<meta name=\"author\" content=\"Service des communications et des relations publiques\" \/>\r\n<meta name=\"twitter:card\" content=\"summary_large_image\" \/>\r\n<meta name=\"twitter:label1\" content=\"\u00c9crit par\" \/>\n\t<meta name=\"twitter:data1\" content=\"Service des communications et des relations publiques\" \/>\n\t<meta name=\"twitter:label2\" content=\"Estimation du temps de lecture\" \/>\n\t<meta name=\"twitter:data2\" content=\"2 minutes\" \/>\r\n<script type=\"application\/ld+json\" class=\"yoast-schema-graph\">{\"@context\":\"https:\/\/schema.org\",\"@graph\":[{\"@type\":\"WebPage\",\"@id\":\"https:\/\/www.uqac.ca\/uqactualites\/2013\/05\/22\/plus-de-40-scientifiques-de-luqac-participent-a-la-finale-quebecoise-dexpo-sciences\/\",\"url\":\"https:\/\/www.uqac.ca\/uqactualites\/2013\/05\/22\/plus-de-40-scientifiques-de-luqac-participent-a-la-finale-quebecoise-dexpo-sciences\/\",\"name\":\"Plus de 40 scientifiques de l\u2019UQAC participent \u00e0 la finale qu\u00e9b\u00e9coise d\u2019Expo-Sciences - UQACtualit\u00e9s\",\"isPartOf\":{\"@id\":\"https:\/\/www.uqac.ca\/uqactualites\/#website\"},\"primaryImageOfPage\":{\"@id\":\"https:\/\/www.uqac.ca\/uqactualites\/2013\/05\/22\/plus-de-40-scientifiques-de-luqac-participent-a-la-finale-quebecoise-dexpo-sciences\/#primaryimage\"},\"image\":{\"@id\":\"https:\/\/www.uqac.ca\/uqactualites\/2013\/05\/22\/plus-de-40-scientifiques-de-luqac-participent-a-la-finale-quebecoise-dexpo-sciences\/#primaryimage\"},\"thumbnailUrl\":\"https:\/\/www.uqac.ca\/uqactualites\/wp-content\/uploads\/2013\/05\/quipe-UQAC-SESHQ-Web-\u00a9Denis-Blackburn.jpg\",\"datePublished\":\"2013-05-22T12:56:39+00:00\",\"dateModified\":\"2013-05-22T12:56:39+00:00\",\"author\":{\"@id\":\"https:\/\/www.uqac.ca\/uqactualites\/#\/schema\/person\/366c45a0c4f0e677b41b4af5886e2018\"},\"breadcrumb\":{\"@id\":\"https:\/\/www.uqac.ca\/uqactualites\/2013\/05\/22\/plus-de-40-scientifiques-de-luqac-participent-a-la-finale-quebecoise-dexpo-sciences\/#breadcrumb\"},\"inLanguage\":\"fr-CA\",\"potentialAction\":[{\"@type\":\"ReadAction\",\"target\":[\"https:\/\/www.uqac.ca\/uqactualites\/2013\/05\/22\/plus-de-40-scientifiques-de-luqac-participent-a-la-finale-quebecoise-dexpo-sciences\/\"]}]},{\"@type\":\"ImageObject\",\"inLanguage\":\"fr-CA\",\"@id\":\"https:\/\/www.uqac.ca\/uqactualites\/2013\/05\/22\/plus-de-40-scientifiques-de-luqac-participent-a-la-finale-quebecoise-dexpo-sciences\/#primaryimage\",\"url\":\"https:\/\/www.uqac.ca\/uqactualites\/wp-content\/uploads\/2013\/05\/quipe-UQAC-SESHQ-Web-\u00a9Denis-Blackburn.jpg\",\"contentUrl\":\"https:\/\/www.uqac.ca\/uqactualites\/wp-content\/uploads\/2013\/05\/quipe-UQAC-SESHQ-Web-\u00a9Denis-Blackburn.jpg\",\"width\":620,\"height\":300},{\"@type\":\"BreadcrumbList\",\"@id\":\"https:\/\/www.uqac.ca\/uqactualites\/2013\/05\/22\/plus-de-40-scientifiques-de-luqac-participent-a-la-finale-quebecoise-dexpo-sciences\/#breadcrumb\",\"itemListElement\":[{\"@type\":\"ListItem\",\"position\":1,\"name\":\"Home\",\"item\":\"https:\/\/www.uqac.ca\/uqactualites\/\"},{\"@type\":\"ListItem\",\"position\":2,\"name\":\"Plus de 40 scientifiques de l\u2019UQAC participent \u00e0 la finale qu\u00e9b\u00e9coise d\u2019Expo-Sciences\"}]},{\"@type\":\"WebSite\",\"@id\":\"https:\/\/www.uqac.ca\/uqactualites\/#website\",\"url\":\"https:\/\/www.uqac.ca\/uqactualites\/\",\"name\":\"UQACtualit\u00e9s\",\"description\":\"Le portail des nouvelles de l&#039;UQAC\",\"potentialAction\":[{\"@type\":\"SearchAction\",\"target\":{\"@type\":\"EntryPoint\",\"urlTemplate\":\"https:\/\/www.uqac.ca\/uqactualites\/?s={search_term_string}\"},\"query-input\":{\"@type\":\"PropertyValueSpecification\",\"valueRequired\":true,\"valueName\":\"search_term_string\"}}],\"inLanguage\":\"fr-CA\"},{\"@type\":\"Person\",\"@id\":\"https:\/\/www.uqac.ca\/uqactualites\/#\/schema\/person\/366c45a0c4f0e677b41b4af5886e2018\",\"name\":\"Service des communications et des relations publiques\",\"image\":{\"@type\":\"ImageObject\",\"inLanguage\":\"fr-CA\",\"@id\":\"https:\/\/www.uqac.ca\/uqactualites\/#\/schema\/person\/image\/\",\"url\":\"https:\/\/secure.gravatar.com\/avatar\/20fbbda8a292f59f2d3461a5b999c00b?s=96&d=mm&r=g\",\"contentUrl\":\"https:\/\/secure.gravatar.com\/avatar\/20fbbda8a292f59f2d3461a5b999c00b?s=96&d=mm&r=g\",\"caption\":\"Service des communications et des relations publiques\"},\"url\":\"https:\/\/www.uqac.ca\/uqactualites\/author\/bap\/\"}]}<\/script>\r\n<!-- \/ Yoast SEO plugin. -->","yoast_head_json":{"title":"Plus de 40 scientifiques de l\u2019UQAC participent \u00e0 la finale qu\u00e9b\u00e9coise d\u2019Expo-Sciences - UQACtualit\u00e9s","robots":{"index":"index","follow":"follow","max-snippet":"max-snippet:-1","max-image-preview":"max-image-preview:large","max-video-preview":"max-video-preview:-1"},"canonical":"https:\/\/www.uqac.ca\/uqactualites\/2013\/05\/22\/plus-de-40-scientifiques-de-luqac-participent-a-la-finale-quebecoise-dexpo-sciences\/","og_locale":"fr_CA","og_type":"article","og_title":"Plus de 40 scientifiques de l\u2019UQAC participent \u00e0 la finale qu\u00e9b\u00e9coise d\u2019Expo-Sciences - UQACtualit\u00e9s","og_description":"Le 18 avril dernier, des \u00e9quipes provenant des huit d\u00e9partements de l\u2019UQAC ont offert aux quelque 170 visiteurs de\u00a0la finale qu\u00e9b\u00e9coise d\u2019Expo-Sciences une douzaine d\u2019ateliers couvrant une grande diversit\u00e9 de sujets. Cette visite \u00e9tait coordonn\u00e9e par les Services aux \u00e9tudiants et l\u2019\u00e9quipe du Vice-rectorat \u00e0 l\u2019enseignement et \u00e0 la recherche. Voici la liste des scientifiques [&hellip;]","og_url":"https:\/\/www.uqac.ca\/uqactualites\/2013\/05\/22\/plus-de-40-scientifiques-de-luqac-participent-a-la-finale-quebecoise-dexpo-sciences\/","og_site_name":"UQACtualit\u00e9s","article_published_time":"2013-05-22T12:56:39+00:00","og_image":[{"width":620,"height":300,"url":"https:\/\/www.uqac.ca\/uqactualites\/wp-content\/uploads\/2013\/05\/quipe-UQAC-SESHQ-Web-\u00a9Denis-Blackburn.jpg","type":"image\/jpeg"}],"author":"Service des communications et des relations publiques","twitter_card":"summary_large_image","twitter_misc":{"\u00c9crit par":"Service des communications et des relations publiques","Estimation du temps de lecture":"2 minutes"},"schema":{"@context":"https:\/\/schema.org","@graph":[{"@type":"WebPage","@id":"https:\/\/www.uqac.ca\/uqactualites\/2013\/05\/22\/plus-de-40-scientifiques-de-luqac-participent-a-la-finale-quebecoise-dexpo-sciences\/","url":"https:\/\/www.uqac.ca\/uqactualites\/2013\/05\/22\/plus-de-40-scientifiques-de-luqac-participent-a-la-finale-quebecoise-dexpo-sciences\/","name":"Plus de 40 scientifiques de l\u2019UQAC participent \u00e0 la finale qu\u00e9b\u00e9coise d\u2019Expo-Sciences - UQACtualit\u00e9s","isPartOf":{"@id":"https:\/\/www.uqac.ca\/uqactualites\/#website"},"primaryImageOfPage":{"@id":"https:\/\/www.uqac.ca\/uqactualites\/2013\/05\/22\/plus-de-40-scientifiques-de-luqac-participent-a-la-finale-quebecoise-dexpo-sciences\/#primaryimage"},"image":{"@id":"https:\/\/www.uqac.ca\/uqactualites\/2013\/05\/22\/plus-de-40-scientifiques-de-luqac-participent-a-la-finale-quebecoise-dexpo-sciences\/#primaryimage"},"thumbnailUrl":"https:\/\/www.uqac.ca\/uqactualites\/wp-content\/uploads\/2013\/05\/quipe-UQAC-SESHQ-Web-\u00a9Denis-Blackburn.jpg","datePublished":"2013-05-22T12:56:39+00:00","dateModified":"2013-05-22T12:56:39+00:00","author":{"@id":"https:\/\/www.uqac.ca\/uqactualites\/#\/schema\/person\/366c45a0c4f0e677b41b4af5886e2018"},"breadcrumb":{"@id":"https:\/\/www.uqac.ca\/uqactualites\/2013\/05\/22\/plus-de-40-scientifiques-de-luqac-participent-a-la-finale-quebecoise-dexpo-sciences\/#breadcrumb"},"inLanguage":"fr-CA","potentialAction":[{"@type":"ReadAction","target":["https:\/\/www.uqac.ca\/uqactualites\/2013\/05\/22\/plus-de-40-scientifiques-de-luqac-participent-a-la-finale-quebecoise-dexpo-sciences\/"]}]},{"@type":"ImageObject","inLanguage":"fr-CA","@id":"https:\/\/www.uqac.ca\/uqactualites\/2013\/05\/22\/plus-de-40-scientifiques-de-luqac-participent-a-la-finale-quebecoise-dexpo-sciences\/#primaryimage","url":"https:\/\/www.uqac.ca\/uqactualites\/wp-content\/uploads\/2013\/05\/quipe-UQAC-SESHQ-Web-\u00a9Denis-Blackburn.jpg","contentUrl":"https:\/\/www.uqac.ca\/uqactualites\/wp-content\/uploads\/2013\/05\/quipe-UQAC-SESHQ-Web-\u00a9Denis-Blackburn.jpg","width":620,"height":300},{"@type":"BreadcrumbList","@id":"https:\/\/www.uqac.ca\/uqactualites\/2013\/05\/22\/plus-de-40-scientifiques-de-luqac-participent-a-la-finale-quebecoise-dexpo-sciences\/#breadcrumb","itemListElement":[{"@type":"ListItem","position":1,"name":"Home","item":"https:\/\/www.uqac.ca\/uqactualites\/"},{"@type":"ListItem","position":2,"name":"Plus de 40 scientifiques de l\u2019UQAC participent \u00e0 la finale qu\u00e9b\u00e9coise d\u2019Expo-Sciences"}]},{"@type":"WebSite","@id":"https:\/\/www.uqac.ca\/uqactualites\/#website","url":"https:\/\/www.uqac.ca\/uqactualites\/","name":"UQACtualit\u00e9s","description":"Le portail des nouvelles de l&#039;UQAC","potentialAction":[{"@type":"SearchAction","target":{"@type":"EntryPoint","urlTemplate":"https:\/\/www.uqac.ca\/uqactualites\/?s={search_term_string}"},"query-input":{"@type":"PropertyValueSpecification","valueRequired":true,"valueName":"search_term_string"}}],"inLanguage":"fr-CA"},{"@type":"Person","@id":"https:\/\/www.uqac.ca\/uqactualites\/#\/schema\/person\/366c45a0c4f0e677b41b4af5886e2018","name":"Service des communications et des relations publiques","image":{"@type":"ImageObject","inLanguage":"fr-CA","@id":"https:\/\/www.uqac.ca\/uqactualites\/#\/schema\/person\/image\/","url":"https:\/\/secure.gravatar.com\/avatar\/20fbbda8a292f59f2d3461a5b999c00b?s=96&d=mm&r=g","contentUrl":"https:\/\/secure.gravatar.com\/avatar\/20fbbda8a292f59f2d3461a5b999c00b?s=96&d=mm&r=g","caption":"Service des communications et des relations publiques"},"url":"https:\/\/www.uqac.ca\/uqactualites\/author\/bap\/"}]}},"_links":{"self":[{"href":"https:\/\/www.uqac.ca\/uqactualites\/wp-json\/wp\/v2\/posts\/24323"}],"collection":[{"href":"https:\/\/www.uqac.ca\/uqactualites\/wp-json\/wp\/v2\/posts"}],"about":[{"href":"https:\/\/www.uqac.ca\/uqactualites\/wp-json\/wp\/v2\/types\/post"}],"author":[{"embeddable":true,"href":"https:\/\/www.uqac.ca\/uqactualites\/wp-json\/wp\/v2\/users\/5"}],"replies":[{"embeddable":true,"href":"https:\/\/www.uqac.ca\/uqactualites\/wp-json\/wp\/v2\/comments?post=24323"}],"version-history":[{"count":0,"href":"https:\/\/www.uqac.ca\/uqactualites\/wp-json\/wp\/v2\/posts\/24323\/revisions"}],"wp:featuredmedia":[{"embeddable":true,"href":"https:\/\/www.uqac.ca\/uqactualites\/wp-json\/wp\/v2\/media\/24324"}],"wp:attachment":[{"href":"https:\/\/www.uqac.ca\/uqactualites\/wp-json\/wp\/v2\/media?parent=24323"}],"wp:term":[{"taxonomy":"category","embeddable":true,"href":"https:\/\/www.uqac.ca\/uqactualites\/wp-json\/wp\/v2\/categories?post=24323"},{"taxonomy":"post_tag","embeddable":true,"href":"https:\/\/www.uqac.ca\/uqactualites\/wp-json\/wp\/v2\/tags?post=24323"}],"curies":[{"name":"wp","href":"https:\/\/api.w.org\/{rel}","templated":true}]}}