{"id":24389,"date":"2013-05-28T13:53:18","date_gmt":"2013-05-28T17:53:18","guid":{"rendered":"http:\/\/uqactualite.odev.ca\/?p=24389"},"modified":"2013-05-28T13:53:18","modified_gmt":"2013-05-28T17:53:18","slug":"erratum-mise-a-jour-du-manuel-de-gestion-de-luqac","status":"publish","type":"post","link":"https:\/\/www.uqac.ca\/uqactualites\/2013\/05\/28\/erratum-mise-a-jour-du-manuel-de-gestion-de-luqac\/","title":{"rendered":"Erratum : Mise \u00e0 jour du Manuel de gestion de l&rsquo;UQAC"},"content":{"rendered":"<p style=\"text-align: justify\">Le Vice-rectorat aux affaires \u00e9tudiantes et secr\u00e9tariat g\u00e9n\u00e9ral vous informe qu\u2019une erreur s\u2019est gliss\u00e9e lors de la mise \u00e0 jour ant\u00e9rieure du Manuel de gestion.<\/p>\n<p style=\"text-align: justify\">En cons\u00e9quence, nous vous demandons de ne pas vous r\u00e9f\u00e9rer \u00e0 l\u2019annexe\u00a04 de la <b>Proc\u00e9dure concernant le remboursement des frais de d\u00e9placement et de s\u00e9jour<\/b>.<\/p>\n<p style=\"text-align: justify\">Nous travaillons pr\u00e9sentement \u00e0 mettre \u00e0 jour la Proc\u00e9dure avec le document appropri\u00e9.<\/p>\n<p style=\"text-align: justify\">Pour obtenir des renseignements concernant cette mise \u00e0 jour, communiquez avec Marie-Jos\u00e9e Dup\u00e9r\u00e9, technicienne juridique, au poste\u00a03208.<\/p>\n<p style=\"text-align: justify\"><b><br \/>\nRenseignements\u00a0:<\/b><br \/>\nMarie-Jos\u00e9e Dup\u00e9r\u00e9, technicienne juridique<br \/>\nVice-rectorat aux affaires \u00e9tudiantes et secr\u00e9tariat g\u00e9n\u00e9ral<br \/>\nUniversit\u00e9 du Qu\u00e9bec \u00e0 Chicoutimi<br \/>\n418 545-5011, poste\u00a03208\u00a0 \u25aa\u00a0 <span style=\"color: #5a7411\"><a href=\"mailto:marie-josee_dupere@uqac.ca\"><span style=\"color: #5a7411\">marie-josee_dupere@uqac.ca<\/span><\/a><\/span><\/p>\n<p>&nbsp;<\/p>\n","protected":false},"excerpt":{"rendered":"<p>Le Vice-rectorat aux affaires \u00e9tudiantes et secr\u00e9tariat g\u00e9n\u00e9ral vous informe qu\u2019une erreur s\u2019est gliss\u00e9e lors de la mise \u00e0 jour ant\u00e9rieure du Manuel de gestion. En cons\u00e9quence, nous vous demandons de ne pas vous r\u00e9f\u00e9rer \u00e0 l\u2019annexe\u00a04 de la Proc\u00e9dure concernant le remboursement des frais de d\u00e9placement et de s\u00e9jour. Nous travaillons pr\u00e9sentement \u00e0 mettre [&hellip;]<\/p>\n","protected":false},"author":5,"featured_media":20989,"comment_status":"closed","ping_status":"open","sticky":false,"template":"","format":"standard","meta":{"footnotes":""},"categories":[2772],"tags":[2168,466,1292,615,1293,2169,1294],"yoast_head":"<!-- This site is optimized with the Yoast SEO plugin v24.2 - https:\/\/yoast.com\/wordpress\/plugins\/seo\/ -->\r\n<title>Erratum : Mise \u00e0 jour du Manuel de gestion de l&#039;UQAC - UQACtualit\u00e9s<\/title>\r\n<meta name=\"robots\" content=\"index, follow, max-snippet:-1, max-image-preview:large, max-video-preview:-1\" \/>\r\n<link rel=\"canonical\" href=\"https:\/\/www.uqac.ca\/uqactualites\/2013\/05\/28\/erratum-mise-a-jour-du-manuel-de-gestion-de-luqac\/\" \/>\r\n<meta property=\"og:locale\" content=\"fr_CA\" \/>\r\n<meta property=\"og:type\" content=\"article\" \/>\r\n<meta property=\"og:title\" content=\"Erratum : Mise \u00e0 jour du Manuel de gestion de l&#039;UQAC - UQACtualit\u00e9s\" \/>\r\n<meta property=\"og:description\" content=\"Le Vice-rectorat aux affaires \u00e9tudiantes et secr\u00e9tariat g\u00e9n\u00e9ral vous informe qu\u2019une erreur s\u2019est gliss\u00e9e lors de la mise \u00e0 jour ant\u00e9rieure du Manuel de gestion. En cons\u00e9quence, nous vous demandons de ne pas vous r\u00e9f\u00e9rer \u00e0 l\u2019annexe\u00a04 de la Proc\u00e9dure concernant le remboursement des frais de d\u00e9placement et de s\u00e9jour. Nous travaillons pr\u00e9sentement \u00e0 mettre [&hellip;]\" \/>\r\n<meta property=\"og:url\" content=\"https:\/\/www.uqac.ca\/uqactualites\/2013\/05\/28\/erratum-mise-a-jour-du-manuel-de-gestion-de-luqac\/\" \/>\r\n<meta property=\"og:site_name\" content=\"UQACtualit\u00e9s\" \/>\r\n<meta property=\"article:published_time\" content=\"2013-05-28T17:53:18+00:00\" \/>\r\n<meta property=\"og:image\" content=\"https:\/\/www.uqac.ca\/uqactualites\/wp-content\/uploads\/2012\/05\/avis-laCommunaut-.jpg\" \/>\r\n\t<meta property=\"og:image:width\" content=\"620\" \/>\r\n\t<meta property=\"og:image:height\" content=\"300\" \/>\r\n\t<meta property=\"og:image:type\" content=\"image\/jpeg\" \/>\r\n<meta name=\"author\" content=\"Service des communications et des relations publiques\" \/>\r\n<meta name=\"twitter:card\" content=\"summary_large_image\" \/>\r\n<meta name=\"twitter:label1\" content=\"\u00c9crit par\" \/>\n\t<meta name=\"twitter:data1\" content=\"Service des communications et des relations publiques\" \/>\n\t<meta name=\"twitter:label2\" content=\"Estimation du temps de lecture\" \/>\n\t<meta name=\"twitter:data2\" content=\"1 minute\" \/>\r\n<script type=\"application\/ld+json\" class=\"yoast-schema-graph\">{\"@context\":\"https:\/\/schema.org\",\"@graph\":[{\"@type\":\"WebPage\",\"@id\":\"https:\/\/www.uqac.ca\/uqactualites\/2013\/05\/28\/erratum-mise-a-jour-du-manuel-de-gestion-de-luqac\/\",\"url\":\"https:\/\/www.uqac.ca\/uqactualites\/2013\/05\/28\/erratum-mise-a-jour-du-manuel-de-gestion-de-luqac\/\",\"name\":\"Erratum : Mise \u00e0 jour du Manuel de gestion de l'UQAC - UQACtualit\u00e9s\",\"isPartOf\":{\"@id\":\"https:\/\/www.uqac.ca\/uqactualites\/#website\"},\"primaryImageOfPage\":{\"@id\":\"https:\/\/www.uqac.ca\/uqactualites\/2013\/05\/28\/erratum-mise-a-jour-du-manuel-de-gestion-de-luqac\/#primaryimage\"},\"image\":{\"@id\":\"https:\/\/www.uqac.ca\/uqactualites\/2013\/05\/28\/erratum-mise-a-jour-du-manuel-de-gestion-de-luqac\/#primaryimage\"},\"thumbnailUrl\":\"https:\/\/www.uqac.ca\/uqactualites\/wp-content\/uploads\/2012\/05\/avis-laCommunaut-.jpg\",\"datePublished\":\"2013-05-28T17:53:18+00:00\",\"dateModified\":\"2013-05-28T17:53:18+00:00\",\"author\":{\"@id\":\"https:\/\/www.uqac.ca\/uqactualites\/#\/schema\/person\/366c45a0c4f0e677b41b4af5886e2018\"},\"breadcrumb\":{\"@id\":\"https:\/\/www.uqac.ca\/uqactualites\/2013\/05\/28\/erratum-mise-a-jour-du-manuel-de-gestion-de-luqac\/#breadcrumb\"},\"inLanguage\":\"fr-CA\",\"potentialAction\":[{\"@type\":\"ReadAction\",\"target\":[\"https:\/\/www.uqac.ca\/uqactualites\/2013\/05\/28\/erratum-mise-a-jour-du-manuel-de-gestion-de-luqac\/\"]}]},{\"@type\":\"ImageObject\",\"inLanguage\":\"fr-CA\",\"@id\":\"https:\/\/www.uqac.ca\/uqactualites\/2013\/05\/28\/erratum-mise-a-jour-du-manuel-de-gestion-de-luqac\/#primaryimage\",\"url\":\"https:\/\/www.uqac.ca\/uqactualites\/wp-content\/uploads\/2012\/05\/avis-laCommunaut-.jpg\",\"contentUrl\":\"https:\/\/www.uqac.ca\/uqactualites\/wp-content\/uploads\/2012\/05\/avis-laCommunaut-.jpg\",\"width\":620,\"height\":300},{\"@type\":\"BreadcrumbList\",\"@id\":\"https:\/\/www.uqac.ca\/uqactualites\/2013\/05\/28\/erratum-mise-a-jour-du-manuel-de-gestion-de-luqac\/#breadcrumb\",\"itemListElement\":[{\"@type\":\"ListItem\",\"position\":1,\"name\":\"Home\",\"item\":\"https:\/\/www.uqac.ca\/uqactualites\/\"},{\"@type\":\"ListItem\",\"position\":2,\"name\":\"Erratum : Mise \u00e0 jour du Manuel de gestion de l&rsquo;UQAC\"}]},{\"@type\":\"WebSite\",\"@id\":\"https:\/\/www.uqac.ca\/uqactualites\/#website\",\"url\":\"https:\/\/www.uqac.ca\/uqactualites\/\",\"name\":\"UQACtualit\u00e9s\",\"description\":\"Le portail des nouvelles de l&#039;UQAC\",\"potentialAction\":[{\"@type\":\"SearchAction\",\"target\":{\"@type\":\"EntryPoint\",\"urlTemplate\":\"https:\/\/www.uqac.ca\/uqactualites\/?s={search_term_string}\"},\"query-input\":{\"@type\":\"PropertyValueSpecification\",\"valueRequired\":true,\"valueName\":\"search_term_string\"}}],\"inLanguage\":\"fr-CA\"},{\"@type\":\"Person\",\"@id\":\"https:\/\/www.uqac.ca\/uqactualites\/#\/schema\/person\/366c45a0c4f0e677b41b4af5886e2018\",\"name\":\"Service des communications et des relations publiques\",\"image\":{\"@type\":\"ImageObject\",\"inLanguage\":\"fr-CA\",\"@id\":\"https:\/\/www.uqac.ca\/uqactualites\/#\/schema\/person\/image\/\",\"url\":\"https:\/\/secure.gravatar.com\/avatar\/20fbbda8a292f59f2d3461a5b999c00b?s=96&d=mm&r=g\",\"contentUrl\":\"https:\/\/secure.gravatar.com\/avatar\/20fbbda8a292f59f2d3461a5b999c00b?s=96&d=mm&r=g\",\"caption\":\"Service des communications et des relations publiques\"},\"url\":\"https:\/\/www.uqac.ca\/uqactualites\/author\/bap\/\"}]}<\/script>\r\n<!-- \/ Yoast SEO plugin. -->","yoast_head_json":{"title":"Erratum : Mise \u00e0 jour du Manuel de gestion de l'UQAC - UQACtualit\u00e9s","robots":{"index":"index","follow":"follow","max-snippet":"max-snippet:-1","max-image-preview":"max-image-preview:large","max-video-preview":"max-video-preview:-1"},"canonical":"https:\/\/www.uqac.ca\/uqactualites\/2013\/05\/28\/erratum-mise-a-jour-du-manuel-de-gestion-de-luqac\/","og_locale":"fr_CA","og_type":"article","og_title":"Erratum : Mise \u00e0 jour du Manuel de gestion de l'UQAC - UQACtualit\u00e9s","og_description":"Le Vice-rectorat aux affaires \u00e9tudiantes et secr\u00e9tariat g\u00e9n\u00e9ral vous informe qu\u2019une erreur s\u2019est gliss\u00e9e lors de la mise \u00e0 jour ant\u00e9rieure du Manuel de gestion. En cons\u00e9quence, nous vous demandons de ne pas vous r\u00e9f\u00e9rer \u00e0 l\u2019annexe\u00a04 de la Proc\u00e9dure concernant le remboursement des frais de d\u00e9placement et de s\u00e9jour. Nous travaillons pr\u00e9sentement \u00e0 mettre [&hellip;]","og_url":"https:\/\/www.uqac.ca\/uqactualites\/2013\/05\/28\/erratum-mise-a-jour-du-manuel-de-gestion-de-luqac\/","og_site_name":"UQACtualit\u00e9s","article_published_time":"2013-05-28T17:53:18+00:00","og_image":[{"width":620,"height":300,"url":"https:\/\/www.uqac.ca\/uqactualites\/wp-content\/uploads\/2012\/05\/avis-laCommunaut-.jpg","type":"image\/jpeg"}],"author":"Service des communications et des relations publiques","twitter_card":"summary_large_image","twitter_misc":{"\u00c9crit par":"Service des communications et des relations publiques","Estimation du temps de lecture":"1 minute"},"schema":{"@context":"https:\/\/schema.org","@graph":[{"@type":"WebPage","@id":"https:\/\/www.uqac.ca\/uqactualites\/2013\/05\/28\/erratum-mise-a-jour-du-manuel-de-gestion-de-luqac\/","url":"https:\/\/www.uqac.ca\/uqactualites\/2013\/05\/28\/erratum-mise-a-jour-du-manuel-de-gestion-de-luqac\/","name":"Erratum : Mise \u00e0 jour du Manuel de gestion de l'UQAC - UQACtualit\u00e9s","isPartOf":{"@id":"https:\/\/www.uqac.ca\/uqactualites\/#website"},"primaryImageOfPage":{"@id":"https:\/\/www.uqac.ca\/uqactualites\/2013\/05\/28\/erratum-mise-a-jour-du-manuel-de-gestion-de-luqac\/#primaryimage"},"image":{"@id":"https:\/\/www.uqac.ca\/uqactualites\/2013\/05\/28\/erratum-mise-a-jour-du-manuel-de-gestion-de-luqac\/#primaryimage"},"thumbnailUrl":"https:\/\/www.uqac.ca\/uqactualites\/wp-content\/uploads\/2012\/05\/avis-laCommunaut-.jpg","datePublished":"2013-05-28T17:53:18+00:00","dateModified":"2013-05-28T17:53:18+00:00","author":{"@id":"https:\/\/www.uqac.ca\/uqactualites\/#\/schema\/person\/366c45a0c4f0e677b41b4af5886e2018"},"breadcrumb":{"@id":"https:\/\/www.uqac.ca\/uqactualites\/2013\/05\/28\/erratum-mise-a-jour-du-manuel-de-gestion-de-luqac\/#breadcrumb"},"inLanguage":"fr-CA","potentialAction":[{"@type":"ReadAction","target":["https:\/\/www.uqac.ca\/uqactualites\/2013\/05\/28\/erratum-mise-a-jour-du-manuel-de-gestion-de-luqac\/"]}]},{"@type":"ImageObject","inLanguage":"fr-CA","@id":"https:\/\/www.uqac.ca\/uqactualites\/2013\/05\/28\/erratum-mise-a-jour-du-manuel-de-gestion-de-luqac\/#primaryimage","url":"https:\/\/www.uqac.ca\/uqactualites\/wp-content\/uploads\/2012\/05\/avis-laCommunaut-.jpg","contentUrl":"https:\/\/www.uqac.ca\/uqactualites\/wp-content\/uploads\/2012\/05\/avis-laCommunaut-.jpg","width":620,"height":300},{"@type":"BreadcrumbList","@id":"https:\/\/www.uqac.ca\/uqactualites\/2013\/05\/28\/erratum-mise-a-jour-du-manuel-de-gestion-de-luqac\/#breadcrumb","itemListElement":[{"@type":"ListItem","position":1,"name":"Home","item":"https:\/\/www.uqac.ca\/uqactualites\/"},{"@type":"ListItem","position":2,"name":"Erratum : Mise \u00e0 jour du Manuel de gestion de l&rsquo;UQAC"}]},{"@type":"WebSite","@id":"https:\/\/www.uqac.ca\/uqactualites\/#website","url":"https:\/\/www.uqac.ca\/uqactualites\/","name":"UQACtualit\u00e9s","description":"Le portail des nouvelles de l&#039;UQAC","potentialAction":[{"@type":"SearchAction","target":{"@type":"EntryPoint","urlTemplate":"https:\/\/www.uqac.ca\/uqactualites\/?s={search_term_string}"},"query-input":{"@type":"PropertyValueSpecification","valueRequired":true,"valueName":"search_term_string"}}],"inLanguage":"fr-CA"},{"@type":"Person","@id":"https:\/\/www.uqac.ca\/uqactualites\/#\/schema\/person\/366c45a0c4f0e677b41b4af5886e2018","name":"Service des communications et des relations publiques","image":{"@type":"ImageObject","inLanguage":"fr-CA","@id":"https:\/\/www.uqac.ca\/uqactualites\/#\/schema\/person\/image\/","url":"https:\/\/secure.gravatar.com\/avatar\/20fbbda8a292f59f2d3461a5b999c00b?s=96&d=mm&r=g","contentUrl":"https:\/\/secure.gravatar.com\/avatar\/20fbbda8a292f59f2d3461a5b999c00b?s=96&d=mm&r=g","caption":"Service des communications et des relations publiques"},"url":"https:\/\/www.uqac.ca\/uqactualites\/author\/bap\/"}]}},"_links":{"self":[{"href":"https:\/\/www.uqac.ca\/uqactualites\/wp-json\/wp\/v2\/posts\/24389"}],"collection":[{"href":"https:\/\/www.uqac.ca\/uqactualites\/wp-json\/wp\/v2\/posts"}],"about":[{"href":"https:\/\/www.uqac.ca\/uqactualites\/wp-json\/wp\/v2\/types\/post"}],"author":[{"embeddable":true,"href":"https:\/\/www.uqac.ca\/uqactualites\/wp-json\/wp\/v2\/users\/5"}],"replies":[{"embeddable":true,"href":"https:\/\/www.uqac.ca\/uqactualites\/wp-json\/wp\/v2\/comments?post=24389"}],"version-history":[{"count":0,"href":"https:\/\/www.uqac.ca\/uqactualites\/wp-json\/wp\/v2\/posts\/24389\/revisions"}],"wp:featuredmedia":[{"embeddable":true,"href":"https:\/\/www.uqac.ca\/uqactualites\/wp-json\/wp\/v2\/media\/20989"}],"wp:attachment":[{"href":"https:\/\/www.uqac.ca\/uqactualites\/wp-json\/wp\/v2\/media?parent=24389"}],"wp:term":[{"taxonomy":"category","embeddable":true,"href":"https:\/\/www.uqac.ca\/uqactualites\/wp-json\/wp\/v2\/categories?post=24389"},{"taxonomy":"post_tag","embeddable":true,"href":"https:\/\/www.uqac.ca\/uqactualites\/wp-json\/wp\/v2\/tags?post=24389"}],"curies":[{"name":"wp","href":"https:\/\/api.w.org\/{rel}","templated":true}]}}