{"id":24471,"date":"2013-06-13T08:55:19","date_gmt":"2013-06-13T12:55:19","guid":{"rendered":"http:\/\/uqactualite.odev.ca\/?p=24471"},"modified":"2013-06-13T08:55:19","modified_gmt":"2013-06-13T12:55:19","slug":"grand-defi-pierre-lavoie-2","status":"publish","type":"post","link":"https:\/\/www.uqac.ca\/uqactualites\/2013\/06\/13\/grand-defi-pierre-lavoie-2\/","title":{"rendered":"Grand d\u00e9fi Pierre Lavoie"},"content":{"rendered":"<p style=\"text-align: justify\">La communaut\u00e9 universitaire est invit\u00e9e \u00e0 venir encourager les cyclistes, dont les membres de l\u2019\u00e9quipe UQAC, qui prendront part \u00e0 l\u2019\u00e9dition\u00a02013 du Grand d\u00e9fi Pierre Lavoie\u00a0:<\/p>\n<p style=\"text-align: center\" align=\"center\"><span style=\"color: #5a7411\"><b>Vendredi 14 juin 2013\u00a0 \u25aa\u00a0 9\u00a0h\u00a005<\/b><\/span><br \/>\n<span style=\"color: #5a7411\">Entr\u00e9es est et ouest du Pavillon principal<\/span><\/p>\n<p style=\"text-align: justify\">\u00c0 cette occasion, plus de 500 jeunes des \u00e9coles primaires de Chicoutimi seront aussi r\u00e9unis autour de l\u2019Universit\u00e9 afin de soutenir les sportifs en action. Joignez-vous \u00e0 eux et soyez du mouvement!<\/p>\n<p style=\"text-align: justify\"><b>Quelques modifications<\/b><\/p>\n<p style=\"text-align: justify\">Le comit\u00e9 organisateur du Grand d\u00e9fi apporte quelques modifications pour cette \u00e9dition\u00a02013\u00a0: en effet, tous les cyclistes prendront part \u00e0 la premi\u00e8re \u00e9tape. Ce sont donc plus de 1 000 cyclistes qui d\u00e9fileront autour du Pavillon principal de l\u2019UQAC, apr\u00e8s quoi ils feront un court arr\u00eat d\u2019environ 10 minutes afin de proc\u00e9der au changement de cyclistes pour la seconde \u00e9tape. Certains regagneront leur v\u00e9hicule, et les autres p\u00e9daleront vers Larouche. Les quelque 200 v\u00e9hicules r\u00e9cr\u00e9atifs des cyclistes seront donc stationn\u00e9s sur le campus, et ce, d\u00e8s 7\u00a0h\u00a030.<\/p>\n<p style=\"text-align: justify\">Pour assurer le bon d\u00e9roulement de cet arr\u00eat, nous avons besoin de la collaboration de toute la communaut\u00e9 universitaire. Voici comment vous pouvez nous aider\u00a0:<\/p>\n<ul style=\"text-align: justify\">\n<li>Le stationnement du <b>c\u00f4t\u00e9<\/b> <b>est <\/b>ainsi que ceux derri\u00e8re le <b>Pavillon Alphonse-Desjardins<\/b> et le <b>Pavillon sportif<\/b> seront r\u00e9serv\u00e9s pour les VR du Grand d\u00e9fi. Ils devront \u00eatre lib\u00e9r\u00e9s de tous les v\u00e9hicules le jeudi 13 juin \u00e0 partir de 22\u00a0h. Tout v\u00e9hicule qui demeurera sur ces aires de stationnement devra \u00eatre remorqu\u00e9;<\/li>\n<li>Le stationnement du <b>c\u00f4t\u00e9<\/b> <b>ouest <\/b>ainsi que celui derri\u00e8re le <b>Pavillon de m\u00e9decine<\/b> seront r\u00e9serv\u00e9s aux membres de la communaut\u00e9 universitaire. Nous vous demandons de vous y stationner pour cette demi-journ\u00e9e de travail. Merci de bien vouloir emprunter la rue <b>Newton<\/b> pour acc\u00e9der aux stationnements qui vous seront r\u00e9serv\u00e9s;<\/li>\n<li>Des barri\u00e8res anti\u00e9meutes ainsi que des tr\u00e9teaux seront mis en place le jeudi 13 juin en soir\u00e9e. Merci de ne pas les d\u00e9placer;<\/li>\n<li>Aucune circulation sur le campus ne sera possible le vendredi 14 juin entre 8\u00a0h\u00a030 et 9\u00a0h\u00a030, heure de passage des cyclistes. Merci de le pr\u00e9voir pour vos d\u00e9placements. Il est \u00e0 noter que des agents de s\u00e9curit\u00e9 seront en place d\u00e8s 5\u00a0h\u00a030 afin d\u2019assurer la meilleure circulation possible.<\/li>\n<\/ul>\n<p style=\"text-align: justify\"><b><br \/>\nHoraire du passage des cyclistes du Grand d\u00e9fi \u00e0 l\u2019UQAC<\/b><\/p>\n<p style=\"text-align: justify\">7\u00a0h\u00a030\u00a0\u00a0\u00a0 Arriv\u00e9e des v\u00e9hicules des cyclistes<br \/>\n8\u00a0h\u00a030\u00a0\u00a0\u00a0 Arriv\u00e9e des jeunes des \u00e9coles primaires de Chicoutimi<br \/>\n9 h 05\u00a0\u00a0\u00a0 Passage des cyclistes<br \/>\n9\u00a0h\u00a015\u00a0\u00a0\u00a0 D\u00e9part des cyclistes vers Larouche<br \/>\n9\u00a0h\u00a033 \u00a0\u00a0 D\u00e9part des VR des cyclistes<\/p>\n<p style=\"text-align: justify\"><b><br \/>\nRenseignements\u00a0:<br \/>\n<\/b>Esther Laprise, charg\u00e9e de gestion (\u00e9v\u00e9nements institutionnels)<br \/>\nBureau des affaires publiques<br \/>\nUniversit\u00e9 du Qu\u00e9bec \u00e0 Chicoutimi<br \/>\n418 545-5011 poste\u00a04774\u00a0 \u25aa\u00a0 <span style=\"color: #5a7411\"><a href=\"mailto:esther.laprise@uqac.ca\"><span style=\"color: #5a7411\">esther.laprise@uqac.ca<\/span><\/a><\/span><\/p>\n","protected":false},"excerpt":{"rendered":"<p>La communaut\u00e9 universitaire est invit\u00e9e \u00e0 venir encourager les cyclistes, dont les membres de l\u2019\u00e9quipe UQAC, qui prendront part \u00e0 l\u2019\u00e9dition\u00a02013 du Grand d\u00e9fi Pierre Lavoie\u00a0: Vendredi 14 juin 2013\u00a0 \u25aa\u00a0 9\u00a0h\u00a005 Entr\u00e9es est et ouest du Pavillon principal \u00c0 cette occasion, plus de 500 jeunes des \u00e9coles primaires de Chicoutimi seront aussi r\u00e9unis autour [&hellip;]<\/p>\n","protected":false},"author":5,"featured_media":20987,"comment_status":"closed","ping_status":"open","sticky":false,"template":"","format":"standard","meta":{"footnotes":""},"categories":[2772],"tags":[1553,432,2182,1441,402,1104],"yoast_head":"<!-- This site is optimized with the Yoast SEO plugin v24.2 - https:\/\/yoast.com\/wordpress\/plugins\/seo\/ -->\r\n<title>Grand d\u00e9fi Pierre Lavoie - UQACtualit\u00e9s<\/title>\r\n<meta name=\"robots\" content=\"index, follow, max-snippet:-1, max-image-preview:large, max-video-preview:-1\" \/>\r\n<link rel=\"canonical\" href=\"https:\/\/www.uqac.ca\/uqactualites\/2013\/06\/13\/grand-defi-pierre-lavoie-2\/\" \/>\r\n<meta property=\"og:locale\" content=\"fr_CA\" \/>\r\n<meta property=\"og:type\" content=\"article\" \/>\r\n<meta property=\"og:title\" content=\"Grand d\u00e9fi Pierre Lavoie - UQACtualit\u00e9s\" \/>\r\n<meta property=\"og:description\" content=\"La communaut\u00e9 universitaire est invit\u00e9e \u00e0 venir encourager les cyclistes, dont les membres de l\u2019\u00e9quipe UQAC, qui prendront part \u00e0 l\u2019\u00e9dition\u00a02013 du Grand d\u00e9fi Pierre Lavoie\u00a0: Vendredi 14 juin 2013\u00a0 \u25aa\u00a0 9\u00a0h\u00a005 Entr\u00e9es est et ouest du Pavillon principal \u00c0 cette occasion, plus de 500 jeunes des \u00e9coles primaires de Chicoutimi seront aussi r\u00e9unis autour [&hellip;]\" \/>\r\n<meta property=\"og:url\" content=\"https:\/\/www.uqac.ca\/uqactualites\/2013\/06\/13\/grand-defi-pierre-lavoie-2\/\" \/>\r\n<meta property=\"og:site_name\" content=\"UQACtualit\u00e9s\" \/>\r\n<meta property=\"article:published_time\" content=\"2013-06-13T12:55:19+00:00\" \/>\r\n<meta property=\"og:image\" content=\"https:\/\/www.uqac.ca\/uqactualites\/wp-content\/uploads\/2012\/05\/avis-important.jpg\" \/>\r\n\t<meta property=\"og:image:width\" content=\"620\" \/>\r\n\t<meta property=\"og:image:height\" content=\"300\" \/>\r\n\t<meta property=\"og:image:type\" content=\"image\/jpeg\" \/>\r\n<meta name=\"author\" content=\"Service des communications et des relations publiques\" \/>\r\n<meta name=\"twitter:card\" content=\"summary_large_image\" \/>\r\n<meta name=\"twitter:label1\" content=\"\u00c9crit par\" \/>\n\t<meta name=\"twitter:data1\" content=\"Service des communications et des relations publiques\" \/>\n\t<meta name=\"twitter:label2\" content=\"Estimation du temps de lecture\" \/>\n\t<meta name=\"twitter:data2\" content=\"2 minutes\" \/>\r\n<script type=\"application\/ld+json\" class=\"yoast-schema-graph\">{\"@context\":\"https:\/\/schema.org\",\"@graph\":[{\"@type\":\"WebPage\",\"@id\":\"https:\/\/www.uqac.ca\/uqactualites\/2013\/06\/13\/grand-defi-pierre-lavoie-2\/\",\"url\":\"https:\/\/www.uqac.ca\/uqactualites\/2013\/06\/13\/grand-defi-pierre-lavoie-2\/\",\"name\":\"Grand d\u00e9fi Pierre Lavoie - UQACtualit\u00e9s\",\"isPartOf\":{\"@id\":\"https:\/\/www.uqac.ca\/uqactualites\/#website\"},\"primaryImageOfPage\":{\"@id\":\"https:\/\/www.uqac.ca\/uqactualites\/2013\/06\/13\/grand-defi-pierre-lavoie-2\/#primaryimage\"},\"image\":{\"@id\":\"https:\/\/www.uqac.ca\/uqactualites\/2013\/06\/13\/grand-defi-pierre-lavoie-2\/#primaryimage\"},\"thumbnailUrl\":\"https:\/\/www.uqac.ca\/uqactualites\/wp-content\/uploads\/2012\/05\/avis-important.jpg\",\"datePublished\":\"2013-06-13T12:55:19+00:00\",\"dateModified\":\"2013-06-13T12:55:19+00:00\",\"author\":{\"@id\":\"https:\/\/www.uqac.ca\/uqactualites\/#\/schema\/person\/366c45a0c4f0e677b41b4af5886e2018\"},\"breadcrumb\":{\"@id\":\"https:\/\/www.uqac.ca\/uqactualites\/2013\/06\/13\/grand-defi-pierre-lavoie-2\/#breadcrumb\"},\"inLanguage\":\"fr-CA\",\"potentialAction\":[{\"@type\":\"ReadAction\",\"target\":[\"https:\/\/www.uqac.ca\/uqactualites\/2013\/06\/13\/grand-defi-pierre-lavoie-2\/\"]}]},{\"@type\":\"ImageObject\",\"inLanguage\":\"fr-CA\",\"@id\":\"https:\/\/www.uqac.ca\/uqactualites\/2013\/06\/13\/grand-defi-pierre-lavoie-2\/#primaryimage\",\"url\":\"https:\/\/www.uqac.ca\/uqactualites\/wp-content\/uploads\/2012\/05\/avis-important.jpg\",\"contentUrl\":\"https:\/\/www.uqac.ca\/uqactualites\/wp-content\/uploads\/2012\/05\/avis-important.jpg\",\"width\":620,\"height\":300},{\"@type\":\"BreadcrumbList\",\"@id\":\"https:\/\/www.uqac.ca\/uqactualites\/2013\/06\/13\/grand-defi-pierre-lavoie-2\/#breadcrumb\",\"itemListElement\":[{\"@type\":\"ListItem\",\"position\":1,\"name\":\"Home\",\"item\":\"https:\/\/www.uqac.ca\/uqactualites\/\"},{\"@type\":\"ListItem\",\"position\":2,\"name\":\"Grand d\u00e9fi Pierre Lavoie\"}]},{\"@type\":\"WebSite\",\"@id\":\"https:\/\/www.uqac.ca\/uqactualites\/#website\",\"url\":\"https:\/\/www.uqac.ca\/uqactualites\/\",\"name\":\"UQACtualit\u00e9s\",\"description\":\"Le portail des nouvelles de l&#039;UQAC\",\"potentialAction\":[{\"@type\":\"SearchAction\",\"target\":{\"@type\":\"EntryPoint\",\"urlTemplate\":\"https:\/\/www.uqac.ca\/uqactualites\/?s={search_term_string}\"},\"query-input\":{\"@type\":\"PropertyValueSpecification\",\"valueRequired\":true,\"valueName\":\"search_term_string\"}}],\"inLanguage\":\"fr-CA\"},{\"@type\":\"Person\",\"@id\":\"https:\/\/www.uqac.ca\/uqactualites\/#\/schema\/person\/366c45a0c4f0e677b41b4af5886e2018\",\"name\":\"Service des communications et des relations publiques\",\"image\":{\"@type\":\"ImageObject\",\"inLanguage\":\"fr-CA\",\"@id\":\"https:\/\/www.uqac.ca\/uqactualites\/#\/schema\/person\/image\/\",\"url\":\"https:\/\/secure.gravatar.com\/avatar\/20fbbda8a292f59f2d3461a5b999c00b?s=96&d=mm&r=g\",\"contentUrl\":\"https:\/\/secure.gravatar.com\/avatar\/20fbbda8a292f59f2d3461a5b999c00b?s=96&d=mm&r=g\",\"caption\":\"Service des communications et des relations publiques\"},\"url\":\"https:\/\/www.uqac.ca\/uqactualites\/author\/bap\/\"}]}<\/script>\r\n<!-- \/ Yoast SEO plugin. -->","yoast_head_json":{"title":"Grand d\u00e9fi Pierre Lavoie - UQACtualit\u00e9s","robots":{"index":"index","follow":"follow","max-snippet":"max-snippet:-1","max-image-preview":"max-image-preview:large","max-video-preview":"max-video-preview:-1"},"canonical":"https:\/\/www.uqac.ca\/uqactualites\/2013\/06\/13\/grand-defi-pierre-lavoie-2\/","og_locale":"fr_CA","og_type":"article","og_title":"Grand d\u00e9fi Pierre Lavoie - UQACtualit\u00e9s","og_description":"La communaut\u00e9 universitaire est invit\u00e9e \u00e0 venir encourager les cyclistes, dont les membres de l\u2019\u00e9quipe UQAC, qui prendront part \u00e0 l\u2019\u00e9dition\u00a02013 du Grand d\u00e9fi Pierre Lavoie\u00a0: Vendredi 14 juin 2013\u00a0 \u25aa\u00a0 9\u00a0h\u00a005 Entr\u00e9es est et ouest du Pavillon principal \u00c0 cette occasion, plus de 500 jeunes des \u00e9coles primaires de Chicoutimi seront aussi r\u00e9unis autour [&hellip;]","og_url":"https:\/\/www.uqac.ca\/uqactualites\/2013\/06\/13\/grand-defi-pierre-lavoie-2\/","og_site_name":"UQACtualit\u00e9s","article_published_time":"2013-06-13T12:55:19+00:00","og_image":[{"width":620,"height":300,"url":"https:\/\/www.uqac.ca\/uqactualites\/wp-content\/uploads\/2012\/05\/avis-important.jpg","type":"image\/jpeg"}],"author":"Service des communications et des relations publiques","twitter_card":"summary_large_image","twitter_misc":{"\u00c9crit par":"Service des communications et des relations publiques","Estimation du temps de lecture":"2 minutes"},"schema":{"@context":"https:\/\/schema.org","@graph":[{"@type":"WebPage","@id":"https:\/\/www.uqac.ca\/uqactualites\/2013\/06\/13\/grand-defi-pierre-lavoie-2\/","url":"https:\/\/www.uqac.ca\/uqactualites\/2013\/06\/13\/grand-defi-pierre-lavoie-2\/","name":"Grand d\u00e9fi Pierre Lavoie - UQACtualit\u00e9s","isPartOf":{"@id":"https:\/\/www.uqac.ca\/uqactualites\/#website"},"primaryImageOfPage":{"@id":"https:\/\/www.uqac.ca\/uqactualites\/2013\/06\/13\/grand-defi-pierre-lavoie-2\/#primaryimage"},"image":{"@id":"https:\/\/www.uqac.ca\/uqactualites\/2013\/06\/13\/grand-defi-pierre-lavoie-2\/#primaryimage"},"thumbnailUrl":"https:\/\/www.uqac.ca\/uqactualites\/wp-content\/uploads\/2012\/05\/avis-important.jpg","datePublished":"2013-06-13T12:55:19+00:00","dateModified":"2013-06-13T12:55:19+00:00","author":{"@id":"https:\/\/www.uqac.ca\/uqactualites\/#\/schema\/person\/366c45a0c4f0e677b41b4af5886e2018"},"breadcrumb":{"@id":"https:\/\/www.uqac.ca\/uqactualites\/2013\/06\/13\/grand-defi-pierre-lavoie-2\/#breadcrumb"},"inLanguage":"fr-CA","potentialAction":[{"@type":"ReadAction","target":["https:\/\/www.uqac.ca\/uqactualites\/2013\/06\/13\/grand-defi-pierre-lavoie-2\/"]}]},{"@type":"ImageObject","inLanguage":"fr-CA","@id":"https:\/\/www.uqac.ca\/uqactualites\/2013\/06\/13\/grand-defi-pierre-lavoie-2\/#primaryimage","url":"https:\/\/www.uqac.ca\/uqactualites\/wp-content\/uploads\/2012\/05\/avis-important.jpg","contentUrl":"https:\/\/www.uqac.ca\/uqactualites\/wp-content\/uploads\/2012\/05\/avis-important.jpg","width":620,"height":300},{"@type":"BreadcrumbList","@id":"https:\/\/www.uqac.ca\/uqactualites\/2013\/06\/13\/grand-defi-pierre-lavoie-2\/#breadcrumb","itemListElement":[{"@type":"ListItem","position":1,"name":"Home","item":"https:\/\/www.uqac.ca\/uqactualites\/"},{"@type":"ListItem","position":2,"name":"Grand d\u00e9fi Pierre Lavoie"}]},{"@type":"WebSite","@id":"https:\/\/www.uqac.ca\/uqactualites\/#website","url":"https:\/\/www.uqac.ca\/uqactualites\/","name":"UQACtualit\u00e9s","description":"Le portail des nouvelles de l&#039;UQAC","potentialAction":[{"@type":"SearchAction","target":{"@type":"EntryPoint","urlTemplate":"https:\/\/www.uqac.ca\/uqactualites\/?s={search_term_string}"},"query-input":{"@type":"PropertyValueSpecification","valueRequired":true,"valueName":"search_term_string"}}],"inLanguage":"fr-CA"},{"@type":"Person","@id":"https:\/\/www.uqac.ca\/uqactualites\/#\/schema\/person\/366c45a0c4f0e677b41b4af5886e2018","name":"Service des communications et des relations publiques","image":{"@type":"ImageObject","inLanguage":"fr-CA","@id":"https:\/\/www.uqac.ca\/uqactualites\/#\/schema\/person\/image\/","url":"https:\/\/secure.gravatar.com\/avatar\/20fbbda8a292f59f2d3461a5b999c00b?s=96&d=mm&r=g","contentUrl":"https:\/\/secure.gravatar.com\/avatar\/20fbbda8a292f59f2d3461a5b999c00b?s=96&d=mm&r=g","caption":"Service des communications et des relations publiques"},"url":"https:\/\/www.uqac.ca\/uqactualites\/author\/bap\/"}]}},"_links":{"self":[{"href":"https:\/\/www.uqac.ca\/uqactualites\/wp-json\/wp\/v2\/posts\/24471"}],"collection":[{"href":"https:\/\/www.uqac.ca\/uqactualites\/wp-json\/wp\/v2\/posts"}],"about":[{"href":"https:\/\/www.uqac.ca\/uqactualites\/wp-json\/wp\/v2\/types\/post"}],"author":[{"embeddable":true,"href":"https:\/\/www.uqac.ca\/uqactualites\/wp-json\/wp\/v2\/users\/5"}],"replies":[{"embeddable":true,"href":"https:\/\/www.uqac.ca\/uqactualites\/wp-json\/wp\/v2\/comments?post=24471"}],"version-history":[{"count":0,"href":"https:\/\/www.uqac.ca\/uqactualites\/wp-json\/wp\/v2\/posts\/24471\/revisions"}],"wp:featuredmedia":[{"embeddable":true,"href":"https:\/\/www.uqac.ca\/uqactualites\/wp-json\/wp\/v2\/media\/20987"}],"wp:attachment":[{"href":"https:\/\/www.uqac.ca\/uqactualites\/wp-json\/wp\/v2\/media?parent=24471"}],"wp:term":[{"taxonomy":"category","embeddable":true,"href":"https:\/\/www.uqac.ca\/uqactualites\/wp-json\/wp\/v2\/categories?post=24471"},{"taxonomy":"post_tag","embeddable":true,"href":"https:\/\/www.uqac.ca\/uqactualites\/wp-json\/wp\/v2\/tags?post=24471"}],"curies":[{"name":"wp","href":"https:\/\/api.w.org\/{rel}","templated":true}]}}