{"id":24486,"date":"2013-06-07T11:32:03","date_gmt":"2013-06-07T15:32:03","guid":{"rendered":"http:\/\/uqactualite.odev.ca\/?p=24486"},"modified":"2013-06-07T11:32:03","modified_gmt":"2013-06-07T15:32:03","slug":"jean-marie-tremblay-et-les-classiques-des-sciences-sociales-honores-par-lordre-national-du-quebec","status":"publish","type":"post","link":"https:\/\/www.uqac.ca\/uqactualites\/2013\/06\/07\/jean-marie-tremblay-et-les-classiques-des-sciences-sociales-honores-par-lordre-national-du-quebec\/","title":{"rendered":"Jean-Marie Tremblay et Les classiques des sciences sociales honor\u00e9s par l\u2019Ordre national du Qu\u00e9bec"},"content":{"rendered":"<p style=\"text-align: justify\">Le Secr\u00e9tariat de l&rsquo;Ordre national du Qu\u00e9bec d\u00e9voilait le 3 juin dernier les nouvelles nominations pour l\u2019ann\u00e9e 2013. Jean-Marie Tremblay, sociologue et fondateur de la biblioth\u00e8que virtuelle <i>Les classiques des sciences sociales<\/i>, a \u00e9t\u00e9 honor\u00e9 de la plus haute distinction accord\u00e9e par le gouvernement du Qu\u00e9bec. C\u2019est \u00e0 l\u2019occasion d\u2019une c\u00e9r\u00e9monie, qui avait lieu \u00e0 l&rsquo;H\u00f4tel du Parlement de Qu\u00e9bec le jeudi 6 juin dernier, que cette r\u00e9compense lui a \u00e9t\u00e9 remise en reconnaissance de sa contribution au rayonnement du Qu\u00e9bec dans le monde. Celui qui \u0153uvre b\u00e9n\u00e9volement depuis 20 ans au d\u00e9veloppement de cette biblioth\u00e8que virtuelle \u00e0 vocation \u00e9ducative et sociale \u00e9tait professeur de sociologie au c\u00e9gep de Chicoutimi jusqu\u2019au moment de sa retraite en janvier 2011.<\/p>\n<p style=\"text-align: justify\">Fond\u00e9e en 1993 et d\u00e9velopp\u00e9e depuis 2000 avec le soutien de l&rsquo;UQAC, du c\u00e9gep de Chicoutimi et de la Ville de Saguenay, cette biblioth\u00e8que virtuelle contient des milliers d&rsquo;\u0153uvres en libre acc\u00e8s et constitue un lieu privil\u00e9gi\u00e9 de diffusion des savoirs en sciences sociales et en philosophie. Le titre de <span style=\"color: #5a7411\"><a href=\"http:\/\/www.ordre-national.gouv.qc.ca\/membres\/membre.asp?id=2580\" target=\"_blank\" rel=\"noopener\"><span style=\"color: #5a7411\">Chevalier de l\u2019Ordre national du Qu\u00e9bec remis \u00e0 Jean-Marie Tremblay<\/span><\/a><\/span> est une distinction qui souligne le travail de tous les intellectuels participant \u00e0 la culture savante libre. Il permet par la m\u00eame occasion de faire rayonner dans toute la Francophonie des chercheurs et professeurs de l\u2019UQAC dont les travaux et publications sont diffus\u00e9s dans la biblioth\u00e8que.<\/p>\n<p style=\"text-align: justify\">Toutes nos f\u00e9licitations \u00e0 M. Tremblay pour cet honneur qui rejaillit sur notre Universit\u00e9 et notre r\u00e9gion!<\/p>\n<p style=\"text-align: justify\">Visitez la biblioth\u00e8que num\u00e9rique \u00e0 <span style=\"color: #5a7411\"><a href=\"http:\/\/classiques.uqac.ca\" target=\"_blank\" rel=\"noopener\"><span style=\"color: #5a7411\"><b>classiques.uqac.ca<\/b><\/span><\/a><\/span>.<\/p>\n<p style=\"text-align: justify\"><b><br \/>\nSources\u00a0:<\/b><\/p>\n<p style=\"text-align: justify\">Jean-Marie Tremblay, sociologue<br \/>\nFondateur et PDG de la biblioth\u00e8que num\u00e9rique <i>Les classiques des sciences sociales<br \/>\n<\/i><span style=\"color: #5a7411\"><a href=\"mailto:jean-marie_tremblay@uqac.ca\"><span style=\"color: #5a7411\">jean-marie_tremblay@uqac.ca<\/span><\/a><\/span>\u00a0 \u25aa\u00a0 <span style=\"color: #5a7411\"><a href=\"http:\/\/jmt-sociologue.uqac.ca\/\" target=\"_blank\" rel=\"noopener\"><span style=\"color: #5a7411\">jmt-sociologue.uqac.ca<\/span><\/a><\/span><\/p>\n<p style=\"text-align: justify\">Bureau des affaires publiques<br \/>\nUniversit\u00e9 du Qu\u00e9bec \u00e0 Chicoutimi<br \/>\n418\u00a0545-5011, poste\u00a02350\u00a0 \u25aa\u00a0 <span style=\"color: #5a7411\"><a href=\"mailto:affaires_publiques@uqac.ca\"><span style=\"color: #5a7411\">affaires_publiques@uqac.ca<\/span><\/a><\/span><\/p>\n<p style=\"text-align: justify\">\n<p style=\"text-align: justify\"><span style=\"color: #808080\">________________________________________________________________________________________<\/span><\/p>\n<p style=\"text-align: justify\"><span style=\"color: #808080\"><b>Sur la photo\u00a0:<\/b> Jean-Marie Tremblay<\/span><br \/>\n<span style=\"color: #808080\"><b>Photographe\u00a0:<\/b> Simon Villeneuve<\/span><br \/>\n<span style=\"color: #808080\">________________________________________________________________________________________\u00a0\u00a0<\/span><\/p>\n","protected":false},"excerpt":{"rendered":"<p>Le Secr\u00e9tariat de l&rsquo;Ordre national du Qu\u00e9bec d\u00e9voilait le 3 juin dernier les nouvelles nominations pour l\u2019ann\u00e9e 2013. Jean-Marie Tremblay, sociologue et fondateur de la biblioth\u00e8que virtuelle Les classiques des sciences sociales, a \u00e9t\u00e9 honor\u00e9 de la plus haute distinction accord\u00e9e par le gouvernement du Qu\u00e9bec. C\u2019est \u00e0 l\u2019occasion d\u2019une c\u00e9r\u00e9monie, qui avait lieu \u00e0 [&hellip;]<\/p>\n","protected":false},"author":5,"featured_media":24487,"comment_status":"open","ping_status":"open","sticky":false,"template":"","format":"standard","meta":{"footnotes":""},"categories":[2,9],"tags":[245,2187,2188,338,2189,2190,2191,1463,1054,297,2026,1331,2192],"yoast_head":"<!-- This site is optimized with the Yoast SEO plugin v24.2 - https:\/\/yoast.com\/wordpress\/plugins\/seo\/ -->\r\n<title>Jean-Marie Tremblay et Les classiques des sciences sociales honor\u00e9s par l\u2019Ordre national du Qu\u00e9bec - UQACtualit\u00e9s<\/title>\r\n<meta name=\"robots\" content=\"index, follow, max-snippet:-1, max-image-preview:large, max-video-preview:-1\" \/>\r\n<link rel=\"canonical\" href=\"https:\/\/www.uqac.ca\/uqactualites\/2013\/06\/07\/jean-marie-tremblay-et-les-classiques-des-sciences-sociales-honores-par-lordre-national-du-quebec\/\" \/>\r\n<meta property=\"og:locale\" content=\"fr_CA\" \/>\r\n<meta property=\"og:type\" content=\"article\" \/>\r\n<meta property=\"og:title\" content=\"Jean-Marie Tremblay et Les classiques des sciences sociales honor\u00e9s par l\u2019Ordre national du Qu\u00e9bec - UQACtualit\u00e9s\" \/>\r\n<meta property=\"og:description\" content=\"Le Secr\u00e9tariat de l&rsquo;Ordre national du Qu\u00e9bec d\u00e9voilait le 3 juin dernier les nouvelles nominations pour l\u2019ann\u00e9e 2013. Jean-Marie Tremblay, sociologue et fondateur de la biblioth\u00e8que virtuelle Les classiques des sciences sociales, a \u00e9t\u00e9 honor\u00e9 de la plus haute distinction accord\u00e9e par le gouvernement du Qu\u00e9bec. C\u2019est \u00e0 l\u2019occasion d\u2019une c\u00e9r\u00e9monie, qui avait lieu \u00e0 [&hellip;]\" \/>\r\n<meta property=\"og:url\" content=\"https:\/\/www.uqac.ca\/uqactualites\/2013\/06\/07\/jean-marie-tremblay-et-les-classiques-des-sciences-sociales-honores-par-lordre-national-du-quebec\/\" \/>\r\n<meta property=\"og:site_name\" content=\"UQACtualit\u00e9s\" \/>\r\n<meta property=\"article:published_time\" content=\"2013-06-07T15:32:03+00:00\" \/>\r\n<meta property=\"og:image\" content=\"https:\/\/www.uqac.ca\/uqactualites\/wp-content\/uploads\/2013\/06\/Jean-Marie-Tremblay-Web-\u00a9Simon-Villeneuve.jpg\" \/>\r\n\t<meta property=\"og:image:width\" content=\"620\" \/>\r\n\t<meta property=\"og:image:height\" content=\"300\" \/>\r\n\t<meta property=\"og:image:type\" content=\"image\/jpeg\" \/>\r\n<meta name=\"author\" content=\"Service des communications et des relations publiques\" \/>\r\n<meta name=\"twitter:card\" content=\"summary_large_image\" \/>\r\n<meta name=\"twitter:label1\" content=\"\u00c9crit par\" \/>\n\t<meta name=\"twitter:data1\" content=\"Service des communications et des relations publiques\" \/>\n\t<meta name=\"twitter:label2\" content=\"Estimation du temps de lecture\" \/>\n\t<meta name=\"twitter:data2\" content=\"2 minutes\" \/>\r\n<script type=\"application\/ld+json\" class=\"yoast-schema-graph\">{\"@context\":\"https:\/\/schema.org\",\"@graph\":[{\"@type\":\"WebPage\",\"@id\":\"https:\/\/www.uqac.ca\/uqactualites\/2013\/06\/07\/jean-marie-tremblay-et-les-classiques-des-sciences-sociales-honores-par-lordre-national-du-quebec\/\",\"url\":\"https:\/\/www.uqac.ca\/uqactualites\/2013\/06\/07\/jean-marie-tremblay-et-les-classiques-des-sciences-sociales-honores-par-lordre-national-du-quebec\/\",\"name\":\"Jean-Marie Tremblay et Les classiques des sciences sociales honor\u00e9s par l\u2019Ordre national du Qu\u00e9bec - UQACtualit\u00e9s\",\"isPartOf\":{\"@id\":\"https:\/\/www.uqac.ca\/uqactualites\/#website\"},\"primaryImageOfPage\":{\"@id\":\"https:\/\/www.uqac.ca\/uqactualites\/2013\/06\/07\/jean-marie-tremblay-et-les-classiques-des-sciences-sociales-honores-par-lordre-national-du-quebec\/#primaryimage\"},\"image\":{\"@id\":\"https:\/\/www.uqac.ca\/uqactualites\/2013\/06\/07\/jean-marie-tremblay-et-les-classiques-des-sciences-sociales-honores-par-lordre-national-du-quebec\/#primaryimage\"},\"thumbnailUrl\":\"https:\/\/www.uqac.ca\/uqactualites\/wp-content\/uploads\/2013\/06\/Jean-Marie-Tremblay-Web-\u00a9Simon-Villeneuve.jpg\",\"datePublished\":\"2013-06-07T15:32:03+00:00\",\"dateModified\":\"2013-06-07T15:32:03+00:00\",\"author\":{\"@id\":\"https:\/\/www.uqac.ca\/uqactualites\/#\/schema\/person\/366c45a0c4f0e677b41b4af5886e2018\"},\"breadcrumb\":{\"@id\":\"https:\/\/www.uqac.ca\/uqactualites\/2013\/06\/07\/jean-marie-tremblay-et-les-classiques-des-sciences-sociales-honores-par-lordre-national-du-quebec\/#breadcrumb\"},\"inLanguage\":\"fr-CA\",\"potentialAction\":[{\"@type\":\"ReadAction\",\"target\":[\"https:\/\/www.uqac.ca\/uqactualites\/2013\/06\/07\/jean-marie-tremblay-et-les-classiques-des-sciences-sociales-honores-par-lordre-national-du-quebec\/\"]}]},{\"@type\":\"ImageObject\",\"inLanguage\":\"fr-CA\",\"@id\":\"https:\/\/www.uqac.ca\/uqactualites\/2013\/06\/07\/jean-marie-tremblay-et-les-classiques-des-sciences-sociales-honores-par-lordre-national-du-quebec\/#primaryimage\",\"url\":\"https:\/\/www.uqac.ca\/uqactualites\/wp-content\/uploads\/2013\/06\/Jean-Marie-Tremblay-Web-\u00a9Simon-Villeneuve.jpg\",\"contentUrl\":\"https:\/\/www.uqac.ca\/uqactualites\/wp-content\/uploads\/2013\/06\/Jean-Marie-Tremblay-Web-\u00a9Simon-Villeneuve.jpg\",\"width\":620,\"height\":300},{\"@type\":\"BreadcrumbList\",\"@id\":\"https:\/\/www.uqac.ca\/uqactualites\/2013\/06\/07\/jean-marie-tremblay-et-les-classiques-des-sciences-sociales-honores-par-lordre-national-du-quebec\/#breadcrumb\",\"itemListElement\":[{\"@type\":\"ListItem\",\"position\":1,\"name\":\"Home\",\"item\":\"https:\/\/www.uqac.ca\/uqactualites\/\"},{\"@type\":\"ListItem\",\"position\":2,\"name\":\"Jean-Marie Tremblay et Les classiques des sciences sociales honor\u00e9s par l\u2019Ordre national du Qu\u00e9bec\"}]},{\"@type\":\"WebSite\",\"@id\":\"https:\/\/www.uqac.ca\/uqactualites\/#website\",\"url\":\"https:\/\/www.uqac.ca\/uqactualites\/\",\"name\":\"UQACtualit\u00e9s\",\"description\":\"Le portail des nouvelles de l&#039;UQAC\",\"potentialAction\":[{\"@type\":\"SearchAction\",\"target\":{\"@type\":\"EntryPoint\",\"urlTemplate\":\"https:\/\/www.uqac.ca\/uqactualites\/?s={search_term_string}\"},\"query-input\":{\"@type\":\"PropertyValueSpecification\",\"valueRequired\":true,\"valueName\":\"search_term_string\"}}],\"inLanguage\":\"fr-CA\"},{\"@type\":\"Person\",\"@id\":\"https:\/\/www.uqac.ca\/uqactualites\/#\/schema\/person\/366c45a0c4f0e677b41b4af5886e2018\",\"name\":\"Service des communications et des relations publiques\",\"image\":{\"@type\":\"ImageObject\",\"inLanguage\":\"fr-CA\",\"@id\":\"https:\/\/www.uqac.ca\/uqactualites\/#\/schema\/person\/image\/\",\"url\":\"https:\/\/secure.gravatar.com\/avatar\/20fbbda8a292f59f2d3461a5b999c00b?s=96&d=mm&r=g\",\"contentUrl\":\"https:\/\/secure.gravatar.com\/avatar\/20fbbda8a292f59f2d3461a5b999c00b?s=96&d=mm&r=g\",\"caption\":\"Service des communications et des relations publiques\"},\"url\":\"https:\/\/www.uqac.ca\/uqactualites\/author\/bap\/\"}]}<\/script>\r\n<!-- \/ Yoast SEO plugin. -->","yoast_head_json":{"title":"Jean-Marie Tremblay et Les classiques des sciences sociales honor\u00e9s par l\u2019Ordre national du Qu\u00e9bec - UQACtualit\u00e9s","robots":{"index":"index","follow":"follow","max-snippet":"max-snippet:-1","max-image-preview":"max-image-preview:large","max-video-preview":"max-video-preview:-1"},"canonical":"https:\/\/www.uqac.ca\/uqactualites\/2013\/06\/07\/jean-marie-tremblay-et-les-classiques-des-sciences-sociales-honores-par-lordre-national-du-quebec\/","og_locale":"fr_CA","og_type":"article","og_title":"Jean-Marie Tremblay et Les classiques des sciences sociales honor\u00e9s par l\u2019Ordre national du Qu\u00e9bec - UQACtualit\u00e9s","og_description":"Le Secr\u00e9tariat de l&rsquo;Ordre national du Qu\u00e9bec d\u00e9voilait le 3 juin dernier les nouvelles nominations pour l\u2019ann\u00e9e 2013. Jean-Marie Tremblay, sociologue et fondateur de la biblioth\u00e8que virtuelle Les classiques des sciences sociales, a \u00e9t\u00e9 honor\u00e9 de la plus haute distinction accord\u00e9e par le gouvernement du Qu\u00e9bec. C\u2019est \u00e0 l\u2019occasion d\u2019une c\u00e9r\u00e9monie, qui avait lieu \u00e0 [&hellip;]","og_url":"https:\/\/www.uqac.ca\/uqactualites\/2013\/06\/07\/jean-marie-tremblay-et-les-classiques-des-sciences-sociales-honores-par-lordre-national-du-quebec\/","og_site_name":"UQACtualit\u00e9s","article_published_time":"2013-06-07T15:32:03+00:00","og_image":[{"width":620,"height":300,"url":"https:\/\/www.uqac.ca\/uqactualites\/wp-content\/uploads\/2013\/06\/Jean-Marie-Tremblay-Web-\u00a9Simon-Villeneuve.jpg","type":"image\/jpeg"}],"author":"Service des communications et des relations publiques","twitter_card":"summary_large_image","twitter_misc":{"\u00c9crit par":"Service des communications et des relations publiques","Estimation du temps de lecture":"2 minutes"},"schema":{"@context":"https:\/\/schema.org","@graph":[{"@type":"WebPage","@id":"https:\/\/www.uqac.ca\/uqactualites\/2013\/06\/07\/jean-marie-tremblay-et-les-classiques-des-sciences-sociales-honores-par-lordre-national-du-quebec\/","url":"https:\/\/www.uqac.ca\/uqactualites\/2013\/06\/07\/jean-marie-tremblay-et-les-classiques-des-sciences-sociales-honores-par-lordre-national-du-quebec\/","name":"Jean-Marie Tremblay et Les classiques des sciences sociales honor\u00e9s par l\u2019Ordre national du Qu\u00e9bec - UQACtualit\u00e9s","isPartOf":{"@id":"https:\/\/www.uqac.ca\/uqactualites\/#website"},"primaryImageOfPage":{"@id":"https:\/\/www.uqac.ca\/uqactualites\/2013\/06\/07\/jean-marie-tremblay-et-les-classiques-des-sciences-sociales-honores-par-lordre-national-du-quebec\/#primaryimage"},"image":{"@id":"https:\/\/www.uqac.ca\/uqactualites\/2013\/06\/07\/jean-marie-tremblay-et-les-classiques-des-sciences-sociales-honores-par-lordre-national-du-quebec\/#primaryimage"},"thumbnailUrl":"https:\/\/www.uqac.ca\/uqactualites\/wp-content\/uploads\/2013\/06\/Jean-Marie-Tremblay-Web-\u00a9Simon-Villeneuve.jpg","datePublished":"2013-06-07T15:32:03+00:00","dateModified":"2013-06-07T15:32:03+00:00","author":{"@id":"https:\/\/www.uqac.ca\/uqactualites\/#\/schema\/person\/366c45a0c4f0e677b41b4af5886e2018"},"breadcrumb":{"@id":"https:\/\/www.uqac.ca\/uqactualites\/2013\/06\/07\/jean-marie-tremblay-et-les-classiques-des-sciences-sociales-honores-par-lordre-national-du-quebec\/#breadcrumb"},"inLanguage":"fr-CA","potentialAction":[{"@type":"ReadAction","target":["https:\/\/www.uqac.ca\/uqactualites\/2013\/06\/07\/jean-marie-tremblay-et-les-classiques-des-sciences-sociales-honores-par-lordre-national-du-quebec\/"]}]},{"@type":"ImageObject","inLanguage":"fr-CA","@id":"https:\/\/www.uqac.ca\/uqactualites\/2013\/06\/07\/jean-marie-tremblay-et-les-classiques-des-sciences-sociales-honores-par-lordre-national-du-quebec\/#primaryimage","url":"https:\/\/www.uqac.ca\/uqactualites\/wp-content\/uploads\/2013\/06\/Jean-Marie-Tremblay-Web-\u00a9Simon-Villeneuve.jpg","contentUrl":"https:\/\/www.uqac.ca\/uqactualites\/wp-content\/uploads\/2013\/06\/Jean-Marie-Tremblay-Web-\u00a9Simon-Villeneuve.jpg","width":620,"height":300},{"@type":"BreadcrumbList","@id":"https:\/\/www.uqac.ca\/uqactualites\/2013\/06\/07\/jean-marie-tremblay-et-les-classiques-des-sciences-sociales-honores-par-lordre-national-du-quebec\/#breadcrumb","itemListElement":[{"@type":"ListItem","position":1,"name":"Home","item":"https:\/\/www.uqac.ca\/uqactualites\/"},{"@type":"ListItem","position":2,"name":"Jean-Marie Tremblay et Les classiques des sciences sociales honor\u00e9s par l\u2019Ordre national du Qu\u00e9bec"}]},{"@type":"WebSite","@id":"https:\/\/www.uqac.ca\/uqactualites\/#website","url":"https:\/\/www.uqac.ca\/uqactualites\/","name":"UQACtualit\u00e9s","description":"Le portail des nouvelles de l&#039;UQAC","potentialAction":[{"@type":"SearchAction","target":{"@type":"EntryPoint","urlTemplate":"https:\/\/www.uqac.ca\/uqactualites\/?s={search_term_string}"},"query-input":{"@type":"PropertyValueSpecification","valueRequired":true,"valueName":"search_term_string"}}],"inLanguage":"fr-CA"},{"@type":"Person","@id":"https:\/\/www.uqac.ca\/uqactualites\/#\/schema\/person\/366c45a0c4f0e677b41b4af5886e2018","name":"Service des communications et des relations publiques","image":{"@type":"ImageObject","inLanguage":"fr-CA","@id":"https:\/\/www.uqac.ca\/uqactualites\/#\/schema\/person\/image\/","url":"https:\/\/secure.gravatar.com\/avatar\/20fbbda8a292f59f2d3461a5b999c00b?s=96&d=mm&r=g","contentUrl":"https:\/\/secure.gravatar.com\/avatar\/20fbbda8a292f59f2d3461a5b999c00b?s=96&d=mm&r=g","caption":"Service des communications et des relations publiques"},"url":"https:\/\/www.uqac.ca\/uqactualites\/author\/bap\/"}]}},"_links":{"self":[{"href":"https:\/\/www.uqac.ca\/uqactualites\/wp-json\/wp\/v2\/posts\/24486"}],"collection":[{"href":"https:\/\/www.uqac.ca\/uqactualites\/wp-json\/wp\/v2\/posts"}],"about":[{"href":"https:\/\/www.uqac.ca\/uqactualites\/wp-json\/wp\/v2\/types\/post"}],"author":[{"embeddable":true,"href":"https:\/\/www.uqac.ca\/uqactualites\/wp-json\/wp\/v2\/users\/5"}],"replies":[{"embeddable":true,"href":"https:\/\/www.uqac.ca\/uqactualites\/wp-json\/wp\/v2\/comments?post=24486"}],"version-history":[{"count":0,"href":"https:\/\/www.uqac.ca\/uqactualites\/wp-json\/wp\/v2\/posts\/24486\/revisions"}],"wp:featuredmedia":[{"embeddable":true,"href":"https:\/\/www.uqac.ca\/uqactualites\/wp-json\/wp\/v2\/media\/24487"}],"wp:attachment":[{"href":"https:\/\/www.uqac.ca\/uqactualites\/wp-json\/wp\/v2\/media?parent=24486"}],"wp:term":[{"taxonomy":"category","embeddable":true,"href":"https:\/\/www.uqac.ca\/uqactualites\/wp-json\/wp\/v2\/categories?post=24486"},{"taxonomy":"post_tag","embeddable":true,"href":"https:\/\/www.uqac.ca\/uqactualites\/wp-json\/wp\/v2\/tags?post=24486"}],"curies":[{"name":"wp","href":"https:\/\/api.w.org\/{rel}","templated":true}]}}