{"id":24503,"date":"2013-05-30T11:12:57","date_gmt":"2013-05-30T15:12:57","guid":{"rendered":"http:\/\/uqactualite.odev.ca\/?p=24503"},"modified":"2013-05-30T11:12:57","modified_gmt":"2013-05-30T15:12:57","slug":"la-convention-collective-du-sccc-renouvelee","status":"publish","type":"post","link":"https:\/\/www.uqac.ca\/uqactualites\/2013\/05\/30\/la-convention-collective-du-sccc-renouvelee\/","title":{"rendered":"La convention collective du SCCC renouvel\u00e9e"},"content":{"rendered":"<p style=\"text-align: justify\">La direction de l\u2019Universit\u00e9 du Qu\u00e9bec \u00e0 Chicoutimi et le Syndicat des charg\u00e9es et charg\u00e9s de cours (SCCC) informent qu\u2019ils ont sign\u00e9, le mardi 21 mai 2013, une entente renouvelant la convention collective de l\u2019organisation syndicale. R\u00e9alis\u00e9e \u00e0 la satisfaction des deux parties, cette entente alloue aux membres du syndicat une convention collective de quatre ans, soit du 1<sup>er<\/sup> janvier 2013 au 31 d\u00e9cembre 2016.<\/p>\n<p style=\"text-align: justify\">Bien que la n\u00e9gociation se soit d\u00e9roul\u00e9e dans un contexte budg\u00e9taire difficile, les parties ont tout de m\u00eame r\u00e9ussi \u00e0 relever le d\u00e9fi d\u2019en venir \u00e0 une entente qui respecte les objectifs de chacun. Tout en pr\u00e9servant ses acquis, le Syndicat des charg\u00e9es et charg\u00e9s de cours contribue \u00e0 l\u2019effort collectif pour le retour \u00e0 l\u2019\u00e9quilibre budg\u00e9taire, effort auquel est convi\u00e9 l\u2019ensemble de la communaut\u00e9 universitaire.<\/p>\n<p style=\"text-align: justify\"><b><br \/>\nSources\u00a0:<\/b><\/p>\n<p style=\"text-align: justify\">Richard Perreault<br \/>\nSyndicat des charg\u00e9es et charg\u00e9s de cours<br \/>\nUniversit\u00e9 du Qu\u00e9bec \u00e0 Chicoutimi<br \/>\n418 545-5382\u00a0 \u25aa\u00a0 <span style=\"color: #5a7411\"><a href=\"mailto:richard_perreault@uqac.ca\"><span style=\"color: #5a7411\">richard_perreault@uqac.ca<\/span><\/a><\/span><\/p>\n<p style=\"text-align: justify\">Jean Wauthier, directeur<br \/>\nBureau des affaires publiques<br \/>\nUniversit\u00e9 du Qu\u00e9bec \u00e0 Chicoutimi<br \/>\n418 540-0450\u00a0 \u25aa\u00a0 <span style=\"color: #5a7411\"><a href=\"mailto:jean_wauthier@uqac.ca\"><span style=\"color: #5a7411\">jean_wauthier@uqac.ca<\/span><\/a><\/span><\/p>\n<p style=\"text-align: justify\"><span style=\"color: #808080\"><br \/>\n________________________________________________________________________________________<\/span><\/p>\n<p style=\"text-align: justify\"><span style=\"color: #808080\"><b>Sur la photo\u00a0:<\/b> Les divers intervenants entourant monsieur Martin Gauthier, recteur, lors de la signature de l\u2019entente<\/span><br \/>\n<span style=\"color: #808080\"><b>Photographie\u00a0:<\/b> Gracieuset\u00e9<\/span><br \/>\n<span style=\"color: #808080\">________________________________________________________________________________________\u00a0<\/span><\/p>\n","protected":false},"excerpt":{"rendered":"<p>La direction de l\u2019Universit\u00e9 du Qu\u00e9bec \u00e0 Chicoutimi et le Syndicat des charg\u00e9es et charg\u00e9s de cours (SCCC) informent qu\u2019ils ont sign\u00e9, le mardi 21 mai 2013, une entente renouvelant la convention collective de l\u2019organisation syndicale. R\u00e9alis\u00e9e \u00e0 la satisfaction des deux parties, cette entente alloue aux membres du syndicat une convention collective de quatre [&hellip;]<\/p>\n","protected":false},"author":5,"featured_media":24504,"comment_status":"open","ping_status":"open","sticky":false,"template":"","format":"standard","meta":{"footnotes":""},"categories":[2],"tags":[2063,2064,1509,1510,1769,1627,55,603,1512],"yoast_head":"<!-- This site is optimized with the Yoast SEO plugin v24.2 - https:\/\/yoast.com\/wordpress\/plugins\/seo\/ -->\r\n<title>La convention collective du SCCC renouvel\u00e9e - UQACtualit\u00e9s<\/title>\r\n<meta name=\"robots\" content=\"index, follow, max-snippet:-1, max-image-preview:large, max-video-preview:-1\" \/>\r\n<link rel=\"canonical\" href=\"https:\/\/www.uqac.ca\/uqactualites\/2013\/05\/30\/la-convention-collective-du-sccc-renouvelee\/\" \/>\r\n<meta property=\"og:locale\" content=\"fr_CA\" \/>\r\n<meta property=\"og:type\" content=\"article\" \/>\r\n<meta property=\"og:title\" content=\"La convention collective du SCCC renouvel\u00e9e - UQACtualit\u00e9s\" \/>\r\n<meta property=\"og:description\" content=\"La direction de l\u2019Universit\u00e9 du Qu\u00e9bec \u00e0 Chicoutimi et le Syndicat des charg\u00e9es et charg\u00e9s de cours (SCCC) informent qu\u2019ils ont sign\u00e9, le mardi 21 mai 2013, une entente renouvelant la convention collective de l\u2019organisation syndicale. R\u00e9alis\u00e9e \u00e0 la satisfaction des deux parties, cette entente alloue aux membres du syndicat une convention collective de quatre [&hellip;]\" \/>\r\n<meta property=\"og:url\" content=\"https:\/\/www.uqac.ca\/uqactualites\/2013\/05\/30\/la-convention-collective-du-sccc-renouvelee\/\" \/>\r\n<meta property=\"og:site_name\" content=\"UQACtualit\u00e9s\" \/>\r\n<meta property=\"article:published_time\" content=\"2013-05-30T15:12:57+00:00\" \/>\r\n<meta property=\"og:image\" content=\"https:\/\/www.uqac.ca\/uqactualites\/wp-content\/uploads\/2013\/06\/Ententre-UQAC-SCCC-Web-Gracieuset\u00e9.jpg\" \/>\r\n\t<meta property=\"og:image:width\" content=\"620\" \/>\r\n\t<meta property=\"og:image:height\" content=\"300\" \/>\r\n\t<meta property=\"og:image:type\" content=\"image\/jpeg\" \/>\r\n<meta name=\"author\" content=\"Service des communications et des relations publiques\" \/>\r\n<meta name=\"twitter:card\" content=\"summary_large_image\" \/>\r\n<meta name=\"twitter:label1\" content=\"\u00c9crit par\" \/>\n\t<meta name=\"twitter:data1\" content=\"Service des communications et des relations publiques\" \/>\n\t<meta name=\"twitter:label2\" content=\"Estimation du temps de lecture\" \/>\n\t<meta name=\"twitter:data2\" content=\"1 minute\" \/>\r\n<script type=\"application\/ld+json\" class=\"yoast-schema-graph\">{\"@context\":\"https:\/\/schema.org\",\"@graph\":[{\"@type\":\"WebPage\",\"@id\":\"https:\/\/www.uqac.ca\/uqactualites\/2013\/05\/30\/la-convention-collective-du-sccc-renouvelee\/\",\"url\":\"https:\/\/www.uqac.ca\/uqactualites\/2013\/05\/30\/la-convention-collective-du-sccc-renouvelee\/\",\"name\":\"La convention collective du SCCC renouvel\u00e9e - UQACtualit\u00e9s\",\"isPartOf\":{\"@id\":\"https:\/\/www.uqac.ca\/uqactualites\/#website\"},\"primaryImageOfPage\":{\"@id\":\"https:\/\/www.uqac.ca\/uqactualites\/2013\/05\/30\/la-convention-collective-du-sccc-renouvelee\/#primaryimage\"},\"image\":{\"@id\":\"https:\/\/www.uqac.ca\/uqactualites\/2013\/05\/30\/la-convention-collective-du-sccc-renouvelee\/#primaryimage\"},\"thumbnailUrl\":\"https:\/\/www.uqac.ca\/uqactualites\/wp-content\/uploads\/2013\/06\/Ententre-UQAC-SCCC-Web-Gracieuset\u00e9.jpg\",\"datePublished\":\"2013-05-30T15:12:57+00:00\",\"dateModified\":\"2013-05-30T15:12:57+00:00\",\"author\":{\"@id\":\"https:\/\/www.uqac.ca\/uqactualites\/#\/schema\/person\/366c45a0c4f0e677b41b4af5886e2018\"},\"breadcrumb\":{\"@id\":\"https:\/\/www.uqac.ca\/uqactualites\/2013\/05\/30\/la-convention-collective-du-sccc-renouvelee\/#breadcrumb\"},\"inLanguage\":\"fr-CA\",\"potentialAction\":[{\"@type\":\"ReadAction\",\"target\":[\"https:\/\/www.uqac.ca\/uqactualites\/2013\/05\/30\/la-convention-collective-du-sccc-renouvelee\/\"]}]},{\"@type\":\"ImageObject\",\"inLanguage\":\"fr-CA\",\"@id\":\"https:\/\/www.uqac.ca\/uqactualites\/2013\/05\/30\/la-convention-collective-du-sccc-renouvelee\/#primaryimage\",\"url\":\"https:\/\/www.uqac.ca\/uqactualites\/wp-content\/uploads\/2013\/06\/Ententre-UQAC-SCCC-Web-Gracieuset\u00e9.jpg\",\"contentUrl\":\"https:\/\/www.uqac.ca\/uqactualites\/wp-content\/uploads\/2013\/06\/Ententre-UQAC-SCCC-Web-Gracieuset\u00e9.jpg\",\"width\":620,\"height\":300},{\"@type\":\"BreadcrumbList\",\"@id\":\"https:\/\/www.uqac.ca\/uqactualites\/2013\/05\/30\/la-convention-collective-du-sccc-renouvelee\/#breadcrumb\",\"itemListElement\":[{\"@type\":\"ListItem\",\"position\":1,\"name\":\"Home\",\"item\":\"https:\/\/www.uqac.ca\/uqactualites\/\"},{\"@type\":\"ListItem\",\"position\":2,\"name\":\"La convention collective du SCCC renouvel\u00e9e\"}]},{\"@type\":\"WebSite\",\"@id\":\"https:\/\/www.uqac.ca\/uqactualites\/#website\",\"url\":\"https:\/\/www.uqac.ca\/uqactualites\/\",\"name\":\"UQACtualit\u00e9s\",\"description\":\"Le portail des nouvelles de l&#039;UQAC\",\"potentialAction\":[{\"@type\":\"SearchAction\",\"target\":{\"@type\":\"EntryPoint\",\"urlTemplate\":\"https:\/\/www.uqac.ca\/uqactualites\/?s={search_term_string}\"},\"query-input\":{\"@type\":\"PropertyValueSpecification\",\"valueRequired\":true,\"valueName\":\"search_term_string\"}}],\"inLanguage\":\"fr-CA\"},{\"@type\":\"Person\",\"@id\":\"https:\/\/www.uqac.ca\/uqactualites\/#\/schema\/person\/366c45a0c4f0e677b41b4af5886e2018\",\"name\":\"Service des communications et des relations publiques\",\"image\":{\"@type\":\"ImageObject\",\"inLanguage\":\"fr-CA\",\"@id\":\"https:\/\/www.uqac.ca\/uqactualites\/#\/schema\/person\/image\/\",\"url\":\"https:\/\/secure.gravatar.com\/avatar\/20fbbda8a292f59f2d3461a5b999c00b?s=96&d=mm&r=g\",\"contentUrl\":\"https:\/\/secure.gravatar.com\/avatar\/20fbbda8a292f59f2d3461a5b999c00b?s=96&d=mm&r=g\",\"caption\":\"Service des communications et des relations publiques\"},\"url\":\"https:\/\/www.uqac.ca\/uqactualites\/author\/bap\/\"}]}<\/script>\r\n<!-- \/ Yoast SEO plugin. -->","yoast_head_json":{"title":"La convention collective du SCCC renouvel\u00e9e - UQACtualit\u00e9s","robots":{"index":"index","follow":"follow","max-snippet":"max-snippet:-1","max-image-preview":"max-image-preview:large","max-video-preview":"max-video-preview:-1"},"canonical":"https:\/\/www.uqac.ca\/uqactualites\/2013\/05\/30\/la-convention-collective-du-sccc-renouvelee\/","og_locale":"fr_CA","og_type":"article","og_title":"La convention collective du SCCC renouvel\u00e9e - UQACtualit\u00e9s","og_description":"La direction de l\u2019Universit\u00e9 du Qu\u00e9bec \u00e0 Chicoutimi et le Syndicat des charg\u00e9es et charg\u00e9s de cours (SCCC) informent qu\u2019ils ont sign\u00e9, le mardi 21 mai 2013, une entente renouvelant la convention collective de l\u2019organisation syndicale. R\u00e9alis\u00e9e \u00e0 la satisfaction des deux parties, cette entente alloue aux membres du syndicat une convention collective de quatre [&hellip;]","og_url":"https:\/\/www.uqac.ca\/uqactualites\/2013\/05\/30\/la-convention-collective-du-sccc-renouvelee\/","og_site_name":"UQACtualit\u00e9s","article_published_time":"2013-05-30T15:12:57+00:00","og_image":[{"width":620,"height":300,"url":"https:\/\/www.uqac.ca\/uqactualites\/wp-content\/uploads\/2013\/06\/Ententre-UQAC-SCCC-Web-Gracieuset\u00e9.jpg","type":"image\/jpeg"}],"author":"Service des communications et des relations publiques","twitter_card":"summary_large_image","twitter_misc":{"\u00c9crit par":"Service des communications et des relations publiques","Estimation du temps de lecture":"1 minute"},"schema":{"@context":"https:\/\/schema.org","@graph":[{"@type":"WebPage","@id":"https:\/\/www.uqac.ca\/uqactualites\/2013\/05\/30\/la-convention-collective-du-sccc-renouvelee\/","url":"https:\/\/www.uqac.ca\/uqactualites\/2013\/05\/30\/la-convention-collective-du-sccc-renouvelee\/","name":"La convention collective du SCCC renouvel\u00e9e - UQACtualit\u00e9s","isPartOf":{"@id":"https:\/\/www.uqac.ca\/uqactualites\/#website"},"primaryImageOfPage":{"@id":"https:\/\/www.uqac.ca\/uqactualites\/2013\/05\/30\/la-convention-collective-du-sccc-renouvelee\/#primaryimage"},"image":{"@id":"https:\/\/www.uqac.ca\/uqactualites\/2013\/05\/30\/la-convention-collective-du-sccc-renouvelee\/#primaryimage"},"thumbnailUrl":"https:\/\/www.uqac.ca\/uqactualites\/wp-content\/uploads\/2013\/06\/Ententre-UQAC-SCCC-Web-Gracieuset\u00e9.jpg","datePublished":"2013-05-30T15:12:57+00:00","dateModified":"2013-05-30T15:12:57+00:00","author":{"@id":"https:\/\/www.uqac.ca\/uqactualites\/#\/schema\/person\/366c45a0c4f0e677b41b4af5886e2018"},"breadcrumb":{"@id":"https:\/\/www.uqac.ca\/uqactualites\/2013\/05\/30\/la-convention-collective-du-sccc-renouvelee\/#breadcrumb"},"inLanguage":"fr-CA","potentialAction":[{"@type":"ReadAction","target":["https:\/\/www.uqac.ca\/uqactualites\/2013\/05\/30\/la-convention-collective-du-sccc-renouvelee\/"]}]},{"@type":"ImageObject","inLanguage":"fr-CA","@id":"https:\/\/www.uqac.ca\/uqactualites\/2013\/05\/30\/la-convention-collective-du-sccc-renouvelee\/#primaryimage","url":"https:\/\/www.uqac.ca\/uqactualites\/wp-content\/uploads\/2013\/06\/Ententre-UQAC-SCCC-Web-Gracieuset\u00e9.jpg","contentUrl":"https:\/\/www.uqac.ca\/uqactualites\/wp-content\/uploads\/2013\/06\/Ententre-UQAC-SCCC-Web-Gracieuset\u00e9.jpg","width":620,"height":300},{"@type":"BreadcrumbList","@id":"https:\/\/www.uqac.ca\/uqactualites\/2013\/05\/30\/la-convention-collective-du-sccc-renouvelee\/#breadcrumb","itemListElement":[{"@type":"ListItem","position":1,"name":"Home","item":"https:\/\/www.uqac.ca\/uqactualites\/"},{"@type":"ListItem","position":2,"name":"La convention collective du SCCC renouvel\u00e9e"}]},{"@type":"WebSite","@id":"https:\/\/www.uqac.ca\/uqactualites\/#website","url":"https:\/\/www.uqac.ca\/uqactualites\/","name":"UQACtualit\u00e9s","description":"Le portail des nouvelles de l&#039;UQAC","potentialAction":[{"@type":"SearchAction","target":{"@type":"EntryPoint","urlTemplate":"https:\/\/www.uqac.ca\/uqactualites\/?s={search_term_string}"},"query-input":{"@type":"PropertyValueSpecification","valueRequired":true,"valueName":"search_term_string"}}],"inLanguage":"fr-CA"},{"@type":"Person","@id":"https:\/\/www.uqac.ca\/uqactualites\/#\/schema\/person\/366c45a0c4f0e677b41b4af5886e2018","name":"Service des communications et des relations publiques","image":{"@type":"ImageObject","inLanguage":"fr-CA","@id":"https:\/\/www.uqac.ca\/uqactualites\/#\/schema\/person\/image\/","url":"https:\/\/secure.gravatar.com\/avatar\/20fbbda8a292f59f2d3461a5b999c00b?s=96&d=mm&r=g","contentUrl":"https:\/\/secure.gravatar.com\/avatar\/20fbbda8a292f59f2d3461a5b999c00b?s=96&d=mm&r=g","caption":"Service des communications et des relations publiques"},"url":"https:\/\/www.uqac.ca\/uqactualites\/author\/bap\/"}]}},"_links":{"self":[{"href":"https:\/\/www.uqac.ca\/uqactualites\/wp-json\/wp\/v2\/posts\/24503"}],"collection":[{"href":"https:\/\/www.uqac.ca\/uqactualites\/wp-json\/wp\/v2\/posts"}],"about":[{"href":"https:\/\/www.uqac.ca\/uqactualites\/wp-json\/wp\/v2\/types\/post"}],"author":[{"embeddable":true,"href":"https:\/\/www.uqac.ca\/uqactualites\/wp-json\/wp\/v2\/users\/5"}],"replies":[{"embeddable":true,"href":"https:\/\/www.uqac.ca\/uqactualites\/wp-json\/wp\/v2\/comments?post=24503"}],"version-history":[{"count":0,"href":"https:\/\/www.uqac.ca\/uqactualites\/wp-json\/wp\/v2\/posts\/24503\/revisions"}],"wp:featuredmedia":[{"embeddable":true,"href":"https:\/\/www.uqac.ca\/uqactualites\/wp-json\/wp\/v2\/media\/24504"}],"wp:attachment":[{"href":"https:\/\/www.uqac.ca\/uqactualites\/wp-json\/wp\/v2\/media?parent=24503"}],"wp:term":[{"taxonomy":"category","embeddable":true,"href":"https:\/\/www.uqac.ca\/uqactualites\/wp-json\/wp\/v2\/categories?post=24503"},{"taxonomy":"post_tag","embeddable":true,"href":"https:\/\/www.uqac.ca\/uqactualites\/wp-json\/wp\/v2\/tags?post=24503"}],"curies":[{"name":"wp","href":"https:\/\/api.w.org\/{rel}","templated":true}]}}