{"id":24516,"date":"2013-06-11T08:25:21","date_gmt":"2013-06-11T12:25:21","guid":{"rendered":"http:\/\/uqactualite.odev.ca\/?p=24516"},"modified":"2013-06-11T08:25:21","modified_gmt":"2013-06-11T12:25:21","slug":"deux-professeurs-de-luqac-participent-a-un-colloque-international-sur-les-catastrophes-naturelles","status":"publish","type":"post","link":"https:\/\/www.uqac.ca\/uqactualites\/2013\/06\/11\/deux-professeurs-de-luqac-participent-a-un-colloque-international-sur-les-catastrophes-naturelles\/","title":{"rendered":"Deux professeurs de l&rsquo;UQAC participent \u00e0 un colloque international sur les catastrophes naturelles"},"content":{"rendered":"<p style=\"text-align: justify\">Du 27 au 29 mai dernier, l\u2019Universit\u00e9 autonome de Juares (Tabasco, Mexique) \u00e9tait l\u2019h\u00f4te d\u2019un colloque portant sur la gestion et les cons\u00e9quences des inondations. Camil Girard et Danielle Maltais, professeurs au D\u00e9partement des sciences humaines de l\u2019UQAC, \u00e9taient invit\u00e9s par l\u2019Universit\u00e9 mexicaine \u00e0 y pr\u00e9senter des allocutions. M.\u00a0Girard a trait\u00e9 des aspects historiques li\u00e9s \u00e0 la gestion et \u00e0 la mise en valeur des ressources naturelles au Qu\u00e9bec, tandis que la professeure Maltais a pr\u00e9sent\u00e9 les faits saillants de ses diverses \u00e9tudes portant sur les cons\u00e9quences des d\u00e9sastres sur la sant\u00e9 des individus, des intervenants et des communaut\u00e9s. Le colloque, qui r\u00e9unissait plus de 400 congressistes, a donn\u00e9 lieu \u00e0 la cr\u00e9ation de liens de collaboration entre l\u2019Universit\u00e9 de Juares et l\u2019UQAC.<\/p>\n<p style=\"text-align: justify\"><b><br \/>\nSources\u00a0:<\/b><\/p>\n<p style=\"text-align: justify\">Danielle Maltais, professeure<br \/>\nD\u00e9partement des sciences humaines<br \/>\nUniversit\u00e9 du Qu\u00e9bec \u00e0 Chicoutimi<br \/>\n418\u00a0545-5011, poste\u00a05284\u00a0 \u25aa\u00a0 <span style=\"color: #5a7411\"><a href=\"mailto:danielle_maltais@uqac.ca\"><span style=\"color: #5a7411\">danielle_maltais@uqac.ca<\/span><\/a><\/span><\/p>\n<p style=\"text-align: justify\">Bureau des affaires publiques<br \/>\nUniversit\u00e9 du Qu\u00e9bec \u00e0 Chicoutimi<br \/>\n418\u00a0545-5011, poste\u00a02350\u00a0 \u25aa\u00a0 <span style=\"color: #5a7411\"><a href=\"mailto:affaires_publiques@uqac.ca\"><span style=\"color: #5a7411\">affaires_publiques@uqac.ca<\/span><\/a><\/span><\/p>\n<p style=\"text-align: justify\">\n<span style=\"color: #808080\">________________________________________________________________________________________<\/span><\/p>\n<p style=\"text-align: justify\"><span style=\"color: #808080\"><b>Sur la photo, dans l\u2019ordre habituel\u00a0:<\/b> Camil Girard et Danielle Maltais<\/span><br \/>\n<span style=\"color: #808080\"><b>Photographe\u00a0:<\/b> Gracieuset\u00e9<\/span><br \/>\n<span style=\"color: #808080\">________________________________________________________________________________________<\/span><\/p>\n","protected":false},"excerpt":{"rendered":"<p>Du 27 au 29 mai dernier, l\u2019Universit\u00e9 autonome de Juares (Tabasco, Mexique) \u00e9tait l\u2019h\u00f4te d\u2019un colloque portant sur la gestion et les cons\u00e9quences des inondations. Camil Girard et Danielle Maltais, professeurs au D\u00e9partement des sciences humaines de l\u2019UQAC, \u00e9taient invit\u00e9s par l\u2019Universit\u00e9 mexicaine \u00e0 y pr\u00e9senter des allocutions. M.\u00a0Girard a trait\u00e9 des aspects historiques li\u00e9s [&hellip;]<\/p>\n","protected":false},"author":5,"featured_media":24518,"comment_status":"closed","ping_status":"open","sticky":false,"template":"","format":"standard","meta":{"footnotes":""},"categories":[2,61],"tags":[2197,101,446,2198,338,466,2199,1748,2200],"yoast_head":"<!-- This site is optimized with the Yoast SEO plugin v24.2 - https:\/\/yoast.com\/wordpress\/plugins\/seo\/ -->\r\n<title>Deux professeurs de l&#039;UQAC participent \u00e0 un colloque international sur les catastrophes naturelles - UQACtualit\u00e9s<\/title>\r\n<meta name=\"robots\" content=\"index, follow, max-snippet:-1, max-image-preview:large, max-video-preview:-1\" \/>\r\n<link rel=\"canonical\" href=\"https:\/\/www.uqac.ca\/uqactualites\/2013\/06\/11\/deux-professeurs-de-luqac-participent-a-un-colloque-international-sur-les-catastrophes-naturelles\/\" \/>\r\n<meta property=\"og:locale\" content=\"fr_CA\" \/>\r\n<meta property=\"og:type\" content=\"article\" \/>\r\n<meta property=\"og:title\" content=\"Deux professeurs de l&#039;UQAC participent \u00e0 un colloque international sur les catastrophes naturelles - UQACtualit\u00e9s\" \/>\r\n<meta property=\"og:description\" content=\"Du 27 au 29 mai dernier, l\u2019Universit\u00e9 autonome de Juares (Tabasco, Mexique) \u00e9tait l\u2019h\u00f4te d\u2019un colloque portant sur la gestion et les cons\u00e9quences des inondations. Camil Girard et Danielle Maltais, professeurs au D\u00e9partement des sciences humaines de l\u2019UQAC, \u00e9taient invit\u00e9s par l\u2019Universit\u00e9 mexicaine \u00e0 y pr\u00e9senter des allocutions. M.\u00a0Girard a trait\u00e9 des aspects historiques li\u00e9s [&hellip;]\" \/>\r\n<meta property=\"og:url\" content=\"https:\/\/www.uqac.ca\/uqactualites\/2013\/06\/11\/deux-professeurs-de-luqac-participent-a-un-colloque-international-sur-les-catastrophes-naturelles\/\" \/>\r\n<meta property=\"og:site_name\" content=\"UQACtualit\u00e9s\" \/>\r\n<meta property=\"article:published_time\" content=\"2013-06-11T12:25:21+00:00\" \/>\r\n<meta property=\"og:image\" content=\"https:\/\/www.uqac.ca\/uqactualites\/wp-content\/uploads\/2013\/06\/Camil-Girard-et-Danielle-Maltais-\u00a9Gracieuset\u00e9-scaled.jpg\" \/>\r\n\t<meta property=\"og:image:width\" content=\"2560\" \/>\r\n\t<meta property=\"og:image:height\" content=\"1920\" \/>\r\n\t<meta property=\"og:image:type\" content=\"image\/jpeg\" \/>\r\n<meta name=\"author\" content=\"Service des communications et des relations publiques\" \/>\r\n<meta name=\"twitter:card\" content=\"summary_large_image\" \/>\r\n<meta name=\"twitter:label1\" content=\"\u00c9crit par\" \/>\n\t<meta name=\"twitter:data1\" content=\"Service des communications et des relations publiques\" \/>\n\t<meta name=\"twitter:label2\" content=\"Estimation du temps de lecture\" \/>\n\t<meta name=\"twitter:data2\" content=\"1 minute\" \/>\r\n<script type=\"application\/ld+json\" class=\"yoast-schema-graph\">{\"@context\":\"https:\/\/schema.org\",\"@graph\":[{\"@type\":\"WebPage\",\"@id\":\"https:\/\/www.uqac.ca\/uqactualites\/2013\/06\/11\/deux-professeurs-de-luqac-participent-a-un-colloque-international-sur-les-catastrophes-naturelles\/\",\"url\":\"https:\/\/www.uqac.ca\/uqactualites\/2013\/06\/11\/deux-professeurs-de-luqac-participent-a-un-colloque-international-sur-les-catastrophes-naturelles\/\",\"name\":\"Deux professeurs de l'UQAC participent \u00e0 un colloque international sur les catastrophes naturelles - UQACtualit\u00e9s\",\"isPartOf\":{\"@id\":\"https:\/\/www.uqac.ca\/uqactualites\/#website\"},\"primaryImageOfPage\":{\"@id\":\"https:\/\/www.uqac.ca\/uqactualites\/2013\/06\/11\/deux-professeurs-de-luqac-participent-a-un-colloque-international-sur-les-catastrophes-naturelles\/#primaryimage\"},\"image\":{\"@id\":\"https:\/\/www.uqac.ca\/uqactualites\/2013\/06\/11\/deux-professeurs-de-luqac-participent-a-un-colloque-international-sur-les-catastrophes-naturelles\/#primaryimage\"},\"thumbnailUrl\":\"https:\/\/www.uqac.ca\/uqactualites\/wp-content\/uploads\/2013\/06\/Camil-Girard-et-Danielle-Maltais-\u00a9Gracieuset\u00e9-scaled.jpg\",\"datePublished\":\"2013-06-11T12:25:21+00:00\",\"dateModified\":\"2013-06-11T12:25:21+00:00\",\"author\":{\"@id\":\"https:\/\/www.uqac.ca\/uqactualites\/#\/schema\/person\/366c45a0c4f0e677b41b4af5886e2018\"},\"breadcrumb\":{\"@id\":\"https:\/\/www.uqac.ca\/uqactualites\/2013\/06\/11\/deux-professeurs-de-luqac-participent-a-un-colloque-international-sur-les-catastrophes-naturelles\/#breadcrumb\"},\"inLanguage\":\"fr-CA\",\"potentialAction\":[{\"@type\":\"ReadAction\",\"target\":[\"https:\/\/www.uqac.ca\/uqactualites\/2013\/06\/11\/deux-professeurs-de-luqac-participent-a-un-colloque-international-sur-les-catastrophes-naturelles\/\"]}]},{\"@type\":\"ImageObject\",\"inLanguage\":\"fr-CA\",\"@id\":\"https:\/\/www.uqac.ca\/uqactualites\/2013\/06\/11\/deux-professeurs-de-luqac-participent-a-un-colloque-international-sur-les-catastrophes-naturelles\/#primaryimage\",\"url\":\"https:\/\/www.uqac.ca\/uqactualites\/wp-content\/uploads\/2013\/06\/Camil-Girard-et-Danielle-Maltais-\u00a9Gracieuset\u00e9-scaled.jpg\",\"contentUrl\":\"https:\/\/www.uqac.ca\/uqactualites\/wp-content\/uploads\/2013\/06\/Camil-Girard-et-Danielle-Maltais-\u00a9Gracieuset\u00e9-scaled.jpg\",\"width\":2560,\"height\":1920},{\"@type\":\"BreadcrumbList\",\"@id\":\"https:\/\/www.uqac.ca\/uqactualites\/2013\/06\/11\/deux-professeurs-de-luqac-participent-a-un-colloque-international-sur-les-catastrophes-naturelles\/#breadcrumb\",\"itemListElement\":[{\"@type\":\"ListItem\",\"position\":1,\"name\":\"Home\",\"item\":\"https:\/\/www.uqac.ca\/uqactualites\/\"},{\"@type\":\"ListItem\",\"position\":2,\"name\":\"Deux professeurs de l&rsquo;UQAC participent \u00e0 un colloque international sur les catastrophes naturelles\"}]},{\"@type\":\"WebSite\",\"@id\":\"https:\/\/www.uqac.ca\/uqactualites\/#website\",\"url\":\"https:\/\/www.uqac.ca\/uqactualites\/\",\"name\":\"UQACtualit\u00e9s\",\"description\":\"Le portail des nouvelles de l&#039;UQAC\",\"potentialAction\":[{\"@type\":\"SearchAction\",\"target\":{\"@type\":\"EntryPoint\",\"urlTemplate\":\"https:\/\/www.uqac.ca\/uqactualites\/?s={search_term_string}\"},\"query-input\":{\"@type\":\"PropertyValueSpecification\",\"valueRequired\":true,\"valueName\":\"search_term_string\"}}],\"inLanguage\":\"fr-CA\"},{\"@type\":\"Person\",\"@id\":\"https:\/\/www.uqac.ca\/uqactualites\/#\/schema\/person\/366c45a0c4f0e677b41b4af5886e2018\",\"name\":\"Service des communications et des relations publiques\",\"image\":{\"@type\":\"ImageObject\",\"inLanguage\":\"fr-CA\",\"@id\":\"https:\/\/www.uqac.ca\/uqactualites\/#\/schema\/person\/image\/\",\"url\":\"https:\/\/secure.gravatar.com\/avatar\/20fbbda8a292f59f2d3461a5b999c00b?s=96&d=mm&r=g\",\"contentUrl\":\"https:\/\/secure.gravatar.com\/avatar\/20fbbda8a292f59f2d3461a5b999c00b?s=96&d=mm&r=g\",\"caption\":\"Service des communications et des relations publiques\"},\"url\":\"https:\/\/www.uqac.ca\/uqactualites\/author\/bap\/\"}]}<\/script>\r\n<!-- \/ Yoast SEO plugin. -->","yoast_head_json":{"title":"Deux professeurs de l'UQAC participent \u00e0 un colloque international sur les catastrophes naturelles - UQACtualit\u00e9s","robots":{"index":"index","follow":"follow","max-snippet":"max-snippet:-1","max-image-preview":"max-image-preview:large","max-video-preview":"max-video-preview:-1"},"canonical":"https:\/\/www.uqac.ca\/uqactualites\/2013\/06\/11\/deux-professeurs-de-luqac-participent-a-un-colloque-international-sur-les-catastrophes-naturelles\/","og_locale":"fr_CA","og_type":"article","og_title":"Deux professeurs de l'UQAC participent \u00e0 un colloque international sur les catastrophes naturelles - UQACtualit\u00e9s","og_description":"Du 27 au 29 mai dernier, l\u2019Universit\u00e9 autonome de Juares (Tabasco, Mexique) \u00e9tait l\u2019h\u00f4te d\u2019un colloque portant sur la gestion et les cons\u00e9quences des inondations. Camil Girard et Danielle Maltais, professeurs au D\u00e9partement des sciences humaines de l\u2019UQAC, \u00e9taient invit\u00e9s par l\u2019Universit\u00e9 mexicaine \u00e0 y pr\u00e9senter des allocutions. M.\u00a0Girard a trait\u00e9 des aspects historiques li\u00e9s [&hellip;]","og_url":"https:\/\/www.uqac.ca\/uqactualites\/2013\/06\/11\/deux-professeurs-de-luqac-participent-a-un-colloque-international-sur-les-catastrophes-naturelles\/","og_site_name":"UQACtualit\u00e9s","article_published_time":"2013-06-11T12:25:21+00:00","og_image":[{"width":2560,"height":1920,"url":"https:\/\/www.uqac.ca\/uqactualites\/wp-content\/uploads\/2013\/06\/Camil-Girard-et-Danielle-Maltais-\u00a9Gracieuset\u00e9-scaled.jpg","type":"image\/jpeg"}],"author":"Service des communications et des relations publiques","twitter_card":"summary_large_image","twitter_misc":{"\u00c9crit par":"Service des communications et des relations publiques","Estimation du temps de lecture":"1 minute"},"schema":{"@context":"https:\/\/schema.org","@graph":[{"@type":"WebPage","@id":"https:\/\/www.uqac.ca\/uqactualites\/2013\/06\/11\/deux-professeurs-de-luqac-participent-a-un-colloque-international-sur-les-catastrophes-naturelles\/","url":"https:\/\/www.uqac.ca\/uqactualites\/2013\/06\/11\/deux-professeurs-de-luqac-participent-a-un-colloque-international-sur-les-catastrophes-naturelles\/","name":"Deux professeurs de l'UQAC participent \u00e0 un colloque international sur les catastrophes naturelles - UQACtualit\u00e9s","isPartOf":{"@id":"https:\/\/www.uqac.ca\/uqactualites\/#website"},"primaryImageOfPage":{"@id":"https:\/\/www.uqac.ca\/uqactualites\/2013\/06\/11\/deux-professeurs-de-luqac-participent-a-un-colloque-international-sur-les-catastrophes-naturelles\/#primaryimage"},"image":{"@id":"https:\/\/www.uqac.ca\/uqactualites\/2013\/06\/11\/deux-professeurs-de-luqac-participent-a-un-colloque-international-sur-les-catastrophes-naturelles\/#primaryimage"},"thumbnailUrl":"https:\/\/www.uqac.ca\/uqactualites\/wp-content\/uploads\/2013\/06\/Camil-Girard-et-Danielle-Maltais-\u00a9Gracieuset\u00e9-scaled.jpg","datePublished":"2013-06-11T12:25:21+00:00","dateModified":"2013-06-11T12:25:21+00:00","author":{"@id":"https:\/\/www.uqac.ca\/uqactualites\/#\/schema\/person\/366c45a0c4f0e677b41b4af5886e2018"},"breadcrumb":{"@id":"https:\/\/www.uqac.ca\/uqactualites\/2013\/06\/11\/deux-professeurs-de-luqac-participent-a-un-colloque-international-sur-les-catastrophes-naturelles\/#breadcrumb"},"inLanguage":"fr-CA","potentialAction":[{"@type":"ReadAction","target":["https:\/\/www.uqac.ca\/uqactualites\/2013\/06\/11\/deux-professeurs-de-luqac-participent-a-un-colloque-international-sur-les-catastrophes-naturelles\/"]}]},{"@type":"ImageObject","inLanguage":"fr-CA","@id":"https:\/\/www.uqac.ca\/uqactualites\/2013\/06\/11\/deux-professeurs-de-luqac-participent-a-un-colloque-international-sur-les-catastrophes-naturelles\/#primaryimage","url":"https:\/\/www.uqac.ca\/uqactualites\/wp-content\/uploads\/2013\/06\/Camil-Girard-et-Danielle-Maltais-\u00a9Gracieuset\u00e9-scaled.jpg","contentUrl":"https:\/\/www.uqac.ca\/uqactualites\/wp-content\/uploads\/2013\/06\/Camil-Girard-et-Danielle-Maltais-\u00a9Gracieuset\u00e9-scaled.jpg","width":2560,"height":1920},{"@type":"BreadcrumbList","@id":"https:\/\/www.uqac.ca\/uqactualites\/2013\/06\/11\/deux-professeurs-de-luqac-participent-a-un-colloque-international-sur-les-catastrophes-naturelles\/#breadcrumb","itemListElement":[{"@type":"ListItem","position":1,"name":"Home","item":"https:\/\/www.uqac.ca\/uqactualites\/"},{"@type":"ListItem","position":2,"name":"Deux professeurs de l&rsquo;UQAC participent \u00e0 un colloque international sur les catastrophes naturelles"}]},{"@type":"WebSite","@id":"https:\/\/www.uqac.ca\/uqactualites\/#website","url":"https:\/\/www.uqac.ca\/uqactualites\/","name":"UQACtualit\u00e9s","description":"Le portail des nouvelles de l&#039;UQAC","potentialAction":[{"@type":"SearchAction","target":{"@type":"EntryPoint","urlTemplate":"https:\/\/www.uqac.ca\/uqactualites\/?s={search_term_string}"},"query-input":{"@type":"PropertyValueSpecification","valueRequired":true,"valueName":"search_term_string"}}],"inLanguage":"fr-CA"},{"@type":"Person","@id":"https:\/\/www.uqac.ca\/uqactualites\/#\/schema\/person\/366c45a0c4f0e677b41b4af5886e2018","name":"Service des communications et des relations publiques","image":{"@type":"ImageObject","inLanguage":"fr-CA","@id":"https:\/\/www.uqac.ca\/uqactualites\/#\/schema\/person\/image\/","url":"https:\/\/secure.gravatar.com\/avatar\/20fbbda8a292f59f2d3461a5b999c00b?s=96&d=mm&r=g","contentUrl":"https:\/\/secure.gravatar.com\/avatar\/20fbbda8a292f59f2d3461a5b999c00b?s=96&d=mm&r=g","caption":"Service des communications et des relations publiques"},"url":"https:\/\/www.uqac.ca\/uqactualites\/author\/bap\/"}]}},"_links":{"self":[{"href":"https:\/\/www.uqac.ca\/uqactualites\/wp-json\/wp\/v2\/posts\/24516"}],"collection":[{"href":"https:\/\/www.uqac.ca\/uqactualites\/wp-json\/wp\/v2\/posts"}],"about":[{"href":"https:\/\/www.uqac.ca\/uqactualites\/wp-json\/wp\/v2\/types\/post"}],"author":[{"embeddable":true,"href":"https:\/\/www.uqac.ca\/uqactualites\/wp-json\/wp\/v2\/users\/5"}],"replies":[{"embeddable":true,"href":"https:\/\/www.uqac.ca\/uqactualites\/wp-json\/wp\/v2\/comments?post=24516"}],"version-history":[{"count":0,"href":"https:\/\/www.uqac.ca\/uqactualites\/wp-json\/wp\/v2\/posts\/24516\/revisions"}],"wp:featuredmedia":[{"embeddable":true,"href":"https:\/\/www.uqac.ca\/uqactualites\/wp-json\/wp\/v2\/media\/24518"}],"wp:attachment":[{"href":"https:\/\/www.uqac.ca\/uqactualites\/wp-json\/wp\/v2\/media?parent=24516"}],"wp:term":[{"taxonomy":"category","embeddable":true,"href":"https:\/\/www.uqac.ca\/uqactualites\/wp-json\/wp\/v2\/categories?post=24516"},{"taxonomy":"post_tag","embeddable":true,"href":"https:\/\/www.uqac.ca\/uqactualites\/wp-json\/wp\/v2\/tags?post=24516"}],"curies":[{"name":"wp","href":"https:\/\/api.w.org\/{rel}","templated":true}]}}