{"id":24534,"date":"2013-06-13T08:43:13","date_gmt":"2013-06-13T12:43:13","guid":{"rendered":"http:\/\/uqactualite.odev.ca\/?p=24534"},"modified":"2013-06-13T08:43:13","modified_gmt":"2013-06-13T12:43:13","slug":"larena-de-luqac-recoit-un-prix-dexcellence","status":"publish","type":"post","link":"https:\/\/www.uqac.ca\/uqactualites\/2013\/06\/13\/larena-de-luqac-recoit-un-prix-dexcellence\/","title":{"rendered":"L\u2019ar\u00e9na de l\u2019UQAC re\u00e7oit un prix d\u2019excellence"},"content":{"rendered":"<p style=\"text-align: justify\">C\u2019est lors de la 3<sup>e<\/sup> \u00e9dition des Prix d\u2019excellence cecobois, tenue le jeudi 30 mai dernier au Th\u00e9\u00e2tre du Capitole de Qu\u00e9bec, que l\u2019ar\u00e9na de l\u2019UQAC a \u00e9t\u00e9 couronn\u00e9 dans la cat\u00e9gorie \u00ab\u00a0Projet institutionnel de plus de 1 000\u00a0m<sup>2<\/sup>\u00a0\u00bb. L\u2019Universit\u00e9 s\u2019est donc taill\u00e9 une place de choix parmi les 16 autres laur\u00e9ats de la soir\u00e9e, qui visait \u00e0 mettre en lumi\u00e8re les meilleures r\u00e9alisations en mati\u00e8re d\u2019architecture, d\u2019ing\u00e9nierie et d\u2019innovation et qui soulignait l\u2019utilisation grandissante du mat\u00e9riau bois au Qu\u00e9bec.<\/p>\n<p style=\"text-align: justify\">C\u2019est ainsi devant plus de 150 convives, dont Martine Ouellet, ministre des Ressources naturelles, que l\u2019ar\u00e9na de l\u2019UQAC a re\u00e7u cette convoit\u00e9e distinction. Le b\u00e2timent, qui abrite les installations sportives universitaires et qui est soutenu de l\u2019int\u00e9rieur par une structure de bois lamell\u00e9-coll\u00e9 combin\u00e9 \u00e0 un platelage de bois, a s\u00e9duit le jury par sa complexit\u00e9 technique et organisationnelle.<\/p>\n<p style=\"text-align: justify\">Il est \u00e0 noter que le campus de l\u2019UQAC compte plusieurs autres b\u00e2timents r\u00e9alis\u00e9s en totalit\u00e9 ou en partie avec le mat\u00e9riau bois\u00a0: le Parc technologique, le Pavillon Promotion Saguenay (abritant le Centre de transfert et de d\u00e9veloppement d\u2019affaires), le Pavillon de m\u00e9decine et des sciences de la sant\u00e9, l\u2019entrep\u00f4t de foresterie et la plus r\u00e9cente r\u00e9sidence \u00e9tudiante en sont quelques exemples.<\/p>\n<p style=\"text-align: justify\">Pour lire le communiqu\u00e9 publi\u00e9 par cecobois, <span style=\"color: #5a7411\"><a href=\"http:\/\/cecobois.com\/nouvelles\/471-prix-dexcellence-cecobois-2013--devoilement-des-laureats\" target=\"_blank\" rel=\"noopener\"><span style=\"color: #5a7411\"><b>cliquez ici<\/b><\/span><\/a><\/span>.<\/p>\n<p style=\"text-align: justify\"><b>Quelques mots sur le cr\u00e9neau \u00ab\u00a0bois\u00a0\u00bb \u00e0 l\u2019UQAC<br \/>\n<\/b>Ao\u00fbt 2012 marquait l\u2019arriv\u00e9e du mat\u00e9riau bois au c\u0153ur de la formation en g\u00e9nie civil \u00e0 l\u2019UQAC. L\u2019ajout de ce volet au <span style=\"color: #5a7411\"><a href=\"http:\/\/programmes.uqac.ca\/7480\" target=\"_blank\" rel=\"noopener\"><span style=\"color: #5a7411\">baccalaur\u00e9at en g\u00e9nie civil<\/span><\/a><\/span> de l\u2019UQAC co\u00efncidait d\u2019ailleurs avec la venue de Sylvain M\u00e9nard, professeur au D\u00e9partement des sciences appliqu\u00e9es depuis juillet 2012 et d\u00e9tenteur d\u2019un doctorat en g\u00e9nie civil structure bois. C&rsquo;est ainsi que l\u2019UQAC innove et redonne au bois ses lettres de noblesse dans la construction non r\u00e9sidentielle.<\/p>\n<p style=\"text-align: justify\"><b><br \/>\nSources\u00a0:<\/b><\/p>\n<p style=\"text-align: justify\">Laurence Drouin, directrice des communications et affaires publiques<br \/>\nCentre d&rsquo;expertise sur la construction commerciale en bois (cecobois)<br \/>\n418 657-7916, poste\u00a0411\u00a0 \u25aa\u00a0 <span style=\"color: #5a7411\"><a href=\"mailto:ldrouin@cecobois.com\"><span style=\"color: #5a7411\">ldrouin@cecobois.com<\/span><\/a><\/span><\/p>\n<p style=\"text-align: justify\">Bureau des affaires publiques<br \/>\nUniversit\u00e9 du Qu\u00e9bec \u00e0 Chicoutimi<br \/>\n418\u00a0545-5011, poste\u00a02350\u00a0 \u25aa\u00a0 <span style=\"color: #5a7411\"><a href=\"mailto:affaires_publiques@uqac.ca\"><span style=\"color: #5a7411\">affaires_publiques@uqac.ca<\/span><\/a><\/span><\/p>\n<p style=\"text-align: justify\"><span style=\"color: #808080\">________________________________________________________________________________________<\/span><\/p>\n<p style=\"text-align: justify\"><span style=\"color: #808080\"><b>Sur la photo\u00a0:<\/b> Dominique Tremblay, directrice du Service des immeubles et \u00e9quipements de l&rsquo;UQAC, et Roger Fradette, architecte<\/span><br \/>\n<span style=\"color: #808080\"><b>Photographe\u00a0:<\/b> Denis Blackburn, UQAC<\/span><br \/>\n<span style=\"color: #808080\">________________________________________________________________________________________<\/span><\/p>\n","protected":false},"excerpt":{"rendered":"<p>C\u2019est lors de la 3e \u00e9dition des Prix d\u2019excellence cecobois, tenue le jeudi 30 mai dernier au Th\u00e9\u00e2tre du Capitole de Qu\u00e9bec, que l\u2019ar\u00e9na de l\u2019UQAC a \u00e9t\u00e9 couronn\u00e9 dans la cat\u00e9gorie \u00ab\u00a0Projet institutionnel de plus de 1 000\u00a0m2\u00a0\u00bb. L\u2019Universit\u00e9 s\u2019est donc taill\u00e9 une place de choix parmi les 16 autres laur\u00e9ats de la soir\u00e9e, [&hellip;]<\/p>\n","protected":false},"author":5,"featured_media":24535,"comment_status":"open","ping_status":"open","sticky":false,"template":"","format":"standard","meta":{"footnotes":""},"categories":[2,9],"tags":[1520,93,579,2201,2202,162,65,1038],"yoast_head":"<!-- This site is optimized with the Yoast SEO plugin v24.2 - https:\/\/yoast.com\/wordpress\/plugins\/seo\/ -->\r\n<title>L\u2019ar\u00e9na de l\u2019UQAC re\u00e7oit un prix d\u2019excellence - UQACtualit\u00e9s<\/title>\r\n<meta name=\"robots\" content=\"index, follow, max-snippet:-1, max-image-preview:large, max-video-preview:-1\" \/>\r\n<link rel=\"canonical\" href=\"https:\/\/www.uqac.ca\/uqactualites\/2013\/06\/13\/larena-de-luqac-recoit-un-prix-dexcellence\/\" \/>\r\n<meta property=\"og:locale\" content=\"fr_CA\" \/>\r\n<meta property=\"og:type\" content=\"article\" \/>\r\n<meta property=\"og:title\" content=\"L\u2019ar\u00e9na de l\u2019UQAC re\u00e7oit un prix d\u2019excellence - UQACtualit\u00e9s\" \/>\r\n<meta property=\"og:description\" content=\"C\u2019est lors de la 3e \u00e9dition des Prix d\u2019excellence cecobois, tenue le jeudi 30 mai dernier au Th\u00e9\u00e2tre du Capitole de Qu\u00e9bec, que l\u2019ar\u00e9na de l\u2019UQAC a \u00e9t\u00e9 couronn\u00e9 dans la cat\u00e9gorie \u00ab\u00a0Projet institutionnel de plus de 1 000\u00a0m2\u00a0\u00bb. L\u2019Universit\u00e9 s\u2019est donc taill\u00e9 une place de choix parmi les 16 autres laur\u00e9ats de la soir\u00e9e, [&hellip;]\" \/>\r\n<meta property=\"og:url\" content=\"https:\/\/www.uqac.ca\/uqactualites\/2013\/06\/13\/larena-de-luqac-recoit-un-prix-dexcellence\/\" \/>\r\n<meta property=\"og:site_name\" content=\"UQACtualit\u00e9s\" \/>\r\n<meta property=\"article:published_time\" content=\"2013-06-13T12:43:13+00:00\" \/>\r\n<meta property=\"og:image\" content=\"https:\/\/www.uqac.ca\/uqactualites\/wp-content\/uploads\/2013\/06\/Ar\u00e9na-Web-\u00a9Denis-Blackburn.jpg\" \/>\r\n\t<meta property=\"og:image:width\" content=\"620\" \/>\r\n\t<meta property=\"og:image:height\" content=\"300\" \/>\r\n\t<meta property=\"og:image:type\" content=\"image\/jpeg\" \/>\r\n<meta name=\"author\" content=\"Service des communications et des relations publiques\" \/>\r\n<meta name=\"twitter:card\" content=\"summary_large_image\" \/>\r\n<meta name=\"twitter:label1\" content=\"\u00c9crit par\" \/>\n\t<meta name=\"twitter:data1\" content=\"Service des communications et des relations publiques\" \/>\n\t<meta name=\"twitter:label2\" content=\"Estimation du temps de lecture\" \/>\n\t<meta name=\"twitter:data2\" content=\"2 minutes\" \/>\r\n<script type=\"application\/ld+json\" class=\"yoast-schema-graph\">{\"@context\":\"https:\/\/schema.org\",\"@graph\":[{\"@type\":\"WebPage\",\"@id\":\"https:\/\/www.uqac.ca\/uqactualites\/2013\/06\/13\/larena-de-luqac-recoit-un-prix-dexcellence\/\",\"url\":\"https:\/\/www.uqac.ca\/uqactualites\/2013\/06\/13\/larena-de-luqac-recoit-un-prix-dexcellence\/\",\"name\":\"L\u2019ar\u00e9na de l\u2019UQAC re\u00e7oit un prix d\u2019excellence - UQACtualit\u00e9s\",\"isPartOf\":{\"@id\":\"https:\/\/www.uqac.ca\/uqactualites\/#website\"},\"primaryImageOfPage\":{\"@id\":\"https:\/\/www.uqac.ca\/uqactualites\/2013\/06\/13\/larena-de-luqac-recoit-un-prix-dexcellence\/#primaryimage\"},\"image\":{\"@id\":\"https:\/\/www.uqac.ca\/uqactualites\/2013\/06\/13\/larena-de-luqac-recoit-un-prix-dexcellence\/#primaryimage\"},\"thumbnailUrl\":\"https:\/\/www.uqac.ca\/uqactualites\/wp-content\/uploads\/2013\/06\/Ar\u00e9na-Web-\u00a9Denis-Blackburn.jpg\",\"datePublished\":\"2013-06-13T12:43:13+00:00\",\"dateModified\":\"2013-06-13T12:43:13+00:00\",\"author\":{\"@id\":\"https:\/\/www.uqac.ca\/uqactualites\/#\/schema\/person\/366c45a0c4f0e677b41b4af5886e2018\"},\"breadcrumb\":{\"@id\":\"https:\/\/www.uqac.ca\/uqactualites\/2013\/06\/13\/larena-de-luqac-recoit-un-prix-dexcellence\/#breadcrumb\"},\"inLanguage\":\"fr-CA\",\"potentialAction\":[{\"@type\":\"ReadAction\",\"target\":[\"https:\/\/www.uqac.ca\/uqactualites\/2013\/06\/13\/larena-de-luqac-recoit-un-prix-dexcellence\/\"]}]},{\"@type\":\"ImageObject\",\"inLanguage\":\"fr-CA\",\"@id\":\"https:\/\/www.uqac.ca\/uqactualites\/2013\/06\/13\/larena-de-luqac-recoit-un-prix-dexcellence\/#primaryimage\",\"url\":\"https:\/\/www.uqac.ca\/uqactualites\/wp-content\/uploads\/2013\/06\/Ar\u00e9na-Web-\u00a9Denis-Blackburn.jpg\",\"contentUrl\":\"https:\/\/www.uqac.ca\/uqactualites\/wp-content\/uploads\/2013\/06\/Ar\u00e9na-Web-\u00a9Denis-Blackburn.jpg\",\"width\":620,\"height\":300},{\"@type\":\"BreadcrumbList\",\"@id\":\"https:\/\/www.uqac.ca\/uqactualites\/2013\/06\/13\/larena-de-luqac-recoit-un-prix-dexcellence\/#breadcrumb\",\"itemListElement\":[{\"@type\":\"ListItem\",\"position\":1,\"name\":\"Home\",\"item\":\"https:\/\/www.uqac.ca\/uqactualites\/\"},{\"@type\":\"ListItem\",\"position\":2,\"name\":\"L\u2019ar\u00e9na de l\u2019UQAC re\u00e7oit un prix d\u2019excellence\"}]},{\"@type\":\"WebSite\",\"@id\":\"https:\/\/www.uqac.ca\/uqactualites\/#website\",\"url\":\"https:\/\/www.uqac.ca\/uqactualites\/\",\"name\":\"UQACtualit\u00e9s\",\"description\":\"Le portail des nouvelles de l&#039;UQAC\",\"potentialAction\":[{\"@type\":\"SearchAction\",\"target\":{\"@type\":\"EntryPoint\",\"urlTemplate\":\"https:\/\/www.uqac.ca\/uqactualites\/?s={search_term_string}\"},\"query-input\":{\"@type\":\"PropertyValueSpecification\",\"valueRequired\":true,\"valueName\":\"search_term_string\"}}],\"inLanguage\":\"fr-CA\"},{\"@type\":\"Person\",\"@id\":\"https:\/\/www.uqac.ca\/uqactualites\/#\/schema\/person\/366c45a0c4f0e677b41b4af5886e2018\",\"name\":\"Service des communications et des relations publiques\",\"image\":{\"@type\":\"ImageObject\",\"inLanguage\":\"fr-CA\",\"@id\":\"https:\/\/www.uqac.ca\/uqactualites\/#\/schema\/person\/image\/\",\"url\":\"https:\/\/secure.gravatar.com\/avatar\/20fbbda8a292f59f2d3461a5b999c00b?s=96&d=mm&r=g\",\"contentUrl\":\"https:\/\/secure.gravatar.com\/avatar\/20fbbda8a292f59f2d3461a5b999c00b?s=96&d=mm&r=g\",\"caption\":\"Service des communications et des relations publiques\"},\"url\":\"https:\/\/www.uqac.ca\/uqactualites\/author\/bap\/\"}]}<\/script>\r\n<!-- \/ Yoast SEO plugin. -->","yoast_head_json":{"title":"L\u2019ar\u00e9na de l\u2019UQAC re\u00e7oit un prix d\u2019excellence - UQACtualit\u00e9s","robots":{"index":"index","follow":"follow","max-snippet":"max-snippet:-1","max-image-preview":"max-image-preview:large","max-video-preview":"max-video-preview:-1"},"canonical":"https:\/\/www.uqac.ca\/uqactualites\/2013\/06\/13\/larena-de-luqac-recoit-un-prix-dexcellence\/","og_locale":"fr_CA","og_type":"article","og_title":"L\u2019ar\u00e9na de l\u2019UQAC re\u00e7oit un prix d\u2019excellence - UQACtualit\u00e9s","og_description":"C\u2019est lors de la 3e \u00e9dition des Prix d\u2019excellence cecobois, tenue le jeudi 30 mai dernier au Th\u00e9\u00e2tre du Capitole de Qu\u00e9bec, que l\u2019ar\u00e9na de l\u2019UQAC a \u00e9t\u00e9 couronn\u00e9 dans la cat\u00e9gorie \u00ab\u00a0Projet institutionnel de plus de 1 000\u00a0m2\u00a0\u00bb. L\u2019Universit\u00e9 s\u2019est donc taill\u00e9 une place de choix parmi les 16 autres laur\u00e9ats de la soir\u00e9e, [&hellip;]","og_url":"https:\/\/www.uqac.ca\/uqactualites\/2013\/06\/13\/larena-de-luqac-recoit-un-prix-dexcellence\/","og_site_name":"UQACtualit\u00e9s","article_published_time":"2013-06-13T12:43:13+00:00","og_image":[{"width":620,"height":300,"url":"https:\/\/www.uqac.ca\/uqactualites\/wp-content\/uploads\/2013\/06\/Ar\u00e9na-Web-\u00a9Denis-Blackburn.jpg","type":"image\/jpeg"}],"author":"Service des communications et des relations publiques","twitter_card":"summary_large_image","twitter_misc":{"\u00c9crit par":"Service des communications et des relations publiques","Estimation du temps de lecture":"2 minutes"},"schema":{"@context":"https:\/\/schema.org","@graph":[{"@type":"WebPage","@id":"https:\/\/www.uqac.ca\/uqactualites\/2013\/06\/13\/larena-de-luqac-recoit-un-prix-dexcellence\/","url":"https:\/\/www.uqac.ca\/uqactualites\/2013\/06\/13\/larena-de-luqac-recoit-un-prix-dexcellence\/","name":"L\u2019ar\u00e9na de l\u2019UQAC re\u00e7oit un prix d\u2019excellence - UQACtualit\u00e9s","isPartOf":{"@id":"https:\/\/www.uqac.ca\/uqactualites\/#website"},"primaryImageOfPage":{"@id":"https:\/\/www.uqac.ca\/uqactualites\/2013\/06\/13\/larena-de-luqac-recoit-un-prix-dexcellence\/#primaryimage"},"image":{"@id":"https:\/\/www.uqac.ca\/uqactualites\/2013\/06\/13\/larena-de-luqac-recoit-un-prix-dexcellence\/#primaryimage"},"thumbnailUrl":"https:\/\/www.uqac.ca\/uqactualites\/wp-content\/uploads\/2013\/06\/Ar\u00e9na-Web-\u00a9Denis-Blackburn.jpg","datePublished":"2013-06-13T12:43:13+00:00","dateModified":"2013-06-13T12:43:13+00:00","author":{"@id":"https:\/\/www.uqac.ca\/uqactualites\/#\/schema\/person\/366c45a0c4f0e677b41b4af5886e2018"},"breadcrumb":{"@id":"https:\/\/www.uqac.ca\/uqactualites\/2013\/06\/13\/larena-de-luqac-recoit-un-prix-dexcellence\/#breadcrumb"},"inLanguage":"fr-CA","potentialAction":[{"@type":"ReadAction","target":["https:\/\/www.uqac.ca\/uqactualites\/2013\/06\/13\/larena-de-luqac-recoit-un-prix-dexcellence\/"]}]},{"@type":"ImageObject","inLanguage":"fr-CA","@id":"https:\/\/www.uqac.ca\/uqactualites\/2013\/06\/13\/larena-de-luqac-recoit-un-prix-dexcellence\/#primaryimage","url":"https:\/\/www.uqac.ca\/uqactualites\/wp-content\/uploads\/2013\/06\/Ar\u00e9na-Web-\u00a9Denis-Blackburn.jpg","contentUrl":"https:\/\/www.uqac.ca\/uqactualites\/wp-content\/uploads\/2013\/06\/Ar\u00e9na-Web-\u00a9Denis-Blackburn.jpg","width":620,"height":300},{"@type":"BreadcrumbList","@id":"https:\/\/www.uqac.ca\/uqactualites\/2013\/06\/13\/larena-de-luqac-recoit-un-prix-dexcellence\/#breadcrumb","itemListElement":[{"@type":"ListItem","position":1,"name":"Home","item":"https:\/\/www.uqac.ca\/uqactualites\/"},{"@type":"ListItem","position":2,"name":"L\u2019ar\u00e9na de l\u2019UQAC re\u00e7oit un prix d\u2019excellence"}]},{"@type":"WebSite","@id":"https:\/\/www.uqac.ca\/uqactualites\/#website","url":"https:\/\/www.uqac.ca\/uqactualites\/","name":"UQACtualit\u00e9s","description":"Le portail des nouvelles de l&#039;UQAC","potentialAction":[{"@type":"SearchAction","target":{"@type":"EntryPoint","urlTemplate":"https:\/\/www.uqac.ca\/uqactualites\/?s={search_term_string}"},"query-input":{"@type":"PropertyValueSpecification","valueRequired":true,"valueName":"search_term_string"}}],"inLanguage":"fr-CA"},{"@type":"Person","@id":"https:\/\/www.uqac.ca\/uqactualites\/#\/schema\/person\/366c45a0c4f0e677b41b4af5886e2018","name":"Service des communications et des relations publiques","image":{"@type":"ImageObject","inLanguage":"fr-CA","@id":"https:\/\/www.uqac.ca\/uqactualites\/#\/schema\/person\/image\/","url":"https:\/\/secure.gravatar.com\/avatar\/20fbbda8a292f59f2d3461a5b999c00b?s=96&d=mm&r=g","contentUrl":"https:\/\/secure.gravatar.com\/avatar\/20fbbda8a292f59f2d3461a5b999c00b?s=96&d=mm&r=g","caption":"Service des communications et des relations publiques"},"url":"https:\/\/www.uqac.ca\/uqactualites\/author\/bap\/"}]}},"_links":{"self":[{"href":"https:\/\/www.uqac.ca\/uqactualites\/wp-json\/wp\/v2\/posts\/24534"}],"collection":[{"href":"https:\/\/www.uqac.ca\/uqactualites\/wp-json\/wp\/v2\/posts"}],"about":[{"href":"https:\/\/www.uqac.ca\/uqactualites\/wp-json\/wp\/v2\/types\/post"}],"author":[{"embeddable":true,"href":"https:\/\/www.uqac.ca\/uqactualites\/wp-json\/wp\/v2\/users\/5"}],"replies":[{"embeddable":true,"href":"https:\/\/www.uqac.ca\/uqactualites\/wp-json\/wp\/v2\/comments?post=24534"}],"version-history":[{"count":0,"href":"https:\/\/www.uqac.ca\/uqactualites\/wp-json\/wp\/v2\/posts\/24534\/revisions"}],"wp:featuredmedia":[{"embeddable":true,"href":"https:\/\/www.uqac.ca\/uqactualites\/wp-json\/wp\/v2\/media\/24535"}],"wp:attachment":[{"href":"https:\/\/www.uqac.ca\/uqactualites\/wp-json\/wp\/v2\/media?parent=24534"}],"wp:term":[{"taxonomy":"category","embeddable":true,"href":"https:\/\/www.uqac.ca\/uqactualites\/wp-json\/wp\/v2\/categories?post=24534"},{"taxonomy":"post_tag","embeddable":true,"href":"https:\/\/www.uqac.ca\/uqactualites\/wp-json\/wp\/v2\/tags?post=24534"}],"curies":[{"name":"wp","href":"https:\/\/api.w.org\/{rel}","templated":true}]}}