{"id":24542,"date":"2013-06-13T14:49:23","date_gmt":"2013-06-13T18:49:23","guid":{"rendered":"http:\/\/uqactualite.odev.ca\/?p=24542"},"modified":"2013-06-13T14:49:23","modified_gmt":"2013-06-13T18:49:23","slug":"six-etudiants-de-luqac-nommes-recipiendaires-de-la-medaille-du-lieutenant-gouverneur-pour-la-jeunesse-2","status":"publish","type":"post","link":"https:\/\/www.uqac.ca\/uqactualites\/2013\/06\/13\/six-etudiants-de-luqac-nommes-recipiendaires-de-la-medaille-du-lieutenant-gouverneur-pour-la-jeunesse-2\/","title":{"rendered":"Six \u00e9tudiants de l\u2019UQAC nomm\u00e9s r\u00e9cipiendaires de la M\u00e9daille du Lieutenant-gouverneur pour la jeunesse"},"content":{"rendered":"<p style=\"text-align: justify\">Six \u00e9tudiants de l\u2019UQAC ont re\u00e7u le 9 juin dernier la M\u00e9daille du Lieutenant-gouverneur pour la jeunesse (bronze). Cette d\u00e9coration, qui souligne leur engagement social et communautaire, leur a \u00e9t\u00e9 remise des mains de l\u2019honorable Pierre Duchesne \u00e0 l\u2019occasion d\u2019une c\u00e9r\u00e9monie tenue \u00e0 l\u2019\u00e9cole secondaire Charles-Gravel. F\u00e9licitations aux laur\u00e9ates et aux laur\u00e9ats!<\/p>\n<ul style=\"text-align: justify\">\n<li>Anne-Marie Fortin, \u00e9tudiante \u00e0 la <span style=\"color: #5a7411\"><a href=\"http:\/\/programmes.uqac.ca\/3047\" target=\"_blank\" rel=\"noopener\"><span style=\"color: #5a7411\">ma\u00eetrise en m\u00e9decine exp\u00e9rimentale<\/span><\/a><\/span><\/li>\n<li>Brian Martel, \u00e9tudiant au <span style=\"color: #5a7411\"><a href=\"http:\/\/programmes.uqac.ca\/7766\" target=\"_blank\" rel=\"noopener\"><span style=\"color: #5a7411\">baccalaur\u00e9at en sciences comptables<\/span><\/a><\/span><\/li>\n<li>Julie Courcy, \u00e9tudiante \u00e0 la <span style=\"color: #5a7411\"><a href=\"http:\/\/programmes.uqac.ca\/3414\" target=\"_blank\" rel=\"noopener\"><span style=\"color: #5a7411\">ma\u00eetrise en \u00e9ducation <\/span><\/a><\/span><\/li>\n<li>Marc-Andr\u00e9 Caron, \u00e9tudiant au <span style=\"color: #5a7411\"><a href=\"http:\/\/programmes.uqac.ca\/7665\" target=\"_blank\" rel=\"noopener\"><span style=\"color: #5a7411\">baccalaur\u00e9at en enseignement secondaire (profil univers social)<\/span><\/a><\/span><\/li>\n<li>No\u00e9mie Godin, \u00e9tudiante au <span style=\"color: #5a7411\"><a href=\"http:\/\/programmes.uqac.ca\/7208\" target=\"_blank\" rel=\"noopener\"><span style=\"color: #5a7411\">baccalaur\u00e9at en enseignement de l&rsquo;\u00e9ducation physique et \u00e0 la sant\u00e9<\/span><\/a><\/span><\/li>\n<li>Philippe Lajoie, \u00e9tudiant au <span style=\"color: #5a7411\"><a href=\"http:\/\/programmes.uqac.ca\/7947\" target=\"_blank\" rel=\"noopener\"><span style=\"color: #5a7411\"><span style=\"color: #5a7411\">baccalaur\u00e9at en g\u00e9nie m\u00e9canique<\/span><\/span> <\/a><\/span><\/li>\n<\/ul>\n<p><span style=\"color: #808080\"><b>\u00a0<\/b><\/span><\/p>\n<p><span style=\"color: #808080\"><b><a href=\"http:\/\/www.uqac.ca\/wp-content\/uploads\/2013\/06\/Brian-Martel-MLGJ-Web-\u00a9Bureau-du-Lieutenant-gouverneur.jpg\"><img loading=\"lazy\" decoding=\"async\" class=\"alignnone size-full wp-image-24615\" alt=\"Brian Martel MLGJ (Web) - \u00a9Bureau du Lieutenant-gouverneur\" src=\"http:\/\/www.uqac.ca\/wp-content\/uploads\/2013\/06\/Brian-Martel-MLGJ-Web-\u00a9Bureau-du-Lieutenant-gouverneur.jpg\" width=\"620\" height=\"300\" srcset=\"https:\/\/www.uqac.ca\/uqactualites\/wp-content\/uploads\/2013\/06\/Brian-Martel-MLGJ-Web-\u00a9Bureau-du-Lieutenant-gouverneur.jpg 620w, https:\/\/www.uqac.ca\/uqactualites\/wp-content\/uploads\/2013\/06\/Brian-Martel-MLGJ-Web-\u00a9Bureau-du-Lieutenant-gouverneur-300x145.jpg 300w\" sizes=\"(max-width: 620px) 100vw, 620px\" \/><\/a><br \/>\nSur la photo : <\/b>Brian Martel et l\u2019honorable Pierre Duchesne<\/span><br \/>\n<span style=\"color: #808080\"> <b>Photographie\u00a0:<\/b> Bureau du Lieutenant-gouverneur<\/span><\/p>\n<p><b><a href=\"http:\/\/www.uqac.ca\/wp-content\/uploads\/2013\/06\/Julie-Courcy-MLGJ-Web-\u00a9Bureau-du-Lieutenant-gouverneur.jpg\"><img loading=\"lazy\" decoding=\"async\" alt=\"Julie Courcy MLGJ (Web) - \u00a9Bureau du Lieutenant-gouverneur\" src=\"http:\/\/www.uqac.ca\/wp-content\/uploads\/2013\/06\/Julie-Courcy-MLGJ-Web-\u00a9Bureau-du-Lieutenant-gouverneur.jpg\" width=\"620\" height=\"300\" \/><\/a><br \/>\n<span style=\"color: #808080\">Sur la photo : <\/span><\/b><span style=\"color: #808080\">Julie Courcy et l\u2019honorable Pierre Duchesne<\/span><br \/>\n<span style=\"color: #808080\"> <b>Photographie\u00a0:<\/b>\u00a0Bureau du Lieutenant-gouverneur<\/span><\/p>\n<p style=\"text-align: justify\"><span style=\"color: #808080\"><b><a href=\"http:\/\/www.uqac.ca\/wp-content\/uploads\/2013\/06\/Marc-Andr\u00e9-Caron-MLGJ-Web-\u00a9Bureau-du-Lieutenant-gouverneur.jpg\"><img loading=\"lazy\" decoding=\"async\" class=\"alignnone size-full wp-image-24616\" alt=\"Marc-Andr\u00e9 Caron MLGJ (Web) - \u00a9Bureau du Lieutenant-gouverneur\" src=\"http:\/\/www.uqac.ca\/wp-content\/uploads\/2013\/06\/Marc-Andr\u00e9-Caron-MLGJ-Web-\u00a9Bureau-du-Lieutenant-gouverneur.jpg\" width=\"620\" height=\"300\" srcset=\"https:\/\/www.uqac.ca\/uqactualites\/wp-content\/uploads\/2013\/06\/Marc-Andr\u00e9-Caron-MLGJ-Web-\u00a9Bureau-du-Lieutenant-gouverneur.jpg 620w, https:\/\/www.uqac.ca\/uqactualites\/wp-content\/uploads\/2013\/06\/Marc-Andr\u00e9-Caron-MLGJ-Web-\u00a9Bureau-du-Lieutenant-gouverneur-300x145.jpg 300w\" sizes=\"(max-width: 620px) 100vw, 620px\" \/><\/a><br \/>\nSur la photo : <\/b>Marc-Andr\u00e9 Caron et l\u2019honorable Pierre Duchesne<\/span><br \/>\n<span style=\"color: #808080\"> <b>Photographie\u00a0:<\/b> Bureau du Lieutenant-gouverneur<br \/>\n<\/span><\/p>\n<p style=\"text-align: justify\">\n<p><span style=\"color: #808080\"><b><a href=\"http:\/\/www.uqac.ca\/wp-content\/uploads\/2013\/06\/No\u00e9mie-Godin-MLGJ-Web-\u00a9Bureau-du-Lieutenant-gouverneur.jpg\"><img loading=\"lazy\" decoding=\"async\" class=\"alignnone size-full wp-image-24617\" alt=\"No\u00e9mie Godin MLGJ (Web) - \u00a9Bureau du Lieutenant-gouverneur\" src=\"http:\/\/www.uqac.ca\/wp-content\/uploads\/2013\/06\/No\u00e9mie-Godin-MLGJ-Web-\u00a9Bureau-du-Lieutenant-gouverneur.jpg\" width=\"620\" height=\"300\" srcset=\"https:\/\/www.uqac.ca\/uqactualites\/wp-content\/uploads\/2013\/06\/No\u00e9mie-Godin-MLGJ-Web-\u00a9Bureau-du-Lieutenant-gouverneur.jpg 620w, https:\/\/www.uqac.ca\/uqactualites\/wp-content\/uploads\/2013\/06\/No\u00e9mie-Godin-MLGJ-Web-\u00a9Bureau-du-Lieutenant-gouverneur-300x145.jpg 300w\" sizes=\"(max-width: 620px) 100vw, 620px\" \/><\/a><br \/>\nSur la photo : <\/b>No\u00e9mie Godin et l\u2019honorable Pierre Duchesne<\/span><br \/>\n<span style=\"color: #808080\"> <b>Photographie\u00a0:<\/b> Bureau du Lieutenant-gouverneur<br \/>\n<\/span><\/p>\n<p style=\"text-align: justify\">\n<p><span style=\"color: #808080\"><b><a href=\"http:\/\/www.uqac.ca\/wp-content\/uploads\/2013\/06\/Philippe-Lajoie-MLGJ-Web-\u00a9Bureau-du-Lieutenant-gouverneur.jpg\"><img loading=\"lazy\" decoding=\"async\" class=\"alignnone size-full wp-image-24618\" alt=\"Philippe Lajoie MLGJ (Web) - \u00a9Bureau du Lieutenant-gouverneur\" src=\"http:\/\/www.uqac.ca\/wp-content\/uploads\/2013\/06\/Philippe-Lajoie-MLGJ-Web-\u00a9Bureau-du-Lieutenant-gouverneur.jpg\" width=\"620\" height=\"300\" srcset=\"https:\/\/www.uqac.ca\/uqactualites\/wp-content\/uploads\/2013\/06\/Philippe-Lajoie-MLGJ-Web-\u00a9Bureau-du-Lieutenant-gouverneur.jpg 620w, https:\/\/www.uqac.ca\/uqactualites\/wp-content\/uploads\/2013\/06\/Philippe-Lajoie-MLGJ-Web-\u00a9Bureau-du-Lieutenant-gouverneur-300x145.jpg 300w\" sizes=\"(max-width: 620px) 100vw, 620px\" \/><\/a><br \/>\nSur la photo : <\/b>Philippe Lajoie et l\u2019honorable Pierre Duchesne<\/span><br \/>\n<span style=\"color: #808080\"> <b>Photographie\u00a0:<\/b> Bureau du Lieutenant-gouverneur<br \/>\n<\/span><\/p>\n<p style=\"text-align: justify\"><span style=\"color: #808080\"><br \/>\n________________________________________________________________________________________<\/span><\/p>\n<p style=\"text-align: justify\"><span style=\"color: #808080\"><b>Sur la photo \u00e0 la une : <\/b>Anne-Marie Fortin et l\u2019honorable Pierre Duchesne<\/span><br \/>\n<span style=\"color: #808080\"><b>Photographie\u00a0:<\/b> Bureau du Lieutenant-gouverneur<\/span><br \/>\n<span style=\"color: #808080\">________________________________________________________________________________________<\/span><\/p>\n","protected":false},"excerpt":{"rendered":"<p>Six \u00e9tudiants de l\u2019UQAC ont re\u00e7u le 9 juin dernier la M\u00e9daille du Lieutenant-gouverneur pour la jeunesse (bronze). Cette d\u00e9coration, qui souligne leur engagement social et communautaire, leur a \u00e9t\u00e9 remise des mains de l\u2019honorable Pierre Duchesne \u00e0 l\u2019occasion d\u2019une c\u00e9r\u00e9monie tenue \u00e0 l\u2019\u00e9cole secondaire Charles-Gravel. F\u00e9licitations aux laur\u00e9ates et aux laur\u00e9ats! Anne-Marie Fortin, \u00e9tudiante [&hellip;]<\/p>\n","protected":false},"author":5,"featured_media":24543,"comment_status":"open","ping_status":"open","sticky":false,"template":"","format":"standard","meta":{"footnotes":""},"categories":[2,9],"tags":[21,5,8,23,162,2018,2203,1946],"yoast_head":"<!-- This site is optimized with the Yoast SEO plugin v24.2 - https:\/\/yoast.com\/wordpress\/plugins\/seo\/ -->\r\n<title>Six \u00e9tudiants de l\u2019UQAC nomm\u00e9s r\u00e9cipiendaires de la M\u00e9daille du Lieutenant-gouverneur pour la jeunesse - UQACtualit\u00e9s<\/title>\r\n<meta name=\"robots\" content=\"index, follow, max-snippet:-1, max-image-preview:large, max-video-preview:-1\" \/>\r\n<link rel=\"canonical\" href=\"https:\/\/www.uqac.ca\/uqactualites\/2013\/06\/13\/six-etudiants-de-luqac-nommes-recipiendaires-de-la-medaille-du-lieutenant-gouverneur-pour-la-jeunesse-2\/\" \/>\r\n<meta property=\"og:locale\" content=\"fr_CA\" \/>\r\n<meta property=\"og:type\" content=\"article\" \/>\r\n<meta property=\"og:title\" content=\"Six \u00e9tudiants de l\u2019UQAC nomm\u00e9s r\u00e9cipiendaires de la M\u00e9daille du Lieutenant-gouverneur pour la jeunesse - UQACtualit\u00e9s\" \/>\r\n<meta property=\"og:description\" content=\"Six \u00e9tudiants de l\u2019UQAC ont re\u00e7u le 9 juin dernier la M\u00e9daille du Lieutenant-gouverneur pour la jeunesse (bronze). Cette d\u00e9coration, qui souligne leur engagement social et communautaire, leur a \u00e9t\u00e9 remise des mains de l\u2019honorable Pierre Duchesne \u00e0 l\u2019occasion d\u2019une c\u00e9r\u00e9monie tenue \u00e0 l\u2019\u00e9cole secondaire Charles-Gravel. F\u00e9licitations aux laur\u00e9ates et aux laur\u00e9ats! Anne-Marie Fortin, \u00e9tudiante [&hellip;]\" \/>\r\n<meta property=\"og:url\" content=\"https:\/\/www.uqac.ca\/uqactualites\/2013\/06\/13\/six-etudiants-de-luqac-nommes-recipiendaires-de-la-medaille-du-lieutenant-gouverneur-pour-la-jeunesse-2\/\" \/>\r\n<meta property=\"og:site_name\" content=\"UQACtualit\u00e9s\" \/>\r\n<meta property=\"article:published_time\" content=\"2013-06-13T18:49:23+00:00\" \/>\r\n<meta property=\"og:image\" content=\"https:\/\/www.uqac.ca\/uqactualites\/wp-content\/uploads\/2013\/06\/Anne-Marie-Fortin-MLGJ-Web-\u00a9Bureau-du-Lieutenant-gouverneur.jpg\" \/>\r\n\t<meta property=\"og:image:width\" content=\"620\" \/>\r\n\t<meta property=\"og:image:height\" content=\"300\" \/>\r\n\t<meta property=\"og:image:type\" content=\"image\/jpeg\" \/>\r\n<meta name=\"author\" content=\"Service des communications et des relations publiques\" \/>\r\n<meta name=\"twitter:card\" content=\"summary_large_image\" \/>\r\n<meta name=\"twitter:label1\" content=\"\u00c9crit par\" \/>\n\t<meta name=\"twitter:data1\" content=\"Service des communications et des relations publiques\" \/>\n\t<meta name=\"twitter:label2\" content=\"Estimation du temps de lecture\" \/>\n\t<meta name=\"twitter:data2\" content=\"1 minute\" \/>\r\n<script type=\"application\/ld+json\" class=\"yoast-schema-graph\">{\"@context\":\"https:\/\/schema.org\",\"@graph\":[{\"@type\":\"WebPage\",\"@id\":\"https:\/\/www.uqac.ca\/uqactualites\/2013\/06\/13\/six-etudiants-de-luqac-nommes-recipiendaires-de-la-medaille-du-lieutenant-gouverneur-pour-la-jeunesse-2\/\",\"url\":\"https:\/\/www.uqac.ca\/uqactualites\/2013\/06\/13\/six-etudiants-de-luqac-nommes-recipiendaires-de-la-medaille-du-lieutenant-gouverneur-pour-la-jeunesse-2\/\",\"name\":\"Six \u00e9tudiants de l\u2019UQAC nomm\u00e9s r\u00e9cipiendaires de la M\u00e9daille du Lieutenant-gouverneur pour la jeunesse - UQACtualit\u00e9s\",\"isPartOf\":{\"@id\":\"https:\/\/www.uqac.ca\/uqactualites\/#website\"},\"primaryImageOfPage\":{\"@id\":\"https:\/\/www.uqac.ca\/uqactualites\/2013\/06\/13\/six-etudiants-de-luqac-nommes-recipiendaires-de-la-medaille-du-lieutenant-gouverneur-pour-la-jeunesse-2\/#primaryimage\"},\"image\":{\"@id\":\"https:\/\/www.uqac.ca\/uqactualites\/2013\/06\/13\/six-etudiants-de-luqac-nommes-recipiendaires-de-la-medaille-du-lieutenant-gouverneur-pour-la-jeunesse-2\/#primaryimage\"},\"thumbnailUrl\":\"https:\/\/www.uqac.ca\/uqactualites\/wp-content\/uploads\/2013\/06\/Anne-Marie-Fortin-MLGJ-Web-\u00a9Bureau-du-Lieutenant-gouverneur.jpg\",\"datePublished\":\"2013-06-13T18:49:23+00:00\",\"dateModified\":\"2013-06-13T18:49:23+00:00\",\"author\":{\"@id\":\"https:\/\/www.uqac.ca\/uqactualites\/#\/schema\/person\/366c45a0c4f0e677b41b4af5886e2018\"},\"breadcrumb\":{\"@id\":\"https:\/\/www.uqac.ca\/uqactualites\/2013\/06\/13\/six-etudiants-de-luqac-nommes-recipiendaires-de-la-medaille-du-lieutenant-gouverneur-pour-la-jeunesse-2\/#breadcrumb\"},\"inLanguage\":\"fr-CA\",\"potentialAction\":[{\"@type\":\"ReadAction\",\"target\":[\"https:\/\/www.uqac.ca\/uqactualites\/2013\/06\/13\/six-etudiants-de-luqac-nommes-recipiendaires-de-la-medaille-du-lieutenant-gouverneur-pour-la-jeunesse-2\/\"]}]},{\"@type\":\"ImageObject\",\"inLanguage\":\"fr-CA\",\"@id\":\"https:\/\/www.uqac.ca\/uqactualites\/2013\/06\/13\/six-etudiants-de-luqac-nommes-recipiendaires-de-la-medaille-du-lieutenant-gouverneur-pour-la-jeunesse-2\/#primaryimage\",\"url\":\"https:\/\/www.uqac.ca\/uqactualites\/wp-content\/uploads\/2013\/06\/Anne-Marie-Fortin-MLGJ-Web-\u00a9Bureau-du-Lieutenant-gouverneur.jpg\",\"contentUrl\":\"https:\/\/www.uqac.ca\/uqactualites\/wp-content\/uploads\/2013\/06\/Anne-Marie-Fortin-MLGJ-Web-\u00a9Bureau-du-Lieutenant-gouverneur.jpg\",\"width\":620,\"height\":300},{\"@type\":\"BreadcrumbList\",\"@id\":\"https:\/\/www.uqac.ca\/uqactualites\/2013\/06\/13\/six-etudiants-de-luqac-nommes-recipiendaires-de-la-medaille-du-lieutenant-gouverneur-pour-la-jeunesse-2\/#breadcrumb\",\"itemListElement\":[{\"@type\":\"ListItem\",\"position\":1,\"name\":\"Home\",\"item\":\"https:\/\/www.uqac.ca\/uqactualites\/\"},{\"@type\":\"ListItem\",\"position\":2,\"name\":\"Six \u00e9tudiants de l\u2019UQAC nomm\u00e9s r\u00e9cipiendaires de la M\u00e9daille du Lieutenant-gouverneur pour la jeunesse\"}]},{\"@type\":\"WebSite\",\"@id\":\"https:\/\/www.uqac.ca\/uqactualites\/#website\",\"url\":\"https:\/\/www.uqac.ca\/uqactualites\/\",\"name\":\"UQACtualit\u00e9s\",\"description\":\"Le portail des nouvelles de l&#039;UQAC\",\"potentialAction\":[{\"@type\":\"SearchAction\",\"target\":{\"@type\":\"EntryPoint\",\"urlTemplate\":\"https:\/\/www.uqac.ca\/uqactualites\/?s={search_term_string}\"},\"query-input\":{\"@type\":\"PropertyValueSpecification\",\"valueRequired\":true,\"valueName\":\"search_term_string\"}}],\"inLanguage\":\"fr-CA\"},{\"@type\":\"Person\",\"@id\":\"https:\/\/www.uqac.ca\/uqactualites\/#\/schema\/person\/366c45a0c4f0e677b41b4af5886e2018\",\"name\":\"Service des communications et des relations publiques\",\"image\":{\"@type\":\"ImageObject\",\"inLanguage\":\"fr-CA\",\"@id\":\"https:\/\/www.uqac.ca\/uqactualites\/#\/schema\/person\/image\/\",\"url\":\"https:\/\/secure.gravatar.com\/avatar\/20fbbda8a292f59f2d3461a5b999c00b?s=96&d=mm&r=g\",\"contentUrl\":\"https:\/\/secure.gravatar.com\/avatar\/20fbbda8a292f59f2d3461a5b999c00b?s=96&d=mm&r=g\",\"caption\":\"Service des communications et des relations publiques\"},\"url\":\"https:\/\/www.uqac.ca\/uqactualites\/author\/bap\/\"}]}<\/script>\r\n<!-- \/ Yoast SEO plugin. -->","yoast_head_json":{"title":"Six \u00e9tudiants de l\u2019UQAC nomm\u00e9s r\u00e9cipiendaires de la M\u00e9daille du Lieutenant-gouverneur pour la jeunesse - UQACtualit\u00e9s","robots":{"index":"index","follow":"follow","max-snippet":"max-snippet:-1","max-image-preview":"max-image-preview:large","max-video-preview":"max-video-preview:-1"},"canonical":"https:\/\/www.uqac.ca\/uqactualites\/2013\/06\/13\/six-etudiants-de-luqac-nommes-recipiendaires-de-la-medaille-du-lieutenant-gouverneur-pour-la-jeunesse-2\/","og_locale":"fr_CA","og_type":"article","og_title":"Six \u00e9tudiants de l\u2019UQAC nomm\u00e9s r\u00e9cipiendaires de la M\u00e9daille du Lieutenant-gouverneur pour la jeunesse - UQACtualit\u00e9s","og_description":"Six \u00e9tudiants de l\u2019UQAC ont re\u00e7u le 9 juin dernier la M\u00e9daille du Lieutenant-gouverneur pour la jeunesse (bronze). Cette d\u00e9coration, qui souligne leur engagement social et communautaire, leur a \u00e9t\u00e9 remise des mains de l\u2019honorable Pierre Duchesne \u00e0 l\u2019occasion d\u2019une c\u00e9r\u00e9monie tenue \u00e0 l\u2019\u00e9cole secondaire Charles-Gravel. F\u00e9licitations aux laur\u00e9ates et aux laur\u00e9ats! Anne-Marie Fortin, \u00e9tudiante [&hellip;]","og_url":"https:\/\/www.uqac.ca\/uqactualites\/2013\/06\/13\/six-etudiants-de-luqac-nommes-recipiendaires-de-la-medaille-du-lieutenant-gouverneur-pour-la-jeunesse-2\/","og_site_name":"UQACtualit\u00e9s","article_published_time":"2013-06-13T18:49:23+00:00","og_image":[{"width":620,"height":300,"url":"https:\/\/www.uqac.ca\/uqactualites\/wp-content\/uploads\/2013\/06\/Anne-Marie-Fortin-MLGJ-Web-\u00a9Bureau-du-Lieutenant-gouverneur.jpg","type":"image\/jpeg"}],"author":"Service des communications et des relations publiques","twitter_card":"summary_large_image","twitter_misc":{"\u00c9crit par":"Service des communications et des relations publiques","Estimation du temps de lecture":"1 minute"},"schema":{"@context":"https:\/\/schema.org","@graph":[{"@type":"WebPage","@id":"https:\/\/www.uqac.ca\/uqactualites\/2013\/06\/13\/six-etudiants-de-luqac-nommes-recipiendaires-de-la-medaille-du-lieutenant-gouverneur-pour-la-jeunesse-2\/","url":"https:\/\/www.uqac.ca\/uqactualites\/2013\/06\/13\/six-etudiants-de-luqac-nommes-recipiendaires-de-la-medaille-du-lieutenant-gouverneur-pour-la-jeunesse-2\/","name":"Six \u00e9tudiants de l\u2019UQAC nomm\u00e9s r\u00e9cipiendaires de la M\u00e9daille du Lieutenant-gouverneur pour la jeunesse - UQACtualit\u00e9s","isPartOf":{"@id":"https:\/\/www.uqac.ca\/uqactualites\/#website"},"primaryImageOfPage":{"@id":"https:\/\/www.uqac.ca\/uqactualites\/2013\/06\/13\/six-etudiants-de-luqac-nommes-recipiendaires-de-la-medaille-du-lieutenant-gouverneur-pour-la-jeunesse-2\/#primaryimage"},"image":{"@id":"https:\/\/www.uqac.ca\/uqactualites\/2013\/06\/13\/six-etudiants-de-luqac-nommes-recipiendaires-de-la-medaille-du-lieutenant-gouverneur-pour-la-jeunesse-2\/#primaryimage"},"thumbnailUrl":"https:\/\/www.uqac.ca\/uqactualites\/wp-content\/uploads\/2013\/06\/Anne-Marie-Fortin-MLGJ-Web-\u00a9Bureau-du-Lieutenant-gouverneur.jpg","datePublished":"2013-06-13T18:49:23+00:00","dateModified":"2013-06-13T18:49:23+00:00","author":{"@id":"https:\/\/www.uqac.ca\/uqactualites\/#\/schema\/person\/366c45a0c4f0e677b41b4af5886e2018"},"breadcrumb":{"@id":"https:\/\/www.uqac.ca\/uqactualites\/2013\/06\/13\/six-etudiants-de-luqac-nommes-recipiendaires-de-la-medaille-du-lieutenant-gouverneur-pour-la-jeunesse-2\/#breadcrumb"},"inLanguage":"fr-CA","potentialAction":[{"@type":"ReadAction","target":["https:\/\/www.uqac.ca\/uqactualites\/2013\/06\/13\/six-etudiants-de-luqac-nommes-recipiendaires-de-la-medaille-du-lieutenant-gouverneur-pour-la-jeunesse-2\/"]}]},{"@type":"ImageObject","inLanguage":"fr-CA","@id":"https:\/\/www.uqac.ca\/uqactualites\/2013\/06\/13\/six-etudiants-de-luqac-nommes-recipiendaires-de-la-medaille-du-lieutenant-gouverneur-pour-la-jeunesse-2\/#primaryimage","url":"https:\/\/www.uqac.ca\/uqactualites\/wp-content\/uploads\/2013\/06\/Anne-Marie-Fortin-MLGJ-Web-\u00a9Bureau-du-Lieutenant-gouverneur.jpg","contentUrl":"https:\/\/www.uqac.ca\/uqactualites\/wp-content\/uploads\/2013\/06\/Anne-Marie-Fortin-MLGJ-Web-\u00a9Bureau-du-Lieutenant-gouverneur.jpg","width":620,"height":300},{"@type":"BreadcrumbList","@id":"https:\/\/www.uqac.ca\/uqactualites\/2013\/06\/13\/six-etudiants-de-luqac-nommes-recipiendaires-de-la-medaille-du-lieutenant-gouverneur-pour-la-jeunesse-2\/#breadcrumb","itemListElement":[{"@type":"ListItem","position":1,"name":"Home","item":"https:\/\/www.uqac.ca\/uqactualites\/"},{"@type":"ListItem","position":2,"name":"Six \u00e9tudiants de l\u2019UQAC nomm\u00e9s r\u00e9cipiendaires de la M\u00e9daille du Lieutenant-gouverneur pour la jeunesse"}]},{"@type":"WebSite","@id":"https:\/\/www.uqac.ca\/uqactualites\/#website","url":"https:\/\/www.uqac.ca\/uqactualites\/","name":"UQACtualit\u00e9s","description":"Le portail des nouvelles de l&#039;UQAC","potentialAction":[{"@type":"SearchAction","target":{"@type":"EntryPoint","urlTemplate":"https:\/\/www.uqac.ca\/uqactualites\/?s={search_term_string}"},"query-input":{"@type":"PropertyValueSpecification","valueRequired":true,"valueName":"search_term_string"}}],"inLanguage":"fr-CA"},{"@type":"Person","@id":"https:\/\/www.uqac.ca\/uqactualites\/#\/schema\/person\/366c45a0c4f0e677b41b4af5886e2018","name":"Service des communications et des relations publiques","image":{"@type":"ImageObject","inLanguage":"fr-CA","@id":"https:\/\/www.uqac.ca\/uqactualites\/#\/schema\/person\/image\/","url":"https:\/\/secure.gravatar.com\/avatar\/20fbbda8a292f59f2d3461a5b999c00b?s=96&d=mm&r=g","contentUrl":"https:\/\/secure.gravatar.com\/avatar\/20fbbda8a292f59f2d3461a5b999c00b?s=96&d=mm&r=g","caption":"Service des communications et des relations publiques"},"url":"https:\/\/www.uqac.ca\/uqactualites\/author\/bap\/"}]}},"_links":{"self":[{"href":"https:\/\/www.uqac.ca\/uqactualites\/wp-json\/wp\/v2\/posts\/24542"}],"collection":[{"href":"https:\/\/www.uqac.ca\/uqactualites\/wp-json\/wp\/v2\/posts"}],"about":[{"href":"https:\/\/www.uqac.ca\/uqactualites\/wp-json\/wp\/v2\/types\/post"}],"author":[{"embeddable":true,"href":"https:\/\/www.uqac.ca\/uqactualites\/wp-json\/wp\/v2\/users\/5"}],"replies":[{"embeddable":true,"href":"https:\/\/www.uqac.ca\/uqactualites\/wp-json\/wp\/v2\/comments?post=24542"}],"version-history":[{"count":0,"href":"https:\/\/www.uqac.ca\/uqactualites\/wp-json\/wp\/v2\/posts\/24542\/revisions"}],"wp:featuredmedia":[{"embeddable":true,"href":"https:\/\/www.uqac.ca\/uqactualites\/wp-json\/wp\/v2\/media\/24543"}],"wp:attachment":[{"href":"https:\/\/www.uqac.ca\/uqactualites\/wp-json\/wp\/v2\/media?parent=24542"}],"wp:term":[{"taxonomy":"category","embeddable":true,"href":"https:\/\/www.uqac.ca\/uqactualites\/wp-json\/wp\/v2\/categories?post=24542"},{"taxonomy":"post_tag","embeddable":true,"href":"https:\/\/www.uqac.ca\/uqactualites\/wp-json\/wp\/v2\/tags?post=24542"}],"curies":[{"name":"wp","href":"https:\/\/api.w.org\/{rel}","templated":true}]}}