{"id":24651,"date":"1999-02-01T11:08:04","date_gmt":"1999-02-01T16:08:04","guid":{"rendered":"http:\/\/uqactualite.odev.ca\/?p=24651"},"modified":"1999-02-01T11:08:04","modified_gmt":"1999-02-01T16:08:04","slug":"luqac-ouvre-sa-clinique-de-psychologie","status":"publish","type":"post","link":"https:\/\/www.uqac.ca\/uqactualites\/1999\/02\/01\/luqac-ouvre-sa-clinique-de-psychologie\/","title":{"rendered":"L&rsquo;UQAC ouvre sa clinique de psychologie"},"content":{"rendered":"<p style=\"text-align: justify\">La Clinique universitaire de psychologie (CUP) ouvre ses portes \u00e0 compter de cette semaine. Tenue par quatre \u00e9tudiants-stagiaires \u00e0 la ma\u00eetrise en psychologie sous la supervision de professeurs, la clinique met \u00e0 la disposition de la population r\u00e9gionale et universitaire une expertise et des services psychologiques professionnels de qualit\u00e9, conformes au Code de d\u00e9ontologie de l&rsquo;Ordre des psychologues du Qu\u00e9bec.<\/p>\n<p style=\"text-align: justify\">La CUP est un organisme du D\u00e9partement des sciences de l&rsquo;\u00e9ducation et de psychologie de l&rsquo;UQAC dont les objectifs visent la formation professionnelle des \u00e9tudiants en psychologie, la promotion de la sant\u00e9 mentale ainsi que la recherche universitaire.<\/p>\n<p style=\"text-align: justify\">Les services de la clinique s&rsquo;adressent aux adolescents de plus de quatorze ans et aux adultes et concernent l&rsquo;\u00e9valuation, le diagnostic et la consultation en psychologie. Ils touchent principalement les probl\u00e9matiques suivantes: l&rsquo;anxi\u00e9t\u00e9, la d\u00e9pression, la solitude, l&rsquo;isolement, les difficult\u00e9s reli\u00e9es au contexte de vie (\u00e9cole, travail, famille), les difficult\u00e9s caus\u00e9es par des \u00e9v\u00e9nements stressants (maladie, deuil, s\u00e9paration, etc.), l&rsquo;\u00e9puisement professionnel ou autre, les difficult\u00e9s de communication ou relations difficiles et les difficult\u00e9s conjugales.<\/p>\n<p style=\"text-align: justify\">En raison des limites impos\u00e9es par la formation des \u00e9tudiants stagiaires ainsi que par le calendrier acad\u00e9mique, la la clinique n&rsquo;offre pas de services pour les probl\u00e9matiques suivantes: urgences psychologiques, expertise psycho-l\u00e9gale ou psychiatrique, probl\u00e8mes de toxicomanie et d&rsquo;alcoolisme, probl\u00e8mes reli\u00e9s \u00e0 des tentatives de suicide.<\/p>\n<p style=\"text-align: justify\">La clinique offre occasionnellement des activit\u00e9s de groupe touchant la croissance personnelle et des services de perfectionnement pour les intervenants professionnels.<\/p>\n<p style=\"text-align: justify\">Les honoraires pour les consultations sont d\u00e9termin\u00e9s en fonction du revenu du client. Le tarif minimum est de 15\u00a0$ de l&rsquo;heure (12\u00a0$ pour les \u00e9tudiants). Ces tarifs, pr\u00e9sentement en vigueur, peuvent \u00eatre modifi\u00e9s sans publication d&rsquo;avis.<\/p>\n<p style=\"text-align: justify\">Le secr\u00e9tariat de la CUP est ouvert durant la journ\u00e9e, du lundi au vendredi. Quelques renseignements seront not\u00e9s lors de votre appel afin de proc\u00e9der \u00e0 l&rsquo;ouverture du dossier. Par la suite, un membre de l&rsquo;\u00e9quipe de la clinique vous contactera pour fixer un premier rendez-vous. Les consultations se d\u00e9roulent tant le jour que le soir et uniquement sur rendez-vous.<\/p>\n<p style=\"text-align: justify\">Pour renseignements suppl\u00e9mentaires ou prendre un rendez-vous:<\/p>\n<blockquote><p>Clinique universitaire de psychologie<br \/>\nLocal H3-1140<br \/>\nPavillon des humanit\u00e9s<br \/>\nUniversit\u00e9 du Qu\u00e9bec \u00e0 Chicoutimi<br \/>\n555, boulevard de l&rsquo;Universit\u00e9<br \/>\nChicoutimi (Qu\u00e9bec) G7H 2B1<br \/>\nT\u00e9l\u00e9phone : (418) 545-5024<br \/>\nCourriel : <span style=\"color: #5a7411\"><a href=\"mailto:cup@uqac.uquebec.ca\"><span style=\"color: #5a7411\">cup@uqac.uquebec.ca<\/span><\/a><\/span><\/p><\/blockquote>\n<p>&#8211; 30 &#8211;<\/p>\n<p style=\"text-align: justify\"><strong>Source :<\/strong><br \/>\nDenis Claveau, agent d&rsquo;information<br \/>\nService des affaires publiques<br \/>\nUniversit\u00e9 du Qu\u00e9bec \u00e0 Chicoutimi<br \/>\n418 545-5011, poste 2350\u00a0 \u25aa \u00a0<span style=\"color: #5a7411\"><a href=\"mailto:dclaveau@uqac.uquebec.ca%20\"><span style=\"color: #5a7411\">dclaveau@uqac.uquebec.ca<\/span><\/a><\/span><\/p>\n","protected":false},"excerpt":{"rendered":"<p>La Clinique universitaire de psychologie (CUP) ouvre ses portes \u00e0 compter de cette semaine. Tenue par quatre \u00e9tudiants-stagiaires \u00e0 la ma\u00eetrise en psychologie sous la supervision de professeurs, la clinique met \u00e0 la disposition de la population r\u00e9gionale et universitaire une expertise et des services psychologiques professionnels de qualit\u00e9, conformes au Code de d\u00e9ontologie de [&hellip;]<\/p>\n","protected":false},"author":5,"featured_media":20745,"comment_status":"open","ping_status":"open","sticky":false,"template":"","format":"standard","meta":{"footnotes":""},"categories":[2772],"tags":[],"yoast_head":"<!-- This site is optimized with the Yoast SEO plugin v24.2 - https:\/\/yoast.com\/wordpress\/plugins\/seo\/ -->\r\n<title>L&#039;UQAC ouvre sa clinique de psychologie - UQACtualit\u00e9s<\/title>\r\n<meta name=\"robots\" content=\"index, follow, max-snippet:-1, max-image-preview:large, max-video-preview:-1\" \/>\r\n<link rel=\"canonical\" href=\"https:\/\/www.uqac.ca\/uqactualites\/1999\/02\/01\/luqac-ouvre-sa-clinique-de-psychologie\/\" \/>\r\n<meta property=\"og:locale\" content=\"fr_CA\" \/>\r\n<meta property=\"og:type\" content=\"article\" \/>\r\n<meta property=\"og:title\" content=\"L&#039;UQAC ouvre sa clinique de psychologie - UQACtualit\u00e9s\" \/>\r\n<meta property=\"og:description\" content=\"La Clinique universitaire de psychologie (CUP) ouvre ses portes \u00e0 compter de cette semaine. Tenue par quatre \u00e9tudiants-stagiaires \u00e0 la ma\u00eetrise en psychologie sous la supervision de professeurs, la clinique met \u00e0 la disposition de la population r\u00e9gionale et universitaire une expertise et des services psychologiques professionnels de qualit\u00e9, conformes au Code de d\u00e9ontologie de [&hellip;]\" \/>\r\n<meta property=\"og:url\" content=\"https:\/\/www.uqac.ca\/uqactualites\/1999\/02\/01\/luqac-ouvre-sa-clinique-de-psychologie\/\" \/>\r\n<meta property=\"og:site_name\" content=\"UQACtualit\u00e9s\" \/>\r\n<meta property=\"article:published_time\" content=\"1999-02-01T16:08:04+00:00\" \/>\r\n<meta property=\"og:image\" content=\"https:\/\/www.uqac.ca\/uqactualites\/wp-content\/uploads\/2012\/05\/communiqu-.jpg\" \/>\r\n\t<meta property=\"og:image:width\" content=\"620\" \/>\r\n\t<meta property=\"og:image:height\" content=\"300\" \/>\r\n\t<meta property=\"og:image:type\" content=\"image\/jpeg\" \/>\r\n<meta name=\"author\" content=\"Service des communications et des relations publiques\" \/>\r\n<meta name=\"twitter:card\" content=\"summary_large_image\" \/>\r\n<meta name=\"twitter:label1\" content=\"\u00c9crit par\" \/>\n\t<meta name=\"twitter:data1\" content=\"Service des communications et des relations publiques\" \/>\n\t<meta name=\"twitter:label2\" content=\"Estimation du temps de lecture\" \/>\n\t<meta name=\"twitter:data2\" content=\"2 minutes\" \/>\r\n<script type=\"application\/ld+json\" class=\"yoast-schema-graph\">{\"@context\":\"https:\/\/schema.org\",\"@graph\":[{\"@type\":\"WebPage\",\"@id\":\"https:\/\/www.uqac.ca\/uqactualites\/1999\/02\/01\/luqac-ouvre-sa-clinique-de-psychologie\/\",\"url\":\"https:\/\/www.uqac.ca\/uqactualites\/1999\/02\/01\/luqac-ouvre-sa-clinique-de-psychologie\/\",\"name\":\"L'UQAC ouvre sa clinique de psychologie - UQACtualit\u00e9s\",\"isPartOf\":{\"@id\":\"https:\/\/www.uqac.ca\/uqactualites\/#website\"},\"primaryImageOfPage\":{\"@id\":\"https:\/\/www.uqac.ca\/uqactualites\/1999\/02\/01\/luqac-ouvre-sa-clinique-de-psychologie\/#primaryimage\"},\"image\":{\"@id\":\"https:\/\/www.uqac.ca\/uqactualites\/1999\/02\/01\/luqac-ouvre-sa-clinique-de-psychologie\/#primaryimage\"},\"thumbnailUrl\":\"https:\/\/www.uqac.ca\/uqactualites\/wp-content\/uploads\/2012\/05\/communiqu-.jpg\",\"datePublished\":\"1999-02-01T16:08:04+00:00\",\"dateModified\":\"1999-02-01T16:08:04+00:00\",\"author\":{\"@id\":\"https:\/\/www.uqac.ca\/uqactualites\/#\/schema\/person\/366c45a0c4f0e677b41b4af5886e2018\"},\"breadcrumb\":{\"@id\":\"https:\/\/www.uqac.ca\/uqactualites\/1999\/02\/01\/luqac-ouvre-sa-clinique-de-psychologie\/#breadcrumb\"},\"inLanguage\":\"fr-CA\",\"potentialAction\":[{\"@type\":\"ReadAction\",\"target\":[\"https:\/\/www.uqac.ca\/uqactualites\/1999\/02\/01\/luqac-ouvre-sa-clinique-de-psychologie\/\"]}]},{\"@type\":\"ImageObject\",\"inLanguage\":\"fr-CA\",\"@id\":\"https:\/\/www.uqac.ca\/uqactualites\/1999\/02\/01\/luqac-ouvre-sa-clinique-de-psychologie\/#primaryimage\",\"url\":\"https:\/\/www.uqac.ca\/uqactualites\/wp-content\/uploads\/2012\/05\/communiqu-.jpg\",\"contentUrl\":\"https:\/\/www.uqac.ca\/uqactualites\/wp-content\/uploads\/2012\/05\/communiqu-.jpg\",\"width\":620,\"height\":300},{\"@type\":\"BreadcrumbList\",\"@id\":\"https:\/\/www.uqac.ca\/uqactualites\/1999\/02\/01\/luqac-ouvre-sa-clinique-de-psychologie\/#breadcrumb\",\"itemListElement\":[{\"@type\":\"ListItem\",\"position\":1,\"name\":\"Home\",\"item\":\"https:\/\/www.uqac.ca\/uqactualites\/\"},{\"@type\":\"ListItem\",\"position\":2,\"name\":\"L&rsquo;UQAC ouvre sa clinique de psychologie\"}]},{\"@type\":\"WebSite\",\"@id\":\"https:\/\/www.uqac.ca\/uqactualites\/#website\",\"url\":\"https:\/\/www.uqac.ca\/uqactualites\/\",\"name\":\"UQACtualit\u00e9s\",\"description\":\"Le portail des nouvelles de l&#039;UQAC\",\"potentialAction\":[{\"@type\":\"SearchAction\",\"target\":{\"@type\":\"EntryPoint\",\"urlTemplate\":\"https:\/\/www.uqac.ca\/uqactualites\/?s={search_term_string}\"},\"query-input\":{\"@type\":\"PropertyValueSpecification\",\"valueRequired\":true,\"valueName\":\"search_term_string\"}}],\"inLanguage\":\"fr-CA\"},{\"@type\":\"Person\",\"@id\":\"https:\/\/www.uqac.ca\/uqactualites\/#\/schema\/person\/366c45a0c4f0e677b41b4af5886e2018\",\"name\":\"Service des communications et des relations publiques\",\"image\":{\"@type\":\"ImageObject\",\"inLanguage\":\"fr-CA\",\"@id\":\"https:\/\/www.uqac.ca\/uqactualites\/#\/schema\/person\/image\/\",\"url\":\"https:\/\/secure.gravatar.com\/avatar\/20fbbda8a292f59f2d3461a5b999c00b?s=96&d=mm&r=g\",\"contentUrl\":\"https:\/\/secure.gravatar.com\/avatar\/20fbbda8a292f59f2d3461a5b999c00b?s=96&d=mm&r=g\",\"caption\":\"Service des communications et des relations publiques\"},\"url\":\"https:\/\/www.uqac.ca\/uqactualites\/author\/bap\/\"}]}<\/script>\r\n<!-- \/ Yoast SEO plugin. -->","yoast_head_json":{"title":"L'UQAC ouvre sa clinique de psychologie - UQACtualit\u00e9s","robots":{"index":"index","follow":"follow","max-snippet":"max-snippet:-1","max-image-preview":"max-image-preview:large","max-video-preview":"max-video-preview:-1"},"canonical":"https:\/\/www.uqac.ca\/uqactualites\/1999\/02\/01\/luqac-ouvre-sa-clinique-de-psychologie\/","og_locale":"fr_CA","og_type":"article","og_title":"L'UQAC ouvre sa clinique de psychologie - UQACtualit\u00e9s","og_description":"La Clinique universitaire de psychologie (CUP) ouvre ses portes \u00e0 compter de cette semaine. Tenue par quatre \u00e9tudiants-stagiaires \u00e0 la ma\u00eetrise en psychologie sous la supervision de professeurs, la clinique met \u00e0 la disposition de la population r\u00e9gionale et universitaire une expertise et des services psychologiques professionnels de qualit\u00e9, conformes au Code de d\u00e9ontologie de [&hellip;]","og_url":"https:\/\/www.uqac.ca\/uqactualites\/1999\/02\/01\/luqac-ouvre-sa-clinique-de-psychologie\/","og_site_name":"UQACtualit\u00e9s","article_published_time":"1999-02-01T16:08:04+00:00","og_image":[{"width":620,"height":300,"url":"https:\/\/www.uqac.ca\/uqactualites\/wp-content\/uploads\/2012\/05\/communiqu-.jpg","type":"image\/jpeg"}],"author":"Service des communications et des relations publiques","twitter_card":"summary_large_image","twitter_misc":{"\u00c9crit par":"Service des communications et des relations publiques","Estimation du temps de lecture":"2 minutes"},"schema":{"@context":"https:\/\/schema.org","@graph":[{"@type":"WebPage","@id":"https:\/\/www.uqac.ca\/uqactualites\/1999\/02\/01\/luqac-ouvre-sa-clinique-de-psychologie\/","url":"https:\/\/www.uqac.ca\/uqactualites\/1999\/02\/01\/luqac-ouvre-sa-clinique-de-psychologie\/","name":"L'UQAC ouvre sa clinique de psychologie - UQACtualit\u00e9s","isPartOf":{"@id":"https:\/\/www.uqac.ca\/uqactualites\/#website"},"primaryImageOfPage":{"@id":"https:\/\/www.uqac.ca\/uqactualites\/1999\/02\/01\/luqac-ouvre-sa-clinique-de-psychologie\/#primaryimage"},"image":{"@id":"https:\/\/www.uqac.ca\/uqactualites\/1999\/02\/01\/luqac-ouvre-sa-clinique-de-psychologie\/#primaryimage"},"thumbnailUrl":"https:\/\/www.uqac.ca\/uqactualites\/wp-content\/uploads\/2012\/05\/communiqu-.jpg","datePublished":"1999-02-01T16:08:04+00:00","dateModified":"1999-02-01T16:08:04+00:00","author":{"@id":"https:\/\/www.uqac.ca\/uqactualites\/#\/schema\/person\/366c45a0c4f0e677b41b4af5886e2018"},"breadcrumb":{"@id":"https:\/\/www.uqac.ca\/uqactualites\/1999\/02\/01\/luqac-ouvre-sa-clinique-de-psychologie\/#breadcrumb"},"inLanguage":"fr-CA","potentialAction":[{"@type":"ReadAction","target":["https:\/\/www.uqac.ca\/uqactualites\/1999\/02\/01\/luqac-ouvre-sa-clinique-de-psychologie\/"]}]},{"@type":"ImageObject","inLanguage":"fr-CA","@id":"https:\/\/www.uqac.ca\/uqactualites\/1999\/02\/01\/luqac-ouvre-sa-clinique-de-psychologie\/#primaryimage","url":"https:\/\/www.uqac.ca\/uqactualites\/wp-content\/uploads\/2012\/05\/communiqu-.jpg","contentUrl":"https:\/\/www.uqac.ca\/uqactualites\/wp-content\/uploads\/2012\/05\/communiqu-.jpg","width":620,"height":300},{"@type":"BreadcrumbList","@id":"https:\/\/www.uqac.ca\/uqactualites\/1999\/02\/01\/luqac-ouvre-sa-clinique-de-psychologie\/#breadcrumb","itemListElement":[{"@type":"ListItem","position":1,"name":"Home","item":"https:\/\/www.uqac.ca\/uqactualites\/"},{"@type":"ListItem","position":2,"name":"L&rsquo;UQAC ouvre sa clinique de psychologie"}]},{"@type":"WebSite","@id":"https:\/\/www.uqac.ca\/uqactualites\/#website","url":"https:\/\/www.uqac.ca\/uqactualites\/","name":"UQACtualit\u00e9s","description":"Le portail des nouvelles de l&#039;UQAC","potentialAction":[{"@type":"SearchAction","target":{"@type":"EntryPoint","urlTemplate":"https:\/\/www.uqac.ca\/uqactualites\/?s={search_term_string}"},"query-input":{"@type":"PropertyValueSpecification","valueRequired":true,"valueName":"search_term_string"}}],"inLanguage":"fr-CA"},{"@type":"Person","@id":"https:\/\/www.uqac.ca\/uqactualites\/#\/schema\/person\/366c45a0c4f0e677b41b4af5886e2018","name":"Service des communications et des relations publiques","image":{"@type":"ImageObject","inLanguage":"fr-CA","@id":"https:\/\/www.uqac.ca\/uqactualites\/#\/schema\/person\/image\/","url":"https:\/\/secure.gravatar.com\/avatar\/20fbbda8a292f59f2d3461a5b999c00b?s=96&d=mm&r=g","contentUrl":"https:\/\/secure.gravatar.com\/avatar\/20fbbda8a292f59f2d3461a5b999c00b?s=96&d=mm&r=g","caption":"Service des communications et des relations publiques"},"url":"https:\/\/www.uqac.ca\/uqactualites\/author\/bap\/"}]}},"_links":{"self":[{"href":"https:\/\/www.uqac.ca\/uqactualites\/wp-json\/wp\/v2\/posts\/24651"}],"collection":[{"href":"https:\/\/www.uqac.ca\/uqactualites\/wp-json\/wp\/v2\/posts"}],"about":[{"href":"https:\/\/www.uqac.ca\/uqactualites\/wp-json\/wp\/v2\/types\/post"}],"author":[{"embeddable":true,"href":"https:\/\/www.uqac.ca\/uqactualites\/wp-json\/wp\/v2\/users\/5"}],"replies":[{"embeddable":true,"href":"https:\/\/www.uqac.ca\/uqactualites\/wp-json\/wp\/v2\/comments?post=24651"}],"version-history":[{"count":0,"href":"https:\/\/www.uqac.ca\/uqactualites\/wp-json\/wp\/v2\/posts\/24651\/revisions"}],"wp:featuredmedia":[{"embeddable":true,"href":"https:\/\/www.uqac.ca\/uqactualites\/wp-json\/wp\/v2\/media\/20745"}],"wp:attachment":[{"href":"https:\/\/www.uqac.ca\/uqactualites\/wp-json\/wp\/v2\/media?parent=24651"}],"wp:term":[{"taxonomy":"category","embeddable":true,"href":"https:\/\/www.uqac.ca\/uqactualites\/wp-json\/wp\/v2\/categories?post=24651"},{"taxonomy":"post_tag","embeddable":true,"href":"https:\/\/www.uqac.ca\/uqactualites\/wp-json\/wp\/v2\/tags?post=24651"}],"curies":[{"name":"wp","href":"https:\/\/api.w.org\/{rel}","templated":true}]}}