{"id":24814,"date":"2013-07-10T09:07:17","date_gmt":"2013-07-10T13:07:17","guid":{"rendered":"http:\/\/uqactualite.odev.ca\/?p=24814"},"modified":"2013-07-10T09:07:17","modified_gmt":"2013-07-10T13:07:17","slug":"travaux-sur-le-reseau-informatique","status":"publish","type":"post","link":"https:\/\/www.uqac.ca\/uqactualites\/2013\/07\/10\/travaux-sur-le-reseau-informatique\/","title":{"rendered":"Travaux sur le r\u00e9seau informatique"},"content":{"rendered":"<p style=\"text-align: justify\">Le Service des technologies de l\u2019information vous informe qu\u2019il proc\u00e9dera \u00e0 des travaux sur le r\u00e9seau informatique de l\u2019UQAC au cours des mois de juillet et ao\u00fbt. Ces travaux, n\u00e9cessaires \u00e0 la mise \u00e0 niveau des \u00e9quipements de t\u00e9l\u00e9communication, occasionneront des interruptions d\u2019acc\u00e8s au r\u00e9seau ainsi qu\u2019\u00e0 Internet. Nous vous informerons pr\u00e9alablement de la date et de la dur\u00e9e de chaque interruption de service. Il est \u00e0 noter qu\u2019afin de minimiser l\u2019impact de cette initiative, la majorit\u00e9 des travaux auront lieu en dehors des heures normales de bureau.<\/p>\n<p style=\"text-align: justify\">Nous profiterons \u00e9galement de la p\u00e9riode estivale pour d\u00e9ployer 32 nouvelles antennes sans fil afin d\u2019augmenter la couverture du r\u00e9seau. \u00c0 partir du mois d&rsquo;ao\u00fbt, l\u2019utilisation du r\u00e9seau sans fil de l&rsquo;UQAC n\u00e9cessitera une authentification. Nous vous communiquerons plus de d\u00e9tails \u00e0 ce sujet \u00e0 la fin du mois de juillet.<\/p>\n<p style=\"text-align: justify\">Nous nous excusons pour les inconv\u00e9nients que cela pourrait vous causer et nous vous remercions de votre collaboration habituelle.<\/p>\n<p style=\"text-align: justify\"><b><br \/>\nRenseignements\u00a0:<br \/>\n<\/b>Service des technologies de l\u2019information<br \/>\n418 545-5011, poste\u00a06000\u00a0 \u25aa\u00a0 <span style=\"color: #5a7411\"><a href=\"mailto:support_sti@uqac.ca\"><span style=\"color: #5a7411\">support_sti@uqac.ca<\/span><\/a><\/span><\/p>\n","protected":false},"excerpt":{"rendered":"<p>Le Service des technologies de l\u2019information vous informe qu\u2019il proc\u00e9dera \u00e0 des travaux sur le r\u00e9seau informatique de l\u2019UQAC au cours des mois de juillet et ao\u00fbt. Ces travaux, n\u00e9cessaires \u00e0 la mise \u00e0 niveau des \u00e9quipements de t\u00e9l\u00e9communication, occasionneront des interruptions d\u2019acc\u00e8s au r\u00e9seau ainsi qu\u2019\u00e0 Internet. Nous vous informerons pr\u00e9alablement de la date [&hellip;]<\/p>\n","protected":false},"author":5,"featured_media":20987,"comment_status":"open","ping_status":"open","sticky":false,"template":"","format":"standard","meta":{"footnotes":""},"categories":[2772],"tags":[352,427,1495,1135,261,892],"yoast_head":"<!-- This site is optimized with the Yoast SEO plugin v24.2 - https:\/\/yoast.com\/wordpress\/plugins\/seo\/ -->\r\n<title>Travaux sur le r\u00e9seau informatique - UQACtualit\u00e9s<\/title>\r\n<meta name=\"robots\" content=\"index, follow, max-snippet:-1, max-image-preview:large, max-video-preview:-1\" \/>\r\n<link rel=\"canonical\" href=\"https:\/\/www.uqac.ca\/uqactualites\/2013\/07\/10\/travaux-sur-le-reseau-informatique\/\" \/>\r\n<meta property=\"og:locale\" content=\"fr_CA\" \/>\r\n<meta property=\"og:type\" content=\"article\" \/>\r\n<meta property=\"og:title\" content=\"Travaux sur le r\u00e9seau informatique - UQACtualit\u00e9s\" \/>\r\n<meta property=\"og:description\" content=\"Le Service des technologies de l\u2019information vous informe qu\u2019il proc\u00e9dera \u00e0 des travaux sur le r\u00e9seau informatique de l\u2019UQAC au cours des mois de juillet et ao\u00fbt. Ces travaux, n\u00e9cessaires \u00e0 la mise \u00e0 niveau des \u00e9quipements de t\u00e9l\u00e9communication, occasionneront des interruptions d\u2019acc\u00e8s au r\u00e9seau ainsi qu\u2019\u00e0 Internet. Nous vous informerons pr\u00e9alablement de la date [&hellip;]\" \/>\r\n<meta property=\"og:url\" content=\"https:\/\/www.uqac.ca\/uqactualites\/2013\/07\/10\/travaux-sur-le-reseau-informatique\/\" \/>\r\n<meta property=\"og:site_name\" content=\"UQACtualit\u00e9s\" \/>\r\n<meta property=\"article:published_time\" content=\"2013-07-10T13:07:17+00:00\" \/>\r\n<meta property=\"og:image\" content=\"https:\/\/www.uqac.ca\/uqactualites\/wp-content\/uploads\/2012\/05\/avis-important.jpg\" \/>\r\n\t<meta property=\"og:image:width\" content=\"620\" \/>\r\n\t<meta property=\"og:image:height\" content=\"300\" \/>\r\n\t<meta property=\"og:image:type\" content=\"image\/jpeg\" \/>\r\n<meta name=\"author\" content=\"Service des communications et des relations publiques\" \/>\r\n<meta name=\"twitter:card\" content=\"summary_large_image\" \/>\r\n<meta name=\"twitter:label1\" content=\"\u00c9crit par\" \/>\n\t<meta name=\"twitter:data1\" content=\"Service des communications et des relations publiques\" \/>\n\t<meta name=\"twitter:label2\" content=\"Estimation du temps de lecture\" \/>\n\t<meta name=\"twitter:data2\" content=\"1 minute\" \/>\r\n<script type=\"application\/ld+json\" class=\"yoast-schema-graph\">{\"@context\":\"https:\/\/schema.org\",\"@graph\":[{\"@type\":\"WebPage\",\"@id\":\"https:\/\/www.uqac.ca\/uqactualites\/2013\/07\/10\/travaux-sur-le-reseau-informatique\/\",\"url\":\"https:\/\/www.uqac.ca\/uqactualites\/2013\/07\/10\/travaux-sur-le-reseau-informatique\/\",\"name\":\"Travaux sur le r\u00e9seau informatique - UQACtualit\u00e9s\",\"isPartOf\":{\"@id\":\"https:\/\/www.uqac.ca\/uqactualites\/#website\"},\"primaryImageOfPage\":{\"@id\":\"https:\/\/www.uqac.ca\/uqactualites\/2013\/07\/10\/travaux-sur-le-reseau-informatique\/#primaryimage\"},\"image\":{\"@id\":\"https:\/\/www.uqac.ca\/uqactualites\/2013\/07\/10\/travaux-sur-le-reseau-informatique\/#primaryimage\"},\"thumbnailUrl\":\"https:\/\/www.uqac.ca\/uqactualites\/wp-content\/uploads\/2012\/05\/avis-important.jpg\",\"datePublished\":\"2013-07-10T13:07:17+00:00\",\"dateModified\":\"2013-07-10T13:07:17+00:00\",\"author\":{\"@id\":\"https:\/\/www.uqac.ca\/uqactualites\/#\/schema\/person\/366c45a0c4f0e677b41b4af5886e2018\"},\"breadcrumb\":{\"@id\":\"https:\/\/www.uqac.ca\/uqactualites\/2013\/07\/10\/travaux-sur-le-reseau-informatique\/#breadcrumb\"},\"inLanguage\":\"fr-CA\",\"potentialAction\":[{\"@type\":\"ReadAction\",\"target\":[\"https:\/\/www.uqac.ca\/uqactualites\/2013\/07\/10\/travaux-sur-le-reseau-informatique\/\"]}]},{\"@type\":\"ImageObject\",\"inLanguage\":\"fr-CA\",\"@id\":\"https:\/\/www.uqac.ca\/uqactualites\/2013\/07\/10\/travaux-sur-le-reseau-informatique\/#primaryimage\",\"url\":\"https:\/\/www.uqac.ca\/uqactualites\/wp-content\/uploads\/2012\/05\/avis-important.jpg\",\"contentUrl\":\"https:\/\/www.uqac.ca\/uqactualites\/wp-content\/uploads\/2012\/05\/avis-important.jpg\",\"width\":620,\"height\":300},{\"@type\":\"BreadcrumbList\",\"@id\":\"https:\/\/www.uqac.ca\/uqactualites\/2013\/07\/10\/travaux-sur-le-reseau-informatique\/#breadcrumb\",\"itemListElement\":[{\"@type\":\"ListItem\",\"position\":1,\"name\":\"Home\",\"item\":\"https:\/\/www.uqac.ca\/uqactualites\/\"},{\"@type\":\"ListItem\",\"position\":2,\"name\":\"Travaux sur le r\u00e9seau informatique\"}]},{\"@type\":\"WebSite\",\"@id\":\"https:\/\/www.uqac.ca\/uqactualites\/#website\",\"url\":\"https:\/\/www.uqac.ca\/uqactualites\/\",\"name\":\"UQACtualit\u00e9s\",\"description\":\"Le portail des nouvelles de l&#039;UQAC\",\"potentialAction\":[{\"@type\":\"SearchAction\",\"target\":{\"@type\":\"EntryPoint\",\"urlTemplate\":\"https:\/\/www.uqac.ca\/uqactualites\/?s={search_term_string}\"},\"query-input\":{\"@type\":\"PropertyValueSpecification\",\"valueRequired\":true,\"valueName\":\"search_term_string\"}}],\"inLanguage\":\"fr-CA\"},{\"@type\":\"Person\",\"@id\":\"https:\/\/www.uqac.ca\/uqactualites\/#\/schema\/person\/366c45a0c4f0e677b41b4af5886e2018\",\"name\":\"Service des communications et des relations publiques\",\"image\":{\"@type\":\"ImageObject\",\"inLanguage\":\"fr-CA\",\"@id\":\"https:\/\/www.uqac.ca\/uqactualites\/#\/schema\/person\/image\/\",\"url\":\"https:\/\/secure.gravatar.com\/avatar\/20fbbda8a292f59f2d3461a5b999c00b?s=96&d=mm&r=g\",\"contentUrl\":\"https:\/\/secure.gravatar.com\/avatar\/20fbbda8a292f59f2d3461a5b999c00b?s=96&d=mm&r=g\",\"caption\":\"Service des communications et des relations publiques\"},\"url\":\"https:\/\/www.uqac.ca\/uqactualites\/author\/bap\/\"}]}<\/script>\r\n<!-- \/ Yoast SEO plugin. -->","yoast_head_json":{"title":"Travaux sur le r\u00e9seau informatique - UQACtualit\u00e9s","robots":{"index":"index","follow":"follow","max-snippet":"max-snippet:-1","max-image-preview":"max-image-preview:large","max-video-preview":"max-video-preview:-1"},"canonical":"https:\/\/www.uqac.ca\/uqactualites\/2013\/07\/10\/travaux-sur-le-reseau-informatique\/","og_locale":"fr_CA","og_type":"article","og_title":"Travaux sur le r\u00e9seau informatique - UQACtualit\u00e9s","og_description":"Le Service des technologies de l\u2019information vous informe qu\u2019il proc\u00e9dera \u00e0 des travaux sur le r\u00e9seau informatique de l\u2019UQAC au cours des mois de juillet et ao\u00fbt. Ces travaux, n\u00e9cessaires \u00e0 la mise \u00e0 niveau des \u00e9quipements de t\u00e9l\u00e9communication, occasionneront des interruptions d\u2019acc\u00e8s au r\u00e9seau ainsi qu\u2019\u00e0 Internet. Nous vous informerons pr\u00e9alablement de la date [&hellip;]","og_url":"https:\/\/www.uqac.ca\/uqactualites\/2013\/07\/10\/travaux-sur-le-reseau-informatique\/","og_site_name":"UQACtualit\u00e9s","article_published_time":"2013-07-10T13:07:17+00:00","og_image":[{"width":620,"height":300,"url":"https:\/\/www.uqac.ca\/uqactualites\/wp-content\/uploads\/2012\/05\/avis-important.jpg","type":"image\/jpeg"}],"author":"Service des communications et des relations publiques","twitter_card":"summary_large_image","twitter_misc":{"\u00c9crit par":"Service des communications et des relations publiques","Estimation du temps de lecture":"1 minute"},"schema":{"@context":"https:\/\/schema.org","@graph":[{"@type":"WebPage","@id":"https:\/\/www.uqac.ca\/uqactualites\/2013\/07\/10\/travaux-sur-le-reseau-informatique\/","url":"https:\/\/www.uqac.ca\/uqactualites\/2013\/07\/10\/travaux-sur-le-reseau-informatique\/","name":"Travaux sur le r\u00e9seau informatique - UQACtualit\u00e9s","isPartOf":{"@id":"https:\/\/www.uqac.ca\/uqactualites\/#website"},"primaryImageOfPage":{"@id":"https:\/\/www.uqac.ca\/uqactualites\/2013\/07\/10\/travaux-sur-le-reseau-informatique\/#primaryimage"},"image":{"@id":"https:\/\/www.uqac.ca\/uqactualites\/2013\/07\/10\/travaux-sur-le-reseau-informatique\/#primaryimage"},"thumbnailUrl":"https:\/\/www.uqac.ca\/uqactualites\/wp-content\/uploads\/2012\/05\/avis-important.jpg","datePublished":"2013-07-10T13:07:17+00:00","dateModified":"2013-07-10T13:07:17+00:00","author":{"@id":"https:\/\/www.uqac.ca\/uqactualites\/#\/schema\/person\/366c45a0c4f0e677b41b4af5886e2018"},"breadcrumb":{"@id":"https:\/\/www.uqac.ca\/uqactualites\/2013\/07\/10\/travaux-sur-le-reseau-informatique\/#breadcrumb"},"inLanguage":"fr-CA","potentialAction":[{"@type":"ReadAction","target":["https:\/\/www.uqac.ca\/uqactualites\/2013\/07\/10\/travaux-sur-le-reseau-informatique\/"]}]},{"@type":"ImageObject","inLanguage":"fr-CA","@id":"https:\/\/www.uqac.ca\/uqactualites\/2013\/07\/10\/travaux-sur-le-reseau-informatique\/#primaryimage","url":"https:\/\/www.uqac.ca\/uqactualites\/wp-content\/uploads\/2012\/05\/avis-important.jpg","contentUrl":"https:\/\/www.uqac.ca\/uqactualites\/wp-content\/uploads\/2012\/05\/avis-important.jpg","width":620,"height":300},{"@type":"BreadcrumbList","@id":"https:\/\/www.uqac.ca\/uqactualites\/2013\/07\/10\/travaux-sur-le-reseau-informatique\/#breadcrumb","itemListElement":[{"@type":"ListItem","position":1,"name":"Home","item":"https:\/\/www.uqac.ca\/uqactualites\/"},{"@type":"ListItem","position":2,"name":"Travaux sur le r\u00e9seau informatique"}]},{"@type":"WebSite","@id":"https:\/\/www.uqac.ca\/uqactualites\/#website","url":"https:\/\/www.uqac.ca\/uqactualites\/","name":"UQACtualit\u00e9s","description":"Le portail des nouvelles de l&#039;UQAC","potentialAction":[{"@type":"SearchAction","target":{"@type":"EntryPoint","urlTemplate":"https:\/\/www.uqac.ca\/uqactualites\/?s={search_term_string}"},"query-input":{"@type":"PropertyValueSpecification","valueRequired":true,"valueName":"search_term_string"}}],"inLanguage":"fr-CA"},{"@type":"Person","@id":"https:\/\/www.uqac.ca\/uqactualites\/#\/schema\/person\/366c45a0c4f0e677b41b4af5886e2018","name":"Service des communications et des relations publiques","image":{"@type":"ImageObject","inLanguage":"fr-CA","@id":"https:\/\/www.uqac.ca\/uqactualites\/#\/schema\/person\/image\/","url":"https:\/\/secure.gravatar.com\/avatar\/20fbbda8a292f59f2d3461a5b999c00b?s=96&d=mm&r=g","contentUrl":"https:\/\/secure.gravatar.com\/avatar\/20fbbda8a292f59f2d3461a5b999c00b?s=96&d=mm&r=g","caption":"Service des communications et des relations publiques"},"url":"https:\/\/www.uqac.ca\/uqactualites\/author\/bap\/"}]}},"_links":{"self":[{"href":"https:\/\/www.uqac.ca\/uqactualites\/wp-json\/wp\/v2\/posts\/24814"}],"collection":[{"href":"https:\/\/www.uqac.ca\/uqactualites\/wp-json\/wp\/v2\/posts"}],"about":[{"href":"https:\/\/www.uqac.ca\/uqactualites\/wp-json\/wp\/v2\/types\/post"}],"author":[{"embeddable":true,"href":"https:\/\/www.uqac.ca\/uqactualites\/wp-json\/wp\/v2\/users\/5"}],"replies":[{"embeddable":true,"href":"https:\/\/www.uqac.ca\/uqactualites\/wp-json\/wp\/v2\/comments?post=24814"}],"version-history":[{"count":0,"href":"https:\/\/www.uqac.ca\/uqactualites\/wp-json\/wp\/v2\/posts\/24814\/revisions"}],"wp:featuredmedia":[{"embeddable":true,"href":"https:\/\/www.uqac.ca\/uqactualites\/wp-json\/wp\/v2\/media\/20987"}],"wp:attachment":[{"href":"https:\/\/www.uqac.ca\/uqactualites\/wp-json\/wp\/v2\/media?parent=24814"}],"wp:term":[{"taxonomy":"category","embeddable":true,"href":"https:\/\/www.uqac.ca\/uqactualites\/wp-json\/wp\/v2\/categories?post=24814"},{"taxonomy":"post_tag","embeddable":true,"href":"https:\/\/www.uqac.ca\/uqactualites\/wp-json\/wp\/v2\/tags?post=24814"}],"curies":[{"name":"wp","href":"https:\/\/api.w.org\/{rel}","templated":true}]}}