{"id":24968,"date":"2001-02-05T08:43:07","date_gmt":"2001-02-05T13:43:07","guid":{"rendered":"http:\/\/uqactualite.odev.ca\/?p=24968"},"modified":"2001-02-05T08:43:07","modified_gmt":"2001-02-05T13:43:07","slug":"la-direction-de-luqac-reagit-vivement-a-lannonce-de-nouvelles-compressions-dans-le-milieu-de-leducation","status":"publish","type":"post","link":"https:\/\/www.uqac.ca\/uqactualites\/2001\/02\/05\/la-direction-de-luqac-reagit-vivement-a-lannonce-de-nouvelles-compressions-dans-le-milieu-de-leducation\/","title":{"rendered":"La direction de l&rsquo;UQAC r\u00e9agit vivement \u00e0 l&rsquo;annonce de nouvelles compressions dans le milieu de l&rsquo;\u00e9ducation"},"content":{"rendered":"<p style=\"text-align: justify\">Chicoutimi, le 5 f\u00e9vrier 2001 &#8211; La direction de l&rsquo;Universit\u00e9 du Qu\u00e9bec \u00e0 Chicoutimi apprend avec stupeur la nouvelle \u00e0 l&rsquo;effet que le gouvernement du Qu\u00e9bec par l&rsquo;entremise de son minist\u00e8re de l&rsquo;\u00c9ducation ne respecterait pas l&rsquo;engagement pris en f\u00e9vrier 2000 \u00e0 l&rsquo;occasion du Sommet de la jeunesse d&rsquo;investir dans l&rsquo;\u00e9ducation et d&rsquo;en faire une priorit\u00e9 pour le Qu\u00e9bec.<\/p>\n<p style=\"text-align: justify\">On se rappellera que lors de l&rsquo;annonce de la nouvelle politique de financement des universit\u00e9s par le minist\u00e8re de l&rsquo;\u00c9ducation, la direction de l&rsquo;UQAC avait d\u00e9montr\u00e9 une certaine satisfaction en mentionnant que le geste pos\u00e9 par le gouvernement, bien qu&rsquo;insuffisant et ne rencontrant pas les besoins r\u00e9els exprim\u00e9s par les universit\u00e9s, \u00e9tait un pas dans la bonne direction. Il nous \u00e9tait alors permis d&rsquo;esp\u00e9rer qu&rsquo;avec la fin des compressions et un d\u00e9but de r\u00e9investissement, notre Universit\u00e9 pourrait enfin voir un peu de lumi\u00e8re au bout du tunnel.<\/p>\n<p style=\"text-align: justify\">Pour le recteur de l&rsquo;UQAC, Bernard Angers, cette information vient jeter une douche d&rsquo;eau froide sur tous ceux qui croyaient que le Qu\u00e9bec prenait enfin la bonne direction en investissant dans sa jeunesse par l&rsquo;entremise de l&rsquo;enseignement et de la recherche. Il ne peut croire que le gouvernement ne donne pas suite \u00e0 cette information.<\/p>\n<p style=\"text-align: justify\">Toujours selon M. Angers, la cr\u00e9dibilit\u00e9 du gouvernement serait grandement affect\u00e9e s&rsquo;il ne respectait pas l&rsquo;engagement qu&rsquo;il a pris devant la soci\u00e9t\u00e9 qu\u00e9b\u00e9coise \u00e0 l&rsquo;occasion du Sommet de la jeunesse que lui-m\u00eame avait convoqu\u00e9. S&rsquo;inscrivant dans les propos du pr\u00e9sident de la CR\u00c9PUQ, M. Fran\u00e7ois Tavenas, le recteur de l&rsquo;UQAC croit &laquo;qu&rsquo;il sera difficile pour le milieu universitaire de maintenir un niveau de confiance avec un gouvernement qui ne respecte pas ses engagements&raquo;.<\/p>\n<p style=\"text-align: justify\">En terminant, nous ne pouvons imaginer un seul instant tous les effets n\u00e9gatifs caus\u00e9s par la d\u00e9cision d&rsquo;un gouvernement qui non seulement refuserait d&rsquo;investir dans ses universit\u00e9s mais accepterait de poursuivre des compressions d\u00e9j\u00e0 amorc\u00e9es depuis pr\u00e8s de dix ans.<\/p>\n<p>&#8211; 30 &#8211;<\/p>\n<p style=\"text-align: justify\"><strong>Source :<\/strong><br \/>\nJean Wauthier, directeur<br \/>\nService des affaires publiques<br \/>\nT\u00e9l\u00e9phone : 418 545-5011 poste 5006<br \/>\nT\u00e9l\u00e9copie : 418 545-5012<\/p>\n","protected":false},"excerpt":{"rendered":"<p>Chicoutimi, le 5 f\u00e9vrier 2001 &#8211; La direction de l&rsquo;Universit\u00e9 du Qu\u00e9bec \u00e0 Chicoutimi apprend avec stupeur la nouvelle \u00e0 l&rsquo;effet que le gouvernement du Qu\u00e9bec par l&rsquo;entremise de son minist\u00e8re de l&rsquo;\u00c9ducation ne respecterait pas l&rsquo;engagement pris en f\u00e9vrier 2000 \u00e0 l&rsquo;occasion du Sommet de la jeunesse d&rsquo;investir dans l&rsquo;\u00e9ducation et d&rsquo;en faire une [&hellip;]<\/p>\n","protected":false},"author":5,"featured_media":20745,"comment_status":"open","ping_status":"open","sticky":false,"template":"","format":"standard","meta":{"footnotes":""},"categories":[2772],"tags":[],"yoast_head":"<!-- This site is optimized with the Yoast SEO plugin v24.2 - https:\/\/yoast.com\/wordpress\/plugins\/seo\/ -->\r\n<title>La direction de l&#039;UQAC r\u00e9agit vivement \u00e0 l&#039;annonce de nouvelles compressions dans le milieu de l&#039;\u00e9ducation - UQACtualit\u00e9s<\/title>\r\n<meta name=\"robots\" content=\"index, follow, max-snippet:-1, max-image-preview:large, max-video-preview:-1\" \/>\r\n<link rel=\"canonical\" href=\"https:\/\/www.uqac.ca\/uqactualites\/2001\/02\/05\/la-direction-de-luqac-reagit-vivement-a-lannonce-de-nouvelles-compressions-dans-le-milieu-de-leducation\/\" \/>\r\n<meta property=\"og:locale\" content=\"fr_CA\" \/>\r\n<meta property=\"og:type\" content=\"article\" \/>\r\n<meta property=\"og:title\" content=\"La direction de l&#039;UQAC r\u00e9agit vivement \u00e0 l&#039;annonce de nouvelles compressions dans le milieu de l&#039;\u00e9ducation - UQACtualit\u00e9s\" \/>\r\n<meta property=\"og:description\" content=\"Chicoutimi, le 5 f\u00e9vrier 2001 &#8211; La direction de l&rsquo;Universit\u00e9 du Qu\u00e9bec \u00e0 Chicoutimi apprend avec stupeur la nouvelle \u00e0 l&rsquo;effet que le gouvernement du Qu\u00e9bec par l&rsquo;entremise de son minist\u00e8re de l&rsquo;\u00c9ducation ne respecterait pas l&rsquo;engagement pris en f\u00e9vrier 2000 \u00e0 l&rsquo;occasion du Sommet de la jeunesse d&rsquo;investir dans l&rsquo;\u00e9ducation et d&rsquo;en faire une [&hellip;]\" \/>\r\n<meta property=\"og:url\" content=\"https:\/\/www.uqac.ca\/uqactualites\/2001\/02\/05\/la-direction-de-luqac-reagit-vivement-a-lannonce-de-nouvelles-compressions-dans-le-milieu-de-leducation\/\" \/>\r\n<meta property=\"og:site_name\" content=\"UQACtualit\u00e9s\" \/>\r\n<meta property=\"article:published_time\" content=\"2001-02-05T13:43:07+00:00\" \/>\r\n<meta property=\"og:image\" content=\"https:\/\/www.uqac.ca\/uqactualites\/wp-content\/uploads\/2012\/05\/communiqu-.jpg\" \/>\r\n\t<meta property=\"og:image:width\" content=\"620\" \/>\r\n\t<meta property=\"og:image:height\" content=\"300\" \/>\r\n\t<meta property=\"og:image:type\" content=\"image\/jpeg\" \/>\r\n<meta name=\"author\" content=\"Service des communications et des relations publiques\" \/>\r\n<meta name=\"twitter:card\" content=\"summary_large_image\" \/>\r\n<meta name=\"twitter:label1\" content=\"\u00c9crit par\" \/>\n\t<meta name=\"twitter:data1\" content=\"Service des communications et des relations publiques\" \/>\n\t<meta name=\"twitter:label2\" content=\"Estimation du temps de lecture\" \/>\n\t<meta name=\"twitter:data2\" content=\"2 minutes\" \/>\r\n<script type=\"application\/ld+json\" class=\"yoast-schema-graph\">{\"@context\":\"https:\/\/schema.org\",\"@graph\":[{\"@type\":\"WebPage\",\"@id\":\"https:\/\/www.uqac.ca\/uqactualites\/2001\/02\/05\/la-direction-de-luqac-reagit-vivement-a-lannonce-de-nouvelles-compressions-dans-le-milieu-de-leducation\/\",\"url\":\"https:\/\/www.uqac.ca\/uqactualites\/2001\/02\/05\/la-direction-de-luqac-reagit-vivement-a-lannonce-de-nouvelles-compressions-dans-le-milieu-de-leducation\/\",\"name\":\"La direction de l'UQAC r\u00e9agit vivement \u00e0 l'annonce de nouvelles compressions dans le milieu de l'\u00e9ducation - UQACtualit\u00e9s\",\"isPartOf\":{\"@id\":\"https:\/\/www.uqac.ca\/uqactualites\/#website\"},\"primaryImageOfPage\":{\"@id\":\"https:\/\/www.uqac.ca\/uqactualites\/2001\/02\/05\/la-direction-de-luqac-reagit-vivement-a-lannonce-de-nouvelles-compressions-dans-le-milieu-de-leducation\/#primaryimage\"},\"image\":{\"@id\":\"https:\/\/www.uqac.ca\/uqactualites\/2001\/02\/05\/la-direction-de-luqac-reagit-vivement-a-lannonce-de-nouvelles-compressions-dans-le-milieu-de-leducation\/#primaryimage\"},\"thumbnailUrl\":\"https:\/\/www.uqac.ca\/uqactualites\/wp-content\/uploads\/2012\/05\/communiqu-.jpg\",\"datePublished\":\"2001-02-05T13:43:07+00:00\",\"dateModified\":\"2001-02-05T13:43:07+00:00\",\"author\":{\"@id\":\"https:\/\/www.uqac.ca\/uqactualites\/#\/schema\/person\/366c45a0c4f0e677b41b4af5886e2018\"},\"breadcrumb\":{\"@id\":\"https:\/\/www.uqac.ca\/uqactualites\/2001\/02\/05\/la-direction-de-luqac-reagit-vivement-a-lannonce-de-nouvelles-compressions-dans-le-milieu-de-leducation\/#breadcrumb\"},\"inLanguage\":\"fr-CA\",\"potentialAction\":[{\"@type\":\"ReadAction\",\"target\":[\"https:\/\/www.uqac.ca\/uqactualites\/2001\/02\/05\/la-direction-de-luqac-reagit-vivement-a-lannonce-de-nouvelles-compressions-dans-le-milieu-de-leducation\/\"]}]},{\"@type\":\"ImageObject\",\"inLanguage\":\"fr-CA\",\"@id\":\"https:\/\/www.uqac.ca\/uqactualites\/2001\/02\/05\/la-direction-de-luqac-reagit-vivement-a-lannonce-de-nouvelles-compressions-dans-le-milieu-de-leducation\/#primaryimage\",\"url\":\"https:\/\/www.uqac.ca\/uqactualites\/wp-content\/uploads\/2012\/05\/communiqu-.jpg\",\"contentUrl\":\"https:\/\/www.uqac.ca\/uqactualites\/wp-content\/uploads\/2012\/05\/communiqu-.jpg\",\"width\":620,\"height\":300},{\"@type\":\"BreadcrumbList\",\"@id\":\"https:\/\/www.uqac.ca\/uqactualites\/2001\/02\/05\/la-direction-de-luqac-reagit-vivement-a-lannonce-de-nouvelles-compressions-dans-le-milieu-de-leducation\/#breadcrumb\",\"itemListElement\":[{\"@type\":\"ListItem\",\"position\":1,\"name\":\"Home\",\"item\":\"https:\/\/www.uqac.ca\/uqactualites\/\"},{\"@type\":\"ListItem\",\"position\":2,\"name\":\"La direction de l&rsquo;UQAC r\u00e9agit vivement \u00e0 l&rsquo;annonce de nouvelles compressions dans le milieu de l&rsquo;\u00e9ducation\"}]},{\"@type\":\"WebSite\",\"@id\":\"https:\/\/www.uqac.ca\/uqactualites\/#website\",\"url\":\"https:\/\/www.uqac.ca\/uqactualites\/\",\"name\":\"UQACtualit\u00e9s\",\"description\":\"Le portail des nouvelles de l&#039;UQAC\",\"potentialAction\":[{\"@type\":\"SearchAction\",\"target\":{\"@type\":\"EntryPoint\",\"urlTemplate\":\"https:\/\/www.uqac.ca\/uqactualites\/?s={search_term_string}\"},\"query-input\":{\"@type\":\"PropertyValueSpecification\",\"valueRequired\":true,\"valueName\":\"search_term_string\"}}],\"inLanguage\":\"fr-CA\"},{\"@type\":\"Person\",\"@id\":\"https:\/\/www.uqac.ca\/uqactualites\/#\/schema\/person\/366c45a0c4f0e677b41b4af5886e2018\",\"name\":\"Service des communications et des relations publiques\",\"image\":{\"@type\":\"ImageObject\",\"inLanguage\":\"fr-CA\",\"@id\":\"https:\/\/www.uqac.ca\/uqactualites\/#\/schema\/person\/image\/\",\"url\":\"https:\/\/secure.gravatar.com\/avatar\/20fbbda8a292f59f2d3461a5b999c00b?s=96&d=mm&r=g\",\"contentUrl\":\"https:\/\/secure.gravatar.com\/avatar\/20fbbda8a292f59f2d3461a5b999c00b?s=96&d=mm&r=g\",\"caption\":\"Service des communications et des relations publiques\"},\"url\":\"https:\/\/www.uqac.ca\/uqactualites\/author\/bap\/\"}]}<\/script>\r\n<!-- \/ Yoast SEO plugin. -->","yoast_head_json":{"title":"La direction de l'UQAC r\u00e9agit vivement \u00e0 l'annonce de nouvelles compressions dans le milieu de l'\u00e9ducation - UQACtualit\u00e9s","robots":{"index":"index","follow":"follow","max-snippet":"max-snippet:-1","max-image-preview":"max-image-preview:large","max-video-preview":"max-video-preview:-1"},"canonical":"https:\/\/www.uqac.ca\/uqactualites\/2001\/02\/05\/la-direction-de-luqac-reagit-vivement-a-lannonce-de-nouvelles-compressions-dans-le-milieu-de-leducation\/","og_locale":"fr_CA","og_type":"article","og_title":"La direction de l'UQAC r\u00e9agit vivement \u00e0 l'annonce de nouvelles compressions dans le milieu de l'\u00e9ducation - UQACtualit\u00e9s","og_description":"Chicoutimi, le 5 f\u00e9vrier 2001 &#8211; La direction de l&rsquo;Universit\u00e9 du Qu\u00e9bec \u00e0 Chicoutimi apprend avec stupeur la nouvelle \u00e0 l&rsquo;effet que le gouvernement du Qu\u00e9bec par l&rsquo;entremise de son minist\u00e8re de l&rsquo;\u00c9ducation ne respecterait pas l&rsquo;engagement pris en f\u00e9vrier 2000 \u00e0 l&rsquo;occasion du Sommet de la jeunesse d&rsquo;investir dans l&rsquo;\u00e9ducation et d&rsquo;en faire une [&hellip;]","og_url":"https:\/\/www.uqac.ca\/uqactualites\/2001\/02\/05\/la-direction-de-luqac-reagit-vivement-a-lannonce-de-nouvelles-compressions-dans-le-milieu-de-leducation\/","og_site_name":"UQACtualit\u00e9s","article_published_time":"2001-02-05T13:43:07+00:00","og_image":[{"width":620,"height":300,"url":"https:\/\/www.uqac.ca\/uqactualites\/wp-content\/uploads\/2012\/05\/communiqu-.jpg","type":"image\/jpeg"}],"author":"Service des communications et des relations publiques","twitter_card":"summary_large_image","twitter_misc":{"\u00c9crit par":"Service des communications et des relations publiques","Estimation du temps de lecture":"2 minutes"},"schema":{"@context":"https:\/\/schema.org","@graph":[{"@type":"WebPage","@id":"https:\/\/www.uqac.ca\/uqactualites\/2001\/02\/05\/la-direction-de-luqac-reagit-vivement-a-lannonce-de-nouvelles-compressions-dans-le-milieu-de-leducation\/","url":"https:\/\/www.uqac.ca\/uqactualites\/2001\/02\/05\/la-direction-de-luqac-reagit-vivement-a-lannonce-de-nouvelles-compressions-dans-le-milieu-de-leducation\/","name":"La direction de l'UQAC r\u00e9agit vivement \u00e0 l'annonce de nouvelles compressions dans le milieu de l'\u00e9ducation - UQACtualit\u00e9s","isPartOf":{"@id":"https:\/\/www.uqac.ca\/uqactualites\/#website"},"primaryImageOfPage":{"@id":"https:\/\/www.uqac.ca\/uqactualites\/2001\/02\/05\/la-direction-de-luqac-reagit-vivement-a-lannonce-de-nouvelles-compressions-dans-le-milieu-de-leducation\/#primaryimage"},"image":{"@id":"https:\/\/www.uqac.ca\/uqactualites\/2001\/02\/05\/la-direction-de-luqac-reagit-vivement-a-lannonce-de-nouvelles-compressions-dans-le-milieu-de-leducation\/#primaryimage"},"thumbnailUrl":"https:\/\/www.uqac.ca\/uqactualites\/wp-content\/uploads\/2012\/05\/communiqu-.jpg","datePublished":"2001-02-05T13:43:07+00:00","dateModified":"2001-02-05T13:43:07+00:00","author":{"@id":"https:\/\/www.uqac.ca\/uqactualites\/#\/schema\/person\/366c45a0c4f0e677b41b4af5886e2018"},"breadcrumb":{"@id":"https:\/\/www.uqac.ca\/uqactualites\/2001\/02\/05\/la-direction-de-luqac-reagit-vivement-a-lannonce-de-nouvelles-compressions-dans-le-milieu-de-leducation\/#breadcrumb"},"inLanguage":"fr-CA","potentialAction":[{"@type":"ReadAction","target":["https:\/\/www.uqac.ca\/uqactualites\/2001\/02\/05\/la-direction-de-luqac-reagit-vivement-a-lannonce-de-nouvelles-compressions-dans-le-milieu-de-leducation\/"]}]},{"@type":"ImageObject","inLanguage":"fr-CA","@id":"https:\/\/www.uqac.ca\/uqactualites\/2001\/02\/05\/la-direction-de-luqac-reagit-vivement-a-lannonce-de-nouvelles-compressions-dans-le-milieu-de-leducation\/#primaryimage","url":"https:\/\/www.uqac.ca\/uqactualites\/wp-content\/uploads\/2012\/05\/communiqu-.jpg","contentUrl":"https:\/\/www.uqac.ca\/uqactualites\/wp-content\/uploads\/2012\/05\/communiqu-.jpg","width":620,"height":300},{"@type":"BreadcrumbList","@id":"https:\/\/www.uqac.ca\/uqactualites\/2001\/02\/05\/la-direction-de-luqac-reagit-vivement-a-lannonce-de-nouvelles-compressions-dans-le-milieu-de-leducation\/#breadcrumb","itemListElement":[{"@type":"ListItem","position":1,"name":"Home","item":"https:\/\/www.uqac.ca\/uqactualites\/"},{"@type":"ListItem","position":2,"name":"La direction de l&rsquo;UQAC r\u00e9agit vivement \u00e0 l&rsquo;annonce de nouvelles compressions dans le milieu de l&rsquo;\u00e9ducation"}]},{"@type":"WebSite","@id":"https:\/\/www.uqac.ca\/uqactualites\/#website","url":"https:\/\/www.uqac.ca\/uqactualites\/","name":"UQACtualit\u00e9s","description":"Le portail des nouvelles de l&#039;UQAC","potentialAction":[{"@type":"SearchAction","target":{"@type":"EntryPoint","urlTemplate":"https:\/\/www.uqac.ca\/uqactualites\/?s={search_term_string}"},"query-input":{"@type":"PropertyValueSpecification","valueRequired":true,"valueName":"search_term_string"}}],"inLanguage":"fr-CA"},{"@type":"Person","@id":"https:\/\/www.uqac.ca\/uqactualites\/#\/schema\/person\/366c45a0c4f0e677b41b4af5886e2018","name":"Service des communications et des relations publiques","image":{"@type":"ImageObject","inLanguage":"fr-CA","@id":"https:\/\/www.uqac.ca\/uqactualites\/#\/schema\/person\/image\/","url":"https:\/\/secure.gravatar.com\/avatar\/20fbbda8a292f59f2d3461a5b999c00b?s=96&d=mm&r=g","contentUrl":"https:\/\/secure.gravatar.com\/avatar\/20fbbda8a292f59f2d3461a5b999c00b?s=96&d=mm&r=g","caption":"Service des communications et des relations publiques"},"url":"https:\/\/www.uqac.ca\/uqactualites\/author\/bap\/"}]}},"_links":{"self":[{"href":"https:\/\/www.uqac.ca\/uqactualites\/wp-json\/wp\/v2\/posts\/24968"}],"collection":[{"href":"https:\/\/www.uqac.ca\/uqactualites\/wp-json\/wp\/v2\/posts"}],"about":[{"href":"https:\/\/www.uqac.ca\/uqactualites\/wp-json\/wp\/v2\/types\/post"}],"author":[{"embeddable":true,"href":"https:\/\/www.uqac.ca\/uqactualites\/wp-json\/wp\/v2\/users\/5"}],"replies":[{"embeddable":true,"href":"https:\/\/www.uqac.ca\/uqactualites\/wp-json\/wp\/v2\/comments?post=24968"}],"version-history":[{"count":0,"href":"https:\/\/www.uqac.ca\/uqactualites\/wp-json\/wp\/v2\/posts\/24968\/revisions"}],"wp:featuredmedia":[{"embeddable":true,"href":"https:\/\/www.uqac.ca\/uqactualites\/wp-json\/wp\/v2\/media\/20745"}],"wp:attachment":[{"href":"https:\/\/www.uqac.ca\/uqactualites\/wp-json\/wp\/v2\/media?parent=24968"}],"wp:term":[{"taxonomy":"category","embeddable":true,"href":"https:\/\/www.uqac.ca\/uqactualites\/wp-json\/wp\/v2\/categories?post=24968"},{"taxonomy":"post_tag","embeddable":true,"href":"https:\/\/www.uqac.ca\/uqactualites\/wp-json\/wp\/v2\/tags?post=24968"}],"curies":[{"name":"wp","href":"https:\/\/api.w.org\/{rel}","templated":true}]}}