{"id":24977,"date":"2001-02-21T08:52:19","date_gmt":"2001-02-21T13:52:19","guid":{"rendered":"http:\/\/uqactualite.odev.ca\/?p=24977"},"modified":"2001-02-21T08:52:19","modified_gmt":"2001-02-21T13:52:19","slug":"dr-albert-jacquard-de-passage-a-luqac","status":"publish","type":"post","link":"https:\/\/www.uqac.ca\/uqactualites\/2001\/02\/21\/dr-albert-jacquard-de-passage-a-luqac\/","title":{"rendered":"Dr. Albert Jacquard de passage \u00e0 l&rsquo;UQAC"},"content":{"rendered":"<p style=\"text-align: justify\">Chicoutimi, le 21 f\u00e9vrier 2001 &#8211; Le philosophe et humaniste Albert Jacquard sera de passage \u00e0 l&rsquo;Universit\u00e9 du Qu\u00e9bec \u00e0 Chicoutimi le mercredi 14 mars prochain. Il pr\u00e9sentera une conf\u00e9rence intitul\u00e9e Inventer l&rsquo;homme au p\u00e9ril de la science, Comp\u00e9tition et \u00e9volution. La conf\u00e9rence d\u00e9butera \u00e0 19 h 30, \u00e0 l&rsquo;auditorium de l&rsquo;UQAC, au local P0-5000 du Pavillon principal, 555, boulevard de l&rsquo;Universit\u00e9, Chicoutimi.<\/p>\n<p style=\"text-align: justify\">Cette activit\u00e9 est offerte au co\u00fbt de 10 $. Les billets sont en vente aux Services aux \u00e9tudiants, au Service sant\u00e9 et \u00e0 la Coop\u00e9rative scolaire \u00e9tudiante de l&rsquo;UQAC. Les profits seront vers\u00e9s au Fonds humanitaire des \u00e9tudiants de l&rsquo;UQAC.<\/p>\n<p style=\"text-align: justify\">Cette conf\u00e9rence est rendue possible gr\u00e2ce \u00e0 la collaboration des syndicats des professeurs, des professionnels et des employ\u00e9s de soutien, des Services aux \u00e9tudiants et du Service du personnel et des relations du travail.<\/p>\n<p style=\"text-align: justify\">Renseignements suppl\u00e9mentaires : Service sant\u00e9 : 545-5011, poste 5351.<\/p>\n<p>&#8211; 30 &#8211;<\/p>\n<p style=\"text-align: justify\"><strong>Source :<\/strong><br \/>\n<span style=\"color: #5a7411\"><a href=\"mailto:dclaveau@uqac.uquebec.ca%20\"><span style=\"color: #5a7411\">Denis Claveau<\/span><\/a><\/span>, agent d&rsquo;information<br \/>\nT\u00e9l\u00e9phone: 418 545-5011, poste 2350<br \/>\nT\u00e9l\u00e9copieur : 418 545-5012<\/p>\n","protected":false},"excerpt":{"rendered":"<p>Chicoutimi, le 21 f\u00e9vrier 2001 &#8211; Le philosophe et humaniste Albert Jacquard sera de passage \u00e0 l&rsquo;Universit\u00e9 du Qu\u00e9bec \u00e0 Chicoutimi le mercredi 14 mars prochain. Il pr\u00e9sentera une conf\u00e9rence intitul\u00e9e Inventer l&rsquo;homme au p\u00e9ril de la science, Comp\u00e9tition et \u00e9volution. La conf\u00e9rence d\u00e9butera \u00e0 19 h 30, \u00e0 l&rsquo;auditorium de l&rsquo;UQAC, au local P0-5000 [&hellip;]<\/p>\n","protected":false},"author":5,"featured_media":20745,"comment_status":"open","ping_status":"open","sticky":false,"template":"","format":"standard","meta":{"footnotes":""},"categories":[2772],"tags":[],"yoast_head":"<!-- This site is optimized with the Yoast SEO plugin v24.2 - https:\/\/yoast.com\/wordpress\/plugins\/seo\/ -->\r\n<title>Dr. Albert Jacquard de passage \u00e0 l&#039;UQAC - UQACtualit\u00e9s<\/title>\r\n<meta name=\"robots\" content=\"index, follow, max-snippet:-1, max-image-preview:large, max-video-preview:-1\" \/>\r\n<link rel=\"canonical\" href=\"https:\/\/www.uqac.ca\/uqactualites\/2001\/02\/21\/dr-albert-jacquard-de-passage-a-luqac\/\" \/>\r\n<meta property=\"og:locale\" content=\"fr_CA\" \/>\r\n<meta property=\"og:type\" content=\"article\" \/>\r\n<meta property=\"og:title\" content=\"Dr. Albert Jacquard de passage \u00e0 l&#039;UQAC - UQACtualit\u00e9s\" \/>\r\n<meta property=\"og:description\" content=\"Chicoutimi, le 21 f\u00e9vrier 2001 &#8211; Le philosophe et humaniste Albert Jacquard sera de passage \u00e0 l&rsquo;Universit\u00e9 du Qu\u00e9bec \u00e0 Chicoutimi le mercredi 14 mars prochain. Il pr\u00e9sentera une conf\u00e9rence intitul\u00e9e Inventer l&rsquo;homme au p\u00e9ril de la science, Comp\u00e9tition et \u00e9volution. La conf\u00e9rence d\u00e9butera \u00e0 19 h 30, \u00e0 l&rsquo;auditorium de l&rsquo;UQAC, au local P0-5000 [&hellip;]\" \/>\r\n<meta property=\"og:url\" content=\"https:\/\/www.uqac.ca\/uqactualites\/2001\/02\/21\/dr-albert-jacquard-de-passage-a-luqac\/\" \/>\r\n<meta property=\"og:site_name\" content=\"UQACtualit\u00e9s\" \/>\r\n<meta property=\"article:published_time\" content=\"2001-02-21T13:52:19+00:00\" \/>\r\n<meta property=\"og:image\" content=\"https:\/\/www.uqac.ca\/uqactualites\/wp-content\/uploads\/2012\/05\/communiqu-.jpg\" \/>\r\n\t<meta property=\"og:image:width\" content=\"620\" \/>\r\n\t<meta property=\"og:image:height\" content=\"300\" \/>\r\n\t<meta property=\"og:image:type\" content=\"image\/jpeg\" \/>\r\n<meta name=\"author\" content=\"Service des communications et des relations publiques\" \/>\r\n<meta name=\"twitter:card\" content=\"summary_large_image\" \/>\r\n<meta name=\"twitter:label1\" content=\"\u00c9crit par\" \/>\n\t<meta name=\"twitter:data1\" content=\"Service des communications et des relations publiques\" \/>\n\t<meta name=\"twitter:label2\" content=\"Estimation du temps de lecture\" \/>\n\t<meta name=\"twitter:data2\" content=\"1 minute\" \/>\r\n<script type=\"application\/ld+json\" class=\"yoast-schema-graph\">{\"@context\":\"https:\/\/schema.org\",\"@graph\":[{\"@type\":\"WebPage\",\"@id\":\"https:\/\/www.uqac.ca\/uqactualites\/2001\/02\/21\/dr-albert-jacquard-de-passage-a-luqac\/\",\"url\":\"https:\/\/www.uqac.ca\/uqactualites\/2001\/02\/21\/dr-albert-jacquard-de-passage-a-luqac\/\",\"name\":\"Dr. Albert Jacquard de passage \u00e0 l'UQAC - UQACtualit\u00e9s\",\"isPartOf\":{\"@id\":\"https:\/\/www.uqac.ca\/uqactualites\/#website\"},\"primaryImageOfPage\":{\"@id\":\"https:\/\/www.uqac.ca\/uqactualites\/2001\/02\/21\/dr-albert-jacquard-de-passage-a-luqac\/#primaryimage\"},\"image\":{\"@id\":\"https:\/\/www.uqac.ca\/uqactualites\/2001\/02\/21\/dr-albert-jacquard-de-passage-a-luqac\/#primaryimage\"},\"thumbnailUrl\":\"https:\/\/www.uqac.ca\/uqactualites\/wp-content\/uploads\/2012\/05\/communiqu-.jpg\",\"datePublished\":\"2001-02-21T13:52:19+00:00\",\"dateModified\":\"2001-02-21T13:52:19+00:00\",\"author\":{\"@id\":\"https:\/\/www.uqac.ca\/uqactualites\/#\/schema\/person\/366c45a0c4f0e677b41b4af5886e2018\"},\"breadcrumb\":{\"@id\":\"https:\/\/www.uqac.ca\/uqactualites\/2001\/02\/21\/dr-albert-jacquard-de-passage-a-luqac\/#breadcrumb\"},\"inLanguage\":\"fr-CA\",\"potentialAction\":[{\"@type\":\"ReadAction\",\"target\":[\"https:\/\/www.uqac.ca\/uqactualites\/2001\/02\/21\/dr-albert-jacquard-de-passage-a-luqac\/\"]}]},{\"@type\":\"ImageObject\",\"inLanguage\":\"fr-CA\",\"@id\":\"https:\/\/www.uqac.ca\/uqactualites\/2001\/02\/21\/dr-albert-jacquard-de-passage-a-luqac\/#primaryimage\",\"url\":\"https:\/\/www.uqac.ca\/uqactualites\/wp-content\/uploads\/2012\/05\/communiqu-.jpg\",\"contentUrl\":\"https:\/\/www.uqac.ca\/uqactualites\/wp-content\/uploads\/2012\/05\/communiqu-.jpg\",\"width\":620,\"height\":300},{\"@type\":\"BreadcrumbList\",\"@id\":\"https:\/\/www.uqac.ca\/uqactualites\/2001\/02\/21\/dr-albert-jacquard-de-passage-a-luqac\/#breadcrumb\",\"itemListElement\":[{\"@type\":\"ListItem\",\"position\":1,\"name\":\"Home\",\"item\":\"https:\/\/www.uqac.ca\/uqactualites\/\"},{\"@type\":\"ListItem\",\"position\":2,\"name\":\"Dr. Albert Jacquard de passage \u00e0 l&rsquo;UQAC\"}]},{\"@type\":\"WebSite\",\"@id\":\"https:\/\/www.uqac.ca\/uqactualites\/#website\",\"url\":\"https:\/\/www.uqac.ca\/uqactualites\/\",\"name\":\"UQACtualit\u00e9s\",\"description\":\"Le portail des nouvelles de l&#039;UQAC\",\"potentialAction\":[{\"@type\":\"SearchAction\",\"target\":{\"@type\":\"EntryPoint\",\"urlTemplate\":\"https:\/\/www.uqac.ca\/uqactualites\/?s={search_term_string}\"},\"query-input\":{\"@type\":\"PropertyValueSpecification\",\"valueRequired\":true,\"valueName\":\"search_term_string\"}}],\"inLanguage\":\"fr-CA\"},{\"@type\":\"Person\",\"@id\":\"https:\/\/www.uqac.ca\/uqactualites\/#\/schema\/person\/366c45a0c4f0e677b41b4af5886e2018\",\"name\":\"Service des communications et des relations publiques\",\"image\":{\"@type\":\"ImageObject\",\"inLanguage\":\"fr-CA\",\"@id\":\"https:\/\/www.uqac.ca\/uqactualites\/#\/schema\/person\/image\/\",\"url\":\"https:\/\/secure.gravatar.com\/avatar\/20fbbda8a292f59f2d3461a5b999c00b?s=96&d=mm&r=g\",\"contentUrl\":\"https:\/\/secure.gravatar.com\/avatar\/20fbbda8a292f59f2d3461a5b999c00b?s=96&d=mm&r=g\",\"caption\":\"Service des communications et des relations publiques\"},\"url\":\"https:\/\/www.uqac.ca\/uqactualites\/author\/bap\/\"}]}<\/script>\r\n<!-- \/ Yoast SEO plugin. -->","yoast_head_json":{"title":"Dr. Albert Jacquard de passage \u00e0 l'UQAC - UQACtualit\u00e9s","robots":{"index":"index","follow":"follow","max-snippet":"max-snippet:-1","max-image-preview":"max-image-preview:large","max-video-preview":"max-video-preview:-1"},"canonical":"https:\/\/www.uqac.ca\/uqactualites\/2001\/02\/21\/dr-albert-jacquard-de-passage-a-luqac\/","og_locale":"fr_CA","og_type":"article","og_title":"Dr. Albert Jacquard de passage \u00e0 l'UQAC - UQACtualit\u00e9s","og_description":"Chicoutimi, le 21 f\u00e9vrier 2001 &#8211; Le philosophe et humaniste Albert Jacquard sera de passage \u00e0 l&rsquo;Universit\u00e9 du Qu\u00e9bec \u00e0 Chicoutimi le mercredi 14 mars prochain. Il pr\u00e9sentera une conf\u00e9rence intitul\u00e9e Inventer l&rsquo;homme au p\u00e9ril de la science, Comp\u00e9tition et \u00e9volution. La conf\u00e9rence d\u00e9butera \u00e0 19 h 30, \u00e0 l&rsquo;auditorium de l&rsquo;UQAC, au local P0-5000 [&hellip;]","og_url":"https:\/\/www.uqac.ca\/uqactualites\/2001\/02\/21\/dr-albert-jacquard-de-passage-a-luqac\/","og_site_name":"UQACtualit\u00e9s","article_published_time":"2001-02-21T13:52:19+00:00","og_image":[{"width":620,"height":300,"url":"https:\/\/www.uqac.ca\/uqactualites\/wp-content\/uploads\/2012\/05\/communiqu-.jpg","type":"image\/jpeg"}],"author":"Service des communications et des relations publiques","twitter_card":"summary_large_image","twitter_misc":{"\u00c9crit par":"Service des communications et des relations publiques","Estimation du temps de lecture":"1 minute"},"schema":{"@context":"https:\/\/schema.org","@graph":[{"@type":"WebPage","@id":"https:\/\/www.uqac.ca\/uqactualites\/2001\/02\/21\/dr-albert-jacquard-de-passage-a-luqac\/","url":"https:\/\/www.uqac.ca\/uqactualites\/2001\/02\/21\/dr-albert-jacquard-de-passage-a-luqac\/","name":"Dr. Albert Jacquard de passage \u00e0 l'UQAC - UQACtualit\u00e9s","isPartOf":{"@id":"https:\/\/www.uqac.ca\/uqactualites\/#website"},"primaryImageOfPage":{"@id":"https:\/\/www.uqac.ca\/uqactualites\/2001\/02\/21\/dr-albert-jacquard-de-passage-a-luqac\/#primaryimage"},"image":{"@id":"https:\/\/www.uqac.ca\/uqactualites\/2001\/02\/21\/dr-albert-jacquard-de-passage-a-luqac\/#primaryimage"},"thumbnailUrl":"https:\/\/www.uqac.ca\/uqactualites\/wp-content\/uploads\/2012\/05\/communiqu-.jpg","datePublished":"2001-02-21T13:52:19+00:00","dateModified":"2001-02-21T13:52:19+00:00","author":{"@id":"https:\/\/www.uqac.ca\/uqactualites\/#\/schema\/person\/366c45a0c4f0e677b41b4af5886e2018"},"breadcrumb":{"@id":"https:\/\/www.uqac.ca\/uqactualites\/2001\/02\/21\/dr-albert-jacquard-de-passage-a-luqac\/#breadcrumb"},"inLanguage":"fr-CA","potentialAction":[{"@type":"ReadAction","target":["https:\/\/www.uqac.ca\/uqactualites\/2001\/02\/21\/dr-albert-jacquard-de-passage-a-luqac\/"]}]},{"@type":"ImageObject","inLanguage":"fr-CA","@id":"https:\/\/www.uqac.ca\/uqactualites\/2001\/02\/21\/dr-albert-jacquard-de-passage-a-luqac\/#primaryimage","url":"https:\/\/www.uqac.ca\/uqactualites\/wp-content\/uploads\/2012\/05\/communiqu-.jpg","contentUrl":"https:\/\/www.uqac.ca\/uqactualites\/wp-content\/uploads\/2012\/05\/communiqu-.jpg","width":620,"height":300},{"@type":"BreadcrumbList","@id":"https:\/\/www.uqac.ca\/uqactualites\/2001\/02\/21\/dr-albert-jacquard-de-passage-a-luqac\/#breadcrumb","itemListElement":[{"@type":"ListItem","position":1,"name":"Home","item":"https:\/\/www.uqac.ca\/uqactualites\/"},{"@type":"ListItem","position":2,"name":"Dr. Albert Jacquard de passage \u00e0 l&rsquo;UQAC"}]},{"@type":"WebSite","@id":"https:\/\/www.uqac.ca\/uqactualites\/#website","url":"https:\/\/www.uqac.ca\/uqactualites\/","name":"UQACtualit\u00e9s","description":"Le portail des nouvelles de l&#039;UQAC","potentialAction":[{"@type":"SearchAction","target":{"@type":"EntryPoint","urlTemplate":"https:\/\/www.uqac.ca\/uqactualites\/?s={search_term_string}"},"query-input":{"@type":"PropertyValueSpecification","valueRequired":true,"valueName":"search_term_string"}}],"inLanguage":"fr-CA"},{"@type":"Person","@id":"https:\/\/www.uqac.ca\/uqactualites\/#\/schema\/person\/366c45a0c4f0e677b41b4af5886e2018","name":"Service des communications et des relations publiques","image":{"@type":"ImageObject","inLanguage":"fr-CA","@id":"https:\/\/www.uqac.ca\/uqactualites\/#\/schema\/person\/image\/","url":"https:\/\/secure.gravatar.com\/avatar\/20fbbda8a292f59f2d3461a5b999c00b?s=96&d=mm&r=g","contentUrl":"https:\/\/secure.gravatar.com\/avatar\/20fbbda8a292f59f2d3461a5b999c00b?s=96&d=mm&r=g","caption":"Service des communications et des relations publiques"},"url":"https:\/\/www.uqac.ca\/uqactualites\/author\/bap\/"}]}},"_links":{"self":[{"href":"https:\/\/www.uqac.ca\/uqactualites\/wp-json\/wp\/v2\/posts\/24977"}],"collection":[{"href":"https:\/\/www.uqac.ca\/uqactualites\/wp-json\/wp\/v2\/posts"}],"about":[{"href":"https:\/\/www.uqac.ca\/uqactualites\/wp-json\/wp\/v2\/types\/post"}],"author":[{"embeddable":true,"href":"https:\/\/www.uqac.ca\/uqactualites\/wp-json\/wp\/v2\/users\/5"}],"replies":[{"embeddable":true,"href":"https:\/\/www.uqac.ca\/uqactualites\/wp-json\/wp\/v2\/comments?post=24977"}],"version-history":[{"count":0,"href":"https:\/\/www.uqac.ca\/uqactualites\/wp-json\/wp\/v2\/posts\/24977\/revisions"}],"wp:featuredmedia":[{"embeddable":true,"href":"https:\/\/www.uqac.ca\/uqactualites\/wp-json\/wp\/v2\/media\/20745"}],"wp:attachment":[{"href":"https:\/\/www.uqac.ca\/uqactualites\/wp-json\/wp\/v2\/media?parent=24977"}],"wp:term":[{"taxonomy":"category","embeddable":true,"href":"https:\/\/www.uqac.ca\/uqactualites\/wp-json\/wp\/v2\/categories?post=24977"},{"taxonomy":"post_tag","embeddable":true,"href":"https:\/\/www.uqac.ca\/uqactualites\/wp-json\/wp\/v2\/tags?post=24977"}],"curies":[{"name":"wp","href":"https:\/\/api.w.org\/{rel}","templated":true}]}}