{"id":24992,"date":"2001-03-20T15:04:57","date_gmt":"2001-03-20T20:04:57","guid":{"rendered":"http:\/\/uqactualite.odev.ca\/?p=24992"},"modified":"2001-03-20T15:04:57","modified_gmt":"2001-03-20T20:04:57","slug":"contrat-de-performance-entre-le-ministere-de-leducation-et-luniversite-du-quebec-a-chicoutimi","status":"publish","type":"post","link":"https:\/\/www.uqac.ca\/uqactualites\/2001\/03\/20\/contrat-de-performance-entre-le-ministere-de-leducation-et-luniversite-du-quebec-a-chicoutimi\/","title":{"rendered":"Contrat de performance entre le minist\u00e8re de l&rsquo;\u00c9ducation et l&rsquo;Universit\u00e9 du Qu\u00e9bec \u00e0 Chicoutimi"},"content":{"rendered":"<p style=\"text-align: justify\"><b>QU\u00c9BEC INVESTIT 26,9 MILLIONS DE DOLLARS DE PLUS SUR TROIS ANS<\/b><\/p>\n<p style=\"text-align: justify\">\n<p style=\"text-align: justify\">Chicoutimi, le 20 mars 2001 &#8211; Le ministre d&rsquo;\u00e9tat \u00e0 l&rsquo;\u00c9ducation et \u00e0 la Jeunesse, M. Fran\u00e7ois Legault, le recteur de l&rsquo;Universit\u00e9 du Qu\u00e9bec \u00e0 Chicoutimi, M. Bernard Angers, et le pr\u00e9sident de l&rsquo;Universit\u00e9 du Qu\u00e9bec, M. Pierre Lucier, ont proc\u00e9d\u00e9 aujourd&rsquo;hui \u00e0 la signature du contrat de performance entre le minist\u00e8re de l&rsquo;\u00c9ducation et l&rsquo;Universit\u00e9 du Qu\u00e9bec \u00e0 Chicoutimi (UQAC) en pr\u00e9sence du ministre responsable de la r\u00e9gion du Saguenay-Lac-Saint-Jean et ministre des Ressources naturelles, M. Jacques Brassard et du d\u00e9put\u00e9 de Chicoutimi, M. St\u00e9phane B\u00e9dard. \u00c0 cette occasion, M. Legault a annonc\u00e9 que le Minist\u00e8re accordait 26,9 millions de dollars suppl\u00e9mentaires sur trois ans \u00e0 l&rsquo;Universit\u00e9 du Qu\u00e9bec \u00e0 Chicoutimi.<\/p>\n<p style=\"text-align: justify\">\n<p style=\"text-align: justify\">&raquo; Le contrat de performance, plus qu&rsquo;un moyen de suivi, se veut un instrument moderne de dialogue continu et de partenariat qui engage l&rsquo;Universit\u00e9 du Qu\u00e9bec \u00e0 Chicoutimi et le Minist\u00e8re dans le d\u00e9veloppement de l&rsquo;enseignement sup\u00e9rieur &laquo;, a d\u00e9clar\u00e9 le ministre.<\/p>\n<p style=\"text-align: justify\">\n<p style=\"text-align: justify\">Cette entente sur le d\u00e9veloppement de l&rsquo;Universit\u00e9 du Qu\u00e9bec \u00e0 Chicoutimi comporte un ensemble de mesures qui visent l&rsquo;atteinte d&rsquo;objectifs en mati\u00e8re de r\u00e9ussite des \u00e9tudiantes et des \u00e9tudiants, d&rsquo;offre de formation, de renouvellement du corps professoral, de recherche scientifique et d&rsquo;affectation strat\u00e9gique des ressources humaines et financi\u00e8res.<\/p>\n<p style=\"text-align: justify\">\n<p style=\"text-align: justify\">Le Minist\u00e8re soutiendra l&rsquo;Universit\u00e9 dans la r\u00e9alisation de ses engagements. Son appui se traduira par un r\u00e9investissement de plus de 26,9 millions de dollars sur trois ans. L&rsquo;investissement r\u00e9current est de plus de 10,5 millions \u00e0 compter de 2002-2003, soit une augmentation de plus de 35 p. 100.<\/p>\n<p style=\"text-align: justify\">\n<p style=\"text-align: justify\"><b>Soutien aux \u00e9tudiantes et aux \u00e9tudiants<\/b><\/p>\n<p style=\"text-align: justify\">\n<p style=\"text-align: justify\">L&rsquo;UQAC adoptera de nouvelles strat\u00e9gies en premi\u00e8re ann\u00e9e, surtout au premier trimestre, en vue de favoriser la r\u00e9ussite des \u00e9tudiantes et des \u00e9tudiants. Elles comprendront, entre autres, la mise en place d&rsquo;un programme de tutorat par cohorte, le recrutement, la formation et la supervision de monitrices et de moniteurs s\u00e9lectionn\u00e9s parmi les \u00e9tudiantes et \u00e9tudiants de ma\u00eetrise ou les sortantes et sortants du m\u00eame domaine d&rsquo;\u00e9tudes, le d\u00e9pistage des abandons potentiels et la pr\u00e9vention.<\/p>\n<p style=\"text-align: justify\">\n<p style=\"text-align: justify\">Afin de rencontrer son objectif d&rsquo;offrir 60 p. 100 des activit\u00e9s par des professeurs et des professeures, l&rsquo;UQAC devrait proc\u00e9der \u00e0 l&#8217;embauche de 9 nouveaux professeurs dans les prochaines ann\u00e9es.<\/p>\n<p style=\"text-align: justify\">\n<p style=\"text-align: justify\">De plus, l&rsquo;UQAC fera en sorte qu&rsquo;aucun de ses secteurs de formation ne pr\u00e9sente un taux de diplomation inf\u00e9rieur \u00e0 70 p. 100 en ce qui concerne l&rsquo;effectif r\u00e9gulier \u00e0 temps plein au baccalaur\u00e9at et que le taux moyen se situe \u00e0 80 p. 100 en 2010. Actuellement de 63,4 p. 100, l&rsquo;Universit\u00e9 vise un taux de 72 p. 100 en 2003-2004 et de 76 p. 100 en 2005-2006.<\/p>\n<p style=\"text-align: justify\">\n<p style=\"text-align: justify\"><b>Offre de formation<\/b><\/p>\n<p style=\"text-align: justify\">\n<p style=\"text-align: justify\">On constate que l&rsquo;effectif \u00e9tudiant de l&rsquo;UQAC diminue rapidement. Pr\u00e9cisons que, dans la r\u00e9gion, la population \u00e2g\u00e9e de 20 \u00e0 24 ans a d\u00e9cru de pr\u00e8s de 16 p. 100 en l&rsquo;espace de 13 ans. Pour faire face \u00e0 cette situation, et pour continuer d&rsquo;offrir un service diversifi\u00e9 \u00e0 la population, l&rsquo;UQAC a opt\u00e9 pour la flexibilit\u00e9 dans sa programmation. Ainsi, elle transforme ses programmes sp\u00e9cialis\u00e9s en programmes avec majeure et mineure et instaure des blocs de cours hors programmes de m\u00eame que des cours qui sont partag\u00e9s par plusieurs programmes.<\/p>\n<p style=\"text-align: justify\">\n<p style=\"text-align: justify\"><b>Une universit\u00e9 efficiente<\/b><\/p>\n<p style=\"text-align: justify\">\n<p style=\"text-align: justify\">Pour l&rsquo;UQAC, relever les nombreux d\u00e9fis qui se pr\u00e9sentent \u00e0 elle exigera plus d&rsquo;efficience. Aussi s&rsquo;est-elle donn\u00e9 comme r\u00e8gle que tous ses programmes de baccalaur\u00e9at comprennent un minimum de 15 unit\u00e9s de cours hors du champ disciplinaire principal. De plus, elle compte porter \u00e0 27 en 2002-2003 le taux d&rsquo;\u00e9tudiantes et d&rsquo;\u00e9tudiants par cours, de 25,3 qu&rsquo;il \u00e9tait en 1999-2000. Elle entend \u00e9galement r\u00e9duire de 6 p. 100 sa banque de cours d&rsquo;ici \u00e0 2003, soit de 78 cours sur 1297.<\/p>\n<p style=\"text-align: justify\">\n<p style=\"text-align: justify\">Concernant la recherche scientifique, l&rsquo;UQAC, avec ses 89 357 $ en octrois de recherche par professeur-chercheur subventionn\u00e9, atteint d\u00e9j\u00e0 un r\u00e9sultat remarquable, compte tenu de sa taille et de sa vocation. Elle vise n\u00e9anmoins une augmentation de 350 000 $ par ann\u00e9e des octrois de recherche d&rsquo;ici 2003. Ceux-ci devraient alors d\u00e9passer 10 000 000 $.<\/p>\n<p style=\"text-align: justify\">\n<p style=\"text-align: justify\"><b>Des mesures appropri\u00e9es<\/b><\/p>\n<p style=\"text-align: justify\">\n<p style=\"text-align: justify\">Le contrat de performance est un moyen pour le gouvernement de s&rsquo;associer aux plans de d\u00e9veloppement des universit\u00e9s. C&rsquo;est \u00e9galement un outil qui permet un suivi rigoureux des engagements convenus.<\/p>\n<p style=\"text-align: justify\">\n<p style=\"text-align: justify\">&raquo; Par ce contrat de performance, l&rsquo;Universit\u00e9 du Qu\u00e9bec \u00e0 Chicoutimi participe au mouvement de mobilisation et de responsabilisation des universit\u00e9s qu\u00e9b\u00e9coises en se fixant des objectifs de r\u00e9ussite ambitieux et en d\u00e9terminant des moyens efficaces pour les atteindre &laquo;, a indiqu\u00e9 M. Legault.<\/p>\n<p style=\"text-align: justify\">\n<p style=\"text-align: justify\">Le contrat de performance conclu avec l&rsquo;Universit\u00e9 du Qu\u00e9bec \u00e0 Chicoutimi d\u00e9coule des orientations de la Politique qu\u00e9b\u00e9coise \u00e0 l&rsquo;\u00e9gard des universit\u00e9s rendue publique en f\u00e9vrier 2000 et de la Politique qu\u00e9b\u00e9coise de financement des universit\u00e9s pr\u00e9sent\u00e9e le 1er d\u00e9cembre dernier.<\/p>\n<p style=\"text-align: justify\">\n<p style=\"text-align: justify\">Le ministre a rappel\u00e9 l&rsquo;annonce d&rsquo;un r\u00e9investissement de 1 milliard de dollars en \u00e9ducation faite par le gouvernement dans la foul\u00e9e des consensus du Sommet du Qu\u00e9bec et de la jeunesse, dont 600 millions pour les universit\u00e9s. \u00c0 compter de 2002-2003, c&rsquo;est un montant r\u00e9current additionnel de 300 millions de dollars qui sera partag\u00e9 entre les universit\u00e9s.<\/p>\n<p style=\"text-align: justify\">\n<p style=\"text-align: justify\">&raquo; La mise en \u0153uvre de la Politique qu\u00e9b\u00e9coise de financement des universit\u00e9s, la formule d&rsquo;allocation des ressources financi\u00e8res que cette politique \u00e9tablit et la conclusion du contrat de performance constituent des changements profonds et porteurs dans les relations qu&rsquo;entretiennent le minist\u00e8re de l&rsquo;\u00c9ducation et les universit\u00e9s &laquo;, a conclu le ministre.<\/p>\n<p style=\"text-align: justify\">\n<p>&#8211; 30 &#8211;<\/p>\n<p style=\"text-align: justify\">\n<p style=\"text-align: justify\"><strong>Source :<\/strong><br \/>\nDirection des communications<\/p>\n<p style=\"text-align: justify\">\n<p style=\"text-align: justify\"><b>Pour renseignements :<\/b><br \/>\nRen\u00e9e-Claude Boivin<br \/>\nAttach\u00e9e de presse du ministre d&rsquo;\u00e9tat \u00e0 l&rsquo;\u00c9ducation et \u00e0 la Jeunesse<br \/>\nT\u00e9l\u00e9phone : 418 644-0664<\/p>\n<p style=\"text-align: justify\">\n","protected":false},"excerpt":{"rendered":"<p>QU\u00c9BEC INVESTIT 26,9 MILLIONS DE DOLLARS DE PLUS SUR TROIS ANS Chicoutimi, le 20 mars 2001 &#8211; Le ministre d&rsquo;\u00e9tat \u00e0 l&rsquo;\u00c9ducation et \u00e0 la Jeunesse, M. Fran\u00e7ois Legault, le recteur de l&rsquo;Universit\u00e9 du Qu\u00e9bec \u00e0 Chicoutimi, M. Bernard Angers, et le pr\u00e9sident de l&rsquo;Universit\u00e9 du Qu\u00e9bec, M. Pierre Lucier, ont proc\u00e9d\u00e9 aujourd&rsquo;hui \u00e0 la [&hellip;]<\/p>\n","protected":false},"author":5,"featured_media":20745,"comment_status":"open","ping_status":"open","sticky":false,"template":"","format":"standard","meta":{"footnotes":""},"categories":[2772],"tags":[],"yoast_head":"<!-- This site is optimized with the Yoast SEO plugin v24.2 - https:\/\/yoast.com\/wordpress\/plugins\/seo\/ -->\r\n<title>Contrat de performance entre le minist\u00e8re de l&#039;\u00c9ducation et l&#039;Universit\u00e9 du Qu\u00e9bec \u00e0 Chicoutimi - UQACtualit\u00e9s<\/title>\r\n<meta name=\"robots\" content=\"index, follow, max-snippet:-1, max-image-preview:large, max-video-preview:-1\" \/>\r\n<link rel=\"canonical\" href=\"https:\/\/www.uqac.ca\/uqactualites\/2001\/03\/20\/contrat-de-performance-entre-le-ministere-de-leducation-et-luniversite-du-quebec-a-chicoutimi\/\" \/>\r\n<meta property=\"og:locale\" content=\"fr_CA\" \/>\r\n<meta property=\"og:type\" content=\"article\" \/>\r\n<meta property=\"og:title\" content=\"Contrat de performance entre le minist\u00e8re de l&#039;\u00c9ducation et l&#039;Universit\u00e9 du Qu\u00e9bec \u00e0 Chicoutimi - UQACtualit\u00e9s\" \/>\r\n<meta property=\"og:description\" content=\"QU\u00c9BEC INVESTIT 26,9 MILLIONS DE DOLLARS DE PLUS SUR TROIS ANS Chicoutimi, le 20 mars 2001 &#8211; Le ministre d&rsquo;\u00e9tat \u00e0 l&rsquo;\u00c9ducation et \u00e0 la Jeunesse, M. Fran\u00e7ois Legault, le recteur de l&rsquo;Universit\u00e9 du Qu\u00e9bec \u00e0 Chicoutimi, M. Bernard Angers, et le pr\u00e9sident de l&rsquo;Universit\u00e9 du Qu\u00e9bec, M. Pierre Lucier, ont proc\u00e9d\u00e9 aujourd&rsquo;hui \u00e0 la [&hellip;]\" \/>\r\n<meta property=\"og:url\" content=\"https:\/\/www.uqac.ca\/uqactualites\/2001\/03\/20\/contrat-de-performance-entre-le-ministere-de-leducation-et-luniversite-du-quebec-a-chicoutimi\/\" \/>\r\n<meta property=\"og:site_name\" content=\"UQACtualit\u00e9s\" \/>\r\n<meta property=\"article:published_time\" content=\"2001-03-20T20:04:57+00:00\" \/>\r\n<meta property=\"og:image\" content=\"https:\/\/www.uqac.ca\/uqactualites\/wp-content\/uploads\/2012\/05\/communiqu-.jpg\" \/>\r\n\t<meta property=\"og:image:width\" content=\"620\" \/>\r\n\t<meta property=\"og:image:height\" content=\"300\" \/>\r\n\t<meta property=\"og:image:type\" content=\"image\/jpeg\" \/>\r\n<meta name=\"author\" content=\"Service des communications et des relations publiques\" \/>\r\n<meta name=\"twitter:card\" content=\"summary_large_image\" \/>\r\n<meta name=\"twitter:label1\" content=\"\u00c9crit par\" \/>\n\t<meta name=\"twitter:data1\" content=\"Service des communications et des relations publiques\" \/>\n\t<meta name=\"twitter:label2\" content=\"Estimation du temps de lecture\" \/>\n\t<meta name=\"twitter:data2\" content=\"5 minutes\" \/>\r\n<script type=\"application\/ld+json\" class=\"yoast-schema-graph\">{\"@context\":\"https:\/\/schema.org\",\"@graph\":[{\"@type\":\"WebPage\",\"@id\":\"https:\/\/www.uqac.ca\/uqactualites\/2001\/03\/20\/contrat-de-performance-entre-le-ministere-de-leducation-et-luniversite-du-quebec-a-chicoutimi\/\",\"url\":\"https:\/\/www.uqac.ca\/uqactualites\/2001\/03\/20\/contrat-de-performance-entre-le-ministere-de-leducation-et-luniversite-du-quebec-a-chicoutimi\/\",\"name\":\"Contrat de performance entre le minist\u00e8re de l'\u00c9ducation et l'Universit\u00e9 du Qu\u00e9bec \u00e0 Chicoutimi - UQACtualit\u00e9s\",\"isPartOf\":{\"@id\":\"https:\/\/www.uqac.ca\/uqactualites\/#website\"},\"primaryImageOfPage\":{\"@id\":\"https:\/\/www.uqac.ca\/uqactualites\/2001\/03\/20\/contrat-de-performance-entre-le-ministere-de-leducation-et-luniversite-du-quebec-a-chicoutimi\/#primaryimage\"},\"image\":{\"@id\":\"https:\/\/www.uqac.ca\/uqactualites\/2001\/03\/20\/contrat-de-performance-entre-le-ministere-de-leducation-et-luniversite-du-quebec-a-chicoutimi\/#primaryimage\"},\"thumbnailUrl\":\"https:\/\/www.uqac.ca\/uqactualites\/wp-content\/uploads\/2012\/05\/communiqu-.jpg\",\"datePublished\":\"2001-03-20T20:04:57+00:00\",\"dateModified\":\"2001-03-20T20:04:57+00:00\",\"author\":{\"@id\":\"https:\/\/www.uqac.ca\/uqactualites\/#\/schema\/person\/366c45a0c4f0e677b41b4af5886e2018\"},\"breadcrumb\":{\"@id\":\"https:\/\/www.uqac.ca\/uqactualites\/2001\/03\/20\/contrat-de-performance-entre-le-ministere-de-leducation-et-luniversite-du-quebec-a-chicoutimi\/#breadcrumb\"},\"inLanguage\":\"fr-CA\",\"potentialAction\":[{\"@type\":\"ReadAction\",\"target\":[\"https:\/\/www.uqac.ca\/uqactualites\/2001\/03\/20\/contrat-de-performance-entre-le-ministere-de-leducation-et-luniversite-du-quebec-a-chicoutimi\/\"]}]},{\"@type\":\"ImageObject\",\"inLanguage\":\"fr-CA\",\"@id\":\"https:\/\/www.uqac.ca\/uqactualites\/2001\/03\/20\/contrat-de-performance-entre-le-ministere-de-leducation-et-luniversite-du-quebec-a-chicoutimi\/#primaryimage\",\"url\":\"https:\/\/www.uqac.ca\/uqactualites\/wp-content\/uploads\/2012\/05\/communiqu-.jpg\",\"contentUrl\":\"https:\/\/www.uqac.ca\/uqactualites\/wp-content\/uploads\/2012\/05\/communiqu-.jpg\",\"width\":620,\"height\":300},{\"@type\":\"BreadcrumbList\",\"@id\":\"https:\/\/www.uqac.ca\/uqactualites\/2001\/03\/20\/contrat-de-performance-entre-le-ministere-de-leducation-et-luniversite-du-quebec-a-chicoutimi\/#breadcrumb\",\"itemListElement\":[{\"@type\":\"ListItem\",\"position\":1,\"name\":\"Home\",\"item\":\"https:\/\/www.uqac.ca\/uqactualites\/\"},{\"@type\":\"ListItem\",\"position\":2,\"name\":\"Contrat de performance entre le minist\u00e8re de l&rsquo;\u00c9ducation et l&rsquo;Universit\u00e9 du Qu\u00e9bec \u00e0 Chicoutimi\"}]},{\"@type\":\"WebSite\",\"@id\":\"https:\/\/www.uqac.ca\/uqactualites\/#website\",\"url\":\"https:\/\/www.uqac.ca\/uqactualites\/\",\"name\":\"UQACtualit\u00e9s\",\"description\":\"Le portail des nouvelles de l&#039;UQAC\",\"potentialAction\":[{\"@type\":\"SearchAction\",\"target\":{\"@type\":\"EntryPoint\",\"urlTemplate\":\"https:\/\/www.uqac.ca\/uqactualites\/?s={search_term_string}\"},\"query-input\":{\"@type\":\"PropertyValueSpecification\",\"valueRequired\":true,\"valueName\":\"search_term_string\"}}],\"inLanguage\":\"fr-CA\"},{\"@type\":\"Person\",\"@id\":\"https:\/\/www.uqac.ca\/uqactualites\/#\/schema\/person\/366c45a0c4f0e677b41b4af5886e2018\",\"name\":\"Service des communications et des relations publiques\",\"image\":{\"@type\":\"ImageObject\",\"inLanguage\":\"fr-CA\",\"@id\":\"https:\/\/www.uqac.ca\/uqactualites\/#\/schema\/person\/image\/\",\"url\":\"https:\/\/secure.gravatar.com\/avatar\/20fbbda8a292f59f2d3461a5b999c00b?s=96&d=mm&r=g\",\"contentUrl\":\"https:\/\/secure.gravatar.com\/avatar\/20fbbda8a292f59f2d3461a5b999c00b?s=96&d=mm&r=g\",\"caption\":\"Service des communications et des relations publiques\"},\"url\":\"https:\/\/www.uqac.ca\/uqactualites\/author\/bap\/\"}]}<\/script>\r\n<!-- \/ Yoast SEO plugin. -->","yoast_head_json":{"title":"Contrat de performance entre le minist\u00e8re de l'\u00c9ducation et l'Universit\u00e9 du Qu\u00e9bec \u00e0 Chicoutimi - UQACtualit\u00e9s","robots":{"index":"index","follow":"follow","max-snippet":"max-snippet:-1","max-image-preview":"max-image-preview:large","max-video-preview":"max-video-preview:-1"},"canonical":"https:\/\/www.uqac.ca\/uqactualites\/2001\/03\/20\/contrat-de-performance-entre-le-ministere-de-leducation-et-luniversite-du-quebec-a-chicoutimi\/","og_locale":"fr_CA","og_type":"article","og_title":"Contrat de performance entre le minist\u00e8re de l'\u00c9ducation et l'Universit\u00e9 du Qu\u00e9bec \u00e0 Chicoutimi - UQACtualit\u00e9s","og_description":"QU\u00c9BEC INVESTIT 26,9 MILLIONS DE DOLLARS DE PLUS SUR TROIS ANS Chicoutimi, le 20 mars 2001 &#8211; Le ministre d&rsquo;\u00e9tat \u00e0 l&rsquo;\u00c9ducation et \u00e0 la Jeunesse, M. Fran\u00e7ois Legault, le recteur de l&rsquo;Universit\u00e9 du Qu\u00e9bec \u00e0 Chicoutimi, M. Bernard Angers, et le pr\u00e9sident de l&rsquo;Universit\u00e9 du Qu\u00e9bec, M. Pierre Lucier, ont proc\u00e9d\u00e9 aujourd&rsquo;hui \u00e0 la [&hellip;]","og_url":"https:\/\/www.uqac.ca\/uqactualites\/2001\/03\/20\/contrat-de-performance-entre-le-ministere-de-leducation-et-luniversite-du-quebec-a-chicoutimi\/","og_site_name":"UQACtualit\u00e9s","article_published_time":"2001-03-20T20:04:57+00:00","og_image":[{"width":620,"height":300,"url":"https:\/\/www.uqac.ca\/uqactualites\/wp-content\/uploads\/2012\/05\/communiqu-.jpg","type":"image\/jpeg"}],"author":"Service des communications et des relations publiques","twitter_card":"summary_large_image","twitter_misc":{"\u00c9crit par":"Service des communications et des relations publiques","Estimation du temps de lecture":"5 minutes"},"schema":{"@context":"https:\/\/schema.org","@graph":[{"@type":"WebPage","@id":"https:\/\/www.uqac.ca\/uqactualites\/2001\/03\/20\/contrat-de-performance-entre-le-ministere-de-leducation-et-luniversite-du-quebec-a-chicoutimi\/","url":"https:\/\/www.uqac.ca\/uqactualites\/2001\/03\/20\/contrat-de-performance-entre-le-ministere-de-leducation-et-luniversite-du-quebec-a-chicoutimi\/","name":"Contrat de performance entre le minist\u00e8re de l'\u00c9ducation et l'Universit\u00e9 du Qu\u00e9bec \u00e0 Chicoutimi - UQACtualit\u00e9s","isPartOf":{"@id":"https:\/\/www.uqac.ca\/uqactualites\/#website"},"primaryImageOfPage":{"@id":"https:\/\/www.uqac.ca\/uqactualites\/2001\/03\/20\/contrat-de-performance-entre-le-ministere-de-leducation-et-luniversite-du-quebec-a-chicoutimi\/#primaryimage"},"image":{"@id":"https:\/\/www.uqac.ca\/uqactualites\/2001\/03\/20\/contrat-de-performance-entre-le-ministere-de-leducation-et-luniversite-du-quebec-a-chicoutimi\/#primaryimage"},"thumbnailUrl":"https:\/\/www.uqac.ca\/uqactualites\/wp-content\/uploads\/2012\/05\/communiqu-.jpg","datePublished":"2001-03-20T20:04:57+00:00","dateModified":"2001-03-20T20:04:57+00:00","author":{"@id":"https:\/\/www.uqac.ca\/uqactualites\/#\/schema\/person\/366c45a0c4f0e677b41b4af5886e2018"},"breadcrumb":{"@id":"https:\/\/www.uqac.ca\/uqactualites\/2001\/03\/20\/contrat-de-performance-entre-le-ministere-de-leducation-et-luniversite-du-quebec-a-chicoutimi\/#breadcrumb"},"inLanguage":"fr-CA","potentialAction":[{"@type":"ReadAction","target":["https:\/\/www.uqac.ca\/uqactualites\/2001\/03\/20\/contrat-de-performance-entre-le-ministere-de-leducation-et-luniversite-du-quebec-a-chicoutimi\/"]}]},{"@type":"ImageObject","inLanguage":"fr-CA","@id":"https:\/\/www.uqac.ca\/uqactualites\/2001\/03\/20\/contrat-de-performance-entre-le-ministere-de-leducation-et-luniversite-du-quebec-a-chicoutimi\/#primaryimage","url":"https:\/\/www.uqac.ca\/uqactualites\/wp-content\/uploads\/2012\/05\/communiqu-.jpg","contentUrl":"https:\/\/www.uqac.ca\/uqactualites\/wp-content\/uploads\/2012\/05\/communiqu-.jpg","width":620,"height":300},{"@type":"BreadcrumbList","@id":"https:\/\/www.uqac.ca\/uqactualites\/2001\/03\/20\/contrat-de-performance-entre-le-ministere-de-leducation-et-luniversite-du-quebec-a-chicoutimi\/#breadcrumb","itemListElement":[{"@type":"ListItem","position":1,"name":"Home","item":"https:\/\/www.uqac.ca\/uqactualites\/"},{"@type":"ListItem","position":2,"name":"Contrat de performance entre le minist\u00e8re de l&rsquo;\u00c9ducation et l&rsquo;Universit\u00e9 du Qu\u00e9bec \u00e0 Chicoutimi"}]},{"@type":"WebSite","@id":"https:\/\/www.uqac.ca\/uqactualites\/#website","url":"https:\/\/www.uqac.ca\/uqactualites\/","name":"UQACtualit\u00e9s","description":"Le portail des nouvelles de l&#039;UQAC","potentialAction":[{"@type":"SearchAction","target":{"@type":"EntryPoint","urlTemplate":"https:\/\/www.uqac.ca\/uqactualites\/?s={search_term_string}"},"query-input":{"@type":"PropertyValueSpecification","valueRequired":true,"valueName":"search_term_string"}}],"inLanguage":"fr-CA"},{"@type":"Person","@id":"https:\/\/www.uqac.ca\/uqactualites\/#\/schema\/person\/366c45a0c4f0e677b41b4af5886e2018","name":"Service des communications et des relations publiques","image":{"@type":"ImageObject","inLanguage":"fr-CA","@id":"https:\/\/www.uqac.ca\/uqactualites\/#\/schema\/person\/image\/","url":"https:\/\/secure.gravatar.com\/avatar\/20fbbda8a292f59f2d3461a5b999c00b?s=96&d=mm&r=g","contentUrl":"https:\/\/secure.gravatar.com\/avatar\/20fbbda8a292f59f2d3461a5b999c00b?s=96&d=mm&r=g","caption":"Service des communications et des relations publiques"},"url":"https:\/\/www.uqac.ca\/uqactualites\/author\/bap\/"}]}},"_links":{"self":[{"href":"https:\/\/www.uqac.ca\/uqactualites\/wp-json\/wp\/v2\/posts\/24992"}],"collection":[{"href":"https:\/\/www.uqac.ca\/uqactualites\/wp-json\/wp\/v2\/posts"}],"about":[{"href":"https:\/\/www.uqac.ca\/uqactualites\/wp-json\/wp\/v2\/types\/post"}],"author":[{"embeddable":true,"href":"https:\/\/www.uqac.ca\/uqactualites\/wp-json\/wp\/v2\/users\/5"}],"replies":[{"embeddable":true,"href":"https:\/\/www.uqac.ca\/uqactualites\/wp-json\/wp\/v2\/comments?post=24992"}],"version-history":[{"count":0,"href":"https:\/\/www.uqac.ca\/uqactualites\/wp-json\/wp\/v2\/posts\/24992\/revisions"}],"wp:featuredmedia":[{"embeddable":true,"href":"https:\/\/www.uqac.ca\/uqactualites\/wp-json\/wp\/v2\/media\/20745"}],"wp:attachment":[{"href":"https:\/\/www.uqac.ca\/uqactualites\/wp-json\/wp\/v2\/media?parent=24992"}],"wp:term":[{"taxonomy":"category","embeddable":true,"href":"https:\/\/www.uqac.ca\/uqactualites\/wp-json\/wp\/v2\/categories?post=24992"},{"taxonomy":"post_tag","embeddable":true,"href":"https:\/\/www.uqac.ca\/uqactualites\/wp-json\/wp\/v2\/tags?post=24992"}],"curies":[{"name":"wp","href":"https:\/\/api.w.org\/{rel}","templated":true}]}}