{"id":25019,"date":"2001-04-26T15:32:07","date_gmt":"2001-04-26T19:32:07","guid":{"rendered":"http:\/\/uqactualite.odev.ca\/?p=25019"},"modified":"2001-04-26T15:32:07","modified_gmt":"2001-04-26T19:32:07","slug":"remise-de-la-medaille-de-luqac-a-m-jean-marc-dion","status":"publish","type":"post","link":"https:\/\/www.uqac.ca\/uqactualites\/2001\/04\/26\/remise-de-la-medaille-de-luqac-a-m-jean-marc-dion\/","title":{"rendered":"Remise de la m\u00e9daille de l&rsquo;UQAC \u00e0 M. Jean-Marc Dion"},"content":{"rendered":"<p style=\"text-align: justify\"><b>Chicoutimi, le 26 avril 2001 &#8211; <\/b>L&rsquo;Universit\u00e9 du Qu\u00e9bec \u00e0 Chicoutimi a remis avec fiert\u00e9 la m\u00e9daille de l&rsquo;UQAC \u00e0 monsieur Jean-Marc Dion \u00e0 l&rsquo;occasion d&rsquo;une c\u00e9r\u00e9monie protocolaire tenue aujourd&rsquo;hui \u00e0 la Salle de spectacle de Sept-\u00celes.<\/p>\n<p style=\"text-align: justify\">L&rsquo;UQAC tient \u00e0 reconna\u00eetre \u00e0 M. Jean-Marc Dion sa riche et g\u00e9n\u00e9reuse carri\u00e8re d&rsquo;enseignant et d&rsquo;administrateur scolaire, tant ici au Qu\u00e9bec qu&rsquo;en Ha\u00efti et au Japon, ainsi que les nombreuses initiatives qu&rsquo;il a entam\u00e9es pour assurer le d\u00e9veloppement industriel, commercial et culturel de la C\u00f4te-Nord, en particulier la part \u00e9minente qu&rsquo;il a prise dans l&rsquo;\u00e9tablissement \u00e0 Sept-\u00celes de l&rsquo;aluminerie Alouette, manifestant ainsi son attachement inconditionnel \u00e0 son milieu. L&rsquo;UQAC reconna\u00eet aussi le temps et l&rsquo;\u00e9nergie qu&rsquo;il a consacr\u00e9s au service de ses concitoyens et la contribution \u00e9minente qu&rsquo;il a apport\u00e9e au milieu de l&rsquo;\u00e9ducation et des affaires municipales, \u00e0 la fois comme maire de sa ville, membre du Conseil d&rsquo;administration de l&rsquo;Union des municipalit\u00e9s du Qu\u00e9bec et pr\u00e9fet de la Municipalit\u00e9 r\u00e9gionale de comt\u00e9 des Sept Rivi\u00e8res.<\/p>\n<p style=\"text-align: justify\">Apr\u00e8s le doctorat &raquo; honoris causa &laquo;, La M\u00e9daille de l&rsquo;Universit\u00e9 du Qu\u00e9bec \u00e0 Chicoutimi est l&rsquo;honneur le plus important que l&rsquo;Universit\u00e9 puisse conf\u00e9rer. Cette distinction est d\u00e9cern\u00e9e soit:<\/p>\n<ul style=\"text-align: justify\">\n<li>en reconnaissance du m\u00e9rite significatif ou d&rsquo;une contribution remarquable au progr\u00e8s et au d\u00e9veloppement de la vie de la communaut\u00e9 universitaire;<\/li>\n<li>pour l&rsquo;atteinte d&rsquo;un haut degr\u00e9 de r\u00e9alisation professionnelle contribuant ainsi au d\u00e9veloppement de l&rsquo;un ou l&rsquo;autre des domaines li\u00e9s aux missions universitaires;<\/li>\n<li>pour la contribution exceptionnelle au d\u00e9veloppement social, \u00e9conomique ou culturel de la r\u00e9gion.<\/li>\n<\/ul>\n<p>-30-<\/p>\n<p style=\"text-align: justify\">Source:<\/p>\n<p style=\"text-align: justify\">Denis Claveau, agent d&rsquo;information<br \/>\nt\u00e9l\u00e9phone: (418) 545-5011, poste 2350<br \/>\nt\u00e9l\u00e9copieur : (418) 545-5012<br \/>\n<a href=\"mailto:dclaveau@uqac.uquebec.ca%20\">dclaveau@uqac.uquebec.ca <\/a><\/p>\n","protected":false},"excerpt":{"rendered":"<p>Chicoutimi, le 26 avril 2001 &#8211; L&rsquo;Universit\u00e9 du Qu\u00e9bec \u00e0 Chicoutimi a remis avec fiert\u00e9 la m\u00e9daille de l&rsquo;UQAC \u00e0 monsieur Jean-Marc Dion \u00e0 l&rsquo;occasion d&rsquo;une c\u00e9r\u00e9monie protocolaire tenue aujourd&rsquo;hui \u00e0 la Salle de spectacle de Sept-\u00celes. L&rsquo;UQAC tient \u00e0 reconna\u00eetre \u00e0 M. Jean-Marc Dion sa riche et g\u00e9n\u00e9reuse carri\u00e8re d&rsquo;enseignant et d&rsquo;administrateur scolaire, tant [&hellip;]<\/p>\n","protected":false},"author":5,"featured_media":20745,"comment_status":"open","ping_status":"open","sticky":false,"template":"","format":"standard","meta":{"footnotes":""},"categories":[2772],"tags":[],"yoast_head":"<!-- This site is optimized with the Yoast SEO plugin v24.2 - https:\/\/yoast.com\/wordpress\/plugins\/seo\/ -->\r\n<title>Remise de la m\u00e9daille de l&#039;UQAC \u00e0 M. Jean-Marc Dion - UQACtualit\u00e9s<\/title>\r\n<meta name=\"robots\" content=\"index, follow, max-snippet:-1, max-image-preview:large, max-video-preview:-1\" \/>\r\n<link rel=\"canonical\" href=\"https:\/\/www.uqac.ca\/uqactualites\/2001\/04\/26\/remise-de-la-medaille-de-luqac-a-m-jean-marc-dion\/\" \/>\r\n<meta property=\"og:locale\" content=\"fr_CA\" \/>\r\n<meta property=\"og:type\" content=\"article\" \/>\r\n<meta property=\"og:title\" content=\"Remise de la m\u00e9daille de l&#039;UQAC \u00e0 M. Jean-Marc Dion - UQACtualit\u00e9s\" \/>\r\n<meta property=\"og:description\" content=\"Chicoutimi, le 26 avril 2001 &#8211; L&rsquo;Universit\u00e9 du Qu\u00e9bec \u00e0 Chicoutimi a remis avec fiert\u00e9 la m\u00e9daille de l&rsquo;UQAC \u00e0 monsieur Jean-Marc Dion \u00e0 l&rsquo;occasion d&rsquo;une c\u00e9r\u00e9monie protocolaire tenue aujourd&rsquo;hui \u00e0 la Salle de spectacle de Sept-\u00celes. L&rsquo;UQAC tient \u00e0 reconna\u00eetre \u00e0 M. Jean-Marc Dion sa riche et g\u00e9n\u00e9reuse carri\u00e8re d&rsquo;enseignant et d&rsquo;administrateur scolaire, tant [&hellip;]\" \/>\r\n<meta property=\"og:url\" content=\"https:\/\/www.uqac.ca\/uqactualites\/2001\/04\/26\/remise-de-la-medaille-de-luqac-a-m-jean-marc-dion\/\" \/>\r\n<meta property=\"og:site_name\" content=\"UQACtualit\u00e9s\" \/>\r\n<meta property=\"article:published_time\" content=\"2001-04-26T19:32:07+00:00\" \/>\r\n<meta property=\"og:image\" content=\"https:\/\/www.uqac.ca\/uqactualites\/wp-content\/uploads\/2012\/05\/communiqu-.jpg\" \/>\r\n\t<meta property=\"og:image:width\" content=\"620\" \/>\r\n\t<meta property=\"og:image:height\" content=\"300\" \/>\r\n\t<meta property=\"og:image:type\" content=\"image\/jpeg\" \/>\r\n<meta name=\"author\" content=\"Service des communications et des relations publiques\" \/>\r\n<meta name=\"twitter:card\" content=\"summary_large_image\" \/>\r\n<meta name=\"twitter:label1\" content=\"\u00c9crit par\" \/>\n\t<meta name=\"twitter:data1\" content=\"Service des communications et des relations publiques\" \/>\n\t<meta name=\"twitter:label2\" content=\"Estimation du temps de lecture\" \/>\n\t<meta name=\"twitter:data2\" content=\"1 minute\" \/>\r\n<script type=\"application\/ld+json\" class=\"yoast-schema-graph\">{\"@context\":\"https:\/\/schema.org\",\"@graph\":[{\"@type\":\"WebPage\",\"@id\":\"https:\/\/www.uqac.ca\/uqactualites\/2001\/04\/26\/remise-de-la-medaille-de-luqac-a-m-jean-marc-dion\/\",\"url\":\"https:\/\/www.uqac.ca\/uqactualites\/2001\/04\/26\/remise-de-la-medaille-de-luqac-a-m-jean-marc-dion\/\",\"name\":\"Remise de la m\u00e9daille de l'UQAC \u00e0 M. Jean-Marc Dion - UQACtualit\u00e9s\",\"isPartOf\":{\"@id\":\"https:\/\/www.uqac.ca\/uqactualites\/#website\"},\"primaryImageOfPage\":{\"@id\":\"https:\/\/www.uqac.ca\/uqactualites\/2001\/04\/26\/remise-de-la-medaille-de-luqac-a-m-jean-marc-dion\/#primaryimage\"},\"image\":{\"@id\":\"https:\/\/www.uqac.ca\/uqactualites\/2001\/04\/26\/remise-de-la-medaille-de-luqac-a-m-jean-marc-dion\/#primaryimage\"},\"thumbnailUrl\":\"https:\/\/www.uqac.ca\/uqactualites\/wp-content\/uploads\/2012\/05\/communiqu-.jpg\",\"datePublished\":\"2001-04-26T19:32:07+00:00\",\"dateModified\":\"2001-04-26T19:32:07+00:00\",\"author\":{\"@id\":\"https:\/\/www.uqac.ca\/uqactualites\/#\/schema\/person\/366c45a0c4f0e677b41b4af5886e2018\"},\"breadcrumb\":{\"@id\":\"https:\/\/www.uqac.ca\/uqactualites\/2001\/04\/26\/remise-de-la-medaille-de-luqac-a-m-jean-marc-dion\/#breadcrumb\"},\"inLanguage\":\"fr-CA\",\"potentialAction\":[{\"@type\":\"ReadAction\",\"target\":[\"https:\/\/www.uqac.ca\/uqactualites\/2001\/04\/26\/remise-de-la-medaille-de-luqac-a-m-jean-marc-dion\/\"]}]},{\"@type\":\"ImageObject\",\"inLanguage\":\"fr-CA\",\"@id\":\"https:\/\/www.uqac.ca\/uqactualites\/2001\/04\/26\/remise-de-la-medaille-de-luqac-a-m-jean-marc-dion\/#primaryimage\",\"url\":\"https:\/\/www.uqac.ca\/uqactualites\/wp-content\/uploads\/2012\/05\/communiqu-.jpg\",\"contentUrl\":\"https:\/\/www.uqac.ca\/uqactualites\/wp-content\/uploads\/2012\/05\/communiqu-.jpg\",\"width\":620,\"height\":300},{\"@type\":\"BreadcrumbList\",\"@id\":\"https:\/\/www.uqac.ca\/uqactualites\/2001\/04\/26\/remise-de-la-medaille-de-luqac-a-m-jean-marc-dion\/#breadcrumb\",\"itemListElement\":[{\"@type\":\"ListItem\",\"position\":1,\"name\":\"Home\",\"item\":\"https:\/\/www.uqac.ca\/uqactualites\/\"},{\"@type\":\"ListItem\",\"position\":2,\"name\":\"Remise de la m\u00e9daille de l&rsquo;UQAC \u00e0 M. Jean-Marc Dion\"}]},{\"@type\":\"WebSite\",\"@id\":\"https:\/\/www.uqac.ca\/uqactualites\/#website\",\"url\":\"https:\/\/www.uqac.ca\/uqactualites\/\",\"name\":\"UQACtualit\u00e9s\",\"description\":\"Le portail des nouvelles de l&#039;UQAC\",\"potentialAction\":[{\"@type\":\"SearchAction\",\"target\":{\"@type\":\"EntryPoint\",\"urlTemplate\":\"https:\/\/www.uqac.ca\/uqactualites\/?s={search_term_string}\"},\"query-input\":{\"@type\":\"PropertyValueSpecification\",\"valueRequired\":true,\"valueName\":\"search_term_string\"}}],\"inLanguage\":\"fr-CA\"},{\"@type\":\"Person\",\"@id\":\"https:\/\/www.uqac.ca\/uqactualites\/#\/schema\/person\/366c45a0c4f0e677b41b4af5886e2018\",\"name\":\"Service des communications et des relations publiques\",\"image\":{\"@type\":\"ImageObject\",\"inLanguage\":\"fr-CA\",\"@id\":\"https:\/\/www.uqac.ca\/uqactualites\/#\/schema\/person\/image\/\",\"url\":\"https:\/\/secure.gravatar.com\/avatar\/20fbbda8a292f59f2d3461a5b999c00b?s=96&d=mm&r=g\",\"contentUrl\":\"https:\/\/secure.gravatar.com\/avatar\/20fbbda8a292f59f2d3461a5b999c00b?s=96&d=mm&r=g\",\"caption\":\"Service des communications et des relations publiques\"},\"url\":\"https:\/\/www.uqac.ca\/uqactualites\/author\/bap\/\"}]}<\/script>\r\n<!-- \/ Yoast SEO plugin. -->","yoast_head_json":{"title":"Remise de la m\u00e9daille de l'UQAC \u00e0 M. Jean-Marc Dion - UQACtualit\u00e9s","robots":{"index":"index","follow":"follow","max-snippet":"max-snippet:-1","max-image-preview":"max-image-preview:large","max-video-preview":"max-video-preview:-1"},"canonical":"https:\/\/www.uqac.ca\/uqactualites\/2001\/04\/26\/remise-de-la-medaille-de-luqac-a-m-jean-marc-dion\/","og_locale":"fr_CA","og_type":"article","og_title":"Remise de la m\u00e9daille de l'UQAC \u00e0 M. Jean-Marc Dion - UQACtualit\u00e9s","og_description":"Chicoutimi, le 26 avril 2001 &#8211; L&rsquo;Universit\u00e9 du Qu\u00e9bec \u00e0 Chicoutimi a remis avec fiert\u00e9 la m\u00e9daille de l&rsquo;UQAC \u00e0 monsieur Jean-Marc Dion \u00e0 l&rsquo;occasion d&rsquo;une c\u00e9r\u00e9monie protocolaire tenue aujourd&rsquo;hui \u00e0 la Salle de spectacle de Sept-\u00celes. L&rsquo;UQAC tient \u00e0 reconna\u00eetre \u00e0 M. Jean-Marc Dion sa riche et g\u00e9n\u00e9reuse carri\u00e8re d&rsquo;enseignant et d&rsquo;administrateur scolaire, tant [&hellip;]","og_url":"https:\/\/www.uqac.ca\/uqactualites\/2001\/04\/26\/remise-de-la-medaille-de-luqac-a-m-jean-marc-dion\/","og_site_name":"UQACtualit\u00e9s","article_published_time":"2001-04-26T19:32:07+00:00","og_image":[{"width":620,"height":300,"url":"https:\/\/www.uqac.ca\/uqactualites\/wp-content\/uploads\/2012\/05\/communiqu-.jpg","type":"image\/jpeg"}],"author":"Service des communications et des relations publiques","twitter_card":"summary_large_image","twitter_misc":{"\u00c9crit par":"Service des communications et des relations publiques","Estimation du temps de lecture":"1 minute"},"schema":{"@context":"https:\/\/schema.org","@graph":[{"@type":"WebPage","@id":"https:\/\/www.uqac.ca\/uqactualites\/2001\/04\/26\/remise-de-la-medaille-de-luqac-a-m-jean-marc-dion\/","url":"https:\/\/www.uqac.ca\/uqactualites\/2001\/04\/26\/remise-de-la-medaille-de-luqac-a-m-jean-marc-dion\/","name":"Remise de la m\u00e9daille de l'UQAC \u00e0 M. Jean-Marc Dion - UQACtualit\u00e9s","isPartOf":{"@id":"https:\/\/www.uqac.ca\/uqactualites\/#website"},"primaryImageOfPage":{"@id":"https:\/\/www.uqac.ca\/uqactualites\/2001\/04\/26\/remise-de-la-medaille-de-luqac-a-m-jean-marc-dion\/#primaryimage"},"image":{"@id":"https:\/\/www.uqac.ca\/uqactualites\/2001\/04\/26\/remise-de-la-medaille-de-luqac-a-m-jean-marc-dion\/#primaryimage"},"thumbnailUrl":"https:\/\/www.uqac.ca\/uqactualites\/wp-content\/uploads\/2012\/05\/communiqu-.jpg","datePublished":"2001-04-26T19:32:07+00:00","dateModified":"2001-04-26T19:32:07+00:00","author":{"@id":"https:\/\/www.uqac.ca\/uqactualites\/#\/schema\/person\/366c45a0c4f0e677b41b4af5886e2018"},"breadcrumb":{"@id":"https:\/\/www.uqac.ca\/uqactualites\/2001\/04\/26\/remise-de-la-medaille-de-luqac-a-m-jean-marc-dion\/#breadcrumb"},"inLanguage":"fr-CA","potentialAction":[{"@type":"ReadAction","target":["https:\/\/www.uqac.ca\/uqactualites\/2001\/04\/26\/remise-de-la-medaille-de-luqac-a-m-jean-marc-dion\/"]}]},{"@type":"ImageObject","inLanguage":"fr-CA","@id":"https:\/\/www.uqac.ca\/uqactualites\/2001\/04\/26\/remise-de-la-medaille-de-luqac-a-m-jean-marc-dion\/#primaryimage","url":"https:\/\/www.uqac.ca\/uqactualites\/wp-content\/uploads\/2012\/05\/communiqu-.jpg","contentUrl":"https:\/\/www.uqac.ca\/uqactualites\/wp-content\/uploads\/2012\/05\/communiqu-.jpg","width":620,"height":300},{"@type":"BreadcrumbList","@id":"https:\/\/www.uqac.ca\/uqactualites\/2001\/04\/26\/remise-de-la-medaille-de-luqac-a-m-jean-marc-dion\/#breadcrumb","itemListElement":[{"@type":"ListItem","position":1,"name":"Home","item":"https:\/\/www.uqac.ca\/uqactualites\/"},{"@type":"ListItem","position":2,"name":"Remise de la m\u00e9daille de l&rsquo;UQAC \u00e0 M. Jean-Marc Dion"}]},{"@type":"WebSite","@id":"https:\/\/www.uqac.ca\/uqactualites\/#website","url":"https:\/\/www.uqac.ca\/uqactualites\/","name":"UQACtualit\u00e9s","description":"Le portail des nouvelles de l&#039;UQAC","potentialAction":[{"@type":"SearchAction","target":{"@type":"EntryPoint","urlTemplate":"https:\/\/www.uqac.ca\/uqactualites\/?s={search_term_string}"},"query-input":{"@type":"PropertyValueSpecification","valueRequired":true,"valueName":"search_term_string"}}],"inLanguage":"fr-CA"},{"@type":"Person","@id":"https:\/\/www.uqac.ca\/uqactualites\/#\/schema\/person\/366c45a0c4f0e677b41b4af5886e2018","name":"Service des communications et des relations publiques","image":{"@type":"ImageObject","inLanguage":"fr-CA","@id":"https:\/\/www.uqac.ca\/uqactualites\/#\/schema\/person\/image\/","url":"https:\/\/secure.gravatar.com\/avatar\/20fbbda8a292f59f2d3461a5b999c00b?s=96&d=mm&r=g","contentUrl":"https:\/\/secure.gravatar.com\/avatar\/20fbbda8a292f59f2d3461a5b999c00b?s=96&d=mm&r=g","caption":"Service des communications et des relations publiques"},"url":"https:\/\/www.uqac.ca\/uqactualites\/author\/bap\/"}]}},"_links":{"self":[{"href":"https:\/\/www.uqac.ca\/uqactualites\/wp-json\/wp\/v2\/posts\/25019"}],"collection":[{"href":"https:\/\/www.uqac.ca\/uqactualites\/wp-json\/wp\/v2\/posts"}],"about":[{"href":"https:\/\/www.uqac.ca\/uqactualites\/wp-json\/wp\/v2\/types\/post"}],"author":[{"embeddable":true,"href":"https:\/\/www.uqac.ca\/uqactualites\/wp-json\/wp\/v2\/users\/5"}],"replies":[{"embeddable":true,"href":"https:\/\/www.uqac.ca\/uqactualites\/wp-json\/wp\/v2\/comments?post=25019"}],"version-history":[{"count":0,"href":"https:\/\/www.uqac.ca\/uqactualites\/wp-json\/wp\/v2\/posts\/25019\/revisions"}],"wp:featuredmedia":[{"embeddable":true,"href":"https:\/\/www.uqac.ca\/uqactualites\/wp-json\/wp\/v2\/media\/20745"}],"wp:attachment":[{"href":"https:\/\/www.uqac.ca\/uqactualites\/wp-json\/wp\/v2\/media?parent=25019"}],"wp:term":[{"taxonomy":"category","embeddable":true,"href":"https:\/\/www.uqac.ca\/uqactualites\/wp-json\/wp\/v2\/categories?post=25019"},{"taxonomy":"post_tag","embeddable":true,"href":"https:\/\/www.uqac.ca\/uqactualites\/wp-json\/wp\/v2\/tags?post=25019"}],"curies":[{"name":"wp","href":"https:\/\/api.w.org\/{rel}","templated":true}]}}