{"id":25021,"date":"2001-05-01T15:33:24","date_gmt":"2001-05-01T19:33:24","guid":{"rendered":"http:\/\/uqactualite.odev.ca\/?p=25021"},"modified":"2001-05-01T15:33:24","modified_gmt":"2001-05-01T19:33:24","slug":"luqac-construit-la-troisieme-residence-pour-etudiants","status":"publish","type":"post","link":"https:\/\/www.uqac.ca\/uqactualites\/2001\/05\/01\/luqac-construit-la-troisieme-residence-pour-etudiants\/","title":{"rendered":"L&rsquo;UQAC construit la troisi\u00e8me r\u00e9sidence pour \u00e9tudiants"},"content":{"rendered":"<p style=\"text-align: justify\"><b>Chicoutimi, le 1er mai 2001 &#8211; <\/b>L&rsquo;Universit\u00e9 du Qu\u00e9bec \u00e0 Chicoutimi terminera comme pr\u00e9vu son projet d&rsquo;implantation de <a href=\"http:\/\/www.uqac.ca\/sae\/resi\">r\u00e9sidences <\/a>pour \u00e9tudiants en construisant le troisi\u00e8me et dernier b\u00e2timent au cours de la p\u00e9riode estivale. La phase 2 du projet pr\u00e9voit la construction de 16 unit\u00e9s de logement suppl\u00e9mentaires qui pourront recevoir un total de 58 \u00e9tudiants. La r\u00e9sidence \u00e9valu\u00e9e au co\u00fbt de 1\u00a0437\u00a0000 $ accueillera ses premiers locataires le 3 septembre 2001. Avec l&rsquo;ensemble du projet compl\u00e9t\u00e9, l&rsquo;UQAC sera en mesure d&rsquo;h\u00e9berger un total de 178 \u00e9tudiants.<\/p>\n<p style=\"text-align: justify\">C&rsquo;est la Soci\u00e9t\u00e9 Immobili\u00e8re de l&rsquo;Universit\u00e9 du Qu\u00e9bec (SIUQ) qui, par le biais de son Conseil d&rsquo;administration, a donn\u00e9 le feu vert \u00e0 la construction de cette troisi\u00e8me r\u00e9sidence. Cette d\u00e9cision fait suite \u00e0 une recommandation pr\u00e9sent\u00e9e par l&rsquo;UQAC \u00e0 l&rsquo;effet d&rsquo;aller de l&rsquo;avant avec la phase 2 compte tenu de la demande \u00e9tudiante, du taux d&rsquo;occupation, des r\u00e9sultats financiers obtenus et du fait que ce projet est autoportant du point de vue financier.<\/p>\n<p style=\"text-align: justify\">Selon le vice-recteur \u00e0 l&rsquo;administration et aux finances de l&rsquo;UQAC, M. Gilles Bergeron, plusieurs conditions favorables ont d\u00e9termin\u00e9 le bien fond\u00e9 de ce projet qui s&rsquo;inscrit dans le plan de d\u00e9veloppement immobilier de l&rsquo;UQAC: &raquo; L&rsquo;analyse de l&rsquo;environnement, de la client\u00e8le potentielle, de m\u00eame que l&rsquo;analyse des r\u00e9sultats de la premi\u00e8re phase nous indiquent que ce projet est pertinent et qu&rsquo;il est raisonnable de pr\u00e9voir un taux d&rsquo;occupation de 100% pour l&rsquo;ann\u00e9e acad\u00e9mique et un taux de 85% pour la p\u00e9riode estivale. Il ne faut surtout pas n\u00e9gliger le tr\u00e8s fort taux de satisfaction des r\u00e9sidents dont les attentes ont \u00e9t\u00e9 combl\u00e9es \u00e0 91% &laquo;. Monsieur Bergeron a aussi tenu \u00e0 d\u00e9clarer que ce projet vise essentiellement \u00e0 r\u00e9pondre aux besoins des \u00e9tudiants de fa\u00e7on \u00e0 augmenter la capacit\u00e9 d&rsquo;attraction de l&rsquo;UQAC aupr\u00e8s de sa client\u00e8le \u00e9loign\u00e9e.<\/p>\n<p style=\"text-align: justify\">Dans un autre ordre d&rsquo;id\u00e9e, le g\u00e9rant du projet de construction, M. Raynald Gagnon de Planigram, nous a confi\u00e9 que la mise en chantier du projet a \u00e9t\u00e9 donn\u00e9e \u00e0 la firme jonqui\u00e9roise Constructions Berchard inc.. Ces derniers utiliseront les services de plusieurs sous-traitants r\u00e9gionaux dont \u00c9b\u00e9nisterie MB, Divisions MS, Portes STC, Vitrerie 20-20, Tapis M\u00e9tro, Cimentier RP, Isolation Clermont, Plomberie Ghyslain Villeneuve, Ferblanterie B&amp;D, \u00c9lectricit\u00e9 R\u00e9mi Tremblay, etc<\/p>\n<p style=\"text-align: center\" align=\"CENTER\">&#8211; 30 &#8211;<\/p>\n<p style=\"text-align: justify\">Denis Claveau, agent d&rsquo;information<br \/>\nService des affaires publiques<br \/>\nUniversit\u00e9 du Qu\u00e9bec \u00e0 Chicoutimi<br \/>\n555, boulevard de l&rsquo;Universit\u00e9<br \/>\nChicoutimi, Qu\u00e9bec<br \/>\nG7H 2B1<\/p>\n<p style=\"text-align: justify\">T\u00e9l\u00e9phone: (418) 545-5011, poste 2350<br \/>\nT\u00e9l\u00e9copieur: (418) 545-5012<br \/>\nCourriel: <a href=\"mailto:Denis_Claveau@uqac.uquebec.ca\">Denis_Claveau@uqac.uquebec.ca<\/a><\/p>\n","protected":false},"excerpt":{"rendered":"<p>Chicoutimi, le 1er mai 2001 &#8211; L&rsquo;Universit\u00e9 du Qu\u00e9bec \u00e0 Chicoutimi terminera comme pr\u00e9vu son projet d&rsquo;implantation de r\u00e9sidences pour \u00e9tudiants en construisant le troisi\u00e8me et dernier b\u00e2timent au cours de la p\u00e9riode estivale. La phase 2 du projet pr\u00e9voit la construction de 16 unit\u00e9s de logement suppl\u00e9mentaires qui pourront recevoir un total de 58 [&hellip;]<\/p>\n","protected":false},"author":5,"featured_media":20745,"comment_status":"open","ping_status":"open","sticky":false,"template":"","format":"standard","meta":{"footnotes":""},"categories":[2772],"tags":[],"yoast_head":"<!-- This site is optimized with the Yoast SEO plugin v24.2 - https:\/\/yoast.com\/wordpress\/plugins\/seo\/ -->\r\n<title>L&#039;UQAC construit la troisi\u00e8me r\u00e9sidence pour \u00e9tudiants - UQACtualit\u00e9s<\/title>\r\n<meta name=\"robots\" content=\"index, follow, max-snippet:-1, max-image-preview:large, max-video-preview:-1\" \/>\r\n<link rel=\"canonical\" href=\"https:\/\/www.uqac.ca\/uqactualites\/2001\/05\/01\/luqac-construit-la-troisieme-residence-pour-etudiants\/\" \/>\r\n<meta property=\"og:locale\" content=\"fr_CA\" \/>\r\n<meta property=\"og:type\" content=\"article\" \/>\r\n<meta property=\"og:title\" content=\"L&#039;UQAC construit la troisi\u00e8me r\u00e9sidence pour \u00e9tudiants - UQACtualit\u00e9s\" \/>\r\n<meta property=\"og:description\" content=\"Chicoutimi, le 1er mai 2001 &#8211; L&rsquo;Universit\u00e9 du Qu\u00e9bec \u00e0 Chicoutimi terminera comme pr\u00e9vu son projet d&rsquo;implantation de r\u00e9sidences pour \u00e9tudiants en construisant le troisi\u00e8me et dernier b\u00e2timent au cours de la p\u00e9riode estivale. La phase 2 du projet pr\u00e9voit la construction de 16 unit\u00e9s de logement suppl\u00e9mentaires qui pourront recevoir un total de 58 [&hellip;]\" \/>\r\n<meta property=\"og:url\" content=\"https:\/\/www.uqac.ca\/uqactualites\/2001\/05\/01\/luqac-construit-la-troisieme-residence-pour-etudiants\/\" \/>\r\n<meta property=\"og:site_name\" content=\"UQACtualit\u00e9s\" \/>\r\n<meta property=\"article:published_time\" content=\"2001-05-01T19:33:24+00:00\" \/>\r\n<meta property=\"og:image\" content=\"https:\/\/www.uqac.ca\/uqactualites\/wp-content\/uploads\/2012\/05\/communiqu-.jpg\" \/>\r\n\t<meta property=\"og:image:width\" content=\"620\" \/>\r\n\t<meta property=\"og:image:height\" content=\"300\" \/>\r\n\t<meta property=\"og:image:type\" content=\"image\/jpeg\" \/>\r\n<meta name=\"author\" content=\"Service des communications et des relations publiques\" \/>\r\n<meta name=\"twitter:card\" content=\"summary_large_image\" \/>\r\n<meta name=\"twitter:label1\" content=\"\u00c9crit par\" \/>\n\t<meta name=\"twitter:data1\" content=\"Service des communications et des relations publiques\" \/>\n\t<meta name=\"twitter:label2\" content=\"Estimation du temps de lecture\" \/>\n\t<meta name=\"twitter:data2\" content=\"2 minutes\" \/>\r\n<script type=\"application\/ld+json\" class=\"yoast-schema-graph\">{\"@context\":\"https:\/\/schema.org\",\"@graph\":[{\"@type\":\"WebPage\",\"@id\":\"https:\/\/www.uqac.ca\/uqactualites\/2001\/05\/01\/luqac-construit-la-troisieme-residence-pour-etudiants\/\",\"url\":\"https:\/\/www.uqac.ca\/uqactualites\/2001\/05\/01\/luqac-construit-la-troisieme-residence-pour-etudiants\/\",\"name\":\"L'UQAC construit la troisi\u00e8me r\u00e9sidence pour \u00e9tudiants - UQACtualit\u00e9s\",\"isPartOf\":{\"@id\":\"https:\/\/www.uqac.ca\/uqactualites\/#website\"},\"primaryImageOfPage\":{\"@id\":\"https:\/\/www.uqac.ca\/uqactualites\/2001\/05\/01\/luqac-construit-la-troisieme-residence-pour-etudiants\/#primaryimage\"},\"image\":{\"@id\":\"https:\/\/www.uqac.ca\/uqactualites\/2001\/05\/01\/luqac-construit-la-troisieme-residence-pour-etudiants\/#primaryimage\"},\"thumbnailUrl\":\"https:\/\/www.uqac.ca\/uqactualites\/wp-content\/uploads\/2012\/05\/communiqu-.jpg\",\"datePublished\":\"2001-05-01T19:33:24+00:00\",\"dateModified\":\"2001-05-01T19:33:24+00:00\",\"author\":{\"@id\":\"https:\/\/www.uqac.ca\/uqactualites\/#\/schema\/person\/366c45a0c4f0e677b41b4af5886e2018\"},\"breadcrumb\":{\"@id\":\"https:\/\/www.uqac.ca\/uqactualites\/2001\/05\/01\/luqac-construit-la-troisieme-residence-pour-etudiants\/#breadcrumb\"},\"inLanguage\":\"fr-CA\",\"potentialAction\":[{\"@type\":\"ReadAction\",\"target\":[\"https:\/\/www.uqac.ca\/uqactualites\/2001\/05\/01\/luqac-construit-la-troisieme-residence-pour-etudiants\/\"]}]},{\"@type\":\"ImageObject\",\"inLanguage\":\"fr-CA\",\"@id\":\"https:\/\/www.uqac.ca\/uqactualites\/2001\/05\/01\/luqac-construit-la-troisieme-residence-pour-etudiants\/#primaryimage\",\"url\":\"https:\/\/www.uqac.ca\/uqactualites\/wp-content\/uploads\/2012\/05\/communiqu-.jpg\",\"contentUrl\":\"https:\/\/www.uqac.ca\/uqactualites\/wp-content\/uploads\/2012\/05\/communiqu-.jpg\",\"width\":620,\"height\":300},{\"@type\":\"BreadcrumbList\",\"@id\":\"https:\/\/www.uqac.ca\/uqactualites\/2001\/05\/01\/luqac-construit-la-troisieme-residence-pour-etudiants\/#breadcrumb\",\"itemListElement\":[{\"@type\":\"ListItem\",\"position\":1,\"name\":\"Home\",\"item\":\"https:\/\/www.uqac.ca\/uqactualites\/\"},{\"@type\":\"ListItem\",\"position\":2,\"name\":\"L&rsquo;UQAC construit la troisi\u00e8me r\u00e9sidence pour \u00e9tudiants\"}]},{\"@type\":\"WebSite\",\"@id\":\"https:\/\/www.uqac.ca\/uqactualites\/#website\",\"url\":\"https:\/\/www.uqac.ca\/uqactualites\/\",\"name\":\"UQACtualit\u00e9s\",\"description\":\"Le portail des nouvelles de l&#039;UQAC\",\"potentialAction\":[{\"@type\":\"SearchAction\",\"target\":{\"@type\":\"EntryPoint\",\"urlTemplate\":\"https:\/\/www.uqac.ca\/uqactualites\/?s={search_term_string}\"},\"query-input\":{\"@type\":\"PropertyValueSpecification\",\"valueRequired\":true,\"valueName\":\"search_term_string\"}}],\"inLanguage\":\"fr-CA\"},{\"@type\":\"Person\",\"@id\":\"https:\/\/www.uqac.ca\/uqactualites\/#\/schema\/person\/366c45a0c4f0e677b41b4af5886e2018\",\"name\":\"Service des communications et des relations publiques\",\"image\":{\"@type\":\"ImageObject\",\"inLanguage\":\"fr-CA\",\"@id\":\"https:\/\/www.uqac.ca\/uqactualites\/#\/schema\/person\/image\/\",\"url\":\"https:\/\/secure.gravatar.com\/avatar\/20fbbda8a292f59f2d3461a5b999c00b?s=96&d=mm&r=g\",\"contentUrl\":\"https:\/\/secure.gravatar.com\/avatar\/20fbbda8a292f59f2d3461a5b999c00b?s=96&d=mm&r=g\",\"caption\":\"Service des communications et des relations publiques\"},\"url\":\"https:\/\/www.uqac.ca\/uqactualites\/author\/bap\/\"}]}<\/script>\r\n<!-- \/ Yoast SEO plugin. -->","yoast_head_json":{"title":"L'UQAC construit la troisi\u00e8me r\u00e9sidence pour \u00e9tudiants - UQACtualit\u00e9s","robots":{"index":"index","follow":"follow","max-snippet":"max-snippet:-1","max-image-preview":"max-image-preview:large","max-video-preview":"max-video-preview:-1"},"canonical":"https:\/\/www.uqac.ca\/uqactualites\/2001\/05\/01\/luqac-construit-la-troisieme-residence-pour-etudiants\/","og_locale":"fr_CA","og_type":"article","og_title":"L'UQAC construit la troisi\u00e8me r\u00e9sidence pour \u00e9tudiants - UQACtualit\u00e9s","og_description":"Chicoutimi, le 1er mai 2001 &#8211; L&rsquo;Universit\u00e9 du Qu\u00e9bec \u00e0 Chicoutimi terminera comme pr\u00e9vu son projet d&rsquo;implantation de r\u00e9sidences pour \u00e9tudiants en construisant le troisi\u00e8me et dernier b\u00e2timent au cours de la p\u00e9riode estivale. La phase 2 du projet pr\u00e9voit la construction de 16 unit\u00e9s de logement suppl\u00e9mentaires qui pourront recevoir un total de 58 [&hellip;]","og_url":"https:\/\/www.uqac.ca\/uqactualites\/2001\/05\/01\/luqac-construit-la-troisieme-residence-pour-etudiants\/","og_site_name":"UQACtualit\u00e9s","article_published_time":"2001-05-01T19:33:24+00:00","og_image":[{"width":620,"height":300,"url":"https:\/\/www.uqac.ca\/uqactualites\/wp-content\/uploads\/2012\/05\/communiqu-.jpg","type":"image\/jpeg"}],"author":"Service des communications et des relations publiques","twitter_card":"summary_large_image","twitter_misc":{"\u00c9crit par":"Service des communications et des relations publiques","Estimation du temps de lecture":"2 minutes"},"schema":{"@context":"https:\/\/schema.org","@graph":[{"@type":"WebPage","@id":"https:\/\/www.uqac.ca\/uqactualites\/2001\/05\/01\/luqac-construit-la-troisieme-residence-pour-etudiants\/","url":"https:\/\/www.uqac.ca\/uqactualites\/2001\/05\/01\/luqac-construit-la-troisieme-residence-pour-etudiants\/","name":"L'UQAC construit la troisi\u00e8me r\u00e9sidence pour \u00e9tudiants - UQACtualit\u00e9s","isPartOf":{"@id":"https:\/\/www.uqac.ca\/uqactualites\/#website"},"primaryImageOfPage":{"@id":"https:\/\/www.uqac.ca\/uqactualites\/2001\/05\/01\/luqac-construit-la-troisieme-residence-pour-etudiants\/#primaryimage"},"image":{"@id":"https:\/\/www.uqac.ca\/uqactualites\/2001\/05\/01\/luqac-construit-la-troisieme-residence-pour-etudiants\/#primaryimage"},"thumbnailUrl":"https:\/\/www.uqac.ca\/uqactualites\/wp-content\/uploads\/2012\/05\/communiqu-.jpg","datePublished":"2001-05-01T19:33:24+00:00","dateModified":"2001-05-01T19:33:24+00:00","author":{"@id":"https:\/\/www.uqac.ca\/uqactualites\/#\/schema\/person\/366c45a0c4f0e677b41b4af5886e2018"},"breadcrumb":{"@id":"https:\/\/www.uqac.ca\/uqactualites\/2001\/05\/01\/luqac-construit-la-troisieme-residence-pour-etudiants\/#breadcrumb"},"inLanguage":"fr-CA","potentialAction":[{"@type":"ReadAction","target":["https:\/\/www.uqac.ca\/uqactualites\/2001\/05\/01\/luqac-construit-la-troisieme-residence-pour-etudiants\/"]}]},{"@type":"ImageObject","inLanguage":"fr-CA","@id":"https:\/\/www.uqac.ca\/uqactualites\/2001\/05\/01\/luqac-construit-la-troisieme-residence-pour-etudiants\/#primaryimage","url":"https:\/\/www.uqac.ca\/uqactualites\/wp-content\/uploads\/2012\/05\/communiqu-.jpg","contentUrl":"https:\/\/www.uqac.ca\/uqactualites\/wp-content\/uploads\/2012\/05\/communiqu-.jpg","width":620,"height":300},{"@type":"BreadcrumbList","@id":"https:\/\/www.uqac.ca\/uqactualites\/2001\/05\/01\/luqac-construit-la-troisieme-residence-pour-etudiants\/#breadcrumb","itemListElement":[{"@type":"ListItem","position":1,"name":"Home","item":"https:\/\/www.uqac.ca\/uqactualites\/"},{"@type":"ListItem","position":2,"name":"L&rsquo;UQAC construit la troisi\u00e8me r\u00e9sidence pour \u00e9tudiants"}]},{"@type":"WebSite","@id":"https:\/\/www.uqac.ca\/uqactualites\/#website","url":"https:\/\/www.uqac.ca\/uqactualites\/","name":"UQACtualit\u00e9s","description":"Le portail des nouvelles de l&#039;UQAC","potentialAction":[{"@type":"SearchAction","target":{"@type":"EntryPoint","urlTemplate":"https:\/\/www.uqac.ca\/uqactualites\/?s={search_term_string}"},"query-input":{"@type":"PropertyValueSpecification","valueRequired":true,"valueName":"search_term_string"}}],"inLanguage":"fr-CA"},{"@type":"Person","@id":"https:\/\/www.uqac.ca\/uqactualites\/#\/schema\/person\/366c45a0c4f0e677b41b4af5886e2018","name":"Service des communications et des relations publiques","image":{"@type":"ImageObject","inLanguage":"fr-CA","@id":"https:\/\/www.uqac.ca\/uqactualites\/#\/schema\/person\/image\/","url":"https:\/\/secure.gravatar.com\/avatar\/20fbbda8a292f59f2d3461a5b999c00b?s=96&d=mm&r=g","contentUrl":"https:\/\/secure.gravatar.com\/avatar\/20fbbda8a292f59f2d3461a5b999c00b?s=96&d=mm&r=g","caption":"Service des communications et des relations publiques"},"url":"https:\/\/www.uqac.ca\/uqactualites\/author\/bap\/"}]}},"_links":{"self":[{"href":"https:\/\/www.uqac.ca\/uqactualites\/wp-json\/wp\/v2\/posts\/25021"}],"collection":[{"href":"https:\/\/www.uqac.ca\/uqactualites\/wp-json\/wp\/v2\/posts"}],"about":[{"href":"https:\/\/www.uqac.ca\/uqactualites\/wp-json\/wp\/v2\/types\/post"}],"author":[{"embeddable":true,"href":"https:\/\/www.uqac.ca\/uqactualites\/wp-json\/wp\/v2\/users\/5"}],"replies":[{"embeddable":true,"href":"https:\/\/www.uqac.ca\/uqactualites\/wp-json\/wp\/v2\/comments?post=25021"}],"version-history":[{"count":0,"href":"https:\/\/www.uqac.ca\/uqactualites\/wp-json\/wp\/v2\/posts\/25021\/revisions"}],"wp:featuredmedia":[{"embeddable":true,"href":"https:\/\/www.uqac.ca\/uqactualites\/wp-json\/wp\/v2\/media\/20745"}],"wp:attachment":[{"href":"https:\/\/www.uqac.ca\/uqactualites\/wp-json\/wp\/v2\/media?parent=25021"}],"wp:term":[{"taxonomy":"category","embeddable":true,"href":"https:\/\/www.uqac.ca\/uqactualites\/wp-json\/wp\/v2\/categories?post=25021"},{"taxonomy":"post_tag","embeddable":true,"href":"https:\/\/www.uqac.ca\/uqactualites\/wp-json\/wp\/v2\/tags?post=25021"}],"curies":[{"name":"wp","href":"https:\/\/api.w.org\/{rel}","templated":true}]}}