{"id":25169,"date":"2002-06-21T10:59:35","date_gmt":"2002-06-21T14:59:35","guid":{"rendered":"http:\/\/uqactualite.odev.ca\/?p=25169"},"modified":"2002-06-21T10:59:35","modified_gmt":"2002-06-21T14:59:35","slug":"collation-des-grades-des-finissants-de-luqac-au-centre-detudes-du-secteur-est-de-la-cote-nord","status":"publish","type":"post","link":"https:\/\/www.uqac.ca\/uqactualites\/2002\/06\/21\/collation-des-grades-des-finissants-de-luqac-au-centre-detudes-du-secteur-est-de-la-cote-nord\/","title":{"rendered":"Collation des grades des finissants de l&rsquo;UQAC au Centre d&rsquo;\u00e9tudes du secteur Est de la C\u00f4te-Nord"},"content":{"rendered":"<p style=\"text-align: justify\"><b>Saguenay, le vendredi 21 juin 2002 \u2014 <\/b>Le jeudi 20 juin 2002 avait lieu \u00e0 Sept-\u00celes la collation des grades des finissant(e)s du Centre d&rsquo;\u00e9tudes du secteur Est de la C\u00f4te-Nord. Cent trente-sept (137) personnes ont ainsi \u00e9t\u00e9 honor\u00e9es lors de cette c\u00e9r\u00e9monie protocolaire. Le tout s&rsquo;est d\u00e9roul\u00e9 en pr\u00e9sence de plusieurs parents et amis, et sous la pr\u00e9sidence d&rsquo;honneur de monsieur Alexis S\u00e9gal, vice-pr\u00e9sident aux affaires corporatives chez Aluminerie Alouette.<\/p>\n<p style=\"text-align: justify\">Cette activit\u00e9 fut \u00e9galement marqu\u00e9e par la pr\u00e9sence d&rsquo;une d\u00e9l\u00e9gation de l&rsquo;UQAC, avec \u00e0 sa t\u00eate le recteur de l&rsquo;Universit\u00e9, monsieur Michel Belley, ainsi que le registraire, monsieur Claudio Zoccastello, qui au nom de la direction et du personnel de l&rsquo;Universit\u00e9, ont tenu \u00e0 f\u00e9liciter chaleureusement tous les nouveaux (nouvelles) dipl\u00f4m\u00e9(e)s en leur souhaitant tout le succ\u00e8s d\u00e9sir\u00e9 dans la poursuite de leurs projets personnels. Le recteur a \u00e9galement profit\u00e9 de cette occasion pour rencontrer le conseil d&rsquo;orientation des services universitaires du secteur Est de la C\u00f4te-Nord. Cette rencontre a favoris\u00e9 l&rsquo;enrichissement de l&rsquo;entente d\u00e9j\u00e0 conclue entre les parties et des orientations des travaux \u00e0 venir pour une vision \u00e0 long terme de cette collaboration.<\/p>\n<p style=\"text-align: justify\">Les finissant(e)s de la collation des grades de 2002 sont issus des diff\u00e9rents programmes offerts au Centre d&rsquo;\u00e9tudes du secteur Est de la C\u00f4te-Nord, du programme court jusqu&rsquo;\u00e0 la ma\u00eetrise, dans les domaines: administration, sciences comptables, sciences infirmi\u00e8res, \u00e9ducation, perfectionnement des ma\u00eetres en technologie de l&rsquo;information et des communications (TIC), gestion des organisations et gestion de projet.<\/p>\n<div style=\"text-align: justify\" align=\"center\">\n<p style=\"text-align: center\">&#8211; 30 &#8211;<\/p>\n<\/div>\n<p style=\"text-align: justify\">Renseignements:<\/p>\n<p style=\"text-align: justify\">Carmen Murray, agente d&rsquo;admission<br \/>\nCentre d&rsquo;\u00e9tudes de Sept-Iles<br \/>\nT\u00e9l\u00e9phone: (418) 968-4801<\/p>\n<p style=\"text-align: justify\">Source: Denis Claveau, agent d&rsquo;information<br \/>\nService des affaires publiques<br \/>\nT\u00e9l\u00e9phone: (418) 545-5011, poste 2350<br \/>\nT\u00e9l\u00e9copieur : (418) 545-5012<br \/>\nDenis_Claveau@uqac.ca<\/p>\n","protected":false},"excerpt":{"rendered":"<p>Saguenay, le vendredi 21 juin 2002 \u2014 Le jeudi 20 juin 2002 avait lieu \u00e0 Sept-\u00celes la collation des grades des finissant(e)s du Centre d&rsquo;\u00e9tudes du secteur Est de la C\u00f4te-Nord. Cent trente-sept (137) personnes ont ainsi \u00e9t\u00e9 honor\u00e9es lors de cette c\u00e9r\u00e9monie protocolaire. Le tout s&rsquo;est d\u00e9roul\u00e9 en pr\u00e9sence de plusieurs parents et amis, [&hellip;]<\/p>\n","protected":false},"author":5,"featured_media":20745,"comment_status":"open","ping_status":"open","sticky":false,"template":"","format":"standard","meta":{"footnotes":""},"categories":[2772],"tags":[],"yoast_head":"<!-- This site is optimized with the Yoast SEO plugin v24.2 - https:\/\/yoast.com\/wordpress\/plugins\/seo\/ -->\r\n<title>Collation des grades des finissants de l&#039;UQAC au Centre d&#039;\u00e9tudes du secteur Est de la C\u00f4te-Nord - UQACtualit\u00e9s<\/title>\r\n<meta name=\"robots\" content=\"index, follow, max-snippet:-1, max-image-preview:large, max-video-preview:-1\" \/>\r\n<link rel=\"canonical\" href=\"https:\/\/www.uqac.ca\/uqactualites\/2002\/06\/21\/collation-des-grades-des-finissants-de-luqac-au-centre-detudes-du-secteur-est-de-la-cote-nord\/\" \/>\r\n<meta property=\"og:locale\" content=\"fr_CA\" \/>\r\n<meta property=\"og:type\" content=\"article\" \/>\r\n<meta property=\"og:title\" content=\"Collation des grades des finissants de l&#039;UQAC au Centre d&#039;\u00e9tudes du secteur Est de la C\u00f4te-Nord - UQACtualit\u00e9s\" \/>\r\n<meta property=\"og:description\" content=\"Saguenay, le vendredi 21 juin 2002 \u2014 Le jeudi 20 juin 2002 avait lieu \u00e0 Sept-\u00celes la collation des grades des finissant(e)s du Centre d&rsquo;\u00e9tudes du secteur Est de la C\u00f4te-Nord. Cent trente-sept (137) personnes ont ainsi \u00e9t\u00e9 honor\u00e9es lors de cette c\u00e9r\u00e9monie protocolaire. Le tout s&rsquo;est d\u00e9roul\u00e9 en pr\u00e9sence de plusieurs parents et amis, [&hellip;]\" \/>\r\n<meta property=\"og:url\" content=\"https:\/\/www.uqac.ca\/uqactualites\/2002\/06\/21\/collation-des-grades-des-finissants-de-luqac-au-centre-detudes-du-secteur-est-de-la-cote-nord\/\" \/>\r\n<meta property=\"og:site_name\" content=\"UQACtualit\u00e9s\" \/>\r\n<meta property=\"article:published_time\" content=\"2002-06-21T14:59:35+00:00\" \/>\r\n<meta property=\"og:image\" content=\"https:\/\/www.uqac.ca\/uqactualites\/wp-content\/uploads\/2012\/05\/communiqu-.jpg\" \/>\r\n\t<meta property=\"og:image:width\" content=\"620\" \/>\r\n\t<meta property=\"og:image:height\" content=\"300\" \/>\r\n\t<meta property=\"og:image:type\" content=\"image\/jpeg\" \/>\r\n<meta name=\"author\" content=\"Service des communications et des relations publiques\" \/>\r\n<meta name=\"twitter:card\" content=\"summary_large_image\" \/>\r\n<meta name=\"twitter:label1\" content=\"\u00c9crit par\" \/>\n\t<meta name=\"twitter:data1\" content=\"Service des communications et des relations publiques\" \/>\n\t<meta name=\"twitter:label2\" content=\"Estimation du temps de lecture\" \/>\n\t<meta name=\"twitter:data2\" content=\"2 minutes\" \/>\r\n<script type=\"application\/ld+json\" class=\"yoast-schema-graph\">{\"@context\":\"https:\/\/schema.org\",\"@graph\":[{\"@type\":\"WebPage\",\"@id\":\"https:\/\/www.uqac.ca\/uqactualites\/2002\/06\/21\/collation-des-grades-des-finissants-de-luqac-au-centre-detudes-du-secteur-est-de-la-cote-nord\/\",\"url\":\"https:\/\/www.uqac.ca\/uqactualites\/2002\/06\/21\/collation-des-grades-des-finissants-de-luqac-au-centre-detudes-du-secteur-est-de-la-cote-nord\/\",\"name\":\"Collation des grades des finissants de l'UQAC au Centre d'\u00e9tudes du secteur Est de la C\u00f4te-Nord - UQACtualit\u00e9s\",\"isPartOf\":{\"@id\":\"https:\/\/www.uqac.ca\/uqactualites\/#website\"},\"primaryImageOfPage\":{\"@id\":\"https:\/\/www.uqac.ca\/uqactualites\/2002\/06\/21\/collation-des-grades-des-finissants-de-luqac-au-centre-detudes-du-secteur-est-de-la-cote-nord\/#primaryimage\"},\"image\":{\"@id\":\"https:\/\/www.uqac.ca\/uqactualites\/2002\/06\/21\/collation-des-grades-des-finissants-de-luqac-au-centre-detudes-du-secteur-est-de-la-cote-nord\/#primaryimage\"},\"thumbnailUrl\":\"https:\/\/www.uqac.ca\/uqactualites\/wp-content\/uploads\/2012\/05\/communiqu-.jpg\",\"datePublished\":\"2002-06-21T14:59:35+00:00\",\"dateModified\":\"2002-06-21T14:59:35+00:00\",\"author\":{\"@id\":\"https:\/\/www.uqac.ca\/uqactualites\/#\/schema\/person\/366c45a0c4f0e677b41b4af5886e2018\"},\"breadcrumb\":{\"@id\":\"https:\/\/www.uqac.ca\/uqactualites\/2002\/06\/21\/collation-des-grades-des-finissants-de-luqac-au-centre-detudes-du-secteur-est-de-la-cote-nord\/#breadcrumb\"},\"inLanguage\":\"fr-CA\",\"potentialAction\":[{\"@type\":\"ReadAction\",\"target\":[\"https:\/\/www.uqac.ca\/uqactualites\/2002\/06\/21\/collation-des-grades-des-finissants-de-luqac-au-centre-detudes-du-secteur-est-de-la-cote-nord\/\"]}]},{\"@type\":\"ImageObject\",\"inLanguage\":\"fr-CA\",\"@id\":\"https:\/\/www.uqac.ca\/uqactualites\/2002\/06\/21\/collation-des-grades-des-finissants-de-luqac-au-centre-detudes-du-secteur-est-de-la-cote-nord\/#primaryimage\",\"url\":\"https:\/\/www.uqac.ca\/uqactualites\/wp-content\/uploads\/2012\/05\/communiqu-.jpg\",\"contentUrl\":\"https:\/\/www.uqac.ca\/uqactualites\/wp-content\/uploads\/2012\/05\/communiqu-.jpg\",\"width\":620,\"height\":300},{\"@type\":\"BreadcrumbList\",\"@id\":\"https:\/\/www.uqac.ca\/uqactualites\/2002\/06\/21\/collation-des-grades-des-finissants-de-luqac-au-centre-detudes-du-secteur-est-de-la-cote-nord\/#breadcrumb\",\"itemListElement\":[{\"@type\":\"ListItem\",\"position\":1,\"name\":\"Home\",\"item\":\"https:\/\/www.uqac.ca\/uqactualites\/\"},{\"@type\":\"ListItem\",\"position\":2,\"name\":\"Collation des grades des finissants de l&rsquo;UQAC au Centre d&rsquo;\u00e9tudes du secteur Est de la C\u00f4te-Nord\"}]},{\"@type\":\"WebSite\",\"@id\":\"https:\/\/www.uqac.ca\/uqactualites\/#website\",\"url\":\"https:\/\/www.uqac.ca\/uqactualites\/\",\"name\":\"UQACtualit\u00e9s\",\"description\":\"Le portail des nouvelles de l&#039;UQAC\",\"potentialAction\":[{\"@type\":\"SearchAction\",\"target\":{\"@type\":\"EntryPoint\",\"urlTemplate\":\"https:\/\/www.uqac.ca\/uqactualites\/?s={search_term_string}\"},\"query-input\":{\"@type\":\"PropertyValueSpecification\",\"valueRequired\":true,\"valueName\":\"search_term_string\"}}],\"inLanguage\":\"fr-CA\"},{\"@type\":\"Person\",\"@id\":\"https:\/\/www.uqac.ca\/uqactualites\/#\/schema\/person\/366c45a0c4f0e677b41b4af5886e2018\",\"name\":\"Service des communications et des relations publiques\",\"image\":{\"@type\":\"ImageObject\",\"inLanguage\":\"fr-CA\",\"@id\":\"https:\/\/www.uqac.ca\/uqactualites\/#\/schema\/person\/image\/\",\"url\":\"https:\/\/secure.gravatar.com\/avatar\/20fbbda8a292f59f2d3461a5b999c00b?s=96&d=mm&r=g\",\"contentUrl\":\"https:\/\/secure.gravatar.com\/avatar\/20fbbda8a292f59f2d3461a5b999c00b?s=96&d=mm&r=g\",\"caption\":\"Service des communications et des relations publiques\"},\"url\":\"https:\/\/www.uqac.ca\/uqactualites\/author\/bap\/\"}]}<\/script>\r\n<!-- \/ Yoast SEO plugin. -->","yoast_head_json":{"title":"Collation des grades des finissants de l'UQAC au Centre d'\u00e9tudes du secteur Est de la C\u00f4te-Nord - UQACtualit\u00e9s","robots":{"index":"index","follow":"follow","max-snippet":"max-snippet:-1","max-image-preview":"max-image-preview:large","max-video-preview":"max-video-preview:-1"},"canonical":"https:\/\/www.uqac.ca\/uqactualites\/2002\/06\/21\/collation-des-grades-des-finissants-de-luqac-au-centre-detudes-du-secteur-est-de-la-cote-nord\/","og_locale":"fr_CA","og_type":"article","og_title":"Collation des grades des finissants de l'UQAC au Centre d'\u00e9tudes du secteur Est de la C\u00f4te-Nord - UQACtualit\u00e9s","og_description":"Saguenay, le vendredi 21 juin 2002 \u2014 Le jeudi 20 juin 2002 avait lieu \u00e0 Sept-\u00celes la collation des grades des finissant(e)s du Centre d&rsquo;\u00e9tudes du secteur Est de la C\u00f4te-Nord. Cent trente-sept (137) personnes ont ainsi \u00e9t\u00e9 honor\u00e9es lors de cette c\u00e9r\u00e9monie protocolaire. Le tout s&rsquo;est d\u00e9roul\u00e9 en pr\u00e9sence de plusieurs parents et amis, [&hellip;]","og_url":"https:\/\/www.uqac.ca\/uqactualites\/2002\/06\/21\/collation-des-grades-des-finissants-de-luqac-au-centre-detudes-du-secteur-est-de-la-cote-nord\/","og_site_name":"UQACtualit\u00e9s","article_published_time":"2002-06-21T14:59:35+00:00","og_image":[{"width":620,"height":300,"url":"https:\/\/www.uqac.ca\/uqactualites\/wp-content\/uploads\/2012\/05\/communiqu-.jpg","type":"image\/jpeg"}],"author":"Service des communications et des relations publiques","twitter_card":"summary_large_image","twitter_misc":{"\u00c9crit par":"Service des communications et des relations publiques","Estimation du temps de lecture":"2 minutes"},"schema":{"@context":"https:\/\/schema.org","@graph":[{"@type":"WebPage","@id":"https:\/\/www.uqac.ca\/uqactualites\/2002\/06\/21\/collation-des-grades-des-finissants-de-luqac-au-centre-detudes-du-secteur-est-de-la-cote-nord\/","url":"https:\/\/www.uqac.ca\/uqactualites\/2002\/06\/21\/collation-des-grades-des-finissants-de-luqac-au-centre-detudes-du-secteur-est-de-la-cote-nord\/","name":"Collation des grades des finissants de l'UQAC au Centre d'\u00e9tudes du secteur Est de la C\u00f4te-Nord - UQACtualit\u00e9s","isPartOf":{"@id":"https:\/\/www.uqac.ca\/uqactualites\/#website"},"primaryImageOfPage":{"@id":"https:\/\/www.uqac.ca\/uqactualites\/2002\/06\/21\/collation-des-grades-des-finissants-de-luqac-au-centre-detudes-du-secteur-est-de-la-cote-nord\/#primaryimage"},"image":{"@id":"https:\/\/www.uqac.ca\/uqactualites\/2002\/06\/21\/collation-des-grades-des-finissants-de-luqac-au-centre-detudes-du-secteur-est-de-la-cote-nord\/#primaryimage"},"thumbnailUrl":"https:\/\/www.uqac.ca\/uqactualites\/wp-content\/uploads\/2012\/05\/communiqu-.jpg","datePublished":"2002-06-21T14:59:35+00:00","dateModified":"2002-06-21T14:59:35+00:00","author":{"@id":"https:\/\/www.uqac.ca\/uqactualites\/#\/schema\/person\/366c45a0c4f0e677b41b4af5886e2018"},"breadcrumb":{"@id":"https:\/\/www.uqac.ca\/uqactualites\/2002\/06\/21\/collation-des-grades-des-finissants-de-luqac-au-centre-detudes-du-secteur-est-de-la-cote-nord\/#breadcrumb"},"inLanguage":"fr-CA","potentialAction":[{"@type":"ReadAction","target":["https:\/\/www.uqac.ca\/uqactualites\/2002\/06\/21\/collation-des-grades-des-finissants-de-luqac-au-centre-detudes-du-secteur-est-de-la-cote-nord\/"]}]},{"@type":"ImageObject","inLanguage":"fr-CA","@id":"https:\/\/www.uqac.ca\/uqactualites\/2002\/06\/21\/collation-des-grades-des-finissants-de-luqac-au-centre-detudes-du-secteur-est-de-la-cote-nord\/#primaryimage","url":"https:\/\/www.uqac.ca\/uqactualites\/wp-content\/uploads\/2012\/05\/communiqu-.jpg","contentUrl":"https:\/\/www.uqac.ca\/uqactualites\/wp-content\/uploads\/2012\/05\/communiqu-.jpg","width":620,"height":300},{"@type":"BreadcrumbList","@id":"https:\/\/www.uqac.ca\/uqactualites\/2002\/06\/21\/collation-des-grades-des-finissants-de-luqac-au-centre-detudes-du-secteur-est-de-la-cote-nord\/#breadcrumb","itemListElement":[{"@type":"ListItem","position":1,"name":"Home","item":"https:\/\/www.uqac.ca\/uqactualites\/"},{"@type":"ListItem","position":2,"name":"Collation des grades des finissants de l&rsquo;UQAC au Centre d&rsquo;\u00e9tudes du secteur Est de la C\u00f4te-Nord"}]},{"@type":"WebSite","@id":"https:\/\/www.uqac.ca\/uqactualites\/#website","url":"https:\/\/www.uqac.ca\/uqactualites\/","name":"UQACtualit\u00e9s","description":"Le portail des nouvelles de l&#039;UQAC","potentialAction":[{"@type":"SearchAction","target":{"@type":"EntryPoint","urlTemplate":"https:\/\/www.uqac.ca\/uqactualites\/?s={search_term_string}"},"query-input":{"@type":"PropertyValueSpecification","valueRequired":true,"valueName":"search_term_string"}}],"inLanguage":"fr-CA"},{"@type":"Person","@id":"https:\/\/www.uqac.ca\/uqactualites\/#\/schema\/person\/366c45a0c4f0e677b41b4af5886e2018","name":"Service des communications et des relations publiques","image":{"@type":"ImageObject","inLanguage":"fr-CA","@id":"https:\/\/www.uqac.ca\/uqactualites\/#\/schema\/person\/image\/","url":"https:\/\/secure.gravatar.com\/avatar\/20fbbda8a292f59f2d3461a5b999c00b?s=96&d=mm&r=g","contentUrl":"https:\/\/secure.gravatar.com\/avatar\/20fbbda8a292f59f2d3461a5b999c00b?s=96&d=mm&r=g","caption":"Service des communications et des relations publiques"},"url":"https:\/\/www.uqac.ca\/uqactualites\/author\/bap\/"}]}},"_links":{"self":[{"href":"https:\/\/www.uqac.ca\/uqactualites\/wp-json\/wp\/v2\/posts\/25169"}],"collection":[{"href":"https:\/\/www.uqac.ca\/uqactualites\/wp-json\/wp\/v2\/posts"}],"about":[{"href":"https:\/\/www.uqac.ca\/uqactualites\/wp-json\/wp\/v2\/types\/post"}],"author":[{"embeddable":true,"href":"https:\/\/www.uqac.ca\/uqactualites\/wp-json\/wp\/v2\/users\/5"}],"replies":[{"embeddable":true,"href":"https:\/\/www.uqac.ca\/uqactualites\/wp-json\/wp\/v2\/comments?post=25169"}],"version-history":[{"count":0,"href":"https:\/\/www.uqac.ca\/uqactualites\/wp-json\/wp\/v2\/posts\/25169\/revisions"}],"wp:featuredmedia":[{"embeddable":true,"href":"https:\/\/www.uqac.ca\/uqactualites\/wp-json\/wp\/v2\/media\/20745"}],"wp:attachment":[{"href":"https:\/\/www.uqac.ca\/uqactualites\/wp-json\/wp\/v2\/media?parent=25169"}],"wp:term":[{"taxonomy":"category","embeddable":true,"href":"https:\/\/www.uqac.ca\/uqactualites\/wp-json\/wp\/v2\/categories?post=25169"},{"taxonomy":"post_tag","embeddable":true,"href":"https:\/\/www.uqac.ca\/uqactualites\/wp-json\/wp\/v2\/tags?post=25169"}],"curies":[{"name":"wp","href":"https:\/\/api.w.org\/{rel}","templated":true}]}}