{"id":25210,"date":"2003-05-27T14:16:58","date_gmt":"2003-05-27T18:16:58","guid":{"rendered":"http:\/\/uqactualite.odev.ca\/?p=25210"},"modified":"2003-05-27T14:16:58","modified_gmt":"2003-05-27T18:16:58","slug":"etudes-en-eco-conseil-a-luqac-cinq-etudiants-etrangers-recoivent-une-bourse","status":"publish","type":"post","link":"https:\/\/www.uqac.ca\/uqactualites\/2003\/05\/27\/etudes-en-eco-conseil-a-luqac-cinq-etudiants-etrangers-recoivent-une-bourse\/","title":{"rendered":"\u00c9tudes en \u00e9co-conseil \u00e0 l&rsquo;UQAC &#8211; Cinq \u00e9tudiants \u00e9trangers re\u00e7oivent une bourse"},"content":{"rendered":"<p style=\"text-align: justify\"><b>Saguenay, le mardi 27 mai 2003 <\/b>\u2014 Gr\u00e2ce \u00e0 une collaboration entre l&rsquo;UQAC et l&rsquo;Institut de l&rsquo;\u00c9nergie et de l&rsquo;environnement de la Francophonie, cinq \u00e9tudiants et \u00e9tudiantes provenant de pays francophones pourront compl\u00e9ter leur formation d&rsquo;\u00e9co-conseiller aux m\u00eames conditions que les \u00e9tudiants qu\u00e9b\u00e9cois dans le cadre d&rsquo;une entente sign\u00e9e le 14 avril 2003 entre le Gouvernement du Qu\u00e9bec et l&rsquo;IEPF. Ces \u00e9tudiants inscrits au programme de D\u00c9SS ont \u00e9t\u00e9 avis\u00e9s le 12 mai dernier qu&rsquo;ils devront satisfaire aux conditions d&rsquo;Immigration Canada relatives aux \u00e9tudiants \u00e9trangers pour commencer leur formation en septembre prochain.<\/p>\n<p style=\"text-align: justify\">\u00ab C&rsquo;est une reconnaissance de la qualit\u00e9 et de la pertinence de notre programme \u00bb a soulign\u00e9 monsieur Claude Villeneuve, professeur responsable du D\u00c9SS en \u00c9co-conseil au d\u00e9partement des sciences fondamentales. \u00ab Ces boursiers viendront ici pour acqu\u00e9rir une formation unique et apprendre \u00e0 travailler avec le r\u00e9seau des \u00e9co-conseillers qu\u00e9b\u00e9cois, fran\u00e7ais et belges. Ils pourront ensuite retourner dans leur pays pour d\u00e9velopper le conseil en environnement et continuer \u00e0 collaborer avec notre universit\u00e9. Nos deux premi\u00e8res cohortes avaient accueilli des \u00e9tudiants \u00e9trangers, mais la troisi\u00e8me sera la plus internationale de toutes. Les \u00e9tudiants qu\u00e9b\u00e9cois devront toutefois toujours repr\u00e9senter la majorit\u00e9 car nous voulons d&rsquo;abord implanter ce m\u00e9tier ici prioritairement. \u00bb<\/p>\n<p style=\"text-align: justify\">Quant au directeur ex\u00e9cutif de l&rsquo;IEPF, monsieur El Habib Benessahraoui, il a d\u00e9clar\u00e9 que \u00ab ce programme de bourses est une manifestation concr\u00e8te de coop\u00e9ration Nord-Sud et traduit bien la notion de solidarit\u00e9 pr\u00e9sente dans toute l&rsquo;action de la Francophonie. Nous sommes heureux que l&rsquo;IEPF y soit associ\u00e9. \u00bb<\/p>\n<p style=\"text-align: justify\">Le D\u00c9SS en \u00c9co-conseil est une formation intensive de deuxi\u00e8me cycle offerte \u00e0 l&rsquo;UQAC depuis janvier 2002. Ce dipl\u00f4me, unique en Am\u00e9rique du Nord, est ouvert \u00e0 des candidats qui ont compl\u00e9t\u00e9 au moins des \u00e9tudes de premier cycle et qui veulent s&rsquo;impliquer dans la mise en oeuvre du d\u00e9veloppement durable dans les entreprises, les collectivit\u00e9s, les gouvernements et les institutions. \u00c0 compter de cet automne, il sera offert aussi \u00e0 des \u00e9tudiants \u00e0 temps partiel qui voudraient faire un cheminement personnalis\u00e9. \u00ab Le succ\u00e8s de nos \u00e9tudiants dans leurs stages et l&rsquo;accueil qui leur est r\u00e9serv\u00e9 sur le march\u00e9 du travail sont extr\u00eamement encourageants \u00bb a soulign\u00e9 monsieur Villeneuve.<\/p>\n<p style=\"text-align: justify\">Pour obtenir des renseignements suppl\u00e9mentaires :<\/p>\n<p style=\"text-align: justify\">Linda Grenon, secr\u00e9taire du D\u00c9SS en \u00c9co-conseil- 545-5011 #2449<br \/>\nSite du programme : http:\/\/dsf.uqac.ca\/dept\/eco-con\/ecocons.htm<\/p>\n<div style=\"text-align: justify\" align=\"center\">\n<p style=\"text-align: center\">-30-<\/p>\n<\/div>\n<p style=\"text-align: justify\">Source: Denis Claveau, agent d&rsquo;information<br \/>\nService des affaires publiques<br \/>\nT\u00e9l\u00e9phone: (418) 545-5011, poste 2350<br \/>\nDenis_Claveau@uqac.ca<\/p>\n","protected":false},"excerpt":{"rendered":"<p>Saguenay, le mardi 27 mai 2003 \u2014 Gr\u00e2ce \u00e0 une collaboration entre l&rsquo;UQAC et l&rsquo;Institut de l&rsquo;\u00c9nergie et de l&rsquo;environnement de la Francophonie, cinq \u00e9tudiants et \u00e9tudiantes provenant de pays francophones pourront compl\u00e9ter leur formation d&rsquo;\u00e9co-conseiller aux m\u00eames conditions que les \u00e9tudiants qu\u00e9b\u00e9cois dans le cadre d&rsquo;une entente sign\u00e9e le 14 avril 2003 entre le [&hellip;]<\/p>\n","protected":false},"author":5,"featured_media":20745,"comment_status":"open","ping_status":"open","sticky":false,"template":"","format":"standard","meta":{"footnotes":""},"categories":[2772],"tags":[],"yoast_head":"<!-- This site is optimized with the Yoast SEO plugin v24.2 - https:\/\/yoast.com\/wordpress\/plugins\/seo\/ -->\r\n<title>\u00c9tudes en \u00e9co-conseil \u00e0 l&#039;UQAC - Cinq \u00e9tudiants \u00e9trangers re\u00e7oivent une bourse - UQACtualit\u00e9s<\/title>\r\n<meta name=\"robots\" content=\"index, follow, max-snippet:-1, max-image-preview:large, max-video-preview:-1\" \/>\r\n<link rel=\"canonical\" href=\"https:\/\/www.uqac.ca\/uqactualites\/2003\/05\/27\/etudes-en-eco-conseil-a-luqac-cinq-etudiants-etrangers-recoivent-une-bourse\/\" \/>\r\n<meta property=\"og:locale\" content=\"fr_CA\" \/>\r\n<meta property=\"og:type\" content=\"article\" \/>\r\n<meta property=\"og:title\" content=\"\u00c9tudes en \u00e9co-conseil \u00e0 l&#039;UQAC - Cinq \u00e9tudiants \u00e9trangers re\u00e7oivent une bourse - UQACtualit\u00e9s\" \/>\r\n<meta property=\"og:description\" content=\"Saguenay, le mardi 27 mai 2003 \u2014 Gr\u00e2ce \u00e0 une collaboration entre l&rsquo;UQAC et l&rsquo;Institut de l&rsquo;\u00c9nergie et de l&rsquo;environnement de la Francophonie, cinq \u00e9tudiants et \u00e9tudiantes provenant de pays francophones pourront compl\u00e9ter leur formation d&rsquo;\u00e9co-conseiller aux m\u00eames conditions que les \u00e9tudiants qu\u00e9b\u00e9cois dans le cadre d&rsquo;une entente sign\u00e9e le 14 avril 2003 entre le [&hellip;]\" \/>\r\n<meta property=\"og:url\" content=\"https:\/\/www.uqac.ca\/uqactualites\/2003\/05\/27\/etudes-en-eco-conseil-a-luqac-cinq-etudiants-etrangers-recoivent-une-bourse\/\" \/>\r\n<meta property=\"og:site_name\" content=\"UQACtualit\u00e9s\" \/>\r\n<meta property=\"article:published_time\" content=\"2003-05-27T18:16:58+00:00\" \/>\r\n<meta property=\"og:image\" content=\"https:\/\/www.uqac.ca\/uqactualites\/wp-content\/uploads\/2012\/05\/communiqu-.jpg\" \/>\r\n\t<meta property=\"og:image:width\" content=\"620\" \/>\r\n\t<meta property=\"og:image:height\" content=\"300\" \/>\r\n\t<meta property=\"og:image:type\" content=\"image\/jpeg\" \/>\r\n<meta name=\"author\" content=\"Service des communications et des relations publiques\" \/>\r\n<meta name=\"twitter:card\" content=\"summary_large_image\" \/>\r\n<meta name=\"twitter:label1\" content=\"\u00c9crit par\" \/>\n\t<meta name=\"twitter:data1\" content=\"Service des communications et des relations publiques\" \/>\n\t<meta name=\"twitter:label2\" content=\"Estimation du temps de lecture\" \/>\n\t<meta name=\"twitter:data2\" content=\"2 minutes\" \/>\r\n<script type=\"application\/ld+json\" class=\"yoast-schema-graph\">{\"@context\":\"https:\/\/schema.org\",\"@graph\":[{\"@type\":\"WebPage\",\"@id\":\"https:\/\/www.uqac.ca\/uqactualites\/2003\/05\/27\/etudes-en-eco-conseil-a-luqac-cinq-etudiants-etrangers-recoivent-une-bourse\/\",\"url\":\"https:\/\/www.uqac.ca\/uqactualites\/2003\/05\/27\/etudes-en-eco-conseil-a-luqac-cinq-etudiants-etrangers-recoivent-une-bourse\/\",\"name\":\"\u00c9tudes en \u00e9co-conseil \u00e0 l'UQAC - Cinq \u00e9tudiants \u00e9trangers re\u00e7oivent une bourse - UQACtualit\u00e9s\",\"isPartOf\":{\"@id\":\"https:\/\/www.uqac.ca\/uqactualites\/#website\"},\"primaryImageOfPage\":{\"@id\":\"https:\/\/www.uqac.ca\/uqactualites\/2003\/05\/27\/etudes-en-eco-conseil-a-luqac-cinq-etudiants-etrangers-recoivent-une-bourse\/#primaryimage\"},\"image\":{\"@id\":\"https:\/\/www.uqac.ca\/uqactualites\/2003\/05\/27\/etudes-en-eco-conseil-a-luqac-cinq-etudiants-etrangers-recoivent-une-bourse\/#primaryimage\"},\"thumbnailUrl\":\"https:\/\/www.uqac.ca\/uqactualites\/wp-content\/uploads\/2012\/05\/communiqu-.jpg\",\"datePublished\":\"2003-05-27T18:16:58+00:00\",\"dateModified\":\"2003-05-27T18:16:58+00:00\",\"author\":{\"@id\":\"https:\/\/www.uqac.ca\/uqactualites\/#\/schema\/person\/366c45a0c4f0e677b41b4af5886e2018\"},\"breadcrumb\":{\"@id\":\"https:\/\/www.uqac.ca\/uqactualites\/2003\/05\/27\/etudes-en-eco-conseil-a-luqac-cinq-etudiants-etrangers-recoivent-une-bourse\/#breadcrumb\"},\"inLanguage\":\"fr-CA\",\"potentialAction\":[{\"@type\":\"ReadAction\",\"target\":[\"https:\/\/www.uqac.ca\/uqactualites\/2003\/05\/27\/etudes-en-eco-conseil-a-luqac-cinq-etudiants-etrangers-recoivent-une-bourse\/\"]}]},{\"@type\":\"ImageObject\",\"inLanguage\":\"fr-CA\",\"@id\":\"https:\/\/www.uqac.ca\/uqactualites\/2003\/05\/27\/etudes-en-eco-conseil-a-luqac-cinq-etudiants-etrangers-recoivent-une-bourse\/#primaryimage\",\"url\":\"https:\/\/www.uqac.ca\/uqactualites\/wp-content\/uploads\/2012\/05\/communiqu-.jpg\",\"contentUrl\":\"https:\/\/www.uqac.ca\/uqactualites\/wp-content\/uploads\/2012\/05\/communiqu-.jpg\",\"width\":620,\"height\":300},{\"@type\":\"BreadcrumbList\",\"@id\":\"https:\/\/www.uqac.ca\/uqactualites\/2003\/05\/27\/etudes-en-eco-conseil-a-luqac-cinq-etudiants-etrangers-recoivent-une-bourse\/#breadcrumb\",\"itemListElement\":[{\"@type\":\"ListItem\",\"position\":1,\"name\":\"Home\",\"item\":\"https:\/\/www.uqac.ca\/uqactualites\/\"},{\"@type\":\"ListItem\",\"position\":2,\"name\":\"\u00c9tudes en \u00e9co-conseil \u00e0 l&rsquo;UQAC &#8211; Cinq \u00e9tudiants \u00e9trangers re\u00e7oivent une bourse\"}]},{\"@type\":\"WebSite\",\"@id\":\"https:\/\/www.uqac.ca\/uqactualites\/#website\",\"url\":\"https:\/\/www.uqac.ca\/uqactualites\/\",\"name\":\"UQACtualit\u00e9s\",\"description\":\"Le portail des nouvelles de l&#039;UQAC\",\"potentialAction\":[{\"@type\":\"SearchAction\",\"target\":{\"@type\":\"EntryPoint\",\"urlTemplate\":\"https:\/\/www.uqac.ca\/uqactualites\/?s={search_term_string}\"},\"query-input\":{\"@type\":\"PropertyValueSpecification\",\"valueRequired\":true,\"valueName\":\"search_term_string\"}}],\"inLanguage\":\"fr-CA\"},{\"@type\":\"Person\",\"@id\":\"https:\/\/www.uqac.ca\/uqactualites\/#\/schema\/person\/366c45a0c4f0e677b41b4af5886e2018\",\"name\":\"Service des communications et des relations publiques\",\"image\":{\"@type\":\"ImageObject\",\"inLanguage\":\"fr-CA\",\"@id\":\"https:\/\/www.uqac.ca\/uqactualites\/#\/schema\/person\/image\/\",\"url\":\"https:\/\/secure.gravatar.com\/avatar\/20fbbda8a292f59f2d3461a5b999c00b?s=96&d=mm&r=g\",\"contentUrl\":\"https:\/\/secure.gravatar.com\/avatar\/20fbbda8a292f59f2d3461a5b999c00b?s=96&d=mm&r=g\",\"caption\":\"Service des communications et des relations publiques\"},\"url\":\"https:\/\/www.uqac.ca\/uqactualites\/author\/bap\/\"}]}<\/script>\r\n<!-- \/ Yoast SEO plugin. -->","yoast_head_json":{"title":"\u00c9tudes en \u00e9co-conseil \u00e0 l'UQAC - Cinq \u00e9tudiants \u00e9trangers re\u00e7oivent une bourse - UQACtualit\u00e9s","robots":{"index":"index","follow":"follow","max-snippet":"max-snippet:-1","max-image-preview":"max-image-preview:large","max-video-preview":"max-video-preview:-1"},"canonical":"https:\/\/www.uqac.ca\/uqactualites\/2003\/05\/27\/etudes-en-eco-conseil-a-luqac-cinq-etudiants-etrangers-recoivent-une-bourse\/","og_locale":"fr_CA","og_type":"article","og_title":"\u00c9tudes en \u00e9co-conseil \u00e0 l'UQAC - Cinq \u00e9tudiants \u00e9trangers re\u00e7oivent une bourse - UQACtualit\u00e9s","og_description":"Saguenay, le mardi 27 mai 2003 \u2014 Gr\u00e2ce \u00e0 une collaboration entre l&rsquo;UQAC et l&rsquo;Institut de l&rsquo;\u00c9nergie et de l&rsquo;environnement de la Francophonie, cinq \u00e9tudiants et \u00e9tudiantes provenant de pays francophones pourront compl\u00e9ter leur formation d&rsquo;\u00e9co-conseiller aux m\u00eames conditions que les \u00e9tudiants qu\u00e9b\u00e9cois dans le cadre d&rsquo;une entente sign\u00e9e le 14 avril 2003 entre le [&hellip;]","og_url":"https:\/\/www.uqac.ca\/uqactualites\/2003\/05\/27\/etudes-en-eco-conseil-a-luqac-cinq-etudiants-etrangers-recoivent-une-bourse\/","og_site_name":"UQACtualit\u00e9s","article_published_time":"2003-05-27T18:16:58+00:00","og_image":[{"width":620,"height":300,"url":"https:\/\/www.uqac.ca\/uqactualites\/wp-content\/uploads\/2012\/05\/communiqu-.jpg","type":"image\/jpeg"}],"author":"Service des communications et des relations publiques","twitter_card":"summary_large_image","twitter_misc":{"\u00c9crit par":"Service des communications et des relations publiques","Estimation du temps de lecture":"2 minutes"},"schema":{"@context":"https:\/\/schema.org","@graph":[{"@type":"WebPage","@id":"https:\/\/www.uqac.ca\/uqactualites\/2003\/05\/27\/etudes-en-eco-conseil-a-luqac-cinq-etudiants-etrangers-recoivent-une-bourse\/","url":"https:\/\/www.uqac.ca\/uqactualites\/2003\/05\/27\/etudes-en-eco-conseil-a-luqac-cinq-etudiants-etrangers-recoivent-une-bourse\/","name":"\u00c9tudes en \u00e9co-conseil \u00e0 l'UQAC - Cinq \u00e9tudiants \u00e9trangers re\u00e7oivent une bourse - UQACtualit\u00e9s","isPartOf":{"@id":"https:\/\/www.uqac.ca\/uqactualites\/#website"},"primaryImageOfPage":{"@id":"https:\/\/www.uqac.ca\/uqactualites\/2003\/05\/27\/etudes-en-eco-conseil-a-luqac-cinq-etudiants-etrangers-recoivent-une-bourse\/#primaryimage"},"image":{"@id":"https:\/\/www.uqac.ca\/uqactualites\/2003\/05\/27\/etudes-en-eco-conseil-a-luqac-cinq-etudiants-etrangers-recoivent-une-bourse\/#primaryimage"},"thumbnailUrl":"https:\/\/www.uqac.ca\/uqactualites\/wp-content\/uploads\/2012\/05\/communiqu-.jpg","datePublished":"2003-05-27T18:16:58+00:00","dateModified":"2003-05-27T18:16:58+00:00","author":{"@id":"https:\/\/www.uqac.ca\/uqactualites\/#\/schema\/person\/366c45a0c4f0e677b41b4af5886e2018"},"breadcrumb":{"@id":"https:\/\/www.uqac.ca\/uqactualites\/2003\/05\/27\/etudes-en-eco-conseil-a-luqac-cinq-etudiants-etrangers-recoivent-une-bourse\/#breadcrumb"},"inLanguage":"fr-CA","potentialAction":[{"@type":"ReadAction","target":["https:\/\/www.uqac.ca\/uqactualites\/2003\/05\/27\/etudes-en-eco-conseil-a-luqac-cinq-etudiants-etrangers-recoivent-une-bourse\/"]}]},{"@type":"ImageObject","inLanguage":"fr-CA","@id":"https:\/\/www.uqac.ca\/uqactualites\/2003\/05\/27\/etudes-en-eco-conseil-a-luqac-cinq-etudiants-etrangers-recoivent-une-bourse\/#primaryimage","url":"https:\/\/www.uqac.ca\/uqactualites\/wp-content\/uploads\/2012\/05\/communiqu-.jpg","contentUrl":"https:\/\/www.uqac.ca\/uqactualites\/wp-content\/uploads\/2012\/05\/communiqu-.jpg","width":620,"height":300},{"@type":"BreadcrumbList","@id":"https:\/\/www.uqac.ca\/uqactualites\/2003\/05\/27\/etudes-en-eco-conseil-a-luqac-cinq-etudiants-etrangers-recoivent-une-bourse\/#breadcrumb","itemListElement":[{"@type":"ListItem","position":1,"name":"Home","item":"https:\/\/www.uqac.ca\/uqactualites\/"},{"@type":"ListItem","position":2,"name":"\u00c9tudes en \u00e9co-conseil \u00e0 l&rsquo;UQAC &#8211; Cinq \u00e9tudiants \u00e9trangers re\u00e7oivent une bourse"}]},{"@type":"WebSite","@id":"https:\/\/www.uqac.ca\/uqactualites\/#website","url":"https:\/\/www.uqac.ca\/uqactualites\/","name":"UQACtualit\u00e9s","description":"Le portail des nouvelles de l&#039;UQAC","potentialAction":[{"@type":"SearchAction","target":{"@type":"EntryPoint","urlTemplate":"https:\/\/www.uqac.ca\/uqactualites\/?s={search_term_string}"},"query-input":{"@type":"PropertyValueSpecification","valueRequired":true,"valueName":"search_term_string"}}],"inLanguage":"fr-CA"},{"@type":"Person","@id":"https:\/\/www.uqac.ca\/uqactualites\/#\/schema\/person\/366c45a0c4f0e677b41b4af5886e2018","name":"Service des communications et des relations publiques","image":{"@type":"ImageObject","inLanguage":"fr-CA","@id":"https:\/\/www.uqac.ca\/uqactualites\/#\/schema\/person\/image\/","url":"https:\/\/secure.gravatar.com\/avatar\/20fbbda8a292f59f2d3461a5b999c00b?s=96&d=mm&r=g","contentUrl":"https:\/\/secure.gravatar.com\/avatar\/20fbbda8a292f59f2d3461a5b999c00b?s=96&d=mm&r=g","caption":"Service des communications et des relations publiques"},"url":"https:\/\/www.uqac.ca\/uqactualites\/author\/bap\/"}]}},"_links":{"self":[{"href":"https:\/\/www.uqac.ca\/uqactualites\/wp-json\/wp\/v2\/posts\/25210"}],"collection":[{"href":"https:\/\/www.uqac.ca\/uqactualites\/wp-json\/wp\/v2\/posts"}],"about":[{"href":"https:\/\/www.uqac.ca\/uqactualites\/wp-json\/wp\/v2\/types\/post"}],"author":[{"embeddable":true,"href":"https:\/\/www.uqac.ca\/uqactualites\/wp-json\/wp\/v2\/users\/5"}],"replies":[{"embeddable":true,"href":"https:\/\/www.uqac.ca\/uqactualites\/wp-json\/wp\/v2\/comments?post=25210"}],"version-history":[{"count":0,"href":"https:\/\/www.uqac.ca\/uqactualites\/wp-json\/wp\/v2\/posts\/25210\/revisions"}],"wp:featuredmedia":[{"embeddable":true,"href":"https:\/\/www.uqac.ca\/uqactualites\/wp-json\/wp\/v2\/media\/20745"}],"wp:attachment":[{"href":"https:\/\/www.uqac.ca\/uqactualites\/wp-json\/wp\/v2\/media?parent=25210"}],"wp:term":[{"taxonomy":"category","embeddable":true,"href":"https:\/\/www.uqac.ca\/uqactualites\/wp-json\/wp\/v2\/categories?post=25210"},{"taxonomy":"post_tag","embeddable":true,"href":"https:\/\/www.uqac.ca\/uqactualites\/wp-json\/wp\/v2\/tags?post=25210"}],"curies":[{"name":"wp","href":"https:\/\/api.w.org\/{rel}","templated":true}]}}