{"id":25216,"date":"2003-06-26T14:21:20","date_gmt":"2003-06-26T18:21:20","guid":{"rendered":"http:\/\/uqactualite.odev.ca\/?p=25216"},"modified":"2003-06-26T14:21:20","modified_gmt":"2003-06-26T18:21:20","slug":"centre-detudes-de-lest-de-la-cote-nord-luqac-demenage-ses-bureaux","status":"publish","type":"post","link":"https:\/\/www.uqac.ca\/uqactualites\/2003\/06\/26\/centre-detudes-de-lest-de-la-cote-nord-luqac-demenage-ses-bureaux\/","title":{"rendered":"Centre d&rsquo;\u00e9tudes de l&rsquo;Est de la C\u00f4te-Nord l&rsquo;UQAC d\u00e9m\u00e9nage ses bureaux"},"content":{"rendered":"<p style=\"text-align: justify\"><b>Sept-Iles, le jeudi 26 juin 2003 &#8211;<\/b> Le Centre d&rsquo;\u00e9tudes de l&rsquo;Est de la C\u00f4te-Nord de l&rsquo;Universit\u00e9 du Qu\u00e9bec \u00e0 Chicoutimi d\u00e9sire informer sa client\u00e8le et la population en g\u00e9n\u00e9ral qu&rsquo;\u00e0 compter du mardi 1er juillet 2003, ses bureaux seront install\u00e9s dans l&rsquo;\u00e9difice du c\u00e9gep de Sept-Iles au 175, De la V\u00e9rendrye.<\/p>\n<p style=\"text-align: justify\">Cette op\u00e9ration rendra plus accessibles les services d&rsquo;enseignement sup\u00e9rieur tels que la biblioth\u00e8que, la coop\u00e9rative \u00e9tudiante, les laboratoires informatiques, etc.<\/p>\n<p style=\"text-align: justify\">L&rsquo;Universit\u00e9 du Qu\u00e9bec \u00e0 Chicoutimi croit que cette d\u00e9cision sera une valeur ajout\u00e9e pour les \u00e9tudiants du secteur Est de la C\u00f4te-Nord.<\/p>\n<p style=\"text-align: justify\">Il nous fera plaisir de vous recevoir dans nos nouveaux locaux pour vous donner l&rsquo;information relative \u00e0 nos services. Il est toujours temps de s&rsquo;inscrire pour le prochain trimestre d&rsquo;automne 2003. N&rsquo;h\u00e9sitez pas \u00e0 venir nous rencontrer.<\/p>\n<p style=\"text-align: justify\">Nouvelles coordonn\u00e9es :<\/p>\n<p style=\"text-align: justify\">Universit\u00e9 du Qu\u00e9bec \u00e0 Chicoutimi<br \/>\nCentre d&rsquo;\u00e9tudes de l&rsquo;Est de la C\u00f4te-Nord<br \/>\n175, De la V\u00e9rendrye<br \/>\nSept-Iles, Qu\u00e9bec<br \/>\nG4R 5B7<\/p>\n<div style=\"text-align: justify\" align=\"center\">\n<p style=\"text-align: center\">-30-<\/p>\n<\/div>\n<p style=\"text-align: justify\">Source : Carmen Murray, Centre d&rsquo;\u00e9tudes de l&rsquo;Est de la C\u00f4te-Nord<br \/>\nT\u00e9l\u00e9phone : (418) 968-4801<br \/>\nT\u00e9l\u00e9copieur : (418) 968-5414<br \/>\nCourriel : <a href=\"mailto:Carmen_Murray@uqac.ca\">Carmen_Murray@uqac.ca<\/a><\/p>\n","protected":false},"excerpt":{"rendered":"<p>Sept-Iles, le jeudi 26 juin 2003 &#8211; Le Centre d&rsquo;\u00e9tudes de l&rsquo;Est de la C\u00f4te-Nord de l&rsquo;Universit\u00e9 du Qu\u00e9bec \u00e0 Chicoutimi d\u00e9sire informer sa client\u00e8le et la population en g\u00e9n\u00e9ral qu&rsquo;\u00e0 compter du mardi 1er juillet 2003, ses bureaux seront install\u00e9s dans l&rsquo;\u00e9difice du c\u00e9gep de Sept-Iles au 175, De la V\u00e9rendrye. Cette op\u00e9ration rendra [&hellip;]<\/p>\n","protected":false},"author":5,"featured_media":20745,"comment_status":"open","ping_status":"open","sticky":false,"template":"","format":"standard","meta":{"footnotes":""},"categories":[2772],"tags":[],"yoast_head":"<!-- This site is optimized with the Yoast SEO plugin v24.2 - https:\/\/yoast.com\/wordpress\/plugins\/seo\/ -->\r\n<title>Centre d&#039;\u00e9tudes de l&#039;Est de la C\u00f4te-Nord l&#039;UQAC d\u00e9m\u00e9nage ses bureaux - UQACtualit\u00e9s<\/title>\r\n<meta name=\"robots\" content=\"index, follow, max-snippet:-1, max-image-preview:large, max-video-preview:-1\" \/>\r\n<link rel=\"canonical\" href=\"https:\/\/www.uqac.ca\/uqactualites\/2003\/06\/26\/centre-detudes-de-lest-de-la-cote-nord-luqac-demenage-ses-bureaux\/\" \/>\r\n<meta property=\"og:locale\" content=\"fr_CA\" \/>\r\n<meta property=\"og:type\" content=\"article\" \/>\r\n<meta property=\"og:title\" content=\"Centre d&#039;\u00e9tudes de l&#039;Est de la C\u00f4te-Nord l&#039;UQAC d\u00e9m\u00e9nage ses bureaux - UQACtualit\u00e9s\" \/>\r\n<meta property=\"og:description\" content=\"Sept-Iles, le jeudi 26 juin 2003 &#8211; Le Centre d&rsquo;\u00e9tudes de l&rsquo;Est de la C\u00f4te-Nord de l&rsquo;Universit\u00e9 du Qu\u00e9bec \u00e0 Chicoutimi d\u00e9sire informer sa client\u00e8le et la population en g\u00e9n\u00e9ral qu&rsquo;\u00e0 compter du mardi 1er juillet 2003, ses bureaux seront install\u00e9s dans l&rsquo;\u00e9difice du c\u00e9gep de Sept-Iles au 175, De la V\u00e9rendrye. Cette op\u00e9ration rendra [&hellip;]\" \/>\r\n<meta property=\"og:url\" content=\"https:\/\/www.uqac.ca\/uqactualites\/2003\/06\/26\/centre-detudes-de-lest-de-la-cote-nord-luqac-demenage-ses-bureaux\/\" \/>\r\n<meta property=\"og:site_name\" content=\"UQACtualit\u00e9s\" \/>\r\n<meta property=\"article:published_time\" content=\"2003-06-26T18:21:20+00:00\" \/>\r\n<meta property=\"og:image\" content=\"https:\/\/www.uqac.ca\/uqactualites\/wp-content\/uploads\/2012\/05\/communiqu-.jpg\" \/>\r\n\t<meta property=\"og:image:width\" content=\"620\" \/>\r\n\t<meta property=\"og:image:height\" content=\"300\" \/>\r\n\t<meta property=\"og:image:type\" content=\"image\/jpeg\" \/>\r\n<meta name=\"author\" content=\"Service des communications et des relations publiques\" \/>\r\n<meta name=\"twitter:card\" content=\"summary_large_image\" \/>\r\n<meta name=\"twitter:label1\" content=\"\u00c9crit par\" \/>\n\t<meta name=\"twitter:data1\" content=\"Service des communications et des relations publiques\" \/>\n\t<meta name=\"twitter:label2\" content=\"Estimation du temps de lecture\" \/>\n\t<meta name=\"twitter:data2\" content=\"1 minute\" \/>\r\n<script type=\"application\/ld+json\" class=\"yoast-schema-graph\">{\"@context\":\"https:\/\/schema.org\",\"@graph\":[{\"@type\":\"WebPage\",\"@id\":\"https:\/\/www.uqac.ca\/uqactualites\/2003\/06\/26\/centre-detudes-de-lest-de-la-cote-nord-luqac-demenage-ses-bureaux\/\",\"url\":\"https:\/\/www.uqac.ca\/uqactualites\/2003\/06\/26\/centre-detudes-de-lest-de-la-cote-nord-luqac-demenage-ses-bureaux\/\",\"name\":\"Centre d'\u00e9tudes de l'Est de la C\u00f4te-Nord l'UQAC d\u00e9m\u00e9nage ses bureaux - UQACtualit\u00e9s\",\"isPartOf\":{\"@id\":\"https:\/\/www.uqac.ca\/uqactualites\/#website\"},\"primaryImageOfPage\":{\"@id\":\"https:\/\/www.uqac.ca\/uqactualites\/2003\/06\/26\/centre-detudes-de-lest-de-la-cote-nord-luqac-demenage-ses-bureaux\/#primaryimage\"},\"image\":{\"@id\":\"https:\/\/www.uqac.ca\/uqactualites\/2003\/06\/26\/centre-detudes-de-lest-de-la-cote-nord-luqac-demenage-ses-bureaux\/#primaryimage\"},\"thumbnailUrl\":\"https:\/\/www.uqac.ca\/uqactualites\/wp-content\/uploads\/2012\/05\/communiqu-.jpg\",\"datePublished\":\"2003-06-26T18:21:20+00:00\",\"dateModified\":\"2003-06-26T18:21:20+00:00\",\"author\":{\"@id\":\"https:\/\/www.uqac.ca\/uqactualites\/#\/schema\/person\/366c45a0c4f0e677b41b4af5886e2018\"},\"breadcrumb\":{\"@id\":\"https:\/\/www.uqac.ca\/uqactualites\/2003\/06\/26\/centre-detudes-de-lest-de-la-cote-nord-luqac-demenage-ses-bureaux\/#breadcrumb\"},\"inLanguage\":\"fr-CA\",\"potentialAction\":[{\"@type\":\"ReadAction\",\"target\":[\"https:\/\/www.uqac.ca\/uqactualites\/2003\/06\/26\/centre-detudes-de-lest-de-la-cote-nord-luqac-demenage-ses-bureaux\/\"]}]},{\"@type\":\"ImageObject\",\"inLanguage\":\"fr-CA\",\"@id\":\"https:\/\/www.uqac.ca\/uqactualites\/2003\/06\/26\/centre-detudes-de-lest-de-la-cote-nord-luqac-demenage-ses-bureaux\/#primaryimage\",\"url\":\"https:\/\/www.uqac.ca\/uqactualites\/wp-content\/uploads\/2012\/05\/communiqu-.jpg\",\"contentUrl\":\"https:\/\/www.uqac.ca\/uqactualites\/wp-content\/uploads\/2012\/05\/communiqu-.jpg\",\"width\":620,\"height\":300},{\"@type\":\"BreadcrumbList\",\"@id\":\"https:\/\/www.uqac.ca\/uqactualites\/2003\/06\/26\/centre-detudes-de-lest-de-la-cote-nord-luqac-demenage-ses-bureaux\/#breadcrumb\",\"itemListElement\":[{\"@type\":\"ListItem\",\"position\":1,\"name\":\"Home\",\"item\":\"https:\/\/www.uqac.ca\/uqactualites\/\"},{\"@type\":\"ListItem\",\"position\":2,\"name\":\"Centre d&rsquo;\u00e9tudes de l&rsquo;Est de la C\u00f4te-Nord l&rsquo;UQAC d\u00e9m\u00e9nage ses bureaux\"}]},{\"@type\":\"WebSite\",\"@id\":\"https:\/\/www.uqac.ca\/uqactualites\/#website\",\"url\":\"https:\/\/www.uqac.ca\/uqactualites\/\",\"name\":\"UQACtualit\u00e9s\",\"description\":\"Le portail des nouvelles de l&#039;UQAC\",\"potentialAction\":[{\"@type\":\"SearchAction\",\"target\":{\"@type\":\"EntryPoint\",\"urlTemplate\":\"https:\/\/www.uqac.ca\/uqactualites\/?s={search_term_string}\"},\"query-input\":{\"@type\":\"PropertyValueSpecification\",\"valueRequired\":true,\"valueName\":\"search_term_string\"}}],\"inLanguage\":\"fr-CA\"},{\"@type\":\"Person\",\"@id\":\"https:\/\/www.uqac.ca\/uqactualites\/#\/schema\/person\/366c45a0c4f0e677b41b4af5886e2018\",\"name\":\"Service des communications et des relations publiques\",\"image\":{\"@type\":\"ImageObject\",\"inLanguage\":\"fr-CA\",\"@id\":\"https:\/\/www.uqac.ca\/uqactualites\/#\/schema\/person\/image\/\",\"url\":\"https:\/\/secure.gravatar.com\/avatar\/20fbbda8a292f59f2d3461a5b999c00b?s=96&d=mm&r=g\",\"contentUrl\":\"https:\/\/secure.gravatar.com\/avatar\/20fbbda8a292f59f2d3461a5b999c00b?s=96&d=mm&r=g\",\"caption\":\"Service des communications et des relations publiques\"},\"url\":\"https:\/\/www.uqac.ca\/uqactualites\/author\/bap\/\"}]}<\/script>\r\n<!-- \/ Yoast SEO plugin. -->","yoast_head_json":{"title":"Centre d'\u00e9tudes de l'Est de la C\u00f4te-Nord l'UQAC d\u00e9m\u00e9nage ses bureaux - UQACtualit\u00e9s","robots":{"index":"index","follow":"follow","max-snippet":"max-snippet:-1","max-image-preview":"max-image-preview:large","max-video-preview":"max-video-preview:-1"},"canonical":"https:\/\/www.uqac.ca\/uqactualites\/2003\/06\/26\/centre-detudes-de-lest-de-la-cote-nord-luqac-demenage-ses-bureaux\/","og_locale":"fr_CA","og_type":"article","og_title":"Centre d'\u00e9tudes de l'Est de la C\u00f4te-Nord l'UQAC d\u00e9m\u00e9nage ses bureaux - UQACtualit\u00e9s","og_description":"Sept-Iles, le jeudi 26 juin 2003 &#8211; Le Centre d&rsquo;\u00e9tudes de l&rsquo;Est de la C\u00f4te-Nord de l&rsquo;Universit\u00e9 du Qu\u00e9bec \u00e0 Chicoutimi d\u00e9sire informer sa client\u00e8le et la population en g\u00e9n\u00e9ral qu&rsquo;\u00e0 compter du mardi 1er juillet 2003, ses bureaux seront install\u00e9s dans l&rsquo;\u00e9difice du c\u00e9gep de Sept-Iles au 175, De la V\u00e9rendrye. Cette op\u00e9ration rendra [&hellip;]","og_url":"https:\/\/www.uqac.ca\/uqactualites\/2003\/06\/26\/centre-detudes-de-lest-de-la-cote-nord-luqac-demenage-ses-bureaux\/","og_site_name":"UQACtualit\u00e9s","article_published_time":"2003-06-26T18:21:20+00:00","og_image":[{"width":620,"height":300,"url":"https:\/\/www.uqac.ca\/uqactualites\/wp-content\/uploads\/2012\/05\/communiqu-.jpg","type":"image\/jpeg"}],"author":"Service des communications et des relations publiques","twitter_card":"summary_large_image","twitter_misc":{"\u00c9crit par":"Service des communications et des relations publiques","Estimation du temps de lecture":"1 minute"},"schema":{"@context":"https:\/\/schema.org","@graph":[{"@type":"WebPage","@id":"https:\/\/www.uqac.ca\/uqactualites\/2003\/06\/26\/centre-detudes-de-lest-de-la-cote-nord-luqac-demenage-ses-bureaux\/","url":"https:\/\/www.uqac.ca\/uqactualites\/2003\/06\/26\/centre-detudes-de-lest-de-la-cote-nord-luqac-demenage-ses-bureaux\/","name":"Centre d'\u00e9tudes de l'Est de la C\u00f4te-Nord l'UQAC d\u00e9m\u00e9nage ses bureaux - UQACtualit\u00e9s","isPartOf":{"@id":"https:\/\/www.uqac.ca\/uqactualites\/#website"},"primaryImageOfPage":{"@id":"https:\/\/www.uqac.ca\/uqactualites\/2003\/06\/26\/centre-detudes-de-lest-de-la-cote-nord-luqac-demenage-ses-bureaux\/#primaryimage"},"image":{"@id":"https:\/\/www.uqac.ca\/uqactualites\/2003\/06\/26\/centre-detudes-de-lest-de-la-cote-nord-luqac-demenage-ses-bureaux\/#primaryimage"},"thumbnailUrl":"https:\/\/www.uqac.ca\/uqactualites\/wp-content\/uploads\/2012\/05\/communiqu-.jpg","datePublished":"2003-06-26T18:21:20+00:00","dateModified":"2003-06-26T18:21:20+00:00","author":{"@id":"https:\/\/www.uqac.ca\/uqactualites\/#\/schema\/person\/366c45a0c4f0e677b41b4af5886e2018"},"breadcrumb":{"@id":"https:\/\/www.uqac.ca\/uqactualites\/2003\/06\/26\/centre-detudes-de-lest-de-la-cote-nord-luqac-demenage-ses-bureaux\/#breadcrumb"},"inLanguage":"fr-CA","potentialAction":[{"@type":"ReadAction","target":["https:\/\/www.uqac.ca\/uqactualites\/2003\/06\/26\/centre-detudes-de-lest-de-la-cote-nord-luqac-demenage-ses-bureaux\/"]}]},{"@type":"ImageObject","inLanguage":"fr-CA","@id":"https:\/\/www.uqac.ca\/uqactualites\/2003\/06\/26\/centre-detudes-de-lest-de-la-cote-nord-luqac-demenage-ses-bureaux\/#primaryimage","url":"https:\/\/www.uqac.ca\/uqactualites\/wp-content\/uploads\/2012\/05\/communiqu-.jpg","contentUrl":"https:\/\/www.uqac.ca\/uqactualites\/wp-content\/uploads\/2012\/05\/communiqu-.jpg","width":620,"height":300},{"@type":"BreadcrumbList","@id":"https:\/\/www.uqac.ca\/uqactualites\/2003\/06\/26\/centre-detudes-de-lest-de-la-cote-nord-luqac-demenage-ses-bureaux\/#breadcrumb","itemListElement":[{"@type":"ListItem","position":1,"name":"Home","item":"https:\/\/www.uqac.ca\/uqactualites\/"},{"@type":"ListItem","position":2,"name":"Centre d&rsquo;\u00e9tudes de l&rsquo;Est de la C\u00f4te-Nord l&rsquo;UQAC d\u00e9m\u00e9nage ses bureaux"}]},{"@type":"WebSite","@id":"https:\/\/www.uqac.ca\/uqactualites\/#website","url":"https:\/\/www.uqac.ca\/uqactualites\/","name":"UQACtualit\u00e9s","description":"Le portail des nouvelles de l&#039;UQAC","potentialAction":[{"@type":"SearchAction","target":{"@type":"EntryPoint","urlTemplate":"https:\/\/www.uqac.ca\/uqactualites\/?s={search_term_string}"},"query-input":{"@type":"PropertyValueSpecification","valueRequired":true,"valueName":"search_term_string"}}],"inLanguage":"fr-CA"},{"@type":"Person","@id":"https:\/\/www.uqac.ca\/uqactualites\/#\/schema\/person\/366c45a0c4f0e677b41b4af5886e2018","name":"Service des communications et des relations publiques","image":{"@type":"ImageObject","inLanguage":"fr-CA","@id":"https:\/\/www.uqac.ca\/uqactualites\/#\/schema\/person\/image\/","url":"https:\/\/secure.gravatar.com\/avatar\/20fbbda8a292f59f2d3461a5b999c00b?s=96&d=mm&r=g","contentUrl":"https:\/\/secure.gravatar.com\/avatar\/20fbbda8a292f59f2d3461a5b999c00b?s=96&d=mm&r=g","caption":"Service des communications et des relations publiques"},"url":"https:\/\/www.uqac.ca\/uqactualites\/author\/bap\/"}]}},"_links":{"self":[{"href":"https:\/\/www.uqac.ca\/uqactualites\/wp-json\/wp\/v2\/posts\/25216"}],"collection":[{"href":"https:\/\/www.uqac.ca\/uqactualites\/wp-json\/wp\/v2\/posts"}],"about":[{"href":"https:\/\/www.uqac.ca\/uqactualites\/wp-json\/wp\/v2\/types\/post"}],"author":[{"embeddable":true,"href":"https:\/\/www.uqac.ca\/uqactualites\/wp-json\/wp\/v2\/users\/5"}],"replies":[{"embeddable":true,"href":"https:\/\/www.uqac.ca\/uqactualites\/wp-json\/wp\/v2\/comments?post=25216"}],"version-history":[{"count":0,"href":"https:\/\/www.uqac.ca\/uqactualites\/wp-json\/wp\/v2\/posts\/25216\/revisions"}],"wp:featuredmedia":[{"embeddable":true,"href":"https:\/\/www.uqac.ca\/uqactualites\/wp-json\/wp\/v2\/media\/20745"}],"wp:attachment":[{"href":"https:\/\/www.uqac.ca\/uqactualites\/wp-json\/wp\/v2\/media?parent=25216"}],"wp:term":[{"taxonomy":"category","embeddable":true,"href":"https:\/\/www.uqac.ca\/uqactualites\/wp-json\/wp\/v2\/categories?post=25216"},{"taxonomy":"post_tag","embeddable":true,"href":"https:\/\/www.uqac.ca\/uqactualites\/wp-json\/wp\/v2\/tags?post=25216"}],"curies":[{"name":"wp","href":"https:\/\/api.w.org\/{rel}","templated":true}]}}