{"id":25223,"date":"2003-09-30T14:52:48","date_gmt":"2003-09-30T18:52:48","guid":{"rendered":"http:\/\/uqactualite.odev.ca\/?p=25223"},"modified":"2003-09-30T14:52:48","modified_gmt":"2003-09-30T18:52:48","slug":"dess-en-eco-conseil-de-luqac-le-conseil-de-formation-rend-visite-a-la-troisieme-cohorte-detudiants","status":"publish","type":"post","link":"https:\/\/www.uqac.ca\/uqactualites\/2003\/09\/30\/dess-en-eco-conseil-de-luqac-le-conseil-de-formation-rend-visite-a-la-troisieme-cohorte-detudiants\/","title":{"rendered":"D\u00c9SS en \u00e9co-conseil de l&rsquo;UQAC &#8211; Le Conseil de formation rend visite \u00e0 la troisi\u00e8me cohorte d&rsquo;\u00e9tudiants"},"content":{"rendered":"<p style=\"text-align: justify\"><b>Saguenay, le mardi 30 septembre 2003 <\/b>&#8211; Le Conseil de formation du Dipl\u00f4me d&rsquo;\u00e9tudes sup\u00e9rieures sp\u00e9cialis\u00e9es (D\u00c9SS) en \u00e9co-conseil de l&rsquo;UQAC tient aujourd&rsquo;hui sa quatri\u00e8me r\u00e9union d&rsquo;orientation. Une journ\u00e9e particuli\u00e8re, sous le signe des enjeux \u00e0 venir et qui donne l&rsquo;occasion aux \u00e9tudiants du D\u00c9SS en \u00e9co-conseil de rencontrer ces gens. (voir la liste ci-jointe des membres du Conseil de formation)<\/p>\n<p style=\"text-align: justify\">Les membres de la presse sont \u00e9galement invit\u00e9s \u00e0 rencontrer le Conseil de formation, les \u00e9tudiants et les professeurs du D\u00c9SS en \u00e9co-conseil de l&rsquo;UQAC \u00e0 l&rsquo;occasion d&rsquo;un d\u00eener qui se tiendra le mardi 30 septembre 2003, au local P4-2240 du Pavillon principal de l&rsquo;UQAC \u00e0 compter de 12 h 30.<\/p>\n<p style=\"text-align: justify\">\u00ab Toutes nos hypoth\u00e8ses sont en voie de r\u00e9alisation \u00bb d\u00e9clarait madame Ginette Bureau vice-pr\u00e9sidente de Recyc-Qu\u00e9bec et pr\u00e9sidente du Conseil de formation du D\u00c9SS en \u00c9co-conseil. \u00abLe recrutement d&rsquo;\u00e9tudiants au Qu\u00e9bec et \u00e0 l&rsquo;\u00e9tranger a \u00e9t\u00e9 excellent, les dipl\u00f4m\u00e9s de la premi\u00e8re cohorte se tirent bien d&rsquo;affaire sur le march\u00e9 de l&#8217;emploi, les \u00e9tudiants de la deuxi\u00e8me cohorte ont tous r\u00e9alis\u00e9 des stages int\u00e9ressants dont plusieurs se sont vus prolong\u00e9s ou transform\u00e9s en emplois. Et par ailleurs, la nouvelle cohorte a accueilli ses premiers \u00e9tudiants \u00e0 temps partiel. C&rsquo;est extr\u00eamement satisfaisant!\u00bb<\/p>\n<p style=\"text-align: justify\">Pour sa part, monsieur Claude Villeneuve, professeur responsable du programme d\u00e9plorait que les six \u00e9tudiants africains \u2014 dont cinq boursiers et un fonctionnaire des Nations-Unies \u2014 n&rsquo;aient pas r\u00e9ussi \u00e0 obtenir leur visa d&rsquo;Immigration Canada.<\/p>\n<p style=\"text-align: justify\">\u00ab Cette situation est d\u00e9plorable et elle jette un peu d&rsquo;ombre sur l&rsquo;atteinte de nos autres objectifs. Les difficult\u00e9s impos\u00e9es par Immigration Canada sont r\u00e9dhibitoires et nous emp\u00eachent de contribuer efficacement \u00e0 former des gens capables d&rsquo;implanter l\u00e0-bas des projets de d\u00e9veloppement durable! \u00bb Des d\u00e9marches sont en cours pour que cette situation soit corrig\u00e9e pour l&rsquo;automne prochain.<\/p>\n<p style=\"text-align: justify\">Le D\u00c9SS en \u00c9co-conseil est un programme unique en Am\u00e9rique du Nord qui se donne \u00e0 l&rsquo;UQAC depuis janvier 2002. Des \u00e9tudiants titulaires d&rsquo;un dipl\u00f4me de premier cycle dans diverses disciplines y apprennent \u00e0 devenir \u00e9co-conseillers, c&rsquo;est-\u00e0-dire des conseillers en environnement pour le d\u00e9veloppement durable. Cette formation a fait ses preuves en Europe d&rsquo;o\u00f9 l&rsquo;UQAC a import\u00e9 l&rsquo;id\u00e9e.<\/p>\n<div style=\"text-align: justify\" align=\"center\">\n<p style=\"text-align: center\">-30-<\/p>\n<\/div>\n<p style=\"text-align: justify\">Source: Denis Claveau, agent d&rsquo;information<br \/>\nService des affaires publiques<br \/>\nT\u00e9l\u00e9phone: (418) 545-5011, poste 2350<br \/>\nDenis_Claveau@uqac.ca<\/p>\n","protected":false},"excerpt":{"rendered":"<p>Saguenay, le mardi 30 septembre 2003 &#8211; Le Conseil de formation du Dipl\u00f4me d&rsquo;\u00e9tudes sup\u00e9rieures sp\u00e9cialis\u00e9es (D\u00c9SS) en \u00e9co-conseil de l&rsquo;UQAC tient aujourd&rsquo;hui sa quatri\u00e8me r\u00e9union d&rsquo;orientation. Une journ\u00e9e particuli\u00e8re, sous le signe des enjeux \u00e0 venir et qui donne l&rsquo;occasion aux \u00e9tudiants du D\u00c9SS en \u00e9co-conseil de rencontrer ces gens. (voir la liste ci-jointe [&hellip;]<\/p>\n","protected":false},"author":5,"featured_media":20745,"comment_status":"open","ping_status":"open","sticky":false,"template":"","format":"standard","meta":{"footnotes":""},"categories":[2772],"tags":[],"yoast_head":"<!-- This site is optimized with the Yoast SEO plugin v24.2 - https:\/\/yoast.com\/wordpress\/plugins\/seo\/ -->\r\n<title>D\u00c9SS en \u00e9co-conseil de l&#039;UQAC - Le Conseil de formation rend visite \u00e0 la troisi\u00e8me cohorte d&#039;\u00e9tudiants - UQACtualit\u00e9s<\/title>\r\n<meta name=\"robots\" content=\"index, follow, max-snippet:-1, max-image-preview:large, max-video-preview:-1\" \/>\r\n<link rel=\"canonical\" href=\"https:\/\/www.uqac.ca\/uqactualites\/2003\/09\/30\/dess-en-eco-conseil-de-luqac-le-conseil-de-formation-rend-visite-a-la-troisieme-cohorte-detudiants\/\" \/>\r\n<meta property=\"og:locale\" content=\"fr_CA\" \/>\r\n<meta property=\"og:type\" content=\"article\" \/>\r\n<meta property=\"og:title\" content=\"D\u00c9SS en \u00e9co-conseil de l&#039;UQAC - Le Conseil de formation rend visite \u00e0 la troisi\u00e8me cohorte d&#039;\u00e9tudiants - UQACtualit\u00e9s\" \/>\r\n<meta property=\"og:description\" content=\"Saguenay, le mardi 30 septembre 2003 &#8211; Le Conseil de formation du Dipl\u00f4me d&rsquo;\u00e9tudes sup\u00e9rieures sp\u00e9cialis\u00e9es (D\u00c9SS) en \u00e9co-conseil de l&rsquo;UQAC tient aujourd&rsquo;hui sa quatri\u00e8me r\u00e9union d&rsquo;orientation. Une journ\u00e9e particuli\u00e8re, sous le signe des enjeux \u00e0 venir et qui donne l&rsquo;occasion aux \u00e9tudiants du D\u00c9SS en \u00e9co-conseil de rencontrer ces gens. (voir la liste ci-jointe [&hellip;]\" \/>\r\n<meta property=\"og:url\" content=\"https:\/\/www.uqac.ca\/uqactualites\/2003\/09\/30\/dess-en-eco-conseil-de-luqac-le-conseil-de-formation-rend-visite-a-la-troisieme-cohorte-detudiants\/\" \/>\r\n<meta property=\"og:site_name\" content=\"UQACtualit\u00e9s\" \/>\r\n<meta property=\"article:published_time\" content=\"2003-09-30T18:52:48+00:00\" \/>\r\n<meta property=\"og:image\" content=\"https:\/\/www.uqac.ca\/uqactualites\/wp-content\/uploads\/2012\/05\/communiqu-.jpg\" \/>\r\n\t<meta property=\"og:image:width\" content=\"620\" \/>\r\n\t<meta property=\"og:image:height\" content=\"300\" \/>\r\n\t<meta property=\"og:image:type\" content=\"image\/jpeg\" \/>\r\n<meta name=\"author\" content=\"Service des communications et des relations publiques\" \/>\r\n<meta name=\"twitter:card\" content=\"summary_large_image\" \/>\r\n<meta name=\"twitter:label1\" content=\"\u00c9crit par\" \/>\n\t<meta name=\"twitter:data1\" content=\"Service des communications et des relations publiques\" \/>\n\t<meta name=\"twitter:label2\" content=\"Estimation du temps de lecture\" \/>\n\t<meta name=\"twitter:data2\" content=\"2 minutes\" \/>\r\n<script type=\"application\/ld+json\" class=\"yoast-schema-graph\">{\"@context\":\"https:\/\/schema.org\",\"@graph\":[{\"@type\":\"WebPage\",\"@id\":\"https:\/\/www.uqac.ca\/uqactualites\/2003\/09\/30\/dess-en-eco-conseil-de-luqac-le-conseil-de-formation-rend-visite-a-la-troisieme-cohorte-detudiants\/\",\"url\":\"https:\/\/www.uqac.ca\/uqactualites\/2003\/09\/30\/dess-en-eco-conseil-de-luqac-le-conseil-de-formation-rend-visite-a-la-troisieme-cohorte-detudiants\/\",\"name\":\"D\u00c9SS en \u00e9co-conseil de l'UQAC - Le Conseil de formation rend visite \u00e0 la troisi\u00e8me cohorte d'\u00e9tudiants - UQACtualit\u00e9s\",\"isPartOf\":{\"@id\":\"https:\/\/www.uqac.ca\/uqactualites\/#website\"},\"primaryImageOfPage\":{\"@id\":\"https:\/\/www.uqac.ca\/uqactualites\/2003\/09\/30\/dess-en-eco-conseil-de-luqac-le-conseil-de-formation-rend-visite-a-la-troisieme-cohorte-detudiants\/#primaryimage\"},\"image\":{\"@id\":\"https:\/\/www.uqac.ca\/uqactualites\/2003\/09\/30\/dess-en-eco-conseil-de-luqac-le-conseil-de-formation-rend-visite-a-la-troisieme-cohorte-detudiants\/#primaryimage\"},\"thumbnailUrl\":\"https:\/\/www.uqac.ca\/uqactualites\/wp-content\/uploads\/2012\/05\/communiqu-.jpg\",\"datePublished\":\"2003-09-30T18:52:48+00:00\",\"dateModified\":\"2003-09-30T18:52:48+00:00\",\"author\":{\"@id\":\"https:\/\/www.uqac.ca\/uqactualites\/#\/schema\/person\/366c45a0c4f0e677b41b4af5886e2018\"},\"breadcrumb\":{\"@id\":\"https:\/\/www.uqac.ca\/uqactualites\/2003\/09\/30\/dess-en-eco-conseil-de-luqac-le-conseil-de-formation-rend-visite-a-la-troisieme-cohorte-detudiants\/#breadcrumb\"},\"inLanguage\":\"fr-CA\",\"potentialAction\":[{\"@type\":\"ReadAction\",\"target\":[\"https:\/\/www.uqac.ca\/uqactualites\/2003\/09\/30\/dess-en-eco-conseil-de-luqac-le-conseil-de-formation-rend-visite-a-la-troisieme-cohorte-detudiants\/\"]}]},{\"@type\":\"ImageObject\",\"inLanguage\":\"fr-CA\",\"@id\":\"https:\/\/www.uqac.ca\/uqactualites\/2003\/09\/30\/dess-en-eco-conseil-de-luqac-le-conseil-de-formation-rend-visite-a-la-troisieme-cohorte-detudiants\/#primaryimage\",\"url\":\"https:\/\/www.uqac.ca\/uqactualites\/wp-content\/uploads\/2012\/05\/communiqu-.jpg\",\"contentUrl\":\"https:\/\/www.uqac.ca\/uqactualites\/wp-content\/uploads\/2012\/05\/communiqu-.jpg\",\"width\":620,\"height\":300},{\"@type\":\"BreadcrumbList\",\"@id\":\"https:\/\/www.uqac.ca\/uqactualites\/2003\/09\/30\/dess-en-eco-conseil-de-luqac-le-conseil-de-formation-rend-visite-a-la-troisieme-cohorte-detudiants\/#breadcrumb\",\"itemListElement\":[{\"@type\":\"ListItem\",\"position\":1,\"name\":\"Home\",\"item\":\"https:\/\/www.uqac.ca\/uqactualites\/\"},{\"@type\":\"ListItem\",\"position\":2,\"name\":\"D\u00c9SS en \u00e9co-conseil de l&rsquo;UQAC &#8211; Le Conseil de formation rend visite \u00e0 la troisi\u00e8me cohorte d&rsquo;\u00e9tudiants\"}]},{\"@type\":\"WebSite\",\"@id\":\"https:\/\/www.uqac.ca\/uqactualites\/#website\",\"url\":\"https:\/\/www.uqac.ca\/uqactualites\/\",\"name\":\"UQACtualit\u00e9s\",\"description\":\"Le portail des nouvelles de l&#039;UQAC\",\"potentialAction\":[{\"@type\":\"SearchAction\",\"target\":{\"@type\":\"EntryPoint\",\"urlTemplate\":\"https:\/\/www.uqac.ca\/uqactualites\/?s={search_term_string}\"},\"query-input\":{\"@type\":\"PropertyValueSpecification\",\"valueRequired\":true,\"valueName\":\"search_term_string\"}}],\"inLanguage\":\"fr-CA\"},{\"@type\":\"Person\",\"@id\":\"https:\/\/www.uqac.ca\/uqactualites\/#\/schema\/person\/366c45a0c4f0e677b41b4af5886e2018\",\"name\":\"Service des communications et des relations publiques\",\"image\":{\"@type\":\"ImageObject\",\"inLanguage\":\"fr-CA\",\"@id\":\"https:\/\/www.uqac.ca\/uqactualites\/#\/schema\/person\/image\/\",\"url\":\"https:\/\/secure.gravatar.com\/avatar\/20fbbda8a292f59f2d3461a5b999c00b?s=96&d=mm&r=g\",\"contentUrl\":\"https:\/\/secure.gravatar.com\/avatar\/20fbbda8a292f59f2d3461a5b999c00b?s=96&d=mm&r=g\",\"caption\":\"Service des communications et des relations publiques\"},\"url\":\"https:\/\/www.uqac.ca\/uqactualites\/author\/bap\/\"}]}<\/script>\r\n<!-- \/ Yoast SEO plugin. -->","yoast_head_json":{"title":"D\u00c9SS en \u00e9co-conseil de l'UQAC - Le Conseil de formation rend visite \u00e0 la troisi\u00e8me cohorte d'\u00e9tudiants - UQACtualit\u00e9s","robots":{"index":"index","follow":"follow","max-snippet":"max-snippet:-1","max-image-preview":"max-image-preview:large","max-video-preview":"max-video-preview:-1"},"canonical":"https:\/\/www.uqac.ca\/uqactualites\/2003\/09\/30\/dess-en-eco-conseil-de-luqac-le-conseil-de-formation-rend-visite-a-la-troisieme-cohorte-detudiants\/","og_locale":"fr_CA","og_type":"article","og_title":"D\u00c9SS en \u00e9co-conseil de l'UQAC - Le Conseil de formation rend visite \u00e0 la troisi\u00e8me cohorte d'\u00e9tudiants - UQACtualit\u00e9s","og_description":"Saguenay, le mardi 30 septembre 2003 &#8211; Le Conseil de formation du Dipl\u00f4me d&rsquo;\u00e9tudes sup\u00e9rieures sp\u00e9cialis\u00e9es (D\u00c9SS) en \u00e9co-conseil de l&rsquo;UQAC tient aujourd&rsquo;hui sa quatri\u00e8me r\u00e9union d&rsquo;orientation. Une journ\u00e9e particuli\u00e8re, sous le signe des enjeux \u00e0 venir et qui donne l&rsquo;occasion aux \u00e9tudiants du D\u00c9SS en \u00e9co-conseil de rencontrer ces gens. (voir la liste ci-jointe [&hellip;]","og_url":"https:\/\/www.uqac.ca\/uqactualites\/2003\/09\/30\/dess-en-eco-conseil-de-luqac-le-conseil-de-formation-rend-visite-a-la-troisieme-cohorte-detudiants\/","og_site_name":"UQACtualit\u00e9s","article_published_time":"2003-09-30T18:52:48+00:00","og_image":[{"width":620,"height":300,"url":"https:\/\/www.uqac.ca\/uqactualites\/wp-content\/uploads\/2012\/05\/communiqu-.jpg","type":"image\/jpeg"}],"author":"Service des communications et des relations publiques","twitter_card":"summary_large_image","twitter_misc":{"\u00c9crit par":"Service des communications et des relations publiques","Estimation du temps de lecture":"2 minutes"},"schema":{"@context":"https:\/\/schema.org","@graph":[{"@type":"WebPage","@id":"https:\/\/www.uqac.ca\/uqactualites\/2003\/09\/30\/dess-en-eco-conseil-de-luqac-le-conseil-de-formation-rend-visite-a-la-troisieme-cohorte-detudiants\/","url":"https:\/\/www.uqac.ca\/uqactualites\/2003\/09\/30\/dess-en-eco-conseil-de-luqac-le-conseil-de-formation-rend-visite-a-la-troisieme-cohorte-detudiants\/","name":"D\u00c9SS en \u00e9co-conseil de l'UQAC - Le Conseil de formation rend visite \u00e0 la troisi\u00e8me cohorte d'\u00e9tudiants - UQACtualit\u00e9s","isPartOf":{"@id":"https:\/\/www.uqac.ca\/uqactualites\/#website"},"primaryImageOfPage":{"@id":"https:\/\/www.uqac.ca\/uqactualites\/2003\/09\/30\/dess-en-eco-conseil-de-luqac-le-conseil-de-formation-rend-visite-a-la-troisieme-cohorte-detudiants\/#primaryimage"},"image":{"@id":"https:\/\/www.uqac.ca\/uqactualites\/2003\/09\/30\/dess-en-eco-conseil-de-luqac-le-conseil-de-formation-rend-visite-a-la-troisieme-cohorte-detudiants\/#primaryimage"},"thumbnailUrl":"https:\/\/www.uqac.ca\/uqactualites\/wp-content\/uploads\/2012\/05\/communiqu-.jpg","datePublished":"2003-09-30T18:52:48+00:00","dateModified":"2003-09-30T18:52:48+00:00","author":{"@id":"https:\/\/www.uqac.ca\/uqactualites\/#\/schema\/person\/366c45a0c4f0e677b41b4af5886e2018"},"breadcrumb":{"@id":"https:\/\/www.uqac.ca\/uqactualites\/2003\/09\/30\/dess-en-eco-conseil-de-luqac-le-conseil-de-formation-rend-visite-a-la-troisieme-cohorte-detudiants\/#breadcrumb"},"inLanguage":"fr-CA","potentialAction":[{"@type":"ReadAction","target":["https:\/\/www.uqac.ca\/uqactualites\/2003\/09\/30\/dess-en-eco-conseil-de-luqac-le-conseil-de-formation-rend-visite-a-la-troisieme-cohorte-detudiants\/"]}]},{"@type":"ImageObject","inLanguage":"fr-CA","@id":"https:\/\/www.uqac.ca\/uqactualites\/2003\/09\/30\/dess-en-eco-conseil-de-luqac-le-conseil-de-formation-rend-visite-a-la-troisieme-cohorte-detudiants\/#primaryimage","url":"https:\/\/www.uqac.ca\/uqactualites\/wp-content\/uploads\/2012\/05\/communiqu-.jpg","contentUrl":"https:\/\/www.uqac.ca\/uqactualites\/wp-content\/uploads\/2012\/05\/communiqu-.jpg","width":620,"height":300},{"@type":"BreadcrumbList","@id":"https:\/\/www.uqac.ca\/uqactualites\/2003\/09\/30\/dess-en-eco-conseil-de-luqac-le-conseil-de-formation-rend-visite-a-la-troisieme-cohorte-detudiants\/#breadcrumb","itemListElement":[{"@type":"ListItem","position":1,"name":"Home","item":"https:\/\/www.uqac.ca\/uqactualites\/"},{"@type":"ListItem","position":2,"name":"D\u00c9SS en \u00e9co-conseil de l&rsquo;UQAC &#8211; Le Conseil de formation rend visite \u00e0 la troisi\u00e8me cohorte d&rsquo;\u00e9tudiants"}]},{"@type":"WebSite","@id":"https:\/\/www.uqac.ca\/uqactualites\/#website","url":"https:\/\/www.uqac.ca\/uqactualites\/","name":"UQACtualit\u00e9s","description":"Le portail des nouvelles de l&#039;UQAC","potentialAction":[{"@type":"SearchAction","target":{"@type":"EntryPoint","urlTemplate":"https:\/\/www.uqac.ca\/uqactualites\/?s={search_term_string}"},"query-input":{"@type":"PropertyValueSpecification","valueRequired":true,"valueName":"search_term_string"}}],"inLanguage":"fr-CA"},{"@type":"Person","@id":"https:\/\/www.uqac.ca\/uqactualites\/#\/schema\/person\/366c45a0c4f0e677b41b4af5886e2018","name":"Service des communications et des relations publiques","image":{"@type":"ImageObject","inLanguage":"fr-CA","@id":"https:\/\/www.uqac.ca\/uqactualites\/#\/schema\/person\/image\/","url":"https:\/\/secure.gravatar.com\/avatar\/20fbbda8a292f59f2d3461a5b999c00b?s=96&d=mm&r=g","contentUrl":"https:\/\/secure.gravatar.com\/avatar\/20fbbda8a292f59f2d3461a5b999c00b?s=96&d=mm&r=g","caption":"Service des communications et des relations publiques"},"url":"https:\/\/www.uqac.ca\/uqactualites\/author\/bap\/"}]}},"_links":{"self":[{"href":"https:\/\/www.uqac.ca\/uqactualites\/wp-json\/wp\/v2\/posts\/25223"}],"collection":[{"href":"https:\/\/www.uqac.ca\/uqactualites\/wp-json\/wp\/v2\/posts"}],"about":[{"href":"https:\/\/www.uqac.ca\/uqactualites\/wp-json\/wp\/v2\/types\/post"}],"author":[{"embeddable":true,"href":"https:\/\/www.uqac.ca\/uqactualites\/wp-json\/wp\/v2\/users\/5"}],"replies":[{"embeddable":true,"href":"https:\/\/www.uqac.ca\/uqactualites\/wp-json\/wp\/v2\/comments?post=25223"}],"version-history":[{"count":0,"href":"https:\/\/www.uqac.ca\/uqactualites\/wp-json\/wp\/v2\/posts\/25223\/revisions"}],"wp:featuredmedia":[{"embeddable":true,"href":"https:\/\/www.uqac.ca\/uqactualites\/wp-json\/wp\/v2\/media\/20745"}],"wp:attachment":[{"href":"https:\/\/www.uqac.ca\/uqactualites\/wp-json\/wp\/v2\/media?parent=25223"}],"wp:term":[{"taxonomy":"category","embeddable":true,"href":"https:\/\/www.uqac.ca\/uqactualites\/wp-json\/wp\/v2\/categories?post=25223"},{"taxonomy":"post_tag","embeddable":true,"href":"https:\/\/www.uqac.ca\/uqactualites\/wp-json\/wp\/v2\/tags?post=25223"}],"curies":[{"name":"wp","href":"https:\/\/api.w.org\/{rel}","templated":true}]}}