{"id":25254,"date":"2004-04-14T15:24:29","date_gmt":"2004-04-14T19:24:29","guid":{"rendered":"http:\/\/uqactualite.odev.ca\/?p=25254"},"modified":"2004-04-14T15:24:29","modified_gmt":"2004-04-14T19:24:29","slug":"nomination-m-stephane-aubin-au-poste-de-doyen-de-la-gestion-academique-de-luqac","status":"publish","type":"post","link":"https:\/\/www.uqac.ca\/uqactualites\/2004\/04\/14\/nomination-m-stephane-aubin-au-poste-de-doyen-de-la-gestion-academique-de-luqac\/","title":{"rendered":"Nomination M. St\u00e9phane Aubin au poste de doyen de la gestion acad\u00e9mique de l&rsquo;UQAC"},"content":{"rendered":"<p style=\"text-align: justify\">Saguenay, le 14 avril 2004 \u2013 Lors de sa 352e r\u00e9union ordinaire tenue le 9 mars 2004, le Conseil d&rsquo;administration de l&rsquo;UQAC a proc\u00e9d\u00e9 \u00e0 la nomination de M. St\u00e9phane Aubin au poste de doyen de la gestion acad\u00e9mique pour un mandat d&rsquo;une dur\u00e9e de quatre ans, depuis le 25 mars 2004.<\/p>\n<p style=\"text-align: justify\">M. Aubin est titulaire d&rsquo;une ma\u00eetrise en psychologie de l&rsquo;Universit\u00e9 de Montr\u00e9al et d&rsquo;un doctorat en gestion des ressources humaines de l&rsquo;Universit\u00e9 Aix-Marseille III. Il est membre de l&rsquo;Ordre des psychologues du Qu\u00e9bec. Il est professeur du D\u00e9partement des sciences \u00e9conomiques et administratives depuis 1991. Il est sp\u00e9cialis\u00e9 dans les domaines de la psychologie organisationnelle, de la communication et des habilet\u00e9s de management. Il a occup\u00e9 de nombreuses fonctions de gestion au sein de l&rsquo;Universit\u00e9 (membre de la CET, directeur de la Ma\u00eetrise en gestion des organisations, etc.) dont la plus r\u00e9cente \u00e9tant la direction du D\u00e9partement de sciences \u00e9conomiques et administratives.<\/p>\n<p style=\"text-align: justify\">Le recteur de l&rsquo;UQAC, M. Michel Belley, a tenu \u00e0 souligner aux membres du Conseil d&rsquo;administration que la nomination de monsieur Aubin au poste de doyen de la gestion acad\u00e9mique de l&rsquo;Universit\u00e9, de m\u00eame que ses engagements ant\u00e9rieurs d\u00e9montraient la volont\u00e9 d&rsquo;implication que l&rsquo;on retrouve au sein de la communaut\u00e9 universitaire.<\/p>\n<div style=\"text-align: justify\" align=\"center\">\n<p style=\"text-align: center\">-30-<\/p>\n<\/div>\n<p style=\"text-align: justify\">Source :<\/p>\n<p style=\"text-align: justify\">Denis Claveau, agent d&rsquo;information<br \/>\nService des affaires publiques<br \/>\nUniversit\u00e9 du Qu\u00e9bec \u00e0 Chicoutimi<br \/>\n(418) 545-5011, poste 2350<br \/>\nDenis_Claveau@uqac.ca<\/p>\n","protected":false},"excerpt":{"rendered":"<p>Saguenay, le 14 avril 2004 \u2013 Lors de sa 352e r\u00e9union ordinaire tenue le 9 mars 2004, le Conseil d&rsquo;administration de l&rsquo;UQAC a proc\u00e9d\u00e9 \u00e0 la nomination de M. St\u00e9phane Aubin au poste de doyen de la gestion acad\u00e9mique pour un mandat d&rsquo;une dur\u00e9e de quatre ans, depuis le 25 mars 2004. M. Aubin est [&hellip;]<\/p>\n","protected":false},"author":5,"featured_media":20745,"comment_status":"open","ping_status":"open","sticky":false,"template":"","format":"standard","meta":{"footnotes":""},"categories":[2772],"tags":[],"yoast_head":"<!-- This site is optimized with the Yoast SEO plugin v24.2 - https:\/\/yoast.com\/wordpress\/plugins\/seo\/ -->\r\n<title>Nomination M. St\u00e9phane Aubin au poste de doyen de la gestion acad\u00e9mique de l&#039;UQAC - UQACtualit\u00e9s<\/title>\r\n<meta name=\"robots\" content=\"index, follow, max-snippet:-1, max-image-preview:large, max-video-preview:-1\" \/>\r\n<link rel=\"canonical\" href=\"https:\/\/www.uqac.ca\/uqactualites\/2004\/04\/14\/nomination-m-stephane-aubin-au-poste-de-doyen-de-la-gestion-academique-de-luqac\/\" \/>\r\n<meta property=\"og:locale\" content=\"fr_CA\" \/>\r\n<meta property=\"og:type\" content=\"article\" \/>\r\n<meta property=\"og:title\" content=\"Nomination M. St\u00e9phane Aubin au poste de doyen de la gestion acad\u00e9mique de l&#039;UQAC - UQACtualit\u00e9s\" \/>\r\n<meta property=\"og:description\" content=\"Saguenay, le 14 avril 2004 \u2013 Lors de sa 352e r\u00e9union ordinaire tenue le 9 mars 2004, le Conseil d&rsquo;administration de l&rsquo;UQAC a proc\u00e9d\u00e9 \u00e0 la nomination de M. St\u00e9phane Aubin au poste de doyen de la gestion acad\u00e9mique pour un mandat d&rsquo;une dur\u00e9e de quatre ans, depuis le 25 mars 2004. M. Aubin est [&hellip;]\" \/>\r\n<meta property=\"og:url\" content=\"https:\/\/www.uqac.ca\/uqactualites\/2004\/04\/14\/nomination-m-stephane-aubin-au-poste-de-doyen-de-la-gestion-academique-de-luqac\/\" \/>\r\n<meta property=\"og:site_name\" content=\"UQACtualit\u00e9s\" \/>\r\n<meta property=\"article:published_time\" content=\"2004-04-14T19:24:29+00:00\" \/>\r\n<meta property=\"og:image\" content=\"https:\/\/www.uqac.ca\/uqactualites\/wp-content\/uploads\/2012\/05\/communiqu-.jpg\" \/>\r\n\t<meta property=\"og:image:width\" content=\"620\" \/>\r\n\t<meta property=\"og:image:height\" content=\"300\" \/>\r\n\t<meta property=\"og:image:type\" content=\"image\/jpeg\" \/>\r\n<meta name=\"author\" content=\"Service des communications et des relations publiques\" \/>\r\n<meta name=\"twitter:card\" content=\"summary_large_image\" \/>\r\n<meta name=\"twitter:label1\" content=\"\u00c9crit par\" \/>\n\t<meta name=\"twitter:data1\" content=\"Service des communications et des relations publiques\" \/>\n\t<meta name=\"twitter:label2\" content=\"Estimation du temps de lecture\" \/>\n\t<meta name=\"twitter:data2\" content=\"1 minute\" \/>\r\n<script type=\"application\/ld+json\" class=\"yoast-schema-graph\">{\"@context\":\"https:\/\/schema.org\",\"@graph\":[{\"@type\":\"WebPage\",\"@id\":\"https:\/\/www.uqac.ca\/uqactualites\/2004\/04\/14\/nomination-m-stephane-aubin-au-poste-de-doyen-de-la-gestion-academique-de-luqac\/\",\"url\":\"https:\/\/www.uqac.ca\/uqactualites\/2004\/04\/14\/nomination-m-stephane-aubin-au-poste-de-doyen-de-la-gestion-academique-de-luqac\/\",\"name\":\"Nomination M. St\u00e9phane Aubin au poste de doyen de la gestion acad\u00e9mique de l'UQAC - UQACtualit\u00e9s\",\"isPartOf\":{\"@id\":\"https:\/\/www.uqac.ca\/uqactualites\/#website\"},\"primaryImageOfPage\":{\"@id\":\"https:\/\/www.uqac.ca\/uqactualites\/2004\/04\/14\/nomination-m-stephane-aubin-au-poste-de-doyen-de-la-gestion-academique-de-luqac\/#primaryimage\"},\"image\":{\"@id\":\"https:\/\/www.uqac.ca\/uqactualites\/2004\/04\/14\/nomination-m-stephane-aubin-au-poste-de-doyen-de-la-gestion-academique-de-luqac\/#primaryimage\"},\"thumbnailUrl\":\"https:\/\/www.uqac.ca\/uqactualites\/wp-content\/uploads\/2012\/05\/communiqu-.jpg\",\"datePublished\":\"2004-04-14T19:24:29+00:00\",\"dateModified\":\"2004-04-14T19:24:29+00:00\",\"author\":{\"@id\":\"https:\/\/www.uqac.ca\/uqactualites\/#\/schema\/person\/366c45a0c4f0e677b41b4af5886e2018\"},\"breadcrumb\":{\"@id\":\"https:\/\/www.uqac.ca\/uqactualites\/2004\/04\/14\/nomination-m-stephane-aubin-au-poste-de-doyen-de-la-gestion-academique-de-luqac\/#breadcrumb\"},\"inLanguage\":\"fr-CA\",\"potentialAction\":[{\"@type\":\"ReadAction\",\"target\":[\"https:\/\/www.uqac.ca\/uqactualites\/2004\/04\/14\/nomination-m-stephane-aubin-au-poste-de-doyen-de-la-gestion-academique-de-luqac\/\"]}]},{\"@type\":\"ImageObject\",\"inLanguage\":\"fr-CA\",\"@id\":\"https:\/\/www.uqac.ca\/uqactualites\/2004\/04\/14\/nomination-m-stephane-aubin-au-poste-de-doyen-de-la-gestion-academique-de-luqac\/#primaryimage\",\"url\":\"https:\/\/www.uqac.ca\/uqactualites\/wp-content\/uploads\/2012\/05\/communiqu-.jpg\",\"contentUrl\":\"https:\/\/www.uqac.ca\/uqactualites\/wp-content\/uploads\/2012\/05\/communiqu-.jpg\",\"width\":620,\"height\":300},{\"@type\":\"BreadcrumbList\",\"@id\":\"https:\/\/www.uqac.ca\/uqactualites\/2004\/04\/14\/nomination-m-stephane-aubin-au-poste-de-doyen-de-la-gestion-academique-de-luqac\/#breadcrumb\",\"itemListElement\":[{\"@type\":\"ListItem\",\"position\":1,\"name\":\"Home\",\"item\":\"https:\/\/www.uqac.ca\/uqactualites\/\"},{\"@type\":\"ListItem\",\"position\":2,\"name\":\"Nomination M. St\u00e9phane Aubin au poste de doyen de la gestion acad\u00e9mique de l&rsquo;UQAC\"}]},{\"@type\":\"WebSite\",\"@id\":\"https:\/\/www.uqac.ca\/uqactualites\/#website\",\"url\":\"https:\/\/www.uqac.ca\/uqactualites\/\",\"name\":\"UQACtualit\u00e9s\",\"description\":\"Le portail des nouvelles de l&#039;UQAC\",\"potentialAction\":[{\"@type\":\"SearchAction\",\"target\":{\"@type\":\"EntryPoint\",\"urlTemplate\":\"https:\/\/www.uqac.ca\/uqactualites\/?s={search_term_string}\"},\"query-input\":{\"@type\":\"PropertyValueSpecification\",\"valueRequired\":true,\"valueName\":\"search_term_string\"}}],\"inLanguage\":\"fr-CA\"},{\"@type\":\"Person\",\"@id\":\"https:\/\/www.uqac.ca\/uqactualites\/#\/schema\/person\/366c45a0c4f0e677b41b4af5886e2018\",\"name\":\"Service des communications et des relations publiques\",\"image\":{\"@type\":\"ImageObject\",\"inLanguage\":\"fr-CA\",\"@id\":\"https:\/\/www.uqac.ca\/uqactualites\/#\/schema\/person\/image\/\",\"url\":\"https:\/\/secure.gravatar.com\/avatar\/20fbbda8a292f59f2d3461a5b999c00b?s=96&d=mm&r=g\",\"contentUrl\":\"https:\/\/secure.gravatar.com\/avatar\/20fbbda8a292f59f2d3461a5b999c00b?s=96&d=mm&r=g\",\"caption\":\"Service des communications et des relations publiques\"},\"url\":\"https:\/\/www.uqac.ca\/uqactualites\/author\/bap\/\"}]}<\/script>\r\n<!-- \/ Yoast SEO plugin. -->","yoast_head_json":{"title":"Nomination M. St\u00e9phane Aubin au poste de doyen de la gestion acad\u00e9mique de l'UQAC - UQACtualit\u00e9s","robots":{"index":"index","follow":"follow","max-snippet":"max-snippet:-1","max-image-preview":"max-image-preview:large","max-video-preview":"max-video-preview:-1"},"canonical":"https:\/\/www.uqac.ca\/uqactualites\/2004\/04\/14\/nomination-m-stephane-aubin-au-poste-de-doyen-de-la-gestion-academique-de-luqac\/","og_locale":"fr_CA","og_type":"article","og_title":"Nomination M. St\u00e9phane Aubin au poste de doyen de la gestion acad\u00e9mique de l'UQAC - UQACtualit\u00e9s","og_description":"Saguenay, le 14 avril 2004 \u2013 Lors de sa 352e r\u00e9union ordinaire tenue le 9 mars 2004, le Conseil d&rsquo;administration de l&rsquo;UQAC a proc\u00e9d\u00e9 \u00e0 la nomination de M. St\u00e9phane Aubin au poste de doyen de la gestion acad\u00e9mique pour un mandat d&rsquo;une dur\u00e9e de quatre ans, depuis le 25 mars 2004. M. Aubin est [&hellip;]","og_url":"https:\/\/www.uqac.ca\/uqactualites\/2004\/04\/14\/nomination-m-stephane-aubin-au-poste-de-doyen-de-la-gestion-academique-de-luqac\/","og_site_name":"UQACtualit\u00e9s","article_published_time":"2004-04-14T19:24:29+00:00","og_image":[{"width":620,"height":300,"url":"https:\/\/www.uqac.ca\/uqactualites\/wp-content\/uploads\/2012\/05\/communiqu-.jpg","type":"image\/jpeg"}],"author":"Service des communications et des relations publiques","twitter_card":"summary_large_image","twitter_misc":{"\u00c9crit par":"Service des communications et des relations publiques","Estimation du temps de lecture":"1 minute"},"schema":{"@context":"https:\/\/schema.org","@graph":[{"@type":"WebPage","@id":"https:\/\/www.uqac.ca\/uqactualites\/2004\/04\/14\/nomination-m-stephane-aubin-au-poste-de-doyen-de-la-gestion-academique-de-luqac\/","url":"https:\/\/www.uqac.ca\/uqactualites\/2004\/04\/14\/nomination-m-stephane-aubin-au-poste-de-doyen-de-la-gestion-academique-de-luqac\/","name":"Nomination M. St\u00e9phane Aubin au poste de doyen de la gestion acad\u00e9mique de l'UQAC - UQACtualit\u00e9s","isPartOf":{"@id":"https:\/\/www.uqac.ca\/uqactualites\/#website"},"primaryImageOfPage":{"@id":"https:\/\/www.uqac.ca\/uqactualites\/2004\/04\/14\/nomination-m-stephane-aubin-au-poste-de-doyen-de-la-gestion-academique-de-luqac\/#primaryimage"},"image":{"@id":"https:\/\/www.uqac.ca\/uqactualites\/2004\/04\/14\/nomination-m-stephane-aubin-au-poste-de-doyen-de-la-gestion-academique-de-luqac\/#primaryimage"},"thumbnailUrl":"https:\/\/www.uqac.ca\/uqactualites\/wp-content\/uploads\/2012\/05\/communiqu-.jpg","datePublished":"2004-04-14T19:24:29+00:00","dateModified":"2004-04-14T19:24:29+00:00","author":{"@id":"https:\/\/www.uqac.ca\/uqactualites\/#\/schema\/person\/366c45a0c4f0e677b41b4af5886e2018"},"breadcrumb":{"@id":"https:\/\/www.uqac.ca\/uqactualites\/2004\/04\/14\/nomination-m-stephane-aubin-au-poste-de-doyen-de-la-gestion-academique-de-luqac\/#breadcrumb"},"inLanguage":"fr-CA","potentialAction":[{"@type":"ReadAction","target":["https:\/\/www.uqac.ca\/uqactualites\/2004\/04\/14\/nomination-m-stephane-aubin-au-poste-de-doyen-de-la-gestion-academique-de-luqac\/"]}]},{"@type":"ImageObject","inLanguage":"fr-CA","@id":"https:\/\/www.uqac.ca\/uqactualites\/2004\/04\/14\/nomination-m-stephane-aubin-au-poste-de-doyen-de-la-gestion-academique-de-luqac\/#primaryimage","url":"https:\/\/www.uqac.ca\/uqactualites\/wp-content\/uploads\/2012\/05\/communiqu-.jpg","contentUrl":"https:\/\/www.uqac.ca\/uqactualites\/wp-content\/uploads\/2012\/05\/communiqu-.jpg","width":620,"height":300},{"@type":"BreadcrumbList","@id":"https:\/\/www.uqac.ca\/uqactualites\/2004\/04\/14\/nomination-m-stephane-aubin-au-poste-de-doyen-de-la-gestion-academique-de-luqac\/#breadcrumb","itemListElement":[{"@type":"ListItem","position":1,"name":"Home","item":"https:\/\/www.uqac.ca\/uqactualites\/"},{"@type":"ListItem","position":2,"name":"Nomination M. St\u00e9phane Aubin au poste de doyen de la gestion acad\u00e9mique de l&rsquo;UQAC"}]},{"@type":"WebSite","@id":"https:\/\/www.uqac.ca\/uqactualites\/#website","url":"https:\/\/www.uqac.ca\/uqactualites\/","name":"UQACtualit\u00e9s","description":"Le portail des nouvelles de l&#039;UQAC","potentialAction":[{"@type":"SearchAction","target":{"@type":"EntryPoint","urlTemplate":"https:\/\/www.uqac.ca\/uqactualites\/?s={search_term_string}"},"query-input":{"@type":"PropertyValueSpecification","valueRequired":true,"valueName":"search_term_string"}}],"inLanguage":"fr-CA"},{"@type":"Person","@id":"https:\/\/www.uqac.ca\/uqactualites\/#\/schema\/person\/366c45a0c4f0e677b41b4af5886e2018","name":"Service des communications et des relations publiques","image":{"@type":"ImageObject","inLanguage":"fr-CA","@id":"https:\/\/www.uqac.ca\/uqactualites\/#\/schema\/person\/image\/","url":"https:\/\/secure.gravatar.com\/avatar\/20fbbda8a292f59f2d3461a5b999c00b?s=96&d=mm&r=g","contentUrl":"https:\/\/secure.gravatar.com\/avatar\/20fbbda8a292f59f2d3461a5b999c00b?s=96&d=mm&r=g","caption":"Service des communications et des relations publiques"},"url":"https:\/\/www.uqac.ca\/uqactualites\/author\/bap\/"}]}},"_links":{"self":[{"href":"https:\/\/www.uqac.ca\/uqactualites\/wp-json\/wp\/v2\/posts\/25254"}],"collection":[{"href":"https:\/\/www.uqac.ca\/uqactualites\/wp-json\/wp\/v2\/posts"}],"about":[{"href":"https:\/\/www.uqac.ca\/uqactualites\/wp-json\/wp\/v2\/types\/post"}],"author":[{"embeddable":true,"href":"https:\/\/www.uqac.ca\/uqactualites\/wp-json\/wp\/v2\/users\/5"}],"replies":[{"embeddable":true,"href":"https:\/\/www.uqac.ca\/uqactualites\/wp-json\/wp\/v2\/comments?post=25254"}],"version-history":[{"count":0,"href":"https:\/\/www.uqac.ca\/uqactualites\/wp-json\/wp\/v2\/posts\/25254\/revisions"}],"wp:featuredmedia":[{"embeddable":true,"href":"https:\/\/www.uqac.ca\/uqactualites\/wp-json\/wp\/v2\/media\/20745"}],"wp:attachment":[{"href":"https:\/\/www.uqac.ca\/uqactualites\/wp-json\/wp\/v2\/media?parent=25254"}],"wp:term":[{"taxonomy":"category","embeddable":true,"href":"https:\/\/www.uqac.ca\/uqactualites\/wp-json\/wp\/v2\/categories?post=25254"},{"taxonomy":"post_tag","embeddable":true,"href":"https:\/\/www.uqac.ca\/uqactualites\/wp-json\/wp\/v2\/tags?post=25254"}],"curies":[{"name":"wp","href":"https:\/\/api.w.org\/{rel}","templated":true}]}}