{"id":25257,"date":"2004-04-24T15:26:04","date_gmt":"2004-04-24T19:26:04","guid":{"rendered":"http:\/\/uqactualite.odev.ca\/?p=25257"},"modified":"2004-04-24T15:26:04","modified_gmt":"2004-04-24T19:26:04","slug":"collation-des-grades-unifiee-luqac-honore-ses-diplomes-de-2004","status":"publish","type":"post","link":"https:\/\/www.uqac.ca\/uqactualites\/2004\/04\/24\/collation-des-grades-unifiee-luqac-honore-ses-diplomes-de-2004\/","title":{"rendered":"Collation des grades unifi\u00e9e &#8211; L&rsquo;UQAC honore ses dipl\u00f4m\u00e9s de 2004"},"content":{"rendered":"<p align=\"RIGHT\"><strong>Embargo, le samedi 24 avril 2004, 10 h<\/strong><\/p>\n<p style=\"text-align: justify\"><b>Saguenay, le samedi 24 avril 2004 <\/b>\u2013 C&rsquo;est aujourd&rsquo;hui que se d\u00e9roule la premi\u00e8re \u00e9dition de la Collation des grades unifi\u00e9e de l&rsquo;Universit\u00e9 du Qu\u00e9bec \u00e0 Chicoutimi, regroupant tous les finissants des programmes de baccalaur\u00e9ats, de ma\u00eetrises et de doctorats. Cette f\u00eate qui se tient au Pavillon sportif a pour objectif de souligner, dans une m\u00eame op\u00e9ration et en un m\u00eame lieu, la r\u00e9ussite des \u00e9tudiants de tous les cycles terminant leurs \u00e9tudes.<\/p>\n<p style=\"text-align: justify\">Il s&rsquo;agit \u00e9galement de mettre en valeur ces femmes et ces hommes qui ont men\u00e9 \u00e0 terme leur projet de formation et surtout t\u00e9moigner de cette r\u00e9alisation personnelle tout \u00e0 fait digne de mention. Quelque 3 000 dignitaires, enseignants, parents et amis seront sur place pour c\u00e9l\u00e9brer cet accomplissement.<\/p>\n<p style=\"text-align: justify\">Des 1 025 dipl\u00f4m\u00e9s de cette ann\u00e9e, ils seront 625 \u00e0 recevoir leur attestation lors des deux s\u00e9ances de collation des grades. Pour ces \u00e9tudiantes et \u00e9tudiants, cette collation des grades marquera l&rsquo;atteinte d&rsquo;un objectif qu&rsquo;ils s&rsquo;\u00e9taient fix\u00e9 et l&rsquo;aboutissement de plusieurs ann\u00e9es d&rsquo;efforts. Quel que soit le programme dont ces \u00e9tudiants sont issus, ils franchiront en cette journ\u00e9e une \u00e9tape importante de leur vie.<\/p>\n<p style=\"text-align: justify\">\u00c0 travers le protocole et les festivit\u00e9s entourant la fin des \u00e9tudes universitaires, la Collation des grades unifi\u00e9e se veut aussi une vitrine pour le corps professoral, la famille et les amis des dipl\u00f4m\u00e9s.<\/p>\n<p style=\"text-align: justify\">Elle se veut aussi un tremplin pour le Saguenay\u2013Lac-Saint-Jean en montrant \u00e0 la r\u00e9gion la qualit\u00e9 des dipl\u00f4m\u00e9s de l&rsquo;Universit\u00e9 du Qu\u00e9bec \u00e0 Chicoutimi.<\/p>\n<p style=\"text-align: justify\"><a href=\"http:\/\/www.uqac.ca\/medias\/communique\/2004\/2004_13.pdf\" target=\"_top\" rel=\"noopener\">D\u00e9roulement <\/a><\/p>\n<p style=\"text-align: justify\">Deux c\u00e9r\u00e9monies de collation des grades auront lieu soit \u00e0 10 h et \u00e0 15 h 30. D\u00e8s leur arriv\u00e9e sur le campus, \u00e0 8 h 30 ou 14 h, les dipl\u00f4m\u00e9s se rendront au Pavillon sportif. Ils iront confirmer leur pr\u00e9sence, recevoir leur num\u00e9ro de cort\u00e8ge, leur toge et les instructions aff\u00e9rentes au d\u00e9roulement de la c\u00e9r\u00e9monie.<\/p>\n<p style=\"text-align: justify\">Les invit\u00e9s des dipl\u00f4m\u00e9s, convoqu\u00e9s pour 9 h ou 14 h 30, se dirigeront au Pavillon des humanit\u00e9s o\u00f9 seront install\u00e9s vestiaires et aire de kiosques. Plusieurs services seront offerts aux invit\u00e9s lors de la Collation des grades : fleuriste, photographe, coop\u00e9rative \u00e9tudiante, associations \u00e9tudiantes et Association des dipl\u00f4m\u00e9s et amis de l&rsquo;UQAC.<\/p>\n<div style=\"text-align: justify\" align=\"center\">\n<p style=\"text-align: center\">&#8211; 30 &#8211;<\/p>\n<\/div>\n<p style=\"text-align: justify\">Source :<\/p>\n<p style=\"text-align: justify\">Denis Claveau, agent d&rsquo;information<br \/>\nService des affaires publiques<br \/>\nUniversit\u00e9 du Qu\u00e9bec \u00e0 Chicoutimi<br \/>\n(418) 545-5011, poste 2350<br \/>\nDenis_Claveau@uqac.ca<\/p>\n","protected":false},"excerpt":{"rendered":"<p>Embargo, le samedi 24 avril 2004, 10 h Saguenay, le samedi 24 avril 2004 \u2013 C&rsquo;est aujourd&rsquo;hui que se d\u00e9roule la premi\u00e8re \u00e9dition de la Collation des grades unifi\u00e9e de l&rsquo;Universit\u00e9 du Qu\u00e9bec \u00e0 Chicoutimi, regroupant tous les finissants des programmes de baccalaur\u00e9ats, de ma\u00eetrises et de doctorats. Cette f\u00eate qui se tient au Pavillon [&hellip;]<\/p>\n","protected":false},"author":5,"featured_media":24879,"comment_status":"open","ping_status":"open","sticky":false,"template":"","format":"standard","meta":{"footnotes":""},"categories":[2772],"tags":[],"yoast_head":"<!-- This site is optimized with the Yoast SEO plugin v24.2 - https:\/\/yoast.com\/wordpress\/plugins\/seo\/ -->\r\n<title>Collation des grades unifi\u00e9e - L&#039;UQAC honore ses dipl\u00f4m\u00e9s de 2004 - UQACtualit\u00e9s<\/title>\r\n<meta name=\"robots\" content=\"index, follow, max-snippet:-1, max-image-preview:large, max-video-preview:-1\" \/>\r\n<link rel=\"canonical\" href=\"https:\/\/www.uqac.ca\/uqactualites\/2004\/04\/24\/collation-des-grades-unifiee-luqac-honore-ses-diplomes-de-2004\/\" \/>\r\n<meta property=\"og:locale\" content=\"fr_CA\" \/>\r\n<meta property=\"og:type\" content=\"article\" \/>\r\n<meta property=\"og:title\" content=\"Collation des grades unifi\u00e9e - L&#039;UQAC honore ses dipl\u00f4m\u00e9s de 2004 - UQACtualit\u00e9s\" \/>\r\n<meta property=\"og:description\" content=\"Embargo, le samedi 24 avril 2004, 10 h Saguenay, le samedi 24 avril 2004 \u2013 C&rsquo;est aujourd&rsquo;hui que se d\u00e9roule la premi\u00e8re \u00e9dition de la Collation des grades unifi\u00e9e de l&rsquo;Universit\u00e9 du Qu\u00e9bec \u00e0 Chicoutimi, regroupant tous les finissants des programmes de baccalaur\u00e9ats, de ma\u00eetrises et de doctorats. Cette f\u00eate qui se tient au Pavillon [&hellip;]\" \/>\r\n<meta property=\"og:url\" content=\"https:\/\/www.uqac.ca\/uqactualites\/2004\/04\/24\/collation-des-grades-unifiee-luqac-honore-ses-diplomes-de-2004\/\" \/>\r\n<meta property=\"og:site_name\" content=\"UQACtualit\u00e9s\" \/>\r\n<meta property=\"article:published_time\" content=\"2004-04-24T19:26:04+00:00\" \/>\r\n<meta property=\"og:image\" content=\"https:\/\/www.uqac.ca\/uqactualites\/wp-content\/uploads\/2013\/07\/GRAF-Uqactualit\u00e9s-\u00c913-11.jpg\" \/>\r\n\t<meta property=\"og:image:width\" content=\"620\" \/>\r\n\t<meta property=\"og:image:height\" content=\"301\" \/>\r\n\t<meta property=\"og:image:type\" content=\"image\/jpeg\" \/>\r\n<meta name=\"author\" content=\"Service des communications et des relations publiques\" \/>\r\n<meta name=\"twitter:card\" content=\"summary_large_image\" \/>\r\n<meta name=\"twitter:label1\" content=\"\u00c9crit par\" \/>\n\t<meta name=\"twitter:data1\" content=\"Service des communications et des relations publiques\" \/>\n\t<meta name=\"twitter:label2\" content=\"Estimation du temps de lecture\" \/>\n\t<meta name=\"twitter:data2\" content=\"2 minutes\" \/>\r\n<script type=\"application\/ld+json\" class=\"yoast-schema-graph\">{\"@context\":\"https:\/\/schema.org\",\"@graph\":[{\"@type\":\"WebPage\",\"@id\":\"https:\/\/www.uqac.ca\/uqactualites\/2004\/04\/24\/collation-des-grades-unifiee-luqac-honore-ses-diplomes-de-2004\/\",\"url\":\"https:\/\/www.uqac.ca\/uqactualites\/2004\/04\/24\/collation-des-grades-unifiee-luqac-honore-ses-diplomes-de-2004\/\",\"name\":\"Collation des grades unifi\u00e9e - L'UQAC honore ses dipl\u00f4m\u00e9s de 2004 - UQACtualit\u00e9s\",\"isPartOf\":{\"@id\":\"https:\/\/www.uqac.ca\/uqactualites\/#website\"},\"primaryImageOfPage\":{\"@id\":\"https:\/\/www.uqac.ca\/uqactualites\/2004\/04\/24\/collation-des-grades-unifiee-luqac-honore-ses-diplomes-de-2004\/#primaryimage\"},\"image\":{\"@id\":\"https:\/\/www.uqac.ca\/uqactualites\/2004\/04\/24\/collation-des-grades-unifiee-luqac-honore-ses-diplomes-de-2004\/#primaryimage\"},\"thumbnailUrl\":\"https:\/\/www.uqac.ca\/uqactualites\/wp-content\/uploads\/2013\/07\/GRAF-Uqactualit\u00e9s-\u00c913-11.jpg\",\"datePublished\":\"2004-04-24T19:26:04+00:00\",\"dateModified\":\"2004-04-24T19:26:04+00:00\",\"author\":{\"@id\":\"https:\/\/www.uqac.ca\/uqactualites\/#\/schema\/person\/366c45a0c4f0e677b41b4af5886e2018\"},\"breadcrumb\":{\"@id\":\"https:\/\/www.uqac.ca\/uqactualites\/2004\/04\/24\/collation-des-grades-unifiee-luqac-honore-ses-diplomes-de-2004\/#breadcrumb\"},\"inLanguage\":\"fr-CA\",\"potentialAction\":[{\"@type\":\"ReadAction\",\"target\":[\"https:\/\/www.uqac.ca\/uqactualites\/2004\/04\/24\/collation-des-grades-unifiee-luqac-honore-ses-diplomes-de-2004\/\"]}]},{\"@type\":\"ImageObject\",\"inLanguage\":\"fr-CA\",\"@id\":\"https:\/\/www.uqac.ca\/uqactualites\/2004\/04\/24\/collation-des-grades-unifiee-luqac-honore-ses-diplomes-de-2004\/#primaryimage\",\"url\":\"https:\/\/www.uqac.ca\/uqactualites\/wp-content\/uploads\/2013\/07\/GRAF-Uqactualit\u00e9s-\u00c913-11.jpg\",\"contentUrl\":\"https:\/\/www.uqac.ca\/uqactualites\/wp-content\/uploads\/2013\/07\/GRAF-Uqactualit\u00e9s-\u00c913-11.jpg\",\"width\":620,\"height\":301},{\"@type\":\"BreadcrumbList\",\"@id\":\"https:\/\/www.uqac.ca\/uqactualites\/2004\/04\/24\/collation-des-grades-unifiee-luqac-honore-ses-diplomes-de-2004\/#breadcrumb\",\"itemListElement\":[{\"@type\":\"ListItem\",\"position\":1,\"name\":\"Home\",\"item\":\"https:\/\/www.uqac.ca\/uqactualites\/\"},{\"@type\":\"ListItem\",\"position\":2,\"name\":\"Collation des grades unifi\u00e9e &#8211; L&rsquo;UQAC honore ses dipl\u00f4m\u00e9s de 2004\"}]},{\"@type\":\"WebSite\",\"@id\":\"https:\/\/www.uqac.ca\/uqactualites\/#website\",\"url\":\"https:\/\/www.uqac.ca\/uqactualites\/\",\"name\":\"UQACtualit\u00e9s\",\"description\":\"Le portail des nouvelles de l&#039;UQAC\",\"potentialAction\":[{\"@type\":\"SearchAction\",\"target\":{\"@type\":\"EntryPoint\",\"urlTemplate\":\"https:\/\/www.uqac.ca\/uqactualites\/?s={search_term_string}\"},\"query-input\":{\"@type\":\"PropertyValueSpecification\",\"valueRequired\":true,\"valueName\":\"search_term_string\"}}],\"inLanguage\":\"fr-CA\"},{\"@type\":\"Person\",\"@id\":\"https:\/\/www.uqac.ca\/uqactualites\/#\/schema\/person\/366c45a0c4f0e677b41b4af5886e2018\",\"name\":\"Service des communications et des relations publiques\",\"image\":{\"@type\":\"ImageObject\",\"inLanguage\":\"fr-CA\",\"@id\":\"https:\/\/www.uqac.ca\/uqactualites\/#\/schema\/person\/image\/\",\"url\":\"https:\/\/secure.gravatar.com\/avatar\/20fbbda8a292f59f2d3461a5b999c00b?s=96&d=mm&r=g\",\"contentUrl\":\"https:\/\/secure.gravatar.com\/avatar\/20fbbda8a292f59f2d3461a5b999c00b?s=96&d=mm&r=g\",\"caption\":\"Service des communications et des relations publiques\"},\"url\":\"https:\/\/www.uqac.ca\/uqactualites\/author\/bap\/\"}]}<\/script>\r\n<!-- \/ Yoast SEO plugin. -->","yoast_head_json":{"title":"Collation des grades unifi\u00e9e - L'UQAC honore ses dipl\u00f4m\u00e9s de 2004 - UQACtualit\u00e9s","robots":{"index":"index","follow":"follow","max-snippet":"max-snippet:-1","max-image-preview":"max-image-preview:large","max-video-preview":"max-video-preview:-1"},"canonical":"https:\/\/www.uqac.ca\/uqactualites\/2004\/04\/24\/collation-des-grades-unifiee-luqac-honore-ses-diplomes-de-2004\/","og_locale":"fr_CA","og_type":"article","og_title":"Collation des grades unifi\u00e9e - L'UQAC honore ses dipl\u00f4m\u00e9s de 2004 - UQACtualit\u00e9s","og_description":"Embargo, le samedi 24 avril 2004, 10 h Saguenay, le samedi 24 avril 2004 \u2013 C&rsquo;est aujourd&rsquo;hui que se d\u00e9roule la premi\u00e8re \u00e9dition de la Collation des grades unifi\u00e9e de l&rsquo;Universit\u00e9 du Qu\u00e9bec \u00e0 Chicoutimi, regroupant tous les finissants des programmes de baccalaur\u00e9ats, de ma\u00eetrises et de doctorats. Cette f\u00eate qui se tient au Pavillon [&hellip;]","og_url":"https:\/\/www.uqac.ca\/uqactualites\/2004\/04\/24\/collation-des-grades-unifiee-luqac-honore-ses-diplomes-de-2004\/","og_site_name":"UQACtualit\u00e9s","article_published_time":"2004-04-24T19:26:04+00:00","og_image":[{"width":620,"height":301,"url":"https:\/\/www.uqac.ca\/uqactualites\/wp-content\/uploads\/2013\/07\/GRAF-Uqactualit\u00e9s-\u00c913-11.jpg","type":"image\/jpeg"}],"author":"Service des communications et des relations publiques","twitter_card":"summary_large_image","twitter_misc":{"\u00c9crit par":"Service des communications et des relations publiques","Estimation du temps de lecture":"2 minutes"},"schema":{"@context":"https:\/\/schema.org","@graph":[{"@type":"WebPage","@id":"https:\/\/www.uqac.ca\/uqactualites\/2004\/04\/24\/collation-des-grades-unifiee-luqac-honore-ses-diplomes-de-2004\/","url":"https:\/\/www.uqac.ca\/uqactualites\/2004\/04\/24\/collation-des-grades-unifiee-luqac-honore-ses-diplomes-de-2004\/","name":"Collation des grades unifi\u00e9e - L'UQAC honore ses dipl\u00f4m\u00e9s de 2004 - UQACtualit\u00e9s","isPartOf":{"@id":"https:\/\/www.uqac.ca\/uqactualites\/#website"},"primaryImageOfPage":{"@id":"https:\/\/www.uqac.ca\/uqactualites\/2004\/04\/24\/collation-des-grades-unifiee-luqac-honore-ses-diplomes-de-2004\/#primaryimage"},"image":{"@id":"https:\/\/www.uqac.ca\/uqactualites\/2004\/04\/24\/collation-des-grades-unifiee-luqac-honore-ses-diplomes-de-2004\/#primaryimage"},"thumbnailUrl":"https:\/\/www.uqac.ca\/uqactualites\/wp-content\/uploads\/2013\/07\/GRAF-Uqactualit\u00e9s-\u00c913-11.jpg","datePublished":"2004-04-24T19:26:04+00:00","dateModified":"2004-04-24T19:26:04+00:00","author":{"@id":"https:\/\/www.uqac.ca\/uqactualites\/#\/schema\/person\/366c45a0c4f0e677b41b4af5886e2018"},"breadcrumb":{"@id":"https:\/\/www.uqac.ca\/uqactualites\/2004\/04\/24\/collation-des-grades-unifiee-luqac-honore-ses-diplomes-de-2004\/#breadcrumb"},"inLanguage":"fr-CA","potentialAction":[{"@type":"ReadAction","target":["https:\/\/www.uqac.ca\/uqactualites\/2004\/04\/24\/collation-des-grades-unifiee-luqac-honore-ses-diplomes-de-2004\/"]}]},{"@type":"ImageObject","inLanguage":"fr-CA","@id":"https:\/\/www.uqac.ca\/uqactualites\/2004\/04\/24\/collation-des-grades-unifiee-luqac-honore-ses-diplomes-de-2004\/#primaryimage","url":"https:\/\/www.uqac.ca\/uqactualites\/wp-content\/uploads\/2013\/07\/GRAF-Uqactualit\u00e9s-\u00c913-11.jpg","contentUrl":"https:\/\/www.uqac.ca\/uqactualites\/wp-content\/uploads\/2013\/07\/GRAF-Uqactualit\u00e9s-\u00c913-11.jpg","width":620,"height":301},{"@type":"BreadcrumbList","@id":"https:\/\/www.uqac.ca\/uqactualites\/2004\/04\/24\/collation-des-grades-unifiee-luqac-honore-ses-diplomes-de-2004\/#breadcrumb","itemListElement":[{"@type":"ListItem","position":1,"name":"Home","item":"https:\/\/www.uqac.ca\/uqactualites\/"},{"@type":"ListItem","position":2,"name":"Collation des grades unifi\u00e9e &#8211; L&rsquo;UQAC honore ses dipl\u00f4m\u00e9s de 2004"}]},{"@type":"WebSite","@id":"https:\/\/www.uqac.ca\/uqactualites\/#website","url":"https:\/\/www.uqac.ca\/uqactualites\/","name":"UQACtualit\u00e9s","description":"Le portail des nouvelles de l&#039;UQAC","potentialAction":[{"@type":"SearchAction","target":{"@type":"EntryPoint","urlTemplate":"https:\/\/www.uqac.ca\/uqactualites\/?s={search_term_string}"},"query-input":{"@type":"PropertyValueSpecification","valueRequired":true,"valueName":"search_term_string"}}],"inLanguage":"fr-CA"},{"@type":"Person","@id":"https:\/\/www.uqac.ca\/uqactualites\/#\/schema\/person\/366c45a0c4f0e677b41b4af5886e2018","name":"Service des communications et des relations publiques","image":{"@type":"ImageObject","inLanguage":"fr-CA","@id":"https:\/\/www.uqac.ca\/uqactualites\/#\/schema\/person\/image\/","url":"https:\/\/secure.gravatar.com\/avatar\/20fbbda8a292f59f2d3461a5b999c00b?s=96&d=mm&r=g","contentUrl":"https:\/\/secure.gravatar.com\/avatar\/20fbbda8a292f59f2d3461a5b999c00b?s=96&d=mm&r=g","caption":"Service des communications et des relations publiques"},"url":"https:\/\/www.uqac.ca\/uqactualites\/author\/bap\/"}]}},"_links":{"self":[{"href":"https:\/\/www.uqac.ca\/uqactualites\/wp-json\/wp\/v2\/posts\/25257"}],"collection":[{"href":"https:\/\/www.uqac.ca\/uqactualites\/wp-json\/wp\/v2\/posts"}],"about":[{"href":"https:\/\/www.uqac.ca\/uqactualites\/wp-json\/wp\/v2\/types\/post"}],"author":[{"embeddable":true,"href":"https:\/\/www.uqac.ca\/uqactualites\/wp-json\/wp\/v2\/users\/5"}],"replies":[{"embeddable":true,"href":"https:\/\/www.uqac.ca\/uqactualites\/wp-json\/wp\/v2\/comments?post=25257"}],"version-history":[{"count":0,"href":"https:\/\/www.uqac.ca\/uqactualites\/wp-json\/wp\/v2\/posts\/25257\/revisions"}],"wp:featuredmedia":[{"embeddable":true,"href":"https:\/\/www.uqac.ca\/uqactualites\/wp-json\/wp\/v2\/media\/24879"}],"wp:attachment":[{"href":"https:\/\/www.uqac.ca\/uqactualites\/wp-json\/wp\/v2\/media?parent=25257"}],"wp:term":[{"taxonomy":"category","embeddable":true,"href":"https:\/\/www.uqac.ca\/uqactualites\/wp-json\/wp\/v2\/categories?post=25257"},{"taxonomy":"post_tag","embeddable":true,"href":"https:\/\/www.uqac.ca\/uqactualites\/wp-json\/wp\/v2\/tags?post=25257"}],"curies":[{"name":"wp","href":"https:\/\/api.w.org\/{rel}","templated":true}]}}