{"id":25263,"date":"2004-06-15T15:30:08","date_gmt":"2004-06-15T19:30:08","guid":{"rendered":"http:\/\/uqactualite.odev.ca\/?p=25263"},"modified":"2004-06-15T15:30:08","modified_gmt":"2004-06-15T19:30:08","slug":"le-syndicat-des-chargees-de-cours-de-luqac-et-luniversite-du-quebec-a-chicoutimi-ratifient-la-convention-collective-2","status":"publish","type":"post","link":"https:\/\/www.uqac.ca\/uqactualites\/2004\/06\/15\/le-syndicat-des-chargees-de-cours-de-luqac-et-luniversite-du-quebec-a-chicoutimi-ratifient-la-convention-collective-2\/","title":{"rendered":"Le Syndicat des charg\u00e9(e)s de cours de l&rsquo;UQAC et l&rsquo;Universit\u00e9 du Qu\u00e9bec \u00e0 Chicoutimi ratifient la convention collective"},"content":{"rendered":"<p style=\"text-align: justify\"><b>Saguenay, le 15 juin 2004<\/b> \u2014 Le Syndicat des charg\u00e9s et charg\u00e9es de cours de l&rsquo;Universit\u00e9 du Qu\u00e9bec \u00e0 Chicoutimi (SCCUQAC) et l&rsquo;Universit\u00e9 du Qu\u00e9bec \u00e0 Chicoutimi (UQAC) ont proc\u00e9d\u00e9 le 8 juin 2004 \u00e0 la signature du renouvellement de la convention collective de travail du SCCUQAC. Cette nouvelle convention viendra \u00e0 \u00e9ch\u00e9ance le 31 d\u00e9cembre 2006.<\/p>\n<p style=\"text-align: justify\">Le renouvellement de cette convention pr\u00e9sente un certain nombre de particularit\u00e9s qui permettent de lui donner un caract\u00e8re historique. En voici les \u00e9l\u00e9ments les plus significatifs :<\/p>\n<ul style=\"text-align: justify\">\n<li>Augmentation de la masse salariale qui vient consolider et confirmer le concept de rattrapage salarial amorc\u00e9 lors de la n\u00e9gociation pr\u00e9c\u00e9dente. Cette demande figurait au c\u0153ur des revendications syndicales sur le plan salarial;<\/li>\n<li>Mise en place d&rsquo;une \u00e9chelle salariale bas\u00e9e sur l&rsquo;exp\u00e9rience et le dipl\u00f4me en lieu et place du salaire unique qui pr\u00e9valait jusqu&rsquo;\u00e0 maintenant;<\/li>\n<li>Mise en place d&rsquo;un m\u00e9canisme de n\u00e9gociation continue afin d&rsquo;assurer la prise en compte des probl\u00e8mes qui surviennent entre deux rondes de n\u00e9gociation;<\/li>\n<li>Am\u00e9lioration significative du r\u00e9gime de retraite des charg\u00e9s de cours;<\/li>\n<li>Mise en place d&rsquo;un programme de pr\u00e9retraite ;<\/li>\n<li>Augmentation des sommes allou\u00e9es aux projets d&rsquo;int\u00e9gration en lien avec la p\u00e9dagogie.<\/li>\n<\/ul>\n<p style=\"text-align: justify\">Il ne fait aucun doute que les r\u00e9sultats de cette n\u00e9gociation peuvent \u00eatre vus comme une \u00e9tape importante de la reconnaissance des charg\u00e9s de cours au rayonnement de l&rsquo;Universit\u00e9 du Qu\u00e9bec \u00e0 Chicoutimi. Tant du c\u00f4t\u00e9 syndical que patronal, l&rsquo;entente d\u00e9montre aussi le d\u00e9sir de chacun d&rsquo;instaurer une stabilit\u00e9 institutionnelle dans les relations de travail. La communaut\u00e9 universitaire et en particulier la population \u00e9tudiante b\u00e9n\u00e9ficieront tr\u00e8s certainement de ce climat.<\/p>\n<div style=\"text-align: justify\" align=\"center\">\n<p style=\"text-align: center\">&#8211; 30 &#8211;<\/p>\n<\/div>\n<p style=\"text-align: justify\">Source :<\/p>\n<p style=\"text-align: justify\">Jean Wauthier, directeur<br \/>\nService des affaires publiques<br \/>\nUniversit\u00e9 du Qu\u00e9bec \u00e0 Chicoutimi<br \/>\n(418) 545-5011, poste 2350<br \/>\nJean_Wauthier@uqac.ca<\/p>\n","protected":false},"excerpt":{"rendered":"<p>Saguenay, le 15 juin 2004 \u2014 Le Syndicat des charg\u00e9s et charg\u00e9es de cours de l&rsquo;Universit\u00e9 du Qu\u00e9bec \u00e0 Chicoutimi (SCCUQAC) et l&rsquo;Universit\u00e9 du Qu\u00e9bec \u00e0 Chicoutimi (UQAC) ont proc\u00e9d\u00e9 le 8 juin 2004 \u00e0 la signature du renouvellement de la convention collective de travail du SCCUQAC. Cette nouvelle convention viendra \u00e0 \u00e9ch\u00e9ance le 31 [&hellip;]<\/p>\n","protected":false},"author":5,"featured_media":20745,"comment_status":"open","ping_status":"open","sticky":false,"template":"","format":"standard","meta":{"footnotes":""},"categories":[2772],"tags":[],"yoast_head":"<!-- This site is optimized with the Yoast SEO plugin v24.2 - https:\/\/yoast.com\/wordpress\/plugins\/seo\/ -->\r\n<title>Le Syndicat des charg\u00e9(e)s de cours de l&#039;UQAC et l&#039;Universit\u00e9 du Qu\u00e9bec \u00e0 Chicoutimi ratifient la convention collective - UQACtualit\u00e9s<\/title>\r\n<meta name=\"robots\" content=\"index, follow, max-snippet:-1, max-image-preview:large, max-video-preview:-1\" \/>\r\n<link rel=\"canonical\" href=\"https:\/\/www.uqac.ca\/uqactualites\/2004\/06\/15\/le-syndicat-des-chargees-de-cours-de-luqac-et-luniversite-du-quebec-a-chicoutimi-ratifient-la-convention-collective-2\/\" \/>\r\n<meta property=\"og:locale\" content=\"fr_CA\" \/>\r\n<meta property=\"og:type\" content=\"article\" \/>\r\n<meta property=\"og:title\" content=\"Le Syndicat des charg\u00e9(e)s de cours de l&#039;UQAC et l&#039;Universit\u00e9 du Qu\u00e9bec \u00e0 Chicoutimi ratifient la convention collective - UQACtualit\u00e9s\" \/>\r\n<meta property=\"og:description\" content=\"Saguenay, le 15 juin 2004 \u2014 Le Syndicat des charg\u00e9s et charg\u00e9es de cours de l&rsquo;Universit\u00e9 du Qu\u00e9bec \u00e0 Chicoutimi (SCCUQAC) et l&rsquo;Universit\u00e9 du Qu\u00e9bec \u00e0 Chicoutimi (UQAC) ont proc\u00e9d\u00e9 le 8 juin 2004 \u00e0 la signature du renouvellement de la convention collective de travail du SCCUQAC. Cette nouvelle convention viendra \u00e0 \u00e9ch\u00e9ance le 31 [&hellip;]\" \/>\r\n<meta property=\"og:url\" content=\"https:\/\/www.uqac.ca\/uqactualites\/2004\/06\/15\/le-syndicat-des-chargees-de-cours-de-luqac-et-luniversite-du-quebec-a-chicoutimi-ratifient-la-convention-collective-2\/\" \/>\r\n<meta property=\"og:site_name\" content=\"UQACtualit\u00e9s\" \/>\r\n<meta property=\"article:published_time\" content=\"2004-06-15T19:30:08+00:00\" \/>\r\n<meta property=\"og:image\" content=\"https:\/\/www.uqac.ca\/uqactualites\/wp-content\/uploads\/2012\/05\/communiqu-.jpg\" \/>\r\n\t<meta property=\"og:image:width\" content=\"620\" \/>\r\n\t<meta property=\"og:image:height\" content=\"300\" \/>\r\n\t<meta property=\"og:image:type\" content=\"image\/jpeg\" \/>\r\n<meta name=\"author\" content=\"Service des communications et des relations publiques\" \/>\r\n<meta name=\"twitter:card\" content=\"summary_large_image\" \/>\r\n<meta name=\"twitter:label1\" content=\"\u00c9crit par\" \/>\n\t<meta name=\"twitter:data1\" content=\"Service des communications et des relations publiques\" \/>\n\t<meta name=\"twitter:label2\" content=\"Estimation du temps de lecture\" \/>\n\t<meta name=\"twitter:data2\" content=\"2 minutes\" \/>\r\n<script type=\"application\/ld+json\" class=\"yoast-schema-graph\">{\"@context\":\"https:\/\/schema.org\",\"@graph\":[{\"@type\":\"WebPage\",\"@id\":\"https:\/\/www.uqac.ca\/uqactualites\/2004\/06\/15\/le-syndicat-des-chargees-de-cours-de-luqac-et-luniversite-du-quebec-a-chicoutimi-ratifient-la-convention-collective-2\/\",\"url\":\"https:\/\/www.uqac.ca\/uqactualites\/2004\/06\/15\/le-syndicat-des-chargees-de-cours-de-luqac-et-luniversite-du-quebec-a-chicoutimi-ratifient-la-convention-collective-2\/\",\"name\":\"Le Syndicat des charg\u00e9(e)s de cours de l'UQAC et l'Universit\u00e9 du Qu\u00e9bec \u00e0 Chicoutimi ratifient la convention collective - UQACtualit\u00e9s\",\"isPartOf\":{\"@id\":\"https:\/\/www.uqac.ca\/uqactualites\/#website\"},\"primaryImageOfPage\":{\"@id\":\"https:\/\/www.uqac.ca\/uqactualites\/2004\/06\/15\/le-syndicat-des-chargees-de-cours-de-luqac-et-luniversite-du-quebec-a-chicoutimi-ratifient-la-convention-collective-2\/#primaryimage\"},\"image\":{\"@id\":\"https:\/\/www.uqac.ca\/uqactualites\/2004\/06\/15\/le-syndicat-des-chargees-de-cours-de-luqac-et-luniversite-du-quebec-a-chicoutimi-ratifient-la-convention-collective-2\/#primaryimage\"},\"thumbnailUrl\":\"https:\/\/www.uqac.ca\/uqactualites\/wp-content\/uploads\/2012\/05\/communiqu-.jpg\",\"datePublished\":\"2004-06-15T19:30:08+00:00\",\"dateModified\":\"2004-06-15T19:30:08+00:00\",\"author\":{\"@id\":\"https:\/\/www.uqac.ca\/uqactualites\/#\/schema\/person\/366c45a0c4f0e677b41b4af5886e2018\"},\"breadcrumb\":{\"@id\":\"https:\/\/www.uqac.ca\/uqactualites\/2004\/06\/15\/le-syndicat-des-chargees-de-cours-de-luqac-et-luniversite-du-quebec-a-chicoutimi-ratifient-la-convention-collective-2\/#breadcrumb\"},\"inLanguage\":\"fr-CA\",\"potentialAction\":[{\"@type\":\"ReadAction\",\"target\":[\"https:\/\/www.uqac.ca\/uqactualites\/2004\/06\/15\/le-syndicat-des-chargees-de-cours-de-luqac-et-luniversite-du-quebec-a-chicoutimi-ratifient-la-convention-collective-2\/\"]}]},{\"@type\":\"ImageObject\",\"inLanguage\":\"fr-CA\",\"@id\":\"https:\/\/www.uqac.ca\/uqactualites\/2004\/06\/15\/le-syndicat-des-chargees-de-cours-de-luqac-et-luniversite-du-quebec-a-chicoutimi-ratifient-la-convention-collective-2\/#primaryimage\",\"url\":\"https:\/\/www.uqac.ca\/uqactualites\/wp-content\/uploads\/2012\/05\/communiqu-.jpg\",\"contentUrl\":\"https:\/\/www.uqac.ca\/uqactualites\/wp-content\/uploads\/2012\/05\/communiqu-.jpg\",\"width\":620,\"height\":300},{\"@type\":\"BreadcrumbList\",\"@id\":\"https:\/\/www.uqac.ca\/uqactualites\/2004\/06\/15\/le-syndicat-des-chargees-de-cours-de-luqac-et-luniversite-du-quebec-a-chicoutimi-ratifient-la-convention-collective-2\/#breadcrumb\",\"itemListElement\":[{\"@type\":\"ListItem\",\"position\":1,\"name\":\"Home\",\"item\":\"https:\/\/www.uqac.ca\/uqactualites\/\"},{\"@type\":\"ListItem\",\"position\":2,\"name\":\"Le Syndicat des charg\u00e9(e)s de cours de l&rsquo;UQAC et l&rsquo;Universit\u00e9 du Qu\u00e9bec \u00e0 Chicoutimi ratifient la convention collective\"}]},{\"@type\":\"WebSite\",\"@id\":\"https:\/\/www.uqac.ca\/uqactualites\/#website\",\"url\":\"https:\/\/www.uqac.ca\/uqactualites\/\",\"name\":\"UQACtualit\u00e9s\",\"description\":\"Le portail des nouvelles de l&#039;UQAC\",\"potentialAction\":[{\"@type\":\"SearchAction\",\"target\":{\"@type\":\"EntryPoint\",\"urlTemplate\":\"https:\/\/www.uqac.ca\/uqactualites\/?s={search_term_string}\"},\"query-input\":{\"@type\":\"PropertyValueSpecification\",\"valueRequired\":true,\"valueName\":\"search_term_string\"}}],\"inLanguage\":\"fr-CA\"},{\"@type\":\"Person\",\"@id\":\"https:\/\/www.uqac.ca\/uqactualites\/#\/schema\/person\/366c45a0c4f0e677b41b4af5886e2018\",\"name\":\"Service des communications et des relations publiques\",\"image\":{\"@type\":\"ImageObject\",\"inLanguage\":\"fr-CA\",\"@id\":\"https:\/\/www.uqac.ca\/uqactualites\/#\/schema\/person\/image\/\",\"url\":\"https:\/\/secure.gravatar.com\/avatar\/20fbbda8a292f59f2d3461a5b999c00b?s=96&d=mm&r=g\",\"contentUrl\":\"https:\/\/secure.gravatar.com\/avatar\/20fbbda8a292f59f2d3461a5b999c00b?s=96&d=mm&r=g\",\"caption\":\"Service des communications et des relations publiques\"},\"url\":\"https:\/\/www.uqac.ca\/uqactualites\/author\/bap\/\"}]}<\/script>\r\n<!-- \/ Yoast SEO plugin. -->","yoast_head_json":{"title":"Le Syndicat des charg\u00e9(e)s de cours de l'UQAC et l'Universit\u00e9 du Qu\u00e9bec \u00e0 Chicoutimi ratifient la convention collective - UQACtualit\u00e9s","robots":{"index":"index","follow":"follow","max-snippet":"max-snippet:-1","max-image-preview":"max-image-preview:large","max-video-preview":"max-video-preview:-1"},"canonical":"https:\/\/www.uqac.ca\/uqactualites\/2004\/06\/15\/le-syndicat-des-chargees-de-cours-de-luqac-et-luniversite-du-quebec-a-chicoutimi-ratifient-la-convention-collective-2\/","og_locale":"fr_CA","og_type":"article","og_title":"Le Syndicat des charg\u00e9(e)s de cours de l'UQAC et l'Universit\u00e9 du Qu\u00e9bec \u00e0 Chicoutimi ratifient la convention collective - UQACtualit\u00e9s","og_description":"Saguenay, le 15 juin 2004 \u2014 Le Syndicat des charg\u00e9s et charg\u00e9es de cours de l&rsquo;Universit\u00e9 du Qu\u00e9bec \u00e0 Chicoutimi (SCCUQAC) et l&rsquo;Universit\u00e9 du Qu\u00e9bec \u00e0 Chicoutimi (UQAC) ont proc\u00e9d\u00e9 le 8 juin 2004 \u00e0 la signature du renouvellement de la convention collective de travail du SCCUQAC. Cette nouvelle convention viendra \u00e0 \u00e9ch\u00e9ance le 31 [&hellip;]","og_url":"https:\/\/www.uqac.ca\/uqactualites\/2004\/06\/15\/le-syndicat-des-chargees-de-cours-de-luqac-et-luniversite-du-quebec-a-chicoutimi-ratifient-la-convention-collective-2\/","og_site_name":"UQACtualit\u00e9s","article_published_time":"2004-06-15T19:30:08+00:00","og_image":[{"width":620,"height":300,"url":"https:\/\/www.uqac.ca\/uqactualites\/wp-content\/uploads\/2012\/05\/communiqu-.jpg","type":"image\/jpeg"}],"author":"Service des communications et des relations publiques","twitter_card":"summary_large_image","twitter_misc":{"\u00c9crit par":"Service des communications et des relations publiques","Estimation du temps de lecture":"2 minutes"},"schema":{"@context":"https:\/\/schema.org","@graph":[{"@type":"WebPage","@id":"https:\/\/www.uqac.ca\/uqactualites\/2004\/06\/15\/le-syndicat-des-chargees-de-cours-de-luqac-et-luniversite-du-quebec-a-chicoutimi-ratifient-la-convention-collective-2\/","url":"https:\/\/www.uqac.ca\/uqactualites\/2004\/06\/15\/le-syndicat-des-chargees-de-cours-de-luqac-et-luniversite-du-quebec-a-chicoutimi-ratifient-la-convention-collective-2\/","name":"Le Syndicat des charg\u00e9(e)s de cours de l'UQAC et l'Universit\u00e9 du Qu\u00e9bec \u00e0 Chicoutimi ratifient la convention collective - UQACtualit\u00e9s","isPartOf":{"@id":"https:\/\/www.uqac.ca\/uqactualites\/#website"},"primaryImageOfPage":{"@id":"https:\/\/www.uqac.ca\/uqactualites\/2004\/06\/15\/le-syndicat-des-chargees-de-cours-de-luqac-et-luniversite-du-quebec-a-chicoutimi-ratifient-la-convention-collective-2\/#primaryimage"},"image":{"@id":"https:\/\/www.uqac.ca\/uqactualites\/2004\/06\/15\/le-syndicat-des-chargees-de-cours-de-luqac-et-luniversite-du-quebec-a-chicoutimi-ratifient-la-convention-collective-2\/#primaryimage"},"thumbnailUrl":"https:\/\/www.uqac.ca\/uqactualites\/wp-content\/uploads\/2012\/05\/communiqu-.jpg","datePublished":"2004-06-15T19:30:08+00:00","dateModified":"2004-06-15T19:30:08+00:00","author":{"@id":"https:\/\/www.uqac.ca\/uqactualites\/#\/schema\/person\/366c45a0c4f0e677b41b4af5886e2018"},"breadcrumb":{"@id":"https:\/\/www.uqac.ca\/uqactualites\/2004\/06\/15\/le-syndicat-des-chargees-de-cours-de-luqac-et-luniversite-du-quebec-a-chicoutimi-ratifient-la-convention-collective-2\/#breadcrumb"},"inLanguage":"fr-CA","potentialAction":[{"@type":"ReadAction","target":["https:\/\/www.uqac.ca\/uqactualites\/2004\/06\/15\/le-syndicat-des-chargees-de-cours-de-luqac-et-luniversite-du-quebec-a-chicoutimi-ratifient-la-convention-collective-2\/"]}]},{"@type":"ImageObject","inLanguage":"fr-CA","@id":"https:\/\/www.uqac.ca\/uqactualites\/2004\/06\/15\/le-syndicat-des-chargees-de-cours-de-luqac-et-luniversite-du-quebec-a-chicoutimi-ratifient-la-convention-collective-2\/#primaryimage","url":"https:\/\/www.uqac.ca\/uqactualites\/wp-content\/uploads\/2012\/05\/communiqu-.jpg","contentUrl":"https:\/\/www.uqac.ca\/uqactualites\/wp-content\/uploads\/2012\/05\/communiqu-.jpg","width":620,"height":300},{"@type":"BreadcrumbList","@id":"https:\/\/www.uqac.ca\/uqactualites\/2004\/06\/15\/le-syndicat-des-chargees-de-cours-de-luqac-et-luniversite-du-quebec-a-chicoutimi-ratifient-la-convention-collective-2\/#breadcrumb","itemListElement":[{"@type":"ListItem","position":1,"name":"Home","item":"https:\/\/www.uqac.ca\/uqactualites\/"},{"@type":"ListItem","position":2,"name":"Le Syndicat des charg\u00e9(e)s de cours de l&rsquo;UQAC et l&rsquo;Universit\u00e9 du Qu\u00e9bec \u00e0 Chicoutimi ratifient la convention collective"}]},{"@type":"WebSite","@id":"https:\/\/www.uqac.ca\/uqactualites\/#website","url":"https:\/\/www.uqac.ca\/uqactualites\/","name":"UQACtualit\u00e9s","description":"Le portail des nouvelles de l&#039;UQAC","potentialAction":[{"@type":"SearchAction","target":{"@type":"EntryPoint","urlTemplate":"https:\/\/www.uqac.ca\/uqactualites\/?s={search_term_string}"},"query-input":{"@type":"PropertyValueSpecification","valueRequired":true,"valueName":"search_term_string"}}],"inLanguage":"fr-CA"},{"@type":"Person","@id":"https:\/\/www.uqac.ca\/uqactualites\/#\/schema\/person\/366c45a0c4f0e677b41b4af5886e2018","name":"Service des communications et des relations publiques","image":{"@type":"ImageObject","inLanguage":"fr-CA","@id":"https:\/\/www.uqac.ca\/uqactualites\/#\/schema\/person\/image\/","url":"https:\/\/secure.gravatar.com\/avatar\/20fbbda8a292f59f2d3461a5b999c00b?s=96&d=mm&r=g","contentUrl":"https:\/\/secure.gravatar.com\/avatar\/20fbbda8a292f59f2d3461a5b999c00b?s=96&d=mm&r=g","caption":"Service des communications et des relations publiques"},"url":"https:\/\/www.uqac.ca\/uqactualites\/author\/bap\/"}]}},"_links":{"self":[{"href":"https:\/\/www.uqac.ca\/uqactualites\/wp-json\/wp\/v2\/posts\/25263"}],"collection":[{"href":"https:\/\/www.uqac.ca\/uqactualites\/wp-json\/wp\/v2\/posts"}],"about":[{"href":"https:\/\/www.uqac.ca\/uqactualites\/wp-json\/wp\/v2\/types\/post"}],"author":[{"embeddable":true,"href":"https:\/\/www.uqac.ca\/uqactualites\/wp-json\/wp\/v2\/users\/5"}],"replies":[{"embeddable":true,"href":"https:\/\/www.uqac.ca\/uqactualites\/wp-json\/wp\/v2\/comments?post=25263"}],"version-history":[{"count":0,"href":"https:\/\/www.uqac.ca\/uqactualites\/wp-json\/wp\/v2\/posts\/25263\/revisions"}],"wp:featuredmedia":[{"embeddable":true,"href":"https:\/\/www.uqac.ca\/uqactualites\/wp-json\/wp\/v2\/media\/20745"}],"wp:attachment":[{"href":"https:\/\/www.uqac.ca\/uqactualites\/wp-json\/wp\/v2\/media?parent=25263"}],"wp:term":[{"taxonomy":"category","embeddable":true,"href":"https:\/\/www.uqac.ca\/uqactualites\/wp-json\/wp\/v2\/categories?post=25263"},{"taxonomy":"post_tag","embeddable":true,"href":"https:\/\/www.uqac.ca\/uqactualites\/wp-json\/wp\/v2\/tags?post=25263"}],"curies":[{"name":"wp","href":"https:\/\/api.w.org\/{rel}","templated":true}]}}