{"id":25265,"date":"2004-08-13T15:30:56","date_gmt":"2004-08-13T19:30:56","guid":{"rendered":"http:\/\/uqactualite.odev.ca\/?p=25265"},"modified":"2004-08-13T15:30:56","modified_gmt":"2004-08-13T19:30:56","slug":"remise-de-la-medaille-de-luqac-a-monsieur-laurent-tremblay","status":"publish","type":"post","link":"https:\/\/www.uqac.ca\/uqactualites\/2004\/08\/13\/remise-de-la-medaille-de-luqac-a-monsieur-laurent-tremblay\/","title":{"rendered":"Remise de la m\u00e9daille de l&rsquo;UQAC \u00e0 Monsieur Laurent Tremblay"},"content":{"rendered":"<p style=\"text-align: justify\"><b>Saguenay, le vendredi 13 ao\u00fbt 2004 <\/b>\u2014 L&rsquo;Universit\u00e9 du Qu\u00e9bec \u00e0 Chicoutimi a remis avec fiert\u00e9 la m\u00e9daille de l&rsquo;UQAC \u00e0 monsieur Laurent Tremblay en raison de son exceptionnelle contribution \u00e0 la gestion administrative de la Fondation de l&rsquo;Universit\u00e9 du Qu\u00e9bec \u00e0 Chicoutimi ainsi que son implication dans les dossiers de d\u00e9veloppement de l&rsquo;Universit\u00e9. Le tout s&rsquo;est d\u00e9roul\u00e9 \u00e0 l&rsquo;occasion d&rsquo;une activit\u00e9 sp\u00e9ciale de la Fondation de l&rsquo;UQAC, tenue au Centre social de l&rsquo;Universit\u00e9.<\/p>\n<p style=\"text-align: justify\">Par cette attribution, l&rsquo;UQAC tient \u00e9galement \u00e0 reconna\u00eetre \u00e0 M. Tremblay le m\u00e9rite d&rsquo;une carri\u00e8re au parcours diversifi\u00e9 qui l&rsquo;a conduit, notamment et parfois de fa\u00e7on simultan\u00e9e, \u00e0 l&rsquo;industrie, aux communications, au domaine de l&rsquo;enseignement sup\u00e9rieur et de la recherche, dont il s&rsquo;occupe toujours, en tant que directeur administratif du Groupe de la Fondation de l&rsquo;Universit\u00e9 du Qu\u00e9bec \u00e0 Chicoutimi (voir la pi\u00e8ce jointe pour le texte complet de l&rsquo;hommage rendu \u00e0 M. Tremblay).<\/p>\n<p style=\"text-align: justify\">La M\u00e9daille de l&rsquo;Universit\u00e9 du Qu\u00e9bec \u00e0 Chicoutimi, apr\u00e8s le doctorat \u00abhonoris causa\u00bb, est l&rsquo;honneur le plus important que l&rsquo;Universit\u00e9 puisse conf\u00e9rer. Cette distinction est d\u00e9cern\u00e9e soit:<\/p>\n<ul style=\"text-align: justify\">\n<li>en reconnaissance du m\u00e9rite significatif ou d&rsquo;une contribution remarquable au progr\u00e8s et au d\u00e9veloppement de la vie de la communaut\u00e9 universitaire;<\/li>\n<li>pour l&rsquo;atteinte d&rsquo;un haut degr\u00e9 de r\u00e9alisation professionnelle contribuant ainsi au d\u00e9veloppement de l&rsquo;un ou l&rsquo;autre des domaines li\u00e9s aux missions universitaires; pour la contribution exceptionnelle au d\u00e9veloppement social, \u00e9conomique ou culturel de la r\u00e9gion.<\/li>\n<\/ul>\n<div style=\"text-align: justify\" align=\"center\">\n<p style=\"text-align: center\">-30-<\/p>\n<\/div>\n<p style=\"text-align: justify\">Source: Denis Claveau, agent d&rsquo;information<br \/>\nService des affaires publiques<br \/>\nT\u00e9l\u00e9phone: (418) 545-5011, poste 2350<br \/>\nDenis_Claveau@uqac.ca<\/p>\n","protected":false},"excerpt":{"rendered":"<p>Saguenay, le vendredi 13 ao\u00fbt 2004 \u2014 L&rsquo;Universit\u00e9 du Qu\u00e9bec \u00e0 Chicoutimi a remis avec fiert\u00e9 la m\u00e9daille de l&rsquo;UQAC \u00e0 monsieur Laurent Tremblay en raison de son exceptionnelle contribution \u00e0 la gestion administrative de la Fondation de l&rsquo;Universit\u00e9 du Qu\u00e9bec \u00e0 Chicoutimi ainsi que son implication dans les dossiers de d\u00e9veloppement de l&rsquo;Universit\u00e9. Le [&hellip;]<\/p>\n","protected":false},"author":5,"featured_media":20745,"comment_status":"open","ping_status":"open","sticky":false,"template":"","format":"standard","meta":{"footnotes":""},"categories":[2772],"tags":[],"yoast_head":"<!-- This site is optimized with the Yoast SEO plugin v24.2 - https:\/\/yoast.com\/wordpress\/plugins\/seo\/ -->\r\n<title>Remise de la m\u00e9daille de l&#039;UQAC \u00e0 Monsieur Laurent Tremblay - UQACtualit\u00e9s<\/title>\r\n<meta name=\"robots\" content=\"index, follow, max-snippet:-1, max-image-preview:large, max-video-preview:-1\" \/>\r\n<link rel=\"canonical\" href=\"https:\/\/www.uqac.ca\/uqactualites\/2004\/08\/13\/remise-de-la-medaille-de-luqac-a-monsieur-laurent-tremblay\/\" \/>\r\n<meta property=\"og:locale\" content=\"fr_CA\" \/>\r\n<meta property=\"og:type\" content=\"article\" \/>\r\n<meta property=\"og:title\" content=\"Remise de la m\u00e9daille de l&#039;UQAC \u00e0 Monsieur Laurent Tremblay - UQACtualit\u00e9s\" \/>\r\n<meta property=\"og:description\" content=\"Saguenay, le vendredi 13 ao\u00fbt 2004 \u2014 L&rsquo;Universit\u00e9 du Qu\u00e9bec \u00e0 Chicoutimi a remis avec fiert\u00e9 la m\u00e9daille de l&rsquo;UQAC \u00e0 monsieur Laurent Tremblay en raison de son exceptionnelle contribution \u00e0 la gestion administrative de la Fondation de l&rsquo;Universit\u00e9 du Qu\u00e9bec \u00e0 Chicoutimi ainsi que son implication dans les dossiers de d\u00e9veloppement de l&rsquo;Universit\u00e9. Le [&hellip;]\" \/>\r\n<meta property=\"og:url\" content=\"https:\/\/www.uqac.ca\/uqactualites\/2004\/08\/13\/remise-de-la-medaille-de-luqac-a-monsieur-laurent-tremblay\/\" \/>\r\n<meta property=\"og:site_name\" content=\"UQACtualit\u00e9s\" \/>\r\n<meta property=\"article:published_time\" content=\"2004-08-13T19:30:56+00:00\" \/>\r\n<meta property=\"og:image\" content=\"https:\/\/www.uqac.ca\/uqactualites\/wp-content\/uploads\/2012\/05\/communiqu-.jpg\" \/>\r\n\t<meta property=\"og:image:width\" content=\"620\" \/>\r\n\t<meta property=\"og:image:height\" content=\"300\" \/>\r\n\t<meta property=\"og:image:type\" content=\"image\/jpeg\" \/>\r\n<meta name=\"author\" content=\"Service des communications et des relations publiques\" \/>\r\n<meta name=\"twitter:card\" content=\"summary_large_image\" \/>\r\n<meta name=\"twitter:label1\" content=\"\u00c9crit par\" \/>\n\t<meta name=\"twitter:data1\" content=\"Service des communications et des relations publiques\" \/>\n\t<meta name=\"twitter:label2\" content=\"Estimation du temps de lecture\" \/>\n\t<meta name=\"twitter:data2\" content=\"1 minute\" \/>\r\n<script type=\"application\/ld+json\" class=\"yoast-schema-graph\">{\"@context\":\"https:\/\/schema.org\",\"@graph\":[{\"@type\":\"WebPage\",\"@id\":\"https:\/\/www.uqac.ca\/uqactualites\/2004\/08\/13\/remise-de-la-medaille-de-luqac-a-monsieur-laurent-tremblay\/\",\"url\":\"https:\/\/www.uqac.ca\/uqactualites\/2004\/08\/13\/remise-de-la-medaille-de-luqac-a-monsieur-laurent-tremblay\/\",\"name\":\"Remise de la m\u00e9daille de l'UQAC \u00e0 Monsieur Laurent Tremblay - UQACtualit\u00e9s\",\"isPartOf\":{\"@id\":\"https:\/\/www.uqac.ca\/uqactualites\/#website\"},\"primaryImageOfPage\":{\"@id\":\"https:\/\/www.uqac.ca\/uqactualites\/2004\/08\/13\/remise-de-la-medaille-de-luqac-a-monsieur-laurent-tremblay\/#primaryimage\"},\"image\":{\"@id\":\"https:\/\/www.uqac.ca\/uqactualites\/2004\/08\/13\/remise-de-la-medaille-de-luqac-a-monsieur-laurent-tremblay\/#primaryimage\"},\"thumbnailUrl\":\"https:\/\/www.uqac.ca\/uqactualites\/wp-content\/uploads\/2012\/05\/communiqu-.jpg\",\"datePublished\":\"2004-08-13T19:30:56+00:00\",\"dateModified\":\"2004-08-13T19:30:56+00:00\",\"author\":{\"@id\":\"https:\/\/www.uqac.ca\/uqactualites\/#\/schema\/person\/366c45a0c4f0e677b41b4af5886e2018\"},\"breadcrumb\":{\"@id\":\"https:\/\/www.uqac.ca\/uqactualites\/2004\/08\/13\/remise-de-la-medaille-de-luqac-a-monsieur-laurent-tremblay\/#breadcrumb\"},\"inLanguage\":\"fr-CA\",\"potentialAction\":[{\"@type\":\"ReadAction\",\"target\":[\"https:\/\/www.uqac.ca\/uqactualites\/2004\/08\/13\/remise-de-la-medaille-de-luqac-a-monsieur-laurent-tremblay\/\"]}]},{\"@type\":\"ImageObject\",\"inLanguage\":\"fr-CA\",\"@id\":\"https:\/\/www.uqac.ca\/uqactualites\/2004\/08\/13\/remise-de-la-medaille-de-luqac-a-monsieur-laurent-tremblay\/#primaryimage\",\"url\":\"https:\/\/www.uqac.ca\/uqactualites\/wp-content\/uploads\/2012\/05\/communiqu-.jpg\",\"contentUrl\":\"https:\/\/www.uqac.ca\/uqactualites\/wp-content\/uploads\/2012\/05\/communiqu-.jpg\",\"width\":620,\"height\":300},{\"@type\":\"BreadcrumbList\",\"@id\":\"https:\/\/www.uqac.ca\/uqactualites\/2004\/08\/13\/remise-de-la-medaille-de-luqac-a-monsieur-laurent-tremblay\/#breadcrumb\",\"itemListElement\":[{\"@type\":\"ListItem\",\"position\":1,\"name\":\"Home\",\"item\":\"https:\/\/www.uqac.ca\/uqactualites\/\"},{\"@type\":\"ListItem\",\"position\":2,\"name\":\"Remise de la m\u00e9daille de l&rsquo;UQAC \u00e0 Monsieur Laurent Tremblay\"}]},{\"@type\":\"WebSite\",\"@id\":\"https:\/\/www.uqac.ca\/uqactualites\/#website\",\"url\":\"https:\/\/www.uqac.ca\/uqactualites\/\",\"name\":\"UQACtualit\u00e9s\",\"description\":\"Le portail des nouvelles de l&#039;UQAC\",\"potentialAction\":[{\"@type\":\"SearchAction\",\"target\":{\"@type\":\"EntryPoint\",\"urlTemplate\":\"https:\/\/www.uqac.ca\/uqactualites\/?s={search_term_string}\"},\"query-input\":{\"@type\":\"PropertyValueSpecification\",\"valueRequired\":true,\"valueName\":\"search_term_string\"}}],\"inLanguage\":\"fr-CA\"},{\"@type\":\"Person\",\"@id\":\"https:\/\/www.uqac.ca\/uqactualites\/#\/schema\/person\/366c45a0c4f0e677b41b4af5886e2018\",\"name\":\"Service des communications et des relations publiques\",\"image\":{\"@type\":\"ImageObject\",\"inLanguage\":\"fr-CA\",\"@id\":\"https:\/\/www.uqac.ca\/uqactualites\/#\/schema\/person\/image\/\",\"url\":\"https:\/\/secure.gravatar.com\/avatar\/20fbbda8a292f59f2d3461a5b999c00b?s=96&d=mm&r=g\",\"contentUrl\":\"https:\/\/secure.gravatar.com\/avatar\/20fbbda8a292f59f2d3461a5b999c00b?s=96&d=mm&r=g\",\"caption\":\"Service des communications et des relations publiques\"},\"url\":\"https:\/\/www.uqac.ca\/uqactualites\/author\/bap\/\"}]}<\/script>\r\n<!-- \/ Yoast SEO plugin. -->","yoast_head_json":{"title":"Remise de la m\u00e9daille de l'UQAC \u00e0 Monsieur Laurent Tremblay - UQACtualit\u00e9s","robots":{"index":"index","follow":"follow","max-snippet":"max-snippet:-1","max-image-preview":"max-image-preview:large","max-video-preview":"max-video-preview:-1"},"canonical":"https:\/\/www.uqac.ca\/uqactualites\/2004\/08\/13\/remise-de-la-medaille-de-luqac-a-monsieur-laurent-tremblay\/","og_locale":"fr_CA","og_type":"article","og_title":"Remise de la m\u00e9daille de l'UQAC \u00e0 Monsieur Laurent Tremblay - UQACtualit\u00e9s","og_description":"Saguenay, le vendredi 13 ao\u00fbt 2004 \u2014 L&rsquo;Universit\u00e9 du Qu\u00e9bec \u00e0 Chicoutimi a remis avec fiert\u00e9 la m\u00e9daille de l&rsquo;UQAC \u00e0 monsieur Laurent Tremblay en raison de son exceptionnelle contribution \u00e0 la gestion administrative de la Fondation de l&rsquo;Universit\u00e9 du Qu\u00e9bec \u00e0 Chicoutimi ainsi que son implication dans les dossiers de d\u00e9veloppement de l&rsquo;Universit\u00e9. Le [&hellip;]","og_url":"https:\/\/www.uqac.ca\/uqactualites\/2004\/08\/13\/remise-de-la-medaille-de-luqac-a-monsieur-laurent-tremblay\/","og_site_name":"UQACtualit\u00e9s","article_published_time":"2004-08-13T19:30:56+00:00","og_image":[{"width":620,"height":300,"url":"https:\/\/www.uqac.ca\/uqactualites\/wp-content\/uploads\/2012\/05\/communiqu-.jpg","type":"image\/jpeg"}],"author":"Service des communications et des relations publiques","twitter_card":"summary_large_image","twitter_misc":{"\u00c9crit par":"Service des communications et des relations publiques","Estimation du temps de lecture":"1 minute"},"schema":{"@context":"https:\/\/schema.org","@graph":[{"@type":"WebPage","@id":"https:\/\/www.uqac.ca\/uqactualites\/2004\/08\/13\/remise-de-la-medaille-de-luqac-a-monsieur-laurent-tremblay\/","url":"https:\/\/www.uqac.ca\/uqactualites\/2004\/08\/13\/remise-de-la-medaille-de-luqac-a-monsieur-laurent-tremblay\/","name":"Remise de la m\u00e9daille de l'UQAC \u00e0 Monsieur Laurent Tremblay - UQACtualit\u00e9s","isPartOf":{"@id":"https:\/\/www.uqac.ca\/uqactualites\/#website"},"primaryImageOfPage":{"@id":"https:\/\/www.uqac.ca\/uqactualites\/2004\/08\/13\/remise-de-la-medaille-de-luqac-a-monsieur-laurent-tremblay\/#primaryimage"},"image":{"@id":"https:\/\/www.uqac.ca\/uqactualites\/2004\/08\/13\/remise-de-la-medaille-de-luqac-a-monsieur-laurent-tremblay\/#primaryimage"},"thumbnailUrl":"https:\/\/www.uqac.ca\/uqactualites\/wp-content\/uploads\/2012\/05\/communiqu-.jpg","datePublished":"2004-08-13T19:30:56+00:00","dateModified":"2004-08-13T19:30:56+00:00","author":{"@id":"https:\/\/www.uqac.ca\/uqactualites\/#\/schema\/person\/366c45a0c4f0e677b41b4af5886e2018"},"breadcrumb":{"@id":"https:\/\/www.uqac.ca\/uqactualites\/2004\/08\/13\/remise-de-la-medaille-de-luqac-a-monsieur-laurent-tremblay\/#breadcrumb"},"inLanguage":"fr-CA","potentialAction":[{"@type":"ReadAction","target":["https:\/\/www.uqac.ca\/uqactualites\/2004\/08\/13\/remise-de-la-medaille-de-luqac-a-monsieur-laurent-tremblay\/"]}]},{"@type":"ImageObject","inLanguage":"fr-CA","@id":"https:\/\/www.uqac.ca\/uqactualites\/2004\/08\/13\/remise-de-la-medaille-de-luqac-a-monsieur-laurent-tremblay\/#primaryimage","url":"https:\/\/www.uqac.ca\/uqactualites\/wp-content\/uploads\/2012\/05\/communiqu-.jpg","contentUrl":"https:\/\/www.uqac.ca\/uqactualites\/wp-content\/uploads\/2012\/05\/communiqu-.jpg","width":620,"height":300},{"@type":"BreadcrumbList","@id":"https:\/\/www.uqac.ca\/uqactualites\/2004\/08\/13\/remise-de-la-medaille-de-luqac-a-monsieur-laurent-tremblay\/#breadcrumb","itemListElement":[{"@type":"ListItem","position":1,"name":"Home","item":"https:\/\/www.uqac.ca\/uqactualites\/"},{"@type":"ListItem","position":2,"name":"Remise de la m\u00e9daille de l&rsquo;UQAC \u00e0 Monsieur Laurent Tremblay"}]},{"@type":"WebSite","@id":"https:\/\/www.uqac.ca\/uqactualites\/#website","url":"https:\/\/www.uqac.ca\/uqactualites\/","name":"UQACtualit\u00e9s","description":"Le portail des nouvelles de l&#039;UQAC","potentialAction":[{"@type":"SearchAction","target":{"@type":"EntryPoint","urlTemplate":"https:\/\/www.uqac.ca\/uqactualites\/?s={search_term_string}"},"query-input":{"@type":"PropertyValueSpecification","valueRequired":true,"valueName":"search_term_string"}}],"inLanguage":"fr-CA"},{"@type":"Person","@id":"https:\/\/www.uqac.ca\/uqactualites\/#\/schema\/person\/366c45a0c4f0e677b41b4af5886e2018","name":"Service des communications et des relations publiques","image":{"@type":"ImageObject","inLanguage":"fr-CA","@id":"https:\/\/www.uqac.ca\/uqactualites\/#\/schema\/person\/image\/","url":"https:\/\/secure.gravatar.com\/avatar\/20fbbda8a292f59f2d3461a5b999c00b?s=96&d=mm&r=g","contentUrl":"https:\/\/secure.gravatar.com\/avatar\/20fbbda8a292f59f2d3461a5b999c00b?s=96&d=mm&r=g","caption":"Service des communications et des relations publiques"},"url":"https:\/\/www.uqac.ca\/uqactualites\/author\/bap\/"}]}},"_links":{"self":[{"href":"https:\/\/www.uqac.ca\/uqactualites\/wp-json\/wp\/v2\/posts\/25265"}],"collection":[{"href":"https:\/\/www.uqac.ca\/uqactualites\/wp-json\/wp\/v2\/posts"}],"about":[{"href":"https:\/\/www.uqac.ca\/uqactualites\/wp-json\/wp\/v2\/types\/post"}],"author":[{"embeddable":true,"href":"https:\/\/www.uqac.ca\/uqactualites\/wp-json\/wp\/v2\/users\/5"}],"replies":[{"embeddable":true,"href":"https:\/\/www.uqac.ca\/uqactualites\/wp-json\/wp\/v2\/comments?post=25265"}],"version-history":[{"count":0,"href":"https:\/\/www.uqac.ca\/uqactualites\/wp-json\/wp\/v2\/posts\/25265\/revisions"}],"wp:featuredmedia":[{"embeddable":true,"href":"https:\/\/www.uqac.ca\/uqactualites\/wp-json\/wp\/v2\/media\/20745"}],"wp:attachment":[{"href":"https:\/\/www.uqac.ca\/uqactualites\/wp-json\/wp\/v2\/media?parent=25265"}],"wp:term":[{"taxonomy":"category","embeddable":true,"href":"https:\/\/www.uqac.ca\/uqactualites\/wp-json\/wp\/v2\/categories?post=25265"},{"taxonomy":"post_tag","embeddable":true,"href":"https:\/\/www.uqac.ca\/uqactualites\/wp-json\/wp\/v2\/tags?post=25265"}],"curies":[{"name":"wp","href":"https:\/\/api.w.org\/{rel}","templated":true}]}}