{"id":25280,"date":"2005-02-18T09:40:17","date_gmt":"2005-02-18T14:40:17","guid":{"rendered":"http:\/\/uqactualite.odev.ca\/?p=25280"},"modified":"2005-02-18T09:40:17","modified_gmt":"2005-02-18T14:40:17","slug":"merite-scientifique-regional-du-saguenay-lac-saint-jean-2005-appel-de-candidatures","status":"publish","type":"post","link":"https:\/\/www.uqac.ca\/uqactualites\/2005\/02\/18\/merite-scientifique-regional-du-saguenay-lac-saint-jean-2005-appel-de-candidatures\/","title":{"rendered":"M\u00e9rite scientifique r\u00e9gional du Saguenay\u2013Lac-Saint-Jean 2005 &#8211; Appel de candidatures"},"content":{"rendered":"<p style=\"text-align: justify\"><b>Saguenay, le vendredi 18 f\u00e9vrier 2005 \u2014<\/b> Toutes les personnes ou les groupes d\u00e9sireux de pr\u00e9senter leur candidature pour l&rsquo;un des quatre m\u00e9ritas d\u00e9cern\u00e9s lors de la 22<sup>e<\/sup> \u00e9dition du M\u00e9rite scientifique r\u00e9gional (MSR) devront d\u00e9poser leur dossier avant le 4 mars prochain, soit au Conseil du loisir scientifique \u00e0 Alma, soit au D\u00e9canat des \u00e9tudes de cycles sup\u00e9rieurs et de la recherche \u00e0 l&rsquo;Universit\u00e9 du Qu\u00e9bec \u00e0 Chicoutimi (UQAC).<\/p>\n<p style=\"text-align: justify\">Les r\u00e9compenses offertes cette ann\u00e9e couronneront les efforts de membres de la communaut\u00e9 scientifique r\u00e9gionale dans le domaine de la promotion, de la science et de la technologie (le prix Alphonse-Huard), dans le vaste secteur de la sant\u00e9 et des services sociaux (le prix Plourde-Gaudreault), dans celui de l&rsquo;\u00e9ducation (le prix de la Fondation Asselin) et enfin, en sciences humaines (le prix Laure-Gaudreault).<\/p>\n<p style=\"text-align: justify\">La soir\u00e9e du MSR, au cours de laquelle on remettra ces grands prix, se d\u00e9roulera le mercredi 13 avril 2005 au Holiday Inn Saguenay sous la pr\u00e9sidence d&rsquo;honneur de monsieur Pierre Bouchard, pr\u00e9sident de la Soci\u00e9t\u00e9 des Technologies de l&rsquo;Aluminium du Saguenay Inc. (STAS). Pour sa part, la pr\u00e9sidente du comit\u00e9 organisateur du MSR et doyenne des \u00e9tudes sup\u00e9rieures et de la recherche \u00e0 l&rsquo;UQAC, madame Suzie Robichaud, rappelle que la r\u00e9gion du Saguenay\u2013Lac-Saint-Jean est la seule \u00e0 maintenir une organisation comme le MSR qui reconna\u00eet publiquement des contributions marquantes apport\u00e9es \u00e0 la science dans diff\u00e9rents domaines par des individus et des groupes de la collectivit\u00e9.<\/p>\n<p style=\"text-align: justify\">Toutes les personnes int\u00e9ress\u00e9es \u00e0 soumettre leur candidature, ou celles de coll\u00e8gues ou de pairs, peuvent se procurer des d\u00e9pliants d&rsquo;information sur la fa\u00e7on de monter un dossier en communiquant au Conseil du loisir scientifique au (418) 668-4792, au d\u00e9canat de l&rsquo;Universit\u00e9 du Qu\u00e9bec \u00e0 Chicoutimi au (418) 545-5011, poste 5404, ou visiter la rubrique du M\u00e9rite scientifique r\u00e9gional \u00e0 l&rsquo;adresse : <a href=\"http:\/\/www.clssaglac.com\/msr.html\" target=\"_blank\" rel=\"noopener\">www.clssaglac.com\/msr.html<\/a>.<\/p>\n<div style=\"text-align: justify\" align=\"center\">\n<p style=\"text-align: center\">&#8211; 30 &#8211;<\/p>\n<\/div>\n<p style=\"text-align: justify\">Source: Chantale Leblond, technicienne en information<br \/>\nService des affaires publiques<br \/>\nT\u00e9l\u00e9phone : (418) 545-5011, poste 2350<br \/>\nChantale_Leblond@uqac.ca<\/p>\n","protected":false},"excerpt":{"rendered":"<p>Saguenay, le vendredi 18 f\u00e9vrier 2005 \u2014 Toutes les personnes ou les groupes d\u00e9sireux de pr\u00e9senter leur candidature pour l&rsquo;un des quatre m\u00e9ritas d\u00e9cern\u00e9s lors de la 22e \u00e9dition du M\u00e9rite scientifique r\u00e9gional (MSR) devront d\u00e9poser leur dossier avant le 4 mars prochain, soit au Conseil du loisir scientifique \u00e0 Alma, soit au D\u00e9canat des [&hellip;]<\/p>\n","protected":false},"author":5,"featured_media":20745,"comment_status":"open","ping_status":"open","sticky":false,"template":"","format":"standard","meta":{"footnotes":""},"categories":[2772],"tags":[],"yoast_head":"<!-- This site is optimized with the Yoast SEO plugin v24.2 - https:\/\/yoast.com\/wordpress\/plugins\/seo\/ -->\r\n<title>M\u00e9rite scientifique r\u00e9gional du Saguenay\u2013Lac-Saint-Jean 2005 - Appel de candidatures - UQACtualit\u00e9s<\/title>\r\n<meta name=\"robots\" content=\"index, follow, max-snippet:-1, max-image-preview:large, max-video-preview:-1\" \/>\r\n<link rel=\"canonical\" href=\"https:\/\/www.uqac.ca\/uqactualites\/2005\/02\/18\/merite-scientifique-regional-du-saguenay-lac-saint-jean-2005-appel-de-candidatures\/\" \/>\r\n<meta property=\"og:locale\" content=\"fr_CA\" \/>\r\n<meta property=\"og:type\" content=\"article\" \/>\r\n<meta property=\"og:title\" content=\"M\u00e9rite scientifique r\u00e9gional du Saguenay\u2013Lac-Saint-Jean 2005 - Appel de candidatures - UQACtualit\u00e9s\" \/>\r\n<meta property=\"og:description\" content=\"Saguenay, le vendredi 18 f\u00e9vrier 2005 \u2014 Toutes les personnes ou les groupes d\u00e9sireux de pr\u00e9senter leur candidature pour l&rsquo;un des quatre m\u00e9ritas d\u00e9cern\u00e9s lors de la 22e \u00e9dition du M\u00e9rite scientifique r\u00e9gional (MSR) devront d\u00e9poser leur dossier avant le 4 mars prochain, soit au Conseil du loisir scientifique \u00e0 Alma, soit au D\u00e9canat des [&hellip;]\" \/>\r\n<meta property=\"og:url\" content=\"https:\/\/www.uqac.ca\/uqactualites\/2005\/02\/18\/merite-scientifique-regional-du-saguenay-lac-saint-jean-2005-appel-de-candidatures\/\" \/>\r\n<meta property=\"og:site_name\" content=\"UQACtualit\u00e9s\" \/>\r\n<meta property=\"article:published_time\" content=\"2005-02-18T14:40:17+00:00\" \/>\r\n<meta property=\"og:image\" content=\"https:\/\/www.uqac.ca\/uqactualites\/wp-content\/uploads\/2012\/05\/communiqu-.jpg\" \/>\r\n\t<meta property=\"og:image:width\" content=\"620\" \/>\r\n\t<meta property=\"og:image:height\" content=\"300\" \/>\r\n\t<meta property=\"og:image:type\" content=\"image\/jpeg\" \/>\r\n<meta name=\"author\" content=\"Service des communications et des relations publiques\" \/>\r\n<meta name=\"twitter:card\" content=\"summary_large_image\" \/>\r\n<meta name=\"twitter:label1\" content=\"\u00c9crit par\" \/>\n\t<meta name=\"twitter:data1\" content=\"Service des communications et des relations publiques\" \/>\n\t<meta name=\"twitter:label2\" content=\"Estimation du temps de lecture\" \/>\n\t<meta name=\"twitter:data2\" content=\"2 minutes\" \/>\r\n<script type=\"application\/ld+json\" class=\"yoast-schema-graph\">{\"@context\":\"https:\/\/schema.org\",\"@graph\":[{\"@type\":\"WebPage\",\"@id\":\"https:\/\/www.uqac.ca\/uqactualites\/2005\/02\/18\/merite-scientifique-regional-du-saguenay-lac-saint-jean-2005-appel-de-candidatures\/\",\"url\":\"https:\/\/www.uqac.ca\/uqactualites\/2005\/02\/18\/merite-scientifique-regional-du-saguenay-lac-saint-jean-2005-appel-de-candidatures\/\",\"name\":\"M\u00e9rite scientifique r\u00e9gional du Saguenay\u2013Lac-Saint-Jean 2005 - Appel de candidatures - UQACtualit\u00e9s\",\"isPartOf\":{\"@id\":\"https:\/\/www.uqac.ca\/uqactualites\/#website\"},\"primaryImageOfPage\":{\"@id\":\"https:\/\/www.uqac.ca\/uqactualites\/2005\/02\/18\/merite-scientifique-regional-du-saguenay-lac-saint-jean-2005-appel-de-candidatures\/#primaryimage\"},\"image\":{\"@id\":\"https:\/\/www.uqac.ca\/uqactualites\/2005\/02\/18\/merite-scientifique-regional-du-saguenay-lac-saint-jean-2005-appel-de-candidatures\/#primaryimage\"},\"thumbnailUrl\":\"https:\/\/www.uqac.ca\/uqactualites\/wp-content\/uploads\/2012\/05\/communiqu-.jpg\",\"datePublished\":\"2005-02-18T14:40:17+00:00\",\"dateModified\":\"2005-02-18T14:40:17+00:00\",\"author\":{\"@id\":\"https:\/\/www.uqac.ca\/uqactualites\/#\/schema\/person\/366c45a0c4f0e677b41b4af5886e2018\"},\"breadcrumb\":{\"@id\":\"https:\/\/www.uqac.ca\/uqactualites\/2005\/02\/18\/merite-scientifique-regional-du-saguenay-lac-saint-jean-2005-appel-de-candidatures\/#breadcrumb\"},\"inLanguage\":\"fr-CA\",\"potentialAction\":[{\"@type\":\"ReadAction\",\"target\":[\"https:\/\/www.uqac.ca\/uqactualites\/2005\/02\/18\/merite-scientifique-regional-du-saguenay-lac-saint-jean-2005-appel-de-candidatures\/\"]}]},{\"@type\":\"ImageObject\",\"inLanguage\":\"fr-CA\",\"@id\":\"https:\/\/www.uqac.ca\/uqactualites\/2005\/02\/18\/merite-scientifique-regional-du-saguenay-lac-saint-jean-2005-appel-de-candidatures\/#primaryimage\",\"url\":\"https:\/\/www.uqac.ca\/uqactualites\/wp-content\/uploads\/2012\/05\/communiqu-.jpg\",\"contentUrl\":\"https:\/\/www.uqac.ca\/uqactualites\/wp-content\/uploads\/2012\/05\/communiqu-.jpg\",\"width\":620,\"height\":300},{\"@type\":\"BreadcrumbList\",\"@id\":\"https:\/\/www.uqac.ca\/uqactualites\/2005\/02\/18\/merite-scientifique-regional-du-saguenay-lac-saint-jean-2005-appel-de-candidatures\/#breadcrumb\",\"itemListElement\":[{\"@type\":\"ListItem\",\"position\":1,\"name\":\"Home\",\"item\":\"https:\/\/www.uqac.ca\/uqactualites\/\"},{\"@type\":\"ListItem\",\"position\":2,\"name\":\"M\u00e9rite scientifique r\u00e9gional du Saguenay\u2013Lac-Saint-Jean 2005 &#8211; Appel de candidatures\"}]},{\"@type\":\"WebSite\",\"@id\":\"https:\/\/www.uqac.ca\/uqactualites\/#website\",\"url\":\"https:\/\/www.uqac.ca\/uqactualites\/\",\"name\":\"UQACtualit\u00e9s\",\"description\":\"Le portail des nouvelles de l&#039;UQAC\",\"potentialAction\":[{\"@type\":\"SearchAction\",\"target\":{\"@type\":\"EntryPoint\",\"urlTemplate\":\"https:\/\/www.uqac.ca\/uqactualites\/?s={search_term_string}\"},\"query-input\":{\"@type\":\"PropertyValueSpecification\",\"valueRequired\":true,\"valueName\":\"search_term_string\"}}],\"inLanguage\":\"fr-CA\"},{\"@type\":\"Person\",\"@id\":\"https:\/\/www.uqac.ca\/uqactualites\/#\/schema\/person\/366c45a0c4f0e677b41b4af5886e2018\",\"name\":\"Service des communications et des relations publiques\",\"image\":{\"@type\":\"ImageObject\",\"inLanguage\":\"fr-CA\",\"@id\":\"https:\/\/www.uqac.ca\/uqactualites\/#\/schema\/person\/image\/\",\"url\":\"https:\/\/secure.gravatar.com\/avatar\/20fbbda8a292f59f2d3461a5b999c00b?s=96&d=mm&r=g\",\"contentUrl\":\"https:\/\/secure.gravatar.com\/avatar\/20fbbda8a292f59f2d3461a5b999c00b?s=96&d=mm&r=g\",\"caption\":\"Service des communications et des relations publiques\"},\"url\":\"https:\/\/www.uqac.ca\/uqactualites\/author\/bap\/\"}]}<\/script>\r\n<!-- \/ Yoast SEO plugin. -->","yoast_head_json":{"title":"M\u00e9rite scientifique r\u00e9gional du Saguenay\u2013Lac-Saint-Jean 2005 - Appel de candidatures - UQACtualit\u00e9s","robots":{"index":"index","follow":"follow","max-snippet":"max-snippet:-1","max-image-preview":"max-image-preview:large","max-video-preview":"max-video-preview:-1"},"canonical":"https:\/\/www.uqac.ca\/uqactualites\/2005\/02\/18\/merite-scientifique-regional-du-saguenay-lac-saint-jean-2005-appel-de-candidatures\/","og_locale":"fr_CA","og_type":"article","og_title":"M\u00e9rite scientifique r\u00e9gional du Saguenay\u2013Lac-Saint-Jean 2005 - Appel de candidatures - UQACtualit\u00e9s","og_description":"Saguenay, le vendredi 18 f\u00e9vrier 2005 \u2014 Toutes les personnes ou les groupes d\u00e9sireux de pr\u00e9senter leur candidature pour l&rsquo;un des quatre m\u00e9ritas d\u00e9cern\u00e9s lors de la 22e \u00e9dition du M\u00e9rite scientifique r\u00e9gional (MSR) devront d\u00e9poser leur dossier avant le 4 mars prochain, soit au Conseil du loisir scientifique \u00e0 Alma, soit au D\u00e9canat des [&hellip;]","og_url":"https:\/\/www.uqac.ca\/uqactualites\/2005\/02\/18\/merite-scientifique-regional-du-saguenay-lac-saint-jean-2005-appel-de-candidatures\/","og_site_name":"UQACtualit\u00e9s","article_published_time":"2005-02-18T14:40:17+00:00","og_image":[{"width":620,"height":300,"url":"https:\/\/www.uqac.ca\/uqactualites\/wp-content\/uploads\/2012\/05\/communiqu-.jpg","type":"image\/jpeg"}],"author":"Service des communications et des relations publiques","twitter_card":"summary_large_image","twitter_misc":{"\u00c9crit par":"Service des communications et des relations publiques","Estimation du temps de lecture":"2 minutes"},"schema":{"@context":"https:\/\/schema.org","@graph":[{"@type":"WebPage","@id":"https:\/\/www.uqac.ca\/uqactualites\/2005\/02\/18\/merite-scientifique-regional-du-saguenay-lac-saint-jean-2005-appel-de-candidatures\/","url":"https:\/\/www.uqac.ca\/uqactualites\/2005\/02\/18\/merite-scientifique-regional-du-saguenay-lac-saint-jean-2005-appel-de-candidatures\/","name":"M\u00e9rite scientifique r\u00e9gional du Saguenay\u2013Lac-Saint-Jean 2005 - Appel de candidatures - UQACtualit\u00e9s","isPartOf":{"@id":"https:\/\/www.uqac.ca\/uqactualites\/#website"},"primaryImageOfPage":{"@id":"https:\/\/www.uqac.ca\/uqactualites\/2005\/02\/18\/merite-scientifique-regional-du-saguenay-lac-saint-jean-2005-appel-de-candidatures\/#primaryimage"},"image":{"@id":"https:\/\/www.uqac.ca\/uqactualites\/2005\/02\/18\/merite-scientifique-regional-du-saguenay-lac-saint-jean-2005-appel-de-candidatures\/#primaryimage"},"thumbnailUrl":"https:\/\/www.uqac.ca\/uqactualites\/wp-content\/uploads\/2012\/05\/communiqu-.jpg","datePublished":"2005-02-18T14:40:17+00:00","dateModified":"2005-02-18T14:40:17+00:00","author":{"@id":"https:\/\/www.uqac.ca\/uqactualites\/#\/schema\/person\/366c45a0c4f0e677b41b4af5886e2018"},"breadcrumb":{"@id":"https:\/\/www.uqac.ca\/uqactualites\/2005\/02\/18\/merite-scientifique-regional-du-saguenay-lac-saint-jean-2005-appel-de-candidatures\/#breadcrumb"},"inLanguage":"fr-CA","potentialAction":[{"@type":"ReadAction","target":["https:\/\/www.uqac.ca\/uqactualites\/2005\/02\/18\/merite-scientifique-regional-du-saguenay-lac-saint-jean-2005-appel-de-candidatures\/"]}]},{"@type":"ImageObject","inLanguage":"fr-CA","@id":"https:\/\/www.uqac.ca\/uqactualites\/2005\/02\/18\/merite-scientifique-regional-du-saguenay-lac-saint-jean-2005-appel-de-candidatures\/#primaryimage","url":"https:\/\/www.uqac.ca\/uqactualites\/wp-content\/uploads\/2012\/05\/communiqu-.jpg","contentUrl":"https:\/\/www.uqac.ca\/uqactualites\/wp-content\/uploads\/2012\/05\/communiqu-.jpg","width":620,"height":300},{"@type":"BreadcrumbList","@id":"https:\/\/www.uqac.ca\/uqactualites\/2005\/02\/18\/merite-scientifique-regional-du-saguenay-lac-saint-jean-2005-appel-de-candidatures\/#breadcrumb","itemListElement":[{"@type":"ListItem","position":1,"name":"Home","item":"https:\/\/www.uqac.ca\/uqactualites\/"},{"@type":"ListItem","position":2,"name":"M\u00e9rite scientifique r\u00e9gional du Saguenay\u2013Lac-Saint-Jean 2005 &#8211; Appel de candidatures"}]},{"@type":"WebSite","@id":"https:\/\/www.uqac.ca\/uqactualites\/#website","url":"https:\/\/www.uqac.ca\/uqactualites\/","name":"UQACtualit\u00e9s","description":"Le portail des nouvelles de l&#039;UQAC","potentialAction":[{"@type":"SearchAction","target":{"@type":"EntryPoint","urlTemplate":"https:\/\/www.uqac.ca\/uqactualites\/?s={search_term_string}"},"query-input":{"@type":"PropertyValueSpecification","valueRequired":true,"valueName":"search_term_string"}}],"inLanguage":"fr-CA"},{"@type":"Person","@id":"https:\/\/www.uqac.ca\/uqactualites\/#\/schema\/person\/366c45a0c4f0e677b41b4af5886e2018","name":"Service des communications et des relations publiques","image":{"@type":"ImageObject","inLanguage":"fr-CA","@id":"https:\/\/www.uqac.ca\/uqactualites\/#\/schema\/person\/image\/","url":"https:\/\/secure.gravatar.com\/avatar\/20fbbda8a292f59f2d3461a5b999c00b?s=96&d=mm&r=g","contentUrl":"https:\/\/secure.gravatar.com\/avatar\/20fbbda8a292f59f2d3461a5b999c00b?s=96&d=mm&r=g","caption":"Service des communications et des relations publiques"},"url":"https:\/\/www.uqac.ca\/uqactualites\/author\/bap\/"}]}},"_links":{"self":[{"href":"https:\/\/www.uqac.ca\/uqactualites\/wp-json\/wp\/v2\/posts\/25280"}],"collection":[{"href":"https:\/\/www.uqac.ca\/uqactualites\/wp-json\/wp\/v2\/posts"}],"about":[{"href":"https:\/\/www.uqac.ca\/uqactualites\/wp-json\/wp\/v2\/types\/post"}],"author":[{"embeddable":true,"href":"https:\/\/www.uqac.ca\/uqactualites\/wp-json\/wp\/v2\/users\/5"}],"replies":[{"embeddable":true,"href":"https:\/\/www.uqac.ca\/uqactualites\/wp-json\/wp\/v2\/comments?post=25280"}],"version-history":[{"count":0,"href":"https:\/\/www.uqac.ca\/uqactualites\/wp-json\/wp\/v2\/posts\/25280\/revisions"}],"wp:featuredmedia":[{"embeddable":true,"href":"https:\/\/www.uqac.ca\/uqactualites\/wp-json\/wp\/v2\/media\/20745"}],"wp:attachment":[{"href":"https:\/\/www.uqac.ca\/uqactualites\/wp-json\/wp\/v2\/media?parent=25280"}],"wp:term":[{"taxonomy":"category","embeddable":true,"href":"https:\/\/www.uqac.ca\/uqactualites\/wp-json\/wp\/v2\/categories?post=25280"},{"taxonomy":"post_tag","embeddable":true,"href":"https:\/\/www.uqac.ca\/uqactualites\/wp-json\/wp\/v2\/tags?post=25280"}],"curies":[{"name":"wp","href":"https:\/\/api.w.org\/{rel}","templated":true}]}}