{"id":25299,"date":"2005-09-12T09:48:29","date_gmt":"2005-09-12T13:48:29","guid":{"rendered":"http:\/\/uqactualite.odev.ca\/?p=25299"},"modified":"2005-09-12T09:48:29","modified_gmt":"2005-09-12T13:48:29","slug":"forum-regional-saguenay-lac-saint-jean-vision-2025-options-concretes-pour-des-actions-structurantes","status":"publish","type":"post","link":"https:\/\/www.uqac.ca\/uqactualites\/2005\/09\/12\/forum-regional-saguenay-lac-saint-jean-vision-2025-options-concretes-pour-des-actions-structurantes\/","title":{"rendered":"Forum r\u00e9gional Saguenay\u2014Lac-Saint-Jean Vision 2025 &#8211; \u00ab Options concr\u00e8tes pour des actions structurantes \u00bb"},"content":{"rendered":"<p style=\"text-align: justify\">Saguenay, le lundi 12 septembre 2005 \u2014 Le Centre de recherche sur le d\u00e9veloppement territorial (CRDT), dont plusieurs professeurs-chercheurs de l&rsquo;Universit\u00e9 du Qu\u00e9bec \u00e0 Chicoutimi (UQAC) sont membres, propose un forum sur le th\u00e8me \u00ab Options concr\u00e8tes pour des actions structurantes \u00bb. Cet \u00e9v\u00e9nement se tiendra le 15 et le 16 septembre 2005 dans les locaux du Pavillon principal de l&rsquo;UQAC. Apr\u00e8s deux ann\u00e9es d&rsquo;observation et d&rsquo;analyse de la r\u00e9alit\u00e9 r\u00e9gionale, ce forum a \u00e9t\u00e9 mis sur pied gr\u00e2ce \u00e0 l&rsquo;expertise mobilis\u00e9e par des s\u00e9minaires, des ateliers et des colloques.<\/p>\n<p style=\"text-align: justify\">Au cours de l&rsquo;\u00e9t\u00e9 2005, l&rsquo;\u00e9quipe du Centre de recherche sur le d\u00e9veloppement territorial a proc\u00e9d\u00e9 \u00e0 un inventaire des actions structurantes qui sont en \u00e9mergence ou en voie de r\u00e9alisation dans la r\u00e9gion du Saguenay\u2014Lac-Saint-Jean. Pour r\u00e9aliser cette \u00e9tude, quatre grands chantiers ont \u00e9t\u00e9 investigu\u00e9s syst\u00e9matiquement par des entrevues.<\/p>\n<p style=\"text-align: justify\">\u00ab Il s&rsquo;agit d&rsquo;abord de la territorialit\u00e9 des pratiques politiques, \u00e9conomiques, sociales et culturelles \u00bb, pr\u00e9cise l&rsquo;instigateur du forum r\u00e9gional, Monsieur Marc-Urbain Proulx, professeur au D\u00e9partement des sciences \u00e9conomiques et administratives de l&rsquo;UQAC et directeur du programme de doctorat en d\u00e9veloppement r\u00e9gional. Il dirige \u00e9galement la revue Organisation et territoire. \u00ab La culture, au sens g\u00e9n\u00e9ral, repr\u00e9sente sur un territoire local ou r\u00e9gional, le bouillon duquel \u00e9merge le capital humain qui sert le d\u00e9veloppement; d\u00e9veloppement local et r\u00e9gional qui est lui-m\u00eame li\u00e9 \u00e0 la capacit\u00e9 d&rsquo;innovation sur le territoire. Finalement, l&rsquo;appropriation de leviers politiques, sociaux, culturels et \u00e9conomiques sur le territoire permet de soutenir les initiatives de d\u00e9veloppement \u00bb, ajoute Monsieur Proulx.<\/p>\n<p style=\"text-align: justify\">Lors de ce forum r\u00e9gional, plusieurs promoteurs seront invit\u00e9s \u00e0 pr\u00e9senter la pr\u00e9faisabilit\u00e9 de leur projet selon un canevas multicrit\u00e8re. Du coup, la dynamique endog\u00e8ne du d\u00e9veloppement subira une autre impulsion pertinente bien n\u00e9cessaire. Des strat\u00e9gies seront valid\u00e9es. De nouvelles id\u00e9es et initiatives seront fertilis\u00e9es. La cr\u00e9dibilit\u00e9 de plusieurs actions progressera. Des partenariats seront envisag\u00e9s. Les bailleurs de fonds seront sensibilis\u00e9s. Enfin, \u00e0 l&rsquo;issue de ce forum, on verra \u00e0 identifier et mettre en \u0153uvre les moyens permettant d&rsquo;actualiser les conclusions et recommandations de cet \u00e9v\u00e9nement d&rsquo;importance.<\/p>\n<p style=\"text-align: justify\">Le Centre de recherche sur le d\u00e9veloppement territorial est un regroupement strat\u00e9gique de chercheures et de chercheurs, reconnu par le Fonds qu\u00e9b\u00e9cois de recherche sur la soci\u00e9t\u00e9 et la culture (FQRSC). Il vise la mise en \u0153uvre d&rsquo;un programme de recherche comparative sur le d\u00e9veloppement territorial. Rattach\u00e9 \u00e0 l&rsquo;Universit\u00e9 du Qu\u00e9bec \u00e0 Rimouski, le CRDT regroupe une quarantaine de chercheurs du Qu\u00e9bec et d&rsquo;ailleurs.<\/p>\n<p style=\"text-align: justify\">En terminant, le recteur de l&rsquo;UQAC, Monsieur Michel Belley, a remerci\u00e9 les nombreux partenaires qui ont rendu possible la r\u00e9alisation du forum r\u00e9gional.<\/p>\n<p style=\"text-align: justify\">Pour en savoir plus sur cet \u00e9v\u00e9nement ou se procurer le formulaire d&rsquo;inscription, visitez le site Web \u00e0 l&rsquo;adresse suivante : <a href=\"http:\/\/www.uqac.ca\/vsag2025\" target=\"_top\" rel=\"noopener\">www.uqac.ca\/vsag2025<\/a>.<\/p>\n<div style=\"text-align: justify\" align=\"center\">\n<p style=\"text-align: center\">-30-<\/p>\n<\/div>\n<p style=\"text-align: justify\">Renseignements :<br \/>\nJos\u00e9e Gauthier, charg\u00e9e de projets<br \/>\nCentre de Recherche et de D\u00e9veloppement Territorial<br \/>\nT\u00e9l\u00e9phone : (418) 545-5011, poste 4037<\/p>\n<p style=\"text-align: justify\">Source :<br \/>\nChantale Leblond, technicienne en information<br \/>\nService des affaires publiques<br \/>\nT\u00e9l\u00e9phone: (418) 545-5011, poste 2350<br \/>\nChantale_Leblond@uqac.ca<\/p>\n","protected":false},"excerpt":{"rendered":"<p>Saguenay, le lundi 12 septembre 2005 \u2014 Le Centre de recherche sur le d\u00e9veloppement territorial (CRDT), dont plusieurs professeurs-chercheurs de l&rsquo;Universit\u00e9 du Qu\u00e9bec \u00e0 Chicoutimi (UQAC) sont membres, propose un forum sur le th\u00e8me \u00ab Options concr\u00e8tes pour des actions structurantes \u00bb. Cet \u00e9v\u00e9nement se tiendra le 15 et le 16 septembre 2005 dans les [&hellip;]<\/p>\n","protected":false},"author":5,"featured_media":20745,"comment_status":"open","ping_status":"open","sticky":false,"template":"","format":"standard","meta":{"footnotes":""},"categories":[2772],"tags":[],"yoast_head":"<!-- This site is optimized with the Yoast SEO plugin v24.2 - https:\/\/yoast.com\/wordpress\/plugins\/seo\/ -->\r\n<title>Forum r\u00e9gional Saguenay\u2014Lac-Saint-Jean Vision 2025 - \u00ab Options concr\u00e8tes pour des actions structurantes \u00bb - UQACtualit\u00e9s<\/title>\r\n<meta name=\"robots\" content=\"index, follow, max-snippet:-1, max-image-preview:large, max-video-preview:-1\" \/>\r\n<link rel=\"canonical\" href=\"https:\/\/www.uqac.ca\/uqactualites\/2005\/09\/12\/forum-regional-saguenay-lac-saint-jean-vision-2025-options-concretes-pour-des-actions-structurantes\/\" \/>\r\n<meta property=\"og:locale\" content=\"fr_CA\" \/>\r\n<meta property=\"og:type\" content=\"article\" \/>\r\n<meta property=\"og:title\" content=\"Forum r\u00e9gional Saguenay\u2014Lac-Saint-Jean Vision 2025 - \u00ab Options concr\u00e8tes pour des actions structurantes \u00bb - UQACtualit\u00e9s\" \/>\r\n<meta property=\"og:description\" content=\"Saguenay, le lundi 12 septembre 2005 \u2014 Le Centre de recherche sur le d\u00e9veloppement territorial (CRDT), dont plusieurs professeurs-chercheurs de l&rsquo;Universit\u00e9 du Qu\u00e9bec \u00e0 Chicoutimi (UQAC) sont membres, propose un forum sur le th\u00e8me \u00ab Options concr\u00e8tes pour des actions structurantes \u00bb. Cet \u00e9v\u00e9nement se tiendra le 15 et le 16 septembre 2005 dans les [&hellip;]\" \/>\r\n<meta property=\"og:url\" content=\"https:\/\/www.uqac.ca\/uqactualites\/2005\/09\/12\/forum-regional-saguenay-lac-saint-jean-vision-2025-options-concretes-pour-des-actions-structurantes\/\" \/>\r\n<meta property=\"og:site_name\" content=\"UQACtualit\u00e9s\" \/>\r\n<meta property=\"article:published_time\" content=\"2005-09-12T13:48:29+00:00\" \/>\r\n<meta property=\"og:image\" content=\"https:\/\/www.uqac.ca\/uqactualites\/wp-content\/uploads\/2012\/05\/communiqu-.jpg\" \/>\r\n\t<meta property=\"og:image:width\" content=\"620\" \/>\r\n\t<meta property=\"og:image:height\" content=\"300\" \/>\r\n\t<meta property=\"og:image:type\" content=\"image\/jpeg\" \/>\r\n<meta name=\"author\" content=\"Service des communications et des relations publiques\" \/>\r\n<meta name=\"twitter:card\" content=\"summary_large_image\" \/>\r\n<meta name=\"twitter:label1\" content=\"\u00c9crit par\" \/>\n\t<meta name=\"twitter:data1\" content=\"Service des communications et des relations publiques\" \/>\n\t<meta name=\"twitter:label2\" content=\"Estimation du temps de lecture\" \/>\n\t<meta name=\"twitter:data2\" content=\"3 minutes\" \/>\r\n<script type=\"application\/ld+json\" class=\"yoast-schema-graph\">{\"@context\":\"https:\/\/schema.org\",\"@graph\":[{\"@type\":\"WebPage\",\"@id\":\"https:\/\/www.uqac.ca\/uqactualites\/2005\/09\/12\/forum-regional-saguenay-lac-saint-jean-vision-2025-options-concretes-pour-des-actions-structurantes\/\",\"url\":\"https:\/\/www.uqac.ca\/uqactualites\/2005\/09\/12\/forum-regional-saguenay-lac-saint-jean-vision-2025-options-concretes-pour-des-actions-structurantes\/\",\"name\":\"Forum r\u00e9gional Saguenay\u2014Lac-Saint-Jean Vision 2025 - \u00ab Options concr\u00e8tes pour des actions structurantes \u00bb - UQACtualit\u00e9s\",\"isPartOf\":{\"@id\":\"https:\/\/www.uqac.ca\/uqactualites\/#website\"},\"primaryImageOfPage\":{\"@id\":\"https:\/\/www.uqac.ca\/uqactualites\/2005\/09\/12\/forum-regional-saguenay-lac-saint-jean-vision-2025-options-concretes-pour-des-actions-structurantes\/#primaryimage\"},\"image\":{\"@id\":\"https:\/\/www.uqac.ca\/uqactualites\/2005\/09\/12\/forum-regional-saguenay-lac-saint-jean-vision-2025-options-concretes-pour-des-actions-structurantes\/#primaryimage\"},\"thumbnailUrl\":\"https:\/\/www.uqac.ca\/uqactualites\/wp-content\/uploads\/2012\/05\/communiqu-.jpg\",\"datePublished\":\"2005-09-12T13:48:29+00:00\",\"dateModified\":\"2005-09-12T13:48:29+00:00\",\"author\":{\"@id\":\"https:\/\/www.uqac.ca\/uqactualites\/#\/schema\/person\/366c45a0c4f0e677b41b4af5886e2018\"},\"breadcrumb\":{\"@id\":\"https:\/\/www.uqac.ca\/uqactualites\/2005\/09\/12\/forum-regional-saguenay-lac-saint-jean-vision-2025-options-concretes-pour-des-actions-structurantes\/#breadcrumb\"},\"inLanguage\":\"fr-CA\",\"potentialAction\":[{\"@type\":\"ReadAction\",\"target\":[\"https:\/\/www.uqac.ca\/uqactualites\/2005\/09\/12\/forum-regional-saguenay-lac-saint-jean-vision-2025-options-concretes-pour-des-actions-structurantes\/\"]}]},{\"@type\":\"ImageObject\",\"inLanguage\":\"fr-CA\",\"@id\":\"https:\/\/www.uqac.ca\/uqactualites\/2005\/09\/12\/forum-regional-saguenay-lac-saint-jean-vision-2025-options-concretes-pour-des-actions-structurantes\/#primaryimage\",\"url\":\"https:\/\/www.uqac.ca\/uqactualites\/wp-content\/uploads\/2012\/05\/communiqu-.jpg\",\"contentUrl\":\"https:\/\/www.uqac.ca\/uqactualites\/wp-content\/uploads\/2012\/05\/communiqu-.jpg\",\"width\":620,\"height\":300},{\"@type\":\"BreadcrumbList\",\"@id\":\"https:\/\/www.uqac.ca\/uqactualites\/2005\/09\/12\/forum-regional-saguenay-lac-saint-jean-vision-2025-options-concretes-pour-des-actions-structurantes\/#breadcrumb\",\"itemListElement\":[{\"@type\":\"ListItem\",\"position\":1,\"name\":\"Home\",\"item\":\"https:\/\/www.uqac.ca\/uqactualites\/\"},{\"@type\":\"ListItem\",\"position\":2,\"name\":\"Forum r\u00e9gional Saguenay\u2014Lac-Saint-Jean Vision 2025 &#8211; \u00ab Options concr\u00e8tes pour des actions structurantes \u00bb\"}]},{\"@type\":\"WebSite\",\"@id\":\"https:\/\/www.uqac.ca\/uqactualites\/#website\",\"url\":\"https:\/\/www.uqac.ca\/uqactualites\/\",\"name\":\"UQACtualit\u00e9s\",\"description\":\"Le portail des nouvelles de l&#039;UQAC\",\"potentialAction\":[{\"@type\":\"SearchAction\",\"target\":{\"@type\":\"EntryPoint\",\"urlTemplate\":\"https:\/\/www.uqac.ca\/uqactualites\/?s={search_term_string}\"},\"query-input\":{\"@type\":\"PropertyValueSpecification\",\"valueRequired\":true,\"valueName\":\"search_term_string\"}}],\"inLanguage\":\"fr-CA\"},{\"@type\":\"Person\",\"@id\":\"https:\/\/www.uqac.ca\/uqactualites\/#\/schema\/person\/366c45a0c4f0e677b41b4af5886e2018\",\"name\":\"Service des communications et des relations publiques\",\"image\":{\"@type\":\"ImageObject\",\"inLanguage\":\"fr-CA\",\"@id\":\"https:\/\/www.uqac.ca\/uqactualites\/#\/schema\/person\/image\/\",\"url\":\"https:\/\/secure.gravatar.com\/avatar\/20fbbda8a292f59f2d3461a5b999c00b?s=96&d=mm&r=g\",\"contentUrl\":\"https:\/\/secure.gravatar.com\/avatar\/20fbbda8a292f59f2d3461a5b999c00b?s=96&d=mm&r=g\",\"caption\":\"Service des communications et des relations publiques\"},\"url\":\"https:\/\/www.uqac.ca\/uqactualites\/author\/bap\/\"}]}<\/script>\r\n<!-- \/ Yoast SEO plugin. -->","yoast_head_json":{"title":"Forum r\u00e9gional Saguenay\u2014Lac-Saint-Jean Vision 2025 - \u00ab Options concr\u00e8tes pour des actions structurantes \u00bb - UQACtualit\u00e9s","robots":{"index":"index","follow":"follow","max-snippet":"max-snippet:-1","max-image-preview":"max-image-preview:large","max-video-preview":"max-video-preview:-1"},"canonical":"https:\/\/www.uqac.ca\/uqactualites\/2005\/09\/12\/forum-regional-saguenay-lac-saint-jean-vision-2025-options-concretes-pour-des-actions-structurantes\/","og_locale":"fr_CA","og_type":"article","og_title":"Forum r\u00e9gional Saguenay\u2014Lac-Saint-Jean Vision 2025 - \u00ab Options concr\u00e8tes pour des actions structurantes \u00bb - UQACtualit\u00e9s","og_description":"Saguenay, le lundi 12 septembre 2005 \u2014 Le Centre de recherche sur le d\u00e9veloppement territorial (CRDT), dont plusieurs professeurs-chercheurs de l&rsquo;Universit\u00e9 du Qu\u00e9bec \u00e0 Chicoutimi (UQAC) sont membres, propose un forum sur le th\u00e8me \u00ab Options concr\u00e8tes pour des actions structurantes \u00bb. Cet \u00e9v\u00e9nement se tiendra le 15 et le 16 septembre 2005 dans les [&hellip;]","og_url":"https:\/\/www.uqac.ca\/uqactualites\/2005\/09\/12\/forum-regional-saguenay-lac-saint-jean-vision-2025-options-concretes-pour-des-actions-structurantes\/","og_site_name":"UQACtualit\u00e9s","article_published_time":"2005-09-12T13:48:29+00:00","og_image":[{"width":620,"height":300,"url":"https:\/\/www.uqac.ca\/uqactualites\/wp-content\/uploads\/2012\/05\/communiqu-.jpg","type":"image\/jpeg"}],"author":"Service des communications et des relations publiques","twitter_card":"summary_large_image","twitter_misc":{"\u00c9crit par":"Service des communications et des relations publiques","Estimation du temps de lecture":"3 minutes"},"schema":{"@context":"https:\/\/schema.org","@graph":[{"@type":"WebPage","@id":"https:\/\/www.uqac.ca\/uqactualites\/2005\/09\/12\/forum-regional-saguenay-lac-saint-jean-vision-2025-options-concretes-pour-des-actions-structurantes\/","url":"https:\/\/www.uqac.ca\/uqactualites\/2005\/09\/12\/forum-regional-saguenay-lac-saint-jean-vision-2025-options-concretes-pour-des-actions-structurantes\/","name":"Forum r\u00e9gional Saguenay\u2014Lac-Saint-Jean Vision 2025 - \u00ab Options concr\u00e8tes pour des actions structurantes \u00bb - UQACtualit\u00e9s","isPartOf":{"@id":"https:\/\/www.uqac.ca\/uqactualites\/#website"},"primaryImageOfPage":{"@id":"https:\/\/www.uqac.ca\/uqactualites\/2005\/09\/12\/forum-regional-saguenay-lac-saint-jean-vision-2025-options-concretes-pour-des-actions-structurantes\/#primaryimage"},"image":{"@id":"https:\/\/www.uqac.ca\/uqactualites\/2005\/09\/12\/forum-regional-saguenay-lac-saint-jean-vision-2025-options-concretes-pour-des-actions-structurantes\/#primaryimage"},"thumbnailUrl":"https:\/\/www.uqac.ca\/uqactualites\/wp-content\/uploads\/2012\/05\/communiqu-.jpg","datePublished":"2005-09-12T13:48:29+00:00","dateModified":"2005-09-12T13:48:29+00:00","author":{"@id":"https:\/\/www.uqac.ca\/uqactualites\/#\/schema\/person\/366c45a0c4f0e677b41b4af5886e2018"},"breadcrumb":{"@id":"https:\/\/www.uqac.ca\/uqactualites\/2005\/09\/12\/forum-regional-saguenay-lac-saint-jean-vision-2025-options-concretes-pour-des-actions-structurantes\/#breadcrumb"},"inLanguage":"fr-CA","potentialAction":[{"@type":"ReadAction","target":["https:\/\/www.uqac.ca\/uqactualites\/2005\/09\/12\/forum-regional-saguenay-lac-saint-jean-vision-2025-options-concretes-pour-des-actions-structurantes\/"]}]},{"@type":"ImageObject","inLanguage":"fr-CA","@id":"https:\/\/www.uqac.ca\/uqactualites\/2005\/09\/12\/forum-regional-saguenay-lac-saint-jean-vision-2025-options-concretes-pour-des-actions-structurantes\/#primaryimage","url":"https:\/\/www.uqac.ca\/uqactualites\/wp-content\/uploads\/2012\/05\/communiqu-.jpg","contentUrl":"https:\/\/www.uqac.ca\/uqactualites\/wp-content\/uploads\/2012\/05\/communiqu-.jpg","width":620,"height":300},{"@type":"BreadcrumbList","@id":"https:\/\/www.uqac.ca\/uqactualites\/2005\/09\/12\/forum-regional-saguenay-lac-saint-jean-vision-2025-options-concretes-pour-des-actions-structurantes\/#breadcrumb","itemListElement":[{"@type":"ListItem","position":1,"name":"Home","item":"https:\/\/www.uqac.ca\/uqactualites\/"},{"@type":"ListItem","position":2,"name":"Forum r\u00e9gional Saguenay\u2014Lac-Saint-Jean Vision 2025 &#8211; \u00ab Options concr\u00e8tes pour des actions structurantes \u00bb"}]},{"@type":"WebSite","@id":"https:\/\/www.uqac.ca\/uqactualites\/#website","url":"https:\/\/www.uqac.ca\/uqactualites\/","name":"UQACtualit\u00e9s","description":"Le portail des nouvelles de l&#039;UQAC","potentialAction":[{"@type":"SearchAction","target":{"@type":"EntryPoint","urlTemplate":"https:\/\/www.uqac.ca\/uqactualites\/?s={search_term_string}"},"query-input":{"@type":"PropertyValueSpecification","valueRequired":true,"valueName":"search_term_string"}}],"inLanguage":"fr-CA"},{"@type":"Person","@id":"https:\/\/www.uqac.ca\/uqactualites\/#\/schema\/person\/366c45a0c4f0e677b41b4af5886e2018","name":"Service des communications et des relations publiques","image":{"@type":"ImageObject","inLanguage":"fr-CA","@id":"https:\/\/www.uqac.ca\/uqactualites\/#\/schema\/person\/image\/","url":"https:\/\/secure.gravatar.com\/avatar\/20fbbda8a292f59f2d3461a5b999c00b?s=96&d=mm&r=g","contentUrl":"https:\/\/secure.gravatar.com\/avatar\/20fbbda8a292f59f2d3461a5b999c00b?s=96&d=mm&r=g","caption":"Service des communications et des relations publiques"},"url":"https:\/\/www.uqac.ca\/uqactualites\/author\/bap\/"}]}},"_links":{"self":[{"href":"https:\/\/www.uqac.ca\/uqactualites\/wp-json\/wp\/v2\/posts\/25299"}],"collection":[{"href":"https:\/\/www.uqac.ca\/uqactualites\/wp-json\/wp\/v2\/posts"}],"about":[{"href":"https:\/\/www.uqac.ca\/uqactualites\/wp-json\/wp\/v2\/types\/post"}],"author":[{"embeddable":true,"href":"https:\/\/www.uqac.ca\/uqactualites\/wp-json\/wp\/v2\/users\/5"}],"replies":[{"embeddable":true,"href":"https:\/\/www.uqac.ca\/uqactualites\/wp-json\/wp\/v2\/comments?post=25299"}],"version-history":[{"count":0,"href":"https:\/\/www.uqac.ca\/uqactualites\/wp-json\/wp\/v2\/posts\/25299\/revisions"}],"wp:featuredmedia":[{"embeddable":true,"href":"https:\/\/www.uqac.ca\/uqactualites\/wp-json\/wp\/v2\/media\/20745"}],"wp:attachment":[{"href":"https:\/\/www.uqac.ca\/uqactualites\/wp-json\/wp\/v2\/media?parent=25299"}],"wp:term":[{"taxonomy":"category","embeddable":true,"href":"https:\/\/www.uqac.ca\/uqactualites\/wp-json\/wp\/v2\/categories?post=25299"},{"taxonomy":"post_tag","embeddable":true,"href":"https:\/\/www.uqac.ca\/uqactualites\/wp-json\/wp\/v2\/tags?post=25299"}],"curies":[{"name":"wp","href":"https:\/\/api.w.org\/{rel}","templated":true}]}}