{"id":25303,"date":"2005-09-15T09:50:51","date_gmt":"2005-09-15T13:50:51","guid":{"rendered":"http:\/\/uqactualite.odev.ca\/?p=25303"},"modified":"2005-09-15T09:50:51","modified_gmt":"2005-09-15T13:50:51","slug":"la-culture-regionale-une-culture-regionale-dynamique-qui-doit-douvrir-sur-le-monde","status":"publish","type":"post","link":"https:\/\/www.uqac.ca\/uqactualites\/2005\/09\/15\/la-culture-regionale-une-culture-regionale-dynamique-qui-doit-douvrir-sur-le-monde\/","title":{"rendered":"La culture r\u00e9gionale : une culture r\u00e9gionale dynamique qui doit d&rsquo;ouvrir sur le monde"},"content":{"rendered":"<p style=\"text-align: justify\"><b>Saguenay, le jeudi 15 septembre 2005 \u2015<\/b> Le recensement effectu\u00e9 par le Centre de recherche sur le d\u00e9veloppement territorial (CRDT) dans le domaine de la culture r\u00e9gionale, au Saguenay\u2014Lac-Saint-Jean, a permis de mettre en \u00e9vidence quelques tendances. D&rsquo;abord, la r\u00e9gion semble fortement dynamique dans la conception et la r\u00e9alisation d&rsquo;\u00e9v\u00e9nements multidisciplinaires. Cette fusion des disciplines repr\u00e9sente, selon la sociologue Andr\u00e9e Fortin, professeure au D\u00e9partement de sociologie de l&rsquo;Universit\u00e9 Laval, une des principales caract\u00e9ristiques de la culture postmoderne. On constate aussi des retomb\u00e9es importantes en mati\u00e8re de r\u00e9seautage, ce qui permet \u00e0 des gens provenant de diff\u00e9rents secteurs de travailler et d&rsquo;interagir ensemble, en d\u00e9veloppant des lieux communs de travail, comme le propose le projet Art-Aire au centre-ville d&rsquo;Alma. Par contre, il faut noter que l&rsquo;ouverture de la culture r\u00e9gionale \u00e0 l&rsquo;international semble \u00eatre actuellement en p\u00e9riode de latence.<\/p>\n<p style=\"text-align: justify\">Mentionnons que 41 actions ont \u00e9t\u00e9 relev\u00e9es dans le cadre du recensement des projets structurants du secteur culturel au Saguenay\u2014Lac-Saint-Jean. Lors du Forum r\u00e9gional, qui se d\u00e9roule les 15 et 16 septembre 2005 \u00e0 l&rsquo;Universit\u00e9 du Qu\u00e9bec \u00e0 Chicoutimi, sur le th\u00e8me \u00ab Options concr\u00e8tes pour des actions structurantes \u00bb, une dizaine de ces actions font l&rsquo;objet d&rsquo;une pr\u00e9sentation. Elles sont regroup\u00e9es autour de trois grands th\u00e8mes : une classe artistique en r\u00e9seau, une \u00e9lite \u00e0 renouveler et une ouverture de l&rsquo;expertise r\u00e9gionale \u00e0 l&rsquo;international. Ainsi, la culture r\u00e9gionale d\u00e9passe le secteur des arts, de la musique, du th\u00e9\u00e2tre et comprend aussi la culture organisationnelle et entrepreneuriale.<\/p>\n<p style=\"text-align: justify\">Pour en savoir plus sur le Forum r\u00e9gional Saguenay\u2014Lac-Saint-Jean, visitez le site Web \u00e0 l&rsquo;adresse suivante : <a href=\"http:\/\/www.uqac.ca\/vsag2025\">www.uqac.ca\/vsag2025<\/a>.<\/p>\n<div style=\"text-align: justify\" align=\"center\">\n<p style=\"text-align: center\">&#8211; 30 &#8211;<\/p>\n<\/div>\n<p style=\"text-align: justify\">Renseignements :<br \/>\nJos\u00e9e Gauthier, charg\u00e9e de projets<br \/>\nCentre de recherche sur le d\u00e9veloppement territorial<br \/>\nT\u00e9l\u00e9phone : (418) 545-5011, poste 4037<\/p>\n<p style=\"text-align: justify\">Source :<br \/>\nChantale Leblond, technicienne en information<br \/>\nService des affaires publiques<br \/>\nT\u00e9l\u00e9phone: (418) 545-5011, poste 2350<br \/>\n<a href=\"mailto:Chantale_Leblond@uqac.ca\">Chantale_Leblond@uqac.ca<\/a><\/p>\n","protected":false},"excerpt":{"rendered":"<p>Saguenay, le jeudi 15 septembre 2005 \u2015 Le recensement effectu\u00e9 par le Centre de recherche sur le d\u00e9veloppement territorial (CRDT) dans le domaine de la culture r\u00e9gionale, au Saguenay\u2014Lac-Saint-Jean, a permis de mettre en \u00e9vidence quelques tendances. D&rsquo;abord, la r\u00e9gion semble fortement dynamique dans la conception et la r\u00e9alisation d&rsquo;\u00e9v\u00e9nements multidisciplinaires. Cette fusion des disciplines [&hellip;]<\/p>\n","protected":false},"author":5,"featured_media":20745,"comment_status":"open","ping_status":"open","sticky":false,"template":"","format":"standard","meta":{"footnotes":""},"categories":[2772],"tags":[],"yoast_head":"<!-- This site is optimized with the Yoast SEO plugin v24.2 - https:\/\/yoast.com\/wordpress\/plugins\/seo\/ -->\r\n<title>La culture r\u00e9gionale : une culture r\u00e9gionale dynamique qui doit d&#039;ouvrir sur le monde - UQACtualit\u00e9s<\/title>\r\n<meta name=\"robots\" content=\"index, follow, max-snippet:-1, max-image-preview:large, max-video-preview:-1\" \/>\r\n<link rel=\"canonical\" href=\"https:\/\/www.uqac.ca\/uqactualites\/2005\/09\/15\/la-culture-regionale-une-culture-regionale-dynamique-qui-doit-douvrir-sur-le-monde\/\" \/>\r\n<meta property=\"og:locale\" content=\"fr_CA\" \/>\r\n<meta property=\"og:type\" content=\"article\" \/>\r\n<meta property=\"og:title\" content=\"La culture r\u00e9gionale : une culture r\u00e9gionale dynamique qui doit d&#039;ouvrir sur le monde - UQACtualit\u00e9s\" \/>\r\n<meta property=\"og:description\" content=\"Saguenay, le jeudi 15 septembre 2005 \u2015 Le recensement effectu\u00e9 par le Centre de recherche sur le d\u00e9veloppement territorial (CRDT) dans le domaine de la culture r\u00e9gionale, au Saguenay\u2014Lac-Saint-Jean, a permis de mettre en \u00e9vidence quelques tendances. D&rsquo;abord, la r\u00e9gion semble fortement dynamique dans la conception et la r\u00e9alisation d&rsquo;\u00e9v\u00e9nements multidisciplinaires. Cette fusion des disciplines [&hellip;]\" \/>\r\n<meta property=\"og:url\" content=\"https:\/\/www.uqac.ca\/uqactualites\/2005\/09\/15\/la-culture-regionale-une-culture-regionale-dynamique-qui-doit-douvrir-sur-le-monde\/\" \/>\r\n<meta property=\"og:site_name\" content=\"UQACtualit\u00e9s\" \/>\r\n<meta property=\"article:published_time\" content=\"2005-09-15T13:50:51+00:00\" \/>\r\n<meta property=\"og:image\" content=\"https:\/\/www.uqac.ca\/uqactualites\/wp-content\/uploads\/2012\/05\/communiqu-.jpg\" \/>\r\n\t<meta property=\"og:image:width\" content=\"620\" \/>\r\n\t<meta property=\"og:image:height\" content=\"300\" \/>\r\n\t<meta property=\"og:image:type\" content=\"image\/jpeg\" \/>\r\n<meta name=\"author\" content=\"Service des communications et des relations publiques\" \/>\r\n<meta name=\"twitter:card\" content=\"summary_large_image\" \/>\r\n<meta name=\"twitter:label1\" content=\"\u00c9crit par\" \/>\n\t<meta name=\"twitter:data1\" content=\"Service des communications et des relations publiques\" \/>\n\t<meta name=\"twitter:label2\" content=\"Estimation du temps de lecture\" \/>\n\t<meta name=\"twitter:data2\" content=\"2 minutes\" \/>\r\n<script type=\"application\/ld+json\" class=\"yoast-schema-graph\">{\"@context\":\"https:\/\/schema.org\",\"@graph\":[{\"@type\":\"WebPage\",\"@id\":\"https:\/\/www.uqac.ca\/uqactualites\/2005\/09\/15\/la-culture-regionale-une-culture-regionale-dynamique-qui-doit-douvrir-sur-le-monde\/\",\"url\":\"https:\/\/www.uqac.ca\/uqactualites\/2005\/09\/15\/la-culture-regionale-une-culture-regionale-dynamique-qui-doit-douvrir-sur-le-monde\/\",\"name\":\"La culture r\u00e9gionale : une culture r\u00e9gionale dynamique qui doit d'ouvrir sur le monde - UQACtualit\u00e9s\",\"isPartOf\":{\"@id\":\"https:\/\/www.uqac.ca\/uqactualites\/#website\"},\"primaryImageOfPage\":{\"@id\":\"https:\/\/www.uqac.ca\/uqactualites\/2005\/09\/15\/la-culture-regionale-une-culture-regionale-dynamique-qui-doit-douvrir-sur-le-monde\/#primaryimage\"},\"image\":{\"@id\":\"https:\/\/www.uqac.ca\/uqactualites\/2005\/09\/15\/la-culture-regionale-une-culture-regionale-dynamique-qui-doit-douvrir-sur-le-monde\/#primaryimage\"},\"thumbnailUrl\":\"https:\/\/www.uqac.ca\/uqactualites\/wp-content\/uploads\/2012\/05\/communiqu-.jpg\",\"datePublished\":\"2005-09-15T13:50:51+00:00\",\"dateModified\":\"2005-09-15T13:50:51+00:00\",\"author\":{\"@id\":\"https:\/\/www.uqac.ca\/uqactualites\/#\/schema\/person\/366c45a0c4f0e677b41b4af5886e2018\"},\"breadcrumb\":{\"@id\":\"https:\/\/www.uqac.ca\/uqactualites\/2005\/09\/15\/la-culture-regionale-une-culture-regionale-dynamique-qui-doit-douvrir-sur-le-monde\/#breadcrumb\"},\"inLanguage\":\"fr-CA\",\"potentialAction\":[{\"@type\":\"ReadAction\",\"target\":[\"https:\/\/www.uqac.ca\/uqactualites\/2005\/09\/15\/la-culture-regionale-une-culture-regionale-dynamique-qui-doit-douvrir-sur-le-monde\/\"]}]},{\"@type\":\"ImageObject\",\"inLanguage\":\"fr-CA\",\"@id\":\"https:\/\/www.uqac.ca\/uqactualites\/2005\/09\/15\/la-culture-regionale-une-culture-regionale-dynamique-qui-doit-douvrir-sur-le-monde\/#primaryimage\",\"url\":\"https:\/\/www.uqac.ca\/uqactualites\/wp-content\/uploads\/2012\/05\/communiqu-.jpg\",\"contentUrl\":\"https:\/\/www.uqac.ca\/uqactualites\/wp-content\/uploads\/2012\/05\/communiqu-.jpg\",\"width\":620,\"height\":300},{\"@type\":\"BreadcrumbList\",\"@id\":\"https:\/\/www.uqac.ca\/uqactualites\/2005\/09\/15\/la-culture-regionale-une-culture-regionale-dynamique-qui-doit-douvrir-sur-le-monde\/#breadcrumb\",\"itemListElement\":[{\"@type\":\"ListItem\",\"position\":1,\"name\":\"Home\",\"item\":\"https:\/\/www.uqac.ca\/uqactualites\/\"},{\"@type\":\"ListItem\",\"position\":2,\"name\":\"La culture r\u00e9gionale : une culture r\u00e9gionale dynamique qui doit d&rsquo;ouvrir sur le monde\"}]},{\"@type\":\"WebSite\",\"@id\":\"https:\/\/www.uqac.ca\/uqactualites\/#website\",\"url\":\"https:\/\/www.uqac.ca\/uqactualites\/\",\"name\":\"UQACtualit\u00e9s\",\"description\":\"Le portail des nouvelles de l&#039;UQAC\",\"potentialAction\":[{\"@type\":\"SearchAction\",\"target\":{\"@type\":\"EntryPoint\",\"urlTemplate\":\"https:\/\/www.uqac.ca\/uqactualites\/?s={search_term_string}\"},\"query-input\":{\"@type\":\"PropertyValueSpecification\",\"valueRequired\":true,\"valueName\":\"search_term_string\"}}],\"inLanguage\":\"fr-CA\"},{\"@type\":\"Person\",\"@id\":\"https:\/\/www.uqac.ca\/uqactualites\/#\/schema\/person\/366c45a0c4f0e677b41b4af5886e2018\",\"name\":\"Service des communications et des relations publiques\",\"image\":{\"@type\":\"ImageObject\",\"inLanguage\":\"fr-CA\",\"@id\":\"https:\/\/www.uqac.ca\/uqactualites\/#\/schema\/person\/image\/\",\"url\":\"https:\/\/secure.gravatar.com\/avatar\/20fbbda8a292f59f2d3461a5b999c00b?s=96&d=mm&r=g\",\"contentUrl\":\"https:\/\/secure.gravatar.com\/avatar\/20fbbda8a292f59f2d3461a5b999c00b?s=96&d=mm&r=g\",\"caption\":\"Service des communications et des relations publiques\"},\"url\":\"https:\/\/www.uqac.ca\/uqactualites\/author\/bap\/\"}]}<\/script>\r\n<!-- \/ Yoast SEO plugin. -->","yoast_head_json":{"title":"La culture r\u00e9gionale : une culture r\u00e9gionale dynamique qui doit d'ouvrir sur le monde - UQACtualit\u00e9s","robots":{"index":"index","follow":"follow","max-snippet":"max-snippet:-1","max-image-preview":"max-image-preview:large","max-video-preview":"max-video-preview:-1"},"canonical":"https:\/\/www.uqac.ca\/uqactualites\/2005\/09\/15\/la-culture-regionale-une-culture-regionale-dynamique-qui-doit-douvrir-sur-le-monde\/","og_locale":"fr_CA","og_type":"article","og_title":"La culture r\u00e9gionale : une culture r\u00e9gionale dynamique qui doit d'ouvrir sur le monde - UQACtualit\u00e9s","og_description":"Saguenay, le jeudi 15 septembre 2005 \u2015 Le recensement effectu\u00e9 par le Centre de recherche sur le d\u00e9veloppement territorial (CRDT) dans le domaine de la culture r\u00e9gionale, au Saguenay\u2014Lac-Saint-Jean, a permis de mettre en \u00e9vidence quelques tendances. D&rsquo;abord, la r\u00e9gion semble fortement dynamique dans la conception et la r\u00e9alisation d&rsquo;\u00e9v\u00e9nements multidisciplinaires. Cette fusion des disciplines [&hellip;]","og_url":"https:\/\/www.uqac.ca\/uqactualites\/2005\/09\/15\/la-culture-regionale-une-culture-regionale-dynamique-qui-doit-douvrir-sur-le-monde\/","og_site_name":"UQACtualit\u00e9s","article_published_time":"2005-09-15T13:50:51+00:00","og_image":[{"width":620,"height":300,"url":"https:\/\/www.uqac.ca\/uqactualites\/wp-content\/uploads\/2012\/05\/communiqu-.jpg","type":"image\/jpeg"}],"author":"Service des communications et des relations publiques","twitter_card":"summary_large_image","twitter_misc":{"\u00c9crit par":"Service des communications et des relations publiques","Estimation du temps de lecture":"2 minutes"},"schema":{"@context":"https:\/\/schema.org","@graph":[{"@type":"WebPage","@id":"https:\/\/www.uqac.ca\/uqactualites\/2005\/09\/15\/la-culture-regionale-une-culture-regionale-dynamique-qui-doit-douvrir-sur-le-monde\/","url":"https:\/\/www.uqac.ca\/uqactualites\/2005\/09\/15\/la-culture-regionale-une-culture-regionale-dynamique-qui-doit-douvrir-sur-le-monde\/","name":"La culture r\u00e9gionale : une culture r\u00e9gionale dynamique qui doit d'ouvrir sur le monde - UQACtualit\u00e9s","isPartOf":{"@id":"https:\/\/www.uqac.ca\/uqactualites\/#website"},"primaryImageOfPage":{"@id":"https:\/\/www.uqac.ca\/uqactualites\/2005\/09\/15\/la-culture-regionale-une-culture-regionale-dynamique-qui-doit-douvrir-sur-le-monde\/#primaryimage"},"image":{"@id":"https:\/\/www.uqac.ca\/uqactualites\/2005\/09\/15\/la-culture-regionale-une-culture-regionale-dynamique-qui-doit-douvrir-sur-le-monde\/#primaryimage"},"thumbnailUrl":"https:\/\/www.uqac.ca\/uqactualites\/wp-content\/uploads\/2012\/05\/communiqu-.jpg","datePublished":"2005-09-15T13:50:51+00:00","dateModified":"2005-09-15T13:50:51+00:00","author":{"@id":"https:\/\/www.uqac.ca\/uqactualites\/#\/schema\/person\/366c45a0c4f0e677b41b4af5886e2018"},"breadcrumb":{"@id":"https:\/\/www.uqac.ca\/uqactualites\/2005\/09\/15\/la-culture-regionale-une-culture-regionale-dynamique-qui-doit-douvrir-sur-le-monde\/#breadcrumb"},"inLanguage":"fr-CA","potentialAction":[{"@type":"ReadAction","target":["https:\/\/www.uqac.ca\/uqactualites\/2005\/09\/15\/la-culture-regionale-une-culture-regionale-dynamique-qui-doit-douvrir-sur-le-monde\/"]}]},{"@type":"ImageObject","inLanguage":"fr-CA","@id":"https:\/\/www.uqac.ca\/uqactualites\/2005\/09\/15\/la-culture-regionale-une-culture-regionale-dynamique-qui-doit-douvrir-sur-le-monde\/#primaryimage","url":"https:\/\/www.uqac.ca\/uqactualites\/wp-content\/uploads\/2012\/05\/communiqu-.jpg","contentUrl":"https:\/\/www.uqac.ca\/uqactualites\/wp-content\/uploads\/2012\/05\/communiqu-.jpg","width":620,"height":300},{"@type":"BreadcrumbList","@id":"https:\/\/www.uqac.ca\/uqactualites\/2005\/09\/15\/la-culture-regionale-une-culture-regionale-dynamique-qui-doit-douvrir-sur-le-monde\/#breadcrumb","itemListElement":[{"@type":"ListItem","position":1,"name":"Home","item":"https:\/\/www.uqac.ca\/uqactualites\/"},{"@type":"ListItem","position":2,"name":"La culture r\u00e9gionale : une culture r\u00e9gionale dynamique qui doit d&rsquo;ouvrir sur le monde"}]},{"@type":"WebSite","@id":"https:\/\/www.uqac.ca\/uqactualites\/#website","url":"https:\/\/www.uqac.ca\/uqactualites\/","name":"UQACtualit\u00e9s","description":"Le portail des nouvelles de l&#039;UQAC","potentialAction":[{"@type":"SearchAction","target":{"@type":"EntryPoint","urlTemplate":"https:\/\/www.uqac.ca\/uqactualites\/?s={search_term_string}"},"query-input":{"@type":"PropertyValueSpecification","valueRequired":true,"valueName":"search_term_string"}}],"inLanguage":"fr-CA"},{"@type":"Person","@id":"https:\/\/www.uqac.ca\/uqactualites\/#\/schema\/person\/366c45a0c4f0e677b41b4af5886e2018","name":"Service des communications et des relations publiques","image":{"@type":"ImageObject","inLanguage":"fr-CA","@id":"https:\/\/www.uqac.ca\/uqactualites\/#\/schema\/person\/image\/","url":"https:\/\/secure.gravatar.com\/avatar\/20fbbda8a292f59f2d3461a5b999c00b?s=96&d=mm&r=g","contentUrl":"https:\/\/secure.gravatar.com\/avatar\/20fbbda8a292f59f2d3461a5b999c00b?s=96&d=mm&r=g","caption":"Service des communications et des relations publiques"},"url":"https:\/\/www.uqac.ca\/uqactualites\/author\/bap\/"}]}},"_links":{"self":[{"href":"https:\/\/www.uqac.ca\/uqactualites\/wp-json\/wp\/v2\/posts\/25303"}],"collection":[{"href":"https:\/\/www.uqac.ca\/uqactualites\/wp-json\/wp\/v2\/posts"}],"about":[{"href":"https:\/\/www.uqac.ca\/uqactualites\/wp-json\/wp\/v2\/types\/post"}],"author":[{"embeddable":true,"href":"https:\/\/www.uqac.ca\/uqactualites\/wp-json\/wp\/v2\/users\/5"}],"replies":[{"embeddable":true,"href":"https:\/\/www.uqac.ca\/uqactualites\/wp-json\/wp\/v2\/comments?post=25303"}],"version-history":[{"count":0,"href":"https:\/\/www.uqac.ca\/uqactualites\/wp-json\/wp\/v2\/posts\/25303\/revisions"}],"wp:featuredmedia":[{"embeddable":true,"href":"https:\/\/www.uqac.ca\/uqactualites\/wp-json\/wp\/v2\/media\/20745"}],"wp:attachment":[{"href":"https:\/\/www.uqac.ca\/uqactualites\/wp-json\/wp\/v2\/media?parent=25303"}],"wp:term":[{"taxonomy":"category","embeddable":true,"href":"https:\/\/www.uqac.ca\/uqactualites\/wp-json\/wp\/v2\/categories?post=25303"},{"taxonomy":"post_tag","embeddable":true,"href":"https:\/\/www.uqac.ca\/uqactualites\/wp-json\/wp\/v2\/tags?post=25303"}],"curies":[{"name":"wp","href":"https:\/\/api.w.org\/{rel}","templated":true}]}}