{"id":25306,"date":"2005-09-19T09:53:18","date_gmt":"2005-09-19T13:53:18","guid":{"rendered":"http:\/\/uqactualite.odev.ca\/?p=25306"},"modified":"2005-09-19T09:53:18","modified_gmt":"2005-09-19T13:53:18","slug":"forum-regional-saguenay-lac-saint-jean-vision-2025-options-concretes-pour-des-actions-structurantes-la-consolidation-du-systeme-regional-dinnovation","status":"publish","type":"post","link":"https:\/\/www.uqac.ca\/uqactualites\/2005\/09\/19\/forum-regional-saguenay-lac-saint-jean-vision-2025-options-concretes-pour-des-actions-structurantes-la-consolidation-du-systeme-regional-dinnovation\/","title":{"rendered":"Forum r\u00e9gional Saguenay\u2014Lac-Saint-Jean Vision 2025 : \u00ab Options concr\u00e8tes pour des actions structurantes \u00bb &#8211; La consolidation du syst\u00e8me r\u00e9gional d&rsquo;innovation"},"content":{"rendered":"<p style=\"text-align: justify\"><b>Saguenay, le lundi 19 septembre 2005 \u2014 <\/b>Dans le cadre du Forum r\u00e9gional Saguenay\u2014Lac-Saint-Jean Vision 2025, qui se tenait \u00e0 l&rsquo;Universit\u00e9 du Qu\u00e9bec \u00e0 Chicoutimi (UQAC) les 15 et 16 septembre 2005, plusieurs leaders de la r\u00e9gion ont propos\u00e9 de nouvelles actions pour consolider davantage le syst\u00e8me r\u00e9gional d&rsquo;innovation. Pr\u00e9cisons que ce forum a \u00e9t\u00e9 mis sur pied par le Centre de recherche sur le d\u00e9veloppement territorial (CRDT), un organisme dont plusieurs professeurs de l&rsquo;UQAC sont membres.<\/p>\n<p style=\"text-align: justify\">\u00ab Au Forum r\u00e9gional Saguenay\u2014Lac-Saint-Jean, le ph\u00e9nom\u00e8ne de l&rsquo;innovation, si important dans le d\u00e9veloppement contemporain de nos collectivit\u00e9s, est consid\u00e9r\u00e9 comme un processus collectif \u00bb, mentionne M. Marc-Urbain Proulx, professeur au D\u00e9partement des sciences \u00e9conomiques et administratives de l&rsquo;UQAC et instigateur de cet \u00e9v\u00e9nement. Il s&rsquo;agit d&rsquo;un processus auquel participent plusieurs acteurs associ\u00e9s, bien s\u00fbr, aux entreprises mais aussi, \u00e0 la formation professionnelle, \u00e0 la recherche et au d\u00e9veloppement (R&amp;D), aux \u00e9quipements de transport et aux agences de promotion \u00e9conomique. \u00c0 cet effet, la r\u00e9gion du Saguenay\u2014Lac-Saint-Jean poss\u00e8de un potentiel d&rsquo;innovation consid\u00e9rable, notamment le Centre des technologies de l&rsquo;aluminium (CTA) mais aussi d&rsquo;autres centres de recherche et d\u00e9veloppement dans le bois, la haute technologie, l&rsquo;agroalimentaire et autres secteurs. En outre, de nombreux services \u00e0 l&rsquo;innovation ont \u00e9t\u00e9 mis sur pied dans les entreprises de m\u00eame que dans diverses organisations de la sant\u00e9, de l&rsquo;\u00e9ducation et du transport.<\/p>\n<p style=\"text-align: justify\">Devant ce grand nombre d&rsquo;acteurs dans le domaine de l&rsquo;innovation et \u00e0 la lumi\u00e8re des travaux du Centre de recherche sur le d\u00e9veloppement territorial, la n\u00e9cessit\u00e9 d&rsquo;un m\u00e9canisme de coordination appara\u00eet clairement. Ce m\u00e9canisme permettrait d&rsquo;ajouter de la coh\u00e9rence globale aux importants efforts individuels sur le territoire du Saguenay\u2014Lac-Saint-Jean. \u00ab Dans son champ d&rsquo;intervention, la Vall\u00e9e de l&rsquo;aluminium s&rsquo;inscrit en ce sens alors que, les cr\u00e9neaux de la for\u00eat et de l&rsquo;agroalimentaire \u00e9prouvent certaines difficult\u00e9s \u00e0 s&rsquo;organiser tandis que les secteurs de l&rsquo;\u00e9nergie, du tertiaire moteur et du tourisme d&rsquo;aventure demeurent extr\u00eamement \u00e9clat\u00e9s dans leurs actions collectives \u00bb, conclut Marc-Urbain Proulx.<\/p>\n<p style=\"text-align: justify\">Pour en savoir plus sur ce forum, nous vous invitons \u00e0 consulter notre site Web \u00e0 l&rsquo;adresse suivante : <a href=\"http:\/\/www.uqac.ca\/vsag2025\" target=\"_blank\" rel=\"noopener\">www.uqac.ca\/vsag2025<\/a>.<\/p>\n<div style=\"text-align: justify\" align=\"center\">\n<p style=\"text-align: center\">-30-<\/p>\n<\/div>\n<p style=\"text-align: justify\">Renseignements :<br \/>\nJos\u00e9e Gauthier, charg\u00e9e de projets<br \/>\nCentre de recherche sur le d\u00e9veloppement territorial<br \/>\nT\u00e9l\u00e9phone : (418) 545-5011, poste 4037<\/p>\n<p style=\"text-align: justify\">Source :<br \/>\nChantale Leblond, technicienne en information<br \/>\nService des affaires publiques<br \/>\nT\u00e9l\u00e9phone: (418) 545-5011, poste 2350<br \/>\n<a href=\"mailto:Chantale_Leblond@uqac.ca\">Chantale_Leblond@uqac.ca<\/a><\/p>\n","protected":false},"excerpt":{"rendered":"<p>Saguenay, le lundi 19 septembre 2005 \u2014 Dans le cadre du Forum r\u00e9gional Saguenay\u2014Lac-Saint-Jean Vision 2025, qui se tenait \u00e0 l&rsquo;Universit\u00e9 du Qu\u00e9bec \u00e0 Chicoutimi (UQAC) les 15 et 16 septembre 2005, plusieurs leaders de la r\u00e9gion ont propos\u00e9 de nouvelles actions pour consolider davantage le syst\u00e8me r\u00e9gional d&rsquo;innovation. Pr\u00e9cisons que ce forum a \u00e9t\u00e9 [&hellip;]<\/p>\n","protected":false},"author":5,"featured_media":20745,"comment_status":"open","ping_status":"open","sticky":false,"template":"","format":"standard","meta":{"footnotes":""},"categories":[2772],"tags":[],"yoast_head":"<!-- This site is optimized with the Yoast SEO plugin v24.2 - https:\/\/yoast.com\/wordpress\/plugins\/seo\/ -->\r\n<title>Forum r\u00e9gional Saguenay\u2014Lac-Saint-Jean Vision 2025 : \u00ab Options concr\u00e8tes pour des actions structurantes \u00bb - La consolidation du syst\u00e8me r\u00e9gional d&#039;innovation - UQACtualit\u00e9s<\/title>\r\n<meta name=\"robots\" content=\"index, follow, max-snippet:-1, max-image-preview:large, max-video-preview:-1\" \/>\r\n<link rel=\"canonical\" href=\"https:\/\/www.uqac.ca\/uqactualites\/2005\/09\/19\/forum-regional-saguenay-lac-saint-jean-vision-2025-options-concretes-pour-des-actions-structurantes-la-consolidation-du-systeme-regional-dinnovation\/\" \/>\r\n<meta property=\"og:locale\" content=\"fr_CA\" \/>\r\n<meta property=\"og:type\" content=\"article\" \/>\r\n<meta property=\"og:title\" content=\"Forum r\u00e9gional Saguenay\u2014Lac-Saint-Jean Vision 2025 : \u00ab Options concr\u00e8tes pour des actions structurantes \u00bb - La consolidation du syst\u00e8me r\u00e9gional d&#039;innovation - UQACtualit\u00e9s\" \/>\r\n<meta property=\"og:description\" content=\"Saguenay, le lundi 19 septembre 2005 \u2014 Dans le cadre du Forum r\u00e9gional Saguenay\u2014Lac-Saint-Jean Vision 2025, qui se tenait \u00e0 l&rsquo;Universit\u00e9 du Qu\u00e9bec \u00e0 Chicoutimi (UQAC) les 15 et 16 septembre 2005, plusieurs leaders de la r\u00e9gion ont propos\u00e9 de nouvelles actions pour consolider davantage le syst\u00e8me r\u00e9gional d&rsquo;innovation. Pr\u00e9cisons que ce forum a \u00e9t\u00e9 [&hellip;]\" \/>\r\n<meta property=\"og:url\" content=\"https:\/\/www.uqac.ca\/uqactualites\/2005\/09\/19\/forum-regional-saguenay-lac-saint-jean-vision-2025-options-concretes-pour-des-actions-structurantes-la-consolidation-du-systeme-regional-dinnovation\/\" \/>\r\n<meta property=\"og:site_name\" content=\"UQACtualit\u00e9s\" \/>\r\n<meta property=\"article:published_time\" content=\"2005-09-19T13:53:18+00:00\" \/>\r\n<meta property=\"og:image\" content=\"https:\/\/www.uqac.ca\/uqactualites\/wp-content\/uploads\/2012\/05\/communiqu-.jpg\" \/>\r\n\t<meta property=\"og:image:width\" content=\"620\" \/>\r\n\t<meta property=\"og:image:height\" content=\"300\" \/>\r\n\t<meta property=\"og:image:type\" content=\"image\/jpeg\" \/>\r\n<meta name=\"author\" content=\"Service des communications et des relations publiques\" \/>\r\n<meta name=\"twitter:card\" content=\"summary_large_image\" \/>\r\n<meta name=\"twitter:label1\" content=\"\u00c9crit par\" \/>\n\t<meta name=\"twitter:data1\" content=\"Service des communications et des relations publiques\" \/>\n\t<meta name=\"twitter:label2\" content=\"Estimation du temps de lecture\" \/>\n\t<meta name=\"twitter:data2\" content=\"2 minutes\" \/>\r\n<script type=\"application\/ld+json\" class=\"yoast-schema-graph\">{\"@context\":\"https:\/\/schema.org\",\"@graph\":[{\"@type\":\"WebPage\",\"@id\":\"https:\/\/www.uqac.ca\/uqactualites\/2005\/09\/19\/forum-regional-saguenay-lac-saint-jean-vision-2025-options-concretes-pour-des-actions-structurantes-la-consolidation-du-systeme-regional-dinnovation\/\",\"url\":\"https:\/\/www.uqac.ca\/uqactualites\/2005\/09\/19\/forum-regional-saguenay-lac-saint-jean-vision-2025-options-concretes-pour-des-actions-structurantes-la-consolidation-du-systeme-regional-dinnovation\/\",\"name\":\"Forum r\u00e9gional Saguenay\u2014Lac-Saint-Jean Vision 2025 : \u00ab Options concr\u00e8tes pour des actions structurantes \u00bb - La consolidation du syst\u00e8me r\u00e9gional d'innovation - UQACtualit\u00e9s\",\"isPartOf\":{\"@id\":\"https:\/\/www.uqac.ca\/uqactualites\/#website\"},\"primaryImageOfPage\":{\"@id\":\"https:\/\/www.uqac.ca\/uqactualites\/2005\/09\/19\/forum-regional-saguenay-lac-saint-jean-vision-2025-options-concretes-pour-des-actions-structurantes-la-consolidation-du-systeme-regional-dinnovation\/#primaryimage\"},\"image\":{\"@id\":\"https:\/\/www.uqac.ca\/uqactualites\/2005\/09\/19\/forum-regional-saguenay-lac-saint-jean-vision-2025-options-concretes-pour-des-actions-structurantes-la-consolidation-du-systeme-regional-dinnovation\/#primaryimage\"},\"thumbnailUrl\":\"https:\/\/www.uqac.ca\/uqactualites\/wp-content\/uploads\/2012\/05\/communiqu-.jpg\",\"datePublished\":\"2005-09-19T13:53:18+00:00\",\"dateModified\":\"2005-09-19T13:53:18+00:00\",\"author\":{\"@id\":\"https:\/\/www.uqac.ca\/uqactualites\/#\/schema\/person\/366c45a0c4f0e677b41b4af5886e2018\"},\"breadcrumb\":{\"@id\":\"https:\/\/www.uqac.ca\/uqactualites\/2005\/09\/19\/forum-regional-saguenay-lac-saint-jean-vision-2025-options-concretes-pour-des-actions-structurantes-la-consolidation-du-systeme-regional-dinnovation\/#breadcrumb\"},\"inLanguage\":\"fr-CA\",\"potentialAction\":[{\"@type\":\"ReadAction\",\"target\":[\"https:\/\/www.uqac.ca\/uqactualites\/2005\/09\/19\/forum-regional-saguenay-lac-saint-jean-vision-2025-options-concretes-pour-des-actions-structurantes-la-consolidation-du-systeme-regional-dinnovation\/\"]}]},{\"@type\":\"ImageObject\",\"inLanguage\":\"fr-CA\",\"@id\":\"https:\/\/www.uqac.ca\/uqactualites\/2005\/09\/19\/forum-regional-saguenay-lac-saint-jean-vision-2025-options-concretes-pour-des-actions-structurantes-la-consolidation-du-systeme-regional-dinnovation\/#primaryimage\",\"url\":\"https:\/\/www.uqac.ca\/uqactualites\/wp-content\/uploads\/2012\/05\/communiqu-.jpg\",\"contentUrl\":\"https:\/\/www.uqac.ca\/uqactualites\/wp-content\/uploads\/2012\/05\/communiqu-.jpg\",\"width\":620,\"height\":300},{\"@type\":\"BreadcrumbList\",\"@id\":\"https:\/\/www.uqac.ca\/uqactualites\/2005\/09\/19\/forum-regional-saguenay-lac-saint-jean-vision-2025-options-concretes-pour-des-actions-structurantes-la-consolidation-du-systeme-regional-dinnovation\/#breadcrumb\",\"itemListElement\":[{\"@type\":\"ListItem\",\"position\":1,\"name\":\"Home\",\"item\":\"https:\/\/www.uqac.ca\/uqactualites\/\"},{\"@type\":\"ListItem\",\"position\":2,\"name\":\"Forum r\u00e9gional Saguenay\u2014Lac-Saint-Jean Vision 2025 : \u00ab Options concr\u00e8tes pour des actions structurantes \u00bb &#8211; La consolidation du syst\u00e8me r\u00e9gional d&rsquo;innovation\"}]},{\"@type\":\"WebSite\",\"@id\":\"https:\/\/www.uqac.ca\/uqactualites\/#website\",\"url\":\"https:\/\/www.uqac.ca\/uqactualites\/\",\"name\":\"UQACtualit\u00e9s\",\"description\":\"Le portail des nouvelles de l&#039;UQAC\",\"potentialAction\":[{\"@type\":\"SearchAction\",\"target\":{\"@type\":\"EntryPoint\",\"urlTemplate\":\"https:\/\/www.uqac.ca\/uqactualites\/?s={search_term_string}\"},\"query-input\":{\"@type\":\"PropertyValueSpecification\",\"valueRequired\":true,\"valueName\":\"search_term_string\"}}],\"inLanguage\":\"fr-CA\"},{\"@type\":\"Person\",\"@id\":\"https:\/\/www.uqac.ca\/uqactualites\/#\/schema\/person\/366c45a0c4f0e677b41b4af5886e2018\",\"name\":\"Service des communications et des relations publiques\",\"image\":{\"@type\":\"ImageObject\",\"inLanguage\":\"fr-CA\",\"@id\":\"https:\/\/www.uqac.ca\/uqactualites\/#\/schema\/person\/image\/\",\"url\":\"https:\/\/secure.gravatar.com\/avatar\/20fbbda8a292f59f2d3461a5b999c00b?s=96&d=mm&r=g\",\"contentUrl\":\"https:\/\/secure.gravatar.com\/avatar\/20fbbda8a292f59f2d3461a5b999c00b?s=96&d=mm&r=g\",\"caption\":\"Service des communications et des relations publiques\"},\"url\":\"https:\/\/www.uqac.ca\/uqactualites\/author\/bap\/\"}]}<\/script>\r\n<!-- \/ Yoast SEO plugin. -->","yoast_head_json":{"title":"Forum r\u00e9gional Saguenay\u2014Lac-Saint-Jean Vision 2025 : \u00ab Options concr\u00e8tes pour des actions structurantes \u00bb - La consolidation du syst\u00e8me r\u00e9gional d'innovation - UQACtualit\u00e9s","robots":{"index":"index","follow":"follow","max-snippet":"max-snippet:-1","max-image-preview":"max-image-preview:large","max-video-preview":"max-video-preview:-1"},"canonical":"https:\/\/www.uqac.ca\/uqactualites\/2005\/09\/19\/forum-regional-saguenay-lac-saint-jean-vision-2025-options-concretes-pour-des-actions-structurantes-la-consolidation-du-systeme-regional-dinnovation\/","og_locale":"fr_CA","og_type":"article","og_title":"Forum r\u00e9gional Saguenay\u2014Lac-Saint-Jean Vision 2025 : \u00ab Options concr\u00e8tes pour des actions structurantes \u00bb - La consolidation du syst\u00e8me r\u00e9gional d'innovation - UQACtualit\u00e9s","og_description":"Saguenay, le lundi 19 septembre 2005 \u2014 Dans le cadre du Forum r\u00e9gional Saguenay\u2014Lac-Saint-Jean Vision 2025, qui se tenait \u00e0 l&rsquo;Universit\u00e9 du Qu\u00e9bec \u00e0 Chicoutimi (UQAC) les 15 et 16 septembre 2005, plusieurs leaders de la r\u00e9gion ont propos\u00e9 de nouvelles actions pour consolider davantage le syst\u00e8me r\u00e9gional d&rsquo;innovation. Pr\u00e9cisons que ce forum a \u00e9t\u00e9 [&hellip;]","og_url":"https:\/\/www.uqac.ca\/uqactualites\/2005\/09\/19\/forum-regional-saguenay-lac-saint-jean-vision-2025-options-concretes-pour-des-actions-structurantes-la-consolidation-du-systeme-regional-dinnovation\/","og_site_name":"UQACtualit\u00e9s","article_published_time":"2005-09-19T13:53:18+00:00","og_image":[{"width":620,"height":300,"url":"https:\/\/www.uqac.ca\/uqactualites\/wp-content\/uploads\/2012\/05\/communiqu-.jpg","type":"image\/jpeg"}],"author":"Service des communications et des relations publiques","twitter_card":"summary_large_image","twitter_misc":{"\u00c9crit par":"Service des communications et des relations publiques","Estimation du temps de lecture":"2 minutes"},"schema":{"@context":"https:\/\/schema.org","@graph":[{"@type":"WebPage","@id":"https:\/\/www.uqac.ca\/uqactualites\/2005\/09\/19\/forum-regional-saguenay-lac-saint-jean-vision-2025-options-concretes-pour-des-actions-structurantes-la-consolidation-du-systeme-regional-dinnovation\/","url":"https:\/\/www.uqac.ca\/uqactualites\/2005\/09\/19\/forum-regional-saguenay-lac-saint-jean-vision-2025-options-concretes-pour-des-actions-structurantes-la-consolidation-du-systeme-regional-dinnovation\/","name":"Forum r\u00e9gional Saguenay\u2014Lac-Saint-Jean Vision 2025 : \u00ab Options concr\u00e8tes pour des actions structurantes \u00bb - La consolidation du syst\u00e8me r\u00e9gional d'innovation - UQACtualit\u00e9s","isPartOf":{"@id":"https:\/\/www.uqac.ca\/uqactualites\/#website"},"primaryImageOfPage":{"@id":"https:\/\/www.uqac.ca\/uqactualites\/2005\/09\/19\/forum-regional-saguenay-lac-saint-jean-vision-2025-options-concretes-pour-des-actions-structurantes-la-consolidation-du-systeme-regional-dinnovation\/#primaryimage"},"image":{"@id":"https:\/\/www.uqac.ca\/uqactualites\/2005\/09\/19\/forum-regional-saguenay-lac-saint-jean-vision-2025-options-concretes-pour-des-actions-structurantes-la-consolidation-du-systeme-regional-dinnovation\/#primaryimage"},"thumbnailUrl":"https:\/\/www.uqac.ca\/uqactualites\/wp-content\/uploads\/2012\/05\/communiqu-.jpg","datePublished":"2005-09-19T13:53:18+00:00","dateModified":"2005-09-19T13:53:18+00:00","author":{"@id":"https:\/\/www.uqac.ca\/uqactualites\/#\/schema\/person\/366c45a0c4f0e677b41b4af5886e2018"},"breadcrumb":{"@id":"https:\/\/www.uqac.ca\/uqactualites\/2005\/09\/19\/forum-regional-saguenay-lac-saint-jean-vision-2025-options-concretes-pour-des-actions-structurantes-la-consolidation-du-systeme-regional-dinnovation\/#breadcrumb"},"inLanguage":"fr-CA","potentialAction":[{"@type":"ReadAction","target":["https:\/\/www.uqac.ca\/uqactualites\/2005\/09\/19\/forum-regional-saguenay-lac-saint-jean-vision-2025-options-concretes-pour-des-actions-structurantes-la-consolidation-du-systeme-regional-dinnovation\/"]}]},{"@type":"ImageObject","inLanguage":"fr-CA","@id":"https:\/\/www.uqac.ca\/uqactualites\/2005\/09\/19\/forum-regional-saguenay-lac-saint-jean-vision-2025-options-concretes-pour-des-actions-structurantes-la-consolidation-du-systeme-regional-dinnovation\/#primaryimage","url":"https:\/\/www.uqac.ca\/uqactualites\/wp-content\/uploads\/2012\/05\/communiqu-.jpg","contentUrl":"https:\/\/www.uqac.ca\/uqactualites\/wp-content\/uploads\/2012\/05\/communiqu-.jpg","width":620,"height":300},{"@type":"BreadcrumbList","@id":"https:\/\/www.uqac.ca\/uqactualites\/2005\/09\/19\/forum-regional-saguenay-lac-saint-jean-vision-2025-options-concretes-pour-des-actions-structurantes-la-consolidation-du-systeme-regional-dinnovation\/#breadcrumb","itemListElement":[{"@type":"ListItem","position":1,"name":"Home","item":"https:\/\/www.uqac.ca\/uqactualites\/"},{"@type":"ListItem","position":2,"name":"Forum r\u00e9gional Saguenay\u2014Lac-Saint-Jean Vision 2025 : \u00ab Options concr\u00e8tes pour des actions structurantes \u00bb &#8211; La consolidation du syst\u00e8me r\u00e9gional d&rsquo;innovation"}]},{"@type":"WebSite","@id":"https:\/\/www.uqac.ca\/uqactualites\/#website","url":"https:\/\/www.uqac.ca\/uqactualites\/","name":"UQACtualit\u00e9s","description":"Le portail des nouvelles de l&#039;UQAC","potentialAction":[{"@type":"SearchAction","target":{"@type":"EntryPoint","urlTemplate":"https:\/\/www.uqac.ca\/uqactualites\/?s={search_term_string}"},"query-input":{"@type":"PropertyValueSpecification","valueRequired":true,"valueName":"search_term_string"}}],"inLanguage":"fr-CA"},{"@type":"Person","@id":"https:\/\/www.uqac.ca\/uqactualites\/#\/schema\/person\/366c45a0c4f0e677b41b4af5886e2018","name":"Service des communications et des relations publiques","image":{"@type":"ImageObject","inLanguage":"fr-CA","@id":"https:\/\/www.uqac.ca\/uqactualites\/#\/schema\/person\/image\/","url":"https:\/\/secure.gravatar.com\/avatar\/20fbbda8a292f59f2d3461a5b999c00b?s=96&d=mm&r=g","contentUrl":"https:\/\/secure.gravatar.com\/avatar\/20fbbda8a292f59f2d3461a5b999c00b?s=96&d=mm&r=g","caption":"Service des communications et des relations publiques"},"url":"https:\/\/www.uqac.ca\/uqactualites\/author\/bap\/"}]}},"_links":{"self":[{"href":"https:\/\/www.uqac.ca\/uqactualites\/wp-json\/wp\/v2\/posts\/25306"}],"collection":[{"href":"https:\/\/www.uqac.ca\/uqactualites\/wp-json\/wp\/v2\/posts"}],"about":[{"href":"https:\/\/www.uqac.ca\/uqactualites\/wp-json\/wp\/v2\/types\/post"}],"author":[{"embeddable":true,"href":"https:\/\/www.uqac.ca\/uqactualites\/wp-json\/wp\/v2\/users\/5"}],"replies":[{"embeddable":true,"href":"https:\/\/www.uqac.ca\/uqactualites\/wp-json\/wp\/v2\/comments?post=25306"}],"version-history":[{"count":0,"href":"https:\/\/www.uqac.ca\/uqactualites\/wp-json\/wp\/v2\/posts\/25306\/revisions"}],"wp:featuredmedia":[{"embeddable":true,"href":"https:\/\/www.uqac.ca\/uqactualites\/wp-json\/wp\/v2\/media\/20745"}],"wp:attachment":[{"href":"https:\/\/www.uqac.ca\/uqactualites\/wp-json\/wp\/v2\/media?parent=25306"}],"wp:term":[{"taxonomy":"category","embeddable":true,"href":"https:\/\/www.uqac.ca\/uqactualites\/wp-json\/wp\/v2\/categories?post=25306"},{"taxonomy":"post_tag","embeddable":true,"href":"https:\/\/www.uqac.ca\/uqactualites\/wp-json\/wp\/v2\/tags?post=25306"}],"curies":[{"name":"wp","href":"https:\/\/api.w.org\/{rel}","templated":true}]}}