{"id":25316,"date":"2005-10-28T09:58:08","date_gmt":"2005-10-28T13:58:08","guid":{"rendered":"http:\/\/uqactualite.odev.ca\/?p=25316"},"modified":"2005-10-28T09:58:08","modified_gmt":"2005-10-28T13:58:08","slug":"la-journee-de-lemploi-2005-se-deroule-le-2-novembre-a-luqac","status":"publish","type":"post","link":"https:\/\/www.uqac.ca\/uqactualites\/2005\/10\/28\/la-journee-de-lemploi-2005-se-deroule-le-2-novembre-a-luqac\/","title":{"rendered":"La Journ\u00e9e de l&#8217;emploi 2005 se d\u00e9roule le 2 novembre \u00e0 l&rsquo;UQAC"},"content":{"rendered":"<p style=\"text-align: justify\"><b>Saguenay, le vendredi 28 octobre 2005 \u2014 <\/b>La 27e \u00e9dition de la Journ\u00e9e de l&#8217;emploi se d\u00e9roulera \u00e0 l&rsquo;Universit\u00e9 du Qu\u00e9bec \u00e0 Chicoutimi le mercredi 2 novembre prochain. Organis\u00e9 par l&rsquo;Association internationale des \u00e9tudiants universitaires (AIESEC), cet \u00e9v\u00e9nement a pour objectif de favoriser les \u00e9changes entre les employeurs et les chercheurs d&#8217;emplois. Une quarantaine d&rsquo;entreprises et organismes seront pr\u00e9sents, au Centre social de l&rsquo;UQAC, avec plus de 140 repr\u00e9sentants. Ils feront conna\u00eetre leurs organisations et offriront des possibilit\u00e9s de carri\u00e8res \u00e0 tout type de chercheurs d&#8217;emplois, incluant les \u00e9tudiants et anciens \u00e9tudiants de l&rsquo;UQAC.<\/p>\n<p style=\"text-align: justify\">Le th\u00e8me de cet \u00e9v\u00e9nement r\u00e9gional est \u00ab <i><b>P5 <\/b>: Potentiel, Passion, Profession, Pers\u00e9v\u00e9rance et Possibilit\u00e9<\/i> \u00bb. Il s&rsquo;agit d&rsquo;un lieu privil\u00e9gi\u00e9 o\u00f9 les chercheurs d&#8217;emplois et les employeurs peuvent aborder les enjeux, les besoins et les exigences du march\u00e9 du travail d&rsquo;aujourd&rsquo;hui. Les entreprises participantes offriront des possibilit\u00e9s de stages et d&rsquo;avenir professionnel aux chercheurs d&#8217;emplois.<\/p>\n<p style=\"text-align: justify\">L&rsquo;Association des \u00e9tudiants en sciences \u00e9conomiques et commerciales invite les chercheurs d&#8217;emplois ou de stages du Saguenay\u2014Lac-Saint-Jean \u00e0 venir rencontrer des employeurs, le mercredi 2 novembre de 9 heures \u00e0 16 heures, au Centre social de l&rsquo;UQAC. Cette visite pourra les aider dans leur recherche d&rsquo;une premi\u00e8re exp\u00e9rience de travail.<\/p>\n<p style=\"text-align: justify\">La Journ\u00e9e de l&#8217;emploi est soutenue par de nombreux organismes gouvernementaux, entreprises priv\u00e9es et l&rsquo;Universit\u00e9 du Qu\u00e9bec \u00e0 Chicoutimi. Pour en savoir davantage sur cet \u00e9v\u00e9nement, consultez le site Web \u00e0 l&rsquo;adresse suivante : <a href=\"http:\/\/www.uqac.ca\/aiesec\/jemploi\" target=\"_blank\" rel=\"noopener\">www.uqac.ca\/aiesec\/jemploi<\/a>.<\/p>\n<div style=\"text-align: justify\" align=\"center\">\n<p style=\"text-align: center\">&#8211; 30 &#8211;<\/p>\n<\/div>\n<p style=\"text-align: justify\">Renseignements :<br \/>\nS\u00e9reyrath Srin, coordonnateur<br \/>\nJourn\u00e9e de l&#8217;emploi 2005<br \/>\nT\u00e9l\u00e9phone : (418) 550-5057<br \/>\njemploi@gmail.com<\/p>\n<p style=\"text-align: justify\">Source :<br \/>\nChantale Leblond, technicienne en information<br \/>\nService des affaires publiques<br \/>\nT\u00e9l\u00e9phone : (418) 545-5011, poste 2350<br \/>\nChantale_Leblond@uqac.ca<\/p>\n","protected":false},"excerpt":{"rendered":"<p>Saguenay, le vendredi 28 octobre 2005 \u2014 La 27e \u00e9dition de la Journ\u00e9e de l&#8217;emploi se d\u00e9roulera \u00e0 l&rsquo;Universit\u00e9 du Qu\u00e9bec \u00e0 Chicoutimi le mercredi 2 novembre prochain. Organis\u00e9 par l&rsquo;Association internationale des \u00e9tudiants universitaires (AIESEC), cet \u00e9v\u00e9nement a pour objectif de favoriser les \u00e9changes entre les employeurs et les chercheurs d&#8217;emplois. Une quarantaine d&rsquo;entreprises [&hellip;]<\/p>\n","protected":false},"author":5,"featured_media":20745,"comment_status":"open","ping_status":"open","sticky":false,"template":"","format":"standard","meta":{"footnotes":""},"categories":[2772],"tags":[],"yoast_head":"<!-- This site is optimized with the Yoast SEO plugin v24.2 - https:\/\/yoast.com\/wordpress\/plugins\/seo\/ -->\r\n<title>La Journ\u00e9e de l&#039;emploi 2005 se d\u00e9roule le 2 novembre \u00e0 l&#039;UQAC - UQACtualit\u00e9s<\/title>\r\n<meta name=\"robots\" content=\"index, follow, max-snippet:-1, max-image-preview:large, max-video-preview:-1\" \/>\r\n<link rel=\"canonical\" href=\"https:\/\/www.uqac.ca\/uqactualites\/2005\/10\/28\/la-journee-de-lemploi-2005-se-deroule-le-2-novembre-a-luqac\/\" \/>\r\n<meta property=\"og:locale\" content=\"fr_CA\" \/>\r\n<meta property=\"og:type\" content=\"article\" \/>\r\n<meta property=\"og:title\" content=\"La Journ\u00e9e de l&#039;emploi 2005 se d\u00e9roule le 2 novembre \u00e0 l&#039;UQAC - UQACtualit\u00e9s\" \/>\r\n<meta property=\"og:description\" content=\"Saguenay, le vendredi 28 octobre 2005 \u2014 La 27e \u00e9dition de la Journ\u00e9e de l&#8217;emploi se d\u00e9roulera \u00e0 l&rsquo;Universit\u00e9 du Qu\u00e9bec \u00e0 Chicoutimi le mercredi 2 novembre prochain. Organis\u00e9 par l&rsquo;Association internationale des \u00e9tudiants universitaires (AIESEC), cet \u00e9v\u00e9nement a pour objectif de favoriser les \u00e9changes entre les employeurs et les chercheurs d&#8217;emplois. Une quarantaine d&rsquo;entreprises [&hellip;]\" \/>\r\n<meta property=\"og:url\" content=\"https:\/\/www.uqac.ca\/uqactualites\/2005\/10\/28\/la-journee-de-lemploi-2005-se-deroule-le-2-novembre-a-luqac\/\" \/>\r\n<meta property=\"og:site_name\" content=\"UQACtualit\u00e9s\" \/>\r\n<meta property=\"article:published_time\" content=\"2005-10-28T13:58:08+00:00\" \/>\r\n<meta property=\"og:image\" content=\"https:\/\/www.uqac.ca\/uqactualites\/wp-content\/uploads\/2012\/05\/communiqu-.jpg\" \/>\r\n\t<meta property=\"og:image:width\" content=\"620\" \/>\r\n\t<meta property=\"og:image:height\" content=\"300\" \/>\r\n\t<meta property=\"og:image:type\" content=\"image\/jpeg\" \/>\r\n<meta name=\"author\" content=\"Service des communications et des relations publiques\" \/>\r\n<meta name=\"twitter:card\" content=\"summary_large_image\" \/>\r\n<meta name=\"twitter:label1\" content=\"\u00c9crit par\" \/>\n\t<meta name=\"twitter:data1\" content=\"Service des communications et des relations publiques\" \/>\n\t<meta name=\"twitter:label2\" content=\"Estimation du temps de lecture\" \/>\n\t<meta name=\"twitter:data2\" content=\"1 minute\" \/>\r\n<script type=\"application\/ld+json\" class=\"yoast-schema-graph\">{\"@context\":\"https:\/\/schema.org\",\"@graph\":[{\"@type\":\"WebPage\",\"@id\":\"https:\/\/www.uqac.ca\/uqactualites\/2005\/10\/28\/la-journee-de-lemploi-2005-se-deroule-le-2-novembre-a-luqac\/\",\"url\":\"https:\/\/www.uqac.ca\/uqactualites\/2005\/10\/28\/la-journee-de-lemploi-2005-se-deroule-le-2-novembre-a-luqac\/\",\"name\":\"La Journ\u00e9e de l'emploi 2005 se d\u00e9roule le 2 novembre \u00e0 l'UQAC - UQACtualit\u00e9s\",\"isPartOf\":{\"@id\":\"https:\/\/www.uqac.ca\/uqactualites\/#website\"},\"primaryImageOfPage\":{\"@id\":\"https:\/\/www.uqac.ca\/uqactualites\/2005\/10\/28\/la-journee-de-lemploi-2005-se-deroule-le-2-novembre-a-luqac\/#primaryimage\"},\"image\":{\"@id\":\"https:\/\/www.uqac.ca\/uqactualites\/2005\/10\/28\/la-journee-de-lemploi-2005-se-deroule-le-2-novembre-a-luqac\/#primaryimage\"},\"thumbnailUrl\":\"https:\/\/www.uqac.ca\/uqactualites\/wp-content\/uploads\/2012\/05\/communiqu-.jpg\",\"datePublished\":\"2005-10-28T13:58:08+00:00\",\"dateModified\":\"2005-10-28T13:58:08+00:00\",\"author\":{\"@id\":\"https:\/\/www.uqac.ca\/uqactualites\/#\/schema\/person\/366c45a0c4f0e677b41b4af5886e2018\"},\"breadcrumb\":{\"@id\":\"https:\/\/www.uqac.ca\/uqactualites\/2005\/10\/28\/la-journee-de-lemploi-2005-se-deroule-le-2-novembre-a-luqac\/#breadcrumb\"},\"inLanguage\":\"fr-CA\",\"potentialAction\":[{\"@type\":\"ReadAction\",\"target\":[\"https:\/\/www.uqac.ca\/uqactualites\/2005\/10\/28\/la-journee-de-lemploi-2005-se-deroule-le-2-novembre-a-luqac\/\"]}]},{\"@type\":\"ImageObject\",\"inLanguage\":\"fr-CA\",\"@id\":\"https:\/\/www.uqac.ca\/uqactualites\/2005\/10\/28\/la-journee-de-lemploi-2005-se-deroule-le-2-novembre-a-luqac\/#primaryimage\",\"url\":\"https:\/\/www.uqac.ca\/uqactualites\/wp-content\/uploads\/2012\/05\/communiqu-.jpg\",\"contentUrl\":\"https:\/\/www.uqac.ca\/uqactualites\/wp-content\/uploads\/2012\/05\/communiqu-.jpg\",\"width\":620,\"height\":300},{\"@type\":\"BreadcrumbList\",\"@id\":\"https:\/\/www.uqac.ca\/uqactualites\/2005\/10\/28\/la-journee-de-lemploi-2005-se-deroule-le-2-novembre-a-luqac\/#breadcrumb\",\"itemListElement\":[{\"@type\":\"ListItem\",\"position\":1,\"name\":\"Home\",\"item\":\"https:\/\/www.uqac.ca\/uqactualites\/\"},{\"@type\":\"ListItem\",\"position\":2,\"name\":\"La Journ\u00e9e de l&#8217;emploi 2005 se d\u00e9roule le 2 novembre \u00e0 l&rsquo;UQAC\"}]},{\"@type\":\"WebSite\",\"@id\":\"https:\/\/www.uqac.ca\/uqactualites\/#website\",\"url\":\"https:\/\/www.uqac.ca\/uqactualites\/\",\"name\":\"UQACtualit\u00e9s\",\"description\":\"Le portail des nouvelles de l&#039;UQAC\",\"potentialAction\":[{\"@type\":\"SearchAction\",\"target\":{\"@type\":\"EntryPoint\",\"urlTemplate\":\"https:\/\/www.uqac.ca\/uqactualites\/?s={search_term_string}\"},\"query-input\":{\"@type\":\"PropertyValueSpecification\",\"valueRequired\":true,\"valueName\":\"search_term_string\"}}],\"inLanguage\":\"fr-CA\"},{\"@type\":\"Person\",\"@id\":\"https:\/\/www.uqac.ca\/uqactualites\/#\/schema\/person\/366c45a0c4f0e677b41b4af5886e2018\",\"name\":\"Service des communications et des relations publiques\",\"image\":{\"@type\":\"ImageObject\",\"inLanguage\":\"fr-CA\",\"@id\":\"https:\/\/www.uqac.ca\/uqactualites\/#\/schema\/person\/image\/\",\"url\":\"https:\/\/secure.gravatar.com\/avatar\/20fbbda8a292f59f2d3461a5b999c00b?s=96&d=mm&r=g\",\"contentUrl\":\"https:\/\/secure.gravatar.com\/avatar\/20fbbda8a292f59f2d3461a5b999c00b?s=96&d=mm&r=g\",\"caption\":\"Service des communications et des relations publiques\"},\"url\":\"https:\/\/www.uqac.ca\/uqactualites\/author\/bap\/\"}]}<\/script>\r\n<!-- \/ Yoast SEO plugin. -->","yoast_head_json":{"title":"La Journ\u00e9e de l'emploi 2005 se d\u00e9roule le 2 novembre \u00e0 l'UQAC - UQACtualit\u00e9s","robots":{"index":"index","follow":"follow","max-snippet":"max-snippet:-1","max-image-preview":"max-image-preview:large","max-video-preview":"max-video-preview:-1"},"canonical":"https:\/\/www.uqac.ca\/uqactualites\/2005\/10\/28\/la-journee-de-lemploi-2005-se-deroule-le-2-novembre-a-luqac\/","og_locale":"fr_CA","og_type":"article","og_title":"La Journ\u00e9e de l'emploi 2005 se d\u00e9roule le 2 novembre \u00e0 l'UQAC - UQACtualit\u00e9s","og_description":"Saguenay, le vendredi 28 octobre 2005 \u2014 La 27e \u00e9dition de la Journ\u00e9e de l&#8217;emploi se d\u00e9roulera \u00e0 l&rsquo;Universit\u00e9 du Qu\u00e9bec \u00e0 Chicoutimi le mercredi 2 novembre prochain. Organis\u00e9 par l&rsquo;Association internationale des \u00e9tudiants universitaires (AIESEC), cet \u00e9v\u00e9nement a pour objectif de favoriser les \u00e9changes entre les employeurs et les chercheurs d&#8217;emplois. Une quarantaine d&rsquo;entreprises [&hellip;]","og_url":"https:\/\/www.uqac.ca\/uqactualites\/2005\/10\/28\/la-journee-de-lemploi-2005-se-deroule-le-2-novembre-a-luqac\/","og_site_name":"UQACtualit\u00e9s","article_published_time":"2005-10-28T13:58:08+00:00","og_image":[{"width":620,"height":300,"url":"https:\/\/www.uqac.ca\/uqactualites\/wp-content\/uploads\/2012\/05\/communiqu-.jpg","type":"image\/jpeg"}],"author":"Service des communications et des relations publiques","twitter_card":"summary_large_image","twitter_misc":{"\u00c9crit par":"Service des communications et des relations publiques","Estimation du temps de lecture":"1 minute"},"schema":{"@context":"https:\/\/schema.org","@graph":[{"@type":"WebPage","@id":"https:\/\/www.uqac.ca\/uqactualites\/2005\/10\/28\/la-journee-de-lemploi-2005-se-deroule-le-2-novembre-a-luqac\/","url":"https:\/\/www.uqac.ca\/uqactualites\/2005\/10\/28\/la-journee-de-lemploi-2005-se-deroule-le-2-novembre-a-luqac\/","name":"La Journ\u00e9e de l'emploi 2005 se d\u00e9roule le 2 novembre \u00e0 l'UQAC - UQACtualit\u00e9s","isPartOf":{"@id":"https:\/\/www.uqac.ca\/uqactualites\/#website"},"primaryImageOfPage":{"@id":"https:\/\/www.uqac.ca\/uqactualites\/2005\/10\/28\/la-journee-de-lemploi-2005-se-deroule-le-2-novembre-a-luqac\/#primaryimage"},"image":{"@id":"https:\/\/www.uqac.ca\/uqactualites\/2005\/10\/28\/la-journee-de-lemploi-2005-se-deroule-le-2-novembre-a-luqac\/#primaryimage"},"thumbnailUrl":"https:\/\/www.uqac.ca\/uqactualites\/wp-content\/uploads\/2012\/05\/communiqu-.jpg","datePublished":"2005-10-28T13:58:08+00:00","dateModified":"2005-10-28T13:58:08+00:00","author":{"@id":"https:\/\/www.uqac.ca\/uqactualites\/#\/schema\/person\/366c45a0c4f0e677b41b4af5886e2018"},"breadcrumb":{"@id":"https:\/\/www.uqac.ca\/uqactualites\/2005\/10\/28\/la-journee-de-lemploi-2005-se-deroule-le-2-novembre-a-luqac\/#breadcrumb"},"inLanguage":"fr-CA","potentialAction":[{"@type":"ReadAction","target":["https:\/\/www.uqac.ca\/uqactualites\/2005\/10\/28\/la-journee-de-lemploi-2005-se-deroule-le-2-novembre-a-luqac\/"]}]},{"@type":"ImageObject","inLanguage":"fr-CA","@id":"https:\/\/www.uqac.ca\/uqactualites\/2005\/10\/28\/la-journee-de-lemploi-2005-se-deroule-le-2-novembre-a-luqac\/#primaryimage","url":"https:\/\/www.uqac.ca\/uqactualites\/wp-content\/uploads\/2012\/05\/communiqu-.jpg","contentUrl":"https:\/\/www.uqac.ca\/uqactualites\/wp-content\/uploads\/2012\/05\/communiqu-.jpg","width":620,"height":300},{"@type":"BreadcrumbList","@id":"https:\/\/www.uqac.ca\/uqactualites\/2005\/10\/28\/la-journee-de-lemploi-2005-se-deroule-le-2-novembre-a-luqac\/#breadcrumb","itemListElement":[{"@type":"ListItem","position":1,"name":"Home","item":"https:\/\/www.uqac.ca\/uqactualites\/"},{"@type":"ListItem","position":2,"name":"La Journ\u00e9e de l&#8217;emploi 2005 se d\u00e9roule le 2 novembre \u00e0 l&rsquo;UQAC"}]},{"@type":"WebSite","@id":"https:\/\/www.uqac.ca\/uqactualites\/#website","url":"https:\/\/www.uqac.ca\/uqactualites\/","name":"UQACtualit\u00e9s","description":"Le portail des nouvelles de l&#039;UQAC","potentialAction":[{"@type":"SearchAction","target":{"@type":"EntryPoint","urlTemplate":"https:\/\/www.uqac.ca\/uqactualites\/?s={search_term_string}"},"query-input":{"@type":"PropertyValueSpecification","valueRequired":true,"valueName":"search_term_string"}}],"inLanguage":"fr-CA"},{"@type":"Person","@id":"https:\/\/www.uqac.ca\/uqactualites\/#\/schema\/person\/366c45a0c4f0e677b41b4af5886e2018","name":"Service des communications et des relations publiques","image":{"@type":"ImageObject","inLanguage":"fr-CA","@id":"https:\/\/www.uqac.ca\/uqactualites\/#\/schema\/person\/image\/","url":"https:\/\/secure.gravatar.com\/avatar\/20fbbda8a292f59f2d3461a5b999c00b?s=96&d=mm&r=g","contentUrl":"https:\/\/secure.gravatar.com\/avatar\/20fbbda8a292f59f2d3461a5b999c00b?s=96&d=mm&r=g","caption":"Service des communications et des relations publiques"},"url":"https:\/\/www.uqac.ca\/uqactualites\/author\/bap\/"}]}},"_links":{"self":[{"href":"https:\/\/www.uqac.ca\/uqactualites\/wp-json\/wp\/v2\/posts\/25316"}],"collection":[{"href":"https:\/\/www.uqac.ca\/uqactualites\/wp-json\/wp\/v2\/posts"}],"about":[{"href":"https:\/\/www.uqac.ca\/uqactualites\/wp-json\/wp\/v2\/types\/post"}],"author":[{"embeddable":true,"href":"https:\/\/www.uqac.ca\/uqactualites\/wp-json\/wp\/v2\/users\/5"}],"replies":[{"embeddable":true,"href":"https:\/\/www.uqac.ca\/uqactualites\/wp-json\/wp\/v2\/comments?post=25316"}],"version-history":[{"count":0,"href":"https:\/\/www.uqac.ca\/uqactualites\/wp-json\/wp\/v2\/posts\/25316\/revisions"}],"wp:featuredmedia":[{"embeddable":true,"href":"https:\/\/www.uqac.ca\/uqactualites\/wp-json\/wp\/v2\/media\/20745"}],"wp:attachment":[{"href":"https:\/\/www.uqac.ca\/uqactualites\/wp-json\/wp\/v2\/media?parent=25316"}],"wp:term":[{"taxonomy":"category","embeddable":true,"href":"https:\/\/www.uqac.ca\/uqactualites\/wp-json\/wp\/v2\/categories?post=25316"},{"taxonomy":"post_tag","embeddable":true,"href":"https:\/\/www.uqac.ca\/uqactualites\/wp-json\/wp\/v2\/tags?post=25316"}],"curies":[{"name":"wp","href":"https:\/\/api.w.org\/{rel}","templated":true}]}}