{"id":25328,"date":"2005-12-01T10:03:18","date_gmt":"2005-12-01T15:03:18","guid":{"rendered":"http:\/\/uqactualite.odev.ca\/?p=25328"},"modified":"2005-12-01T10:03:18","modified_gmt":"2005-12-01T15:03:18","slug":"comment-mieux-soutenir-dans-la-region-notre-capital-de-creativite","status":"publish","type":"post","link":"https:\/\/www.uqac.ca\/uqactualites\/2005\/12\/01\/comment-mieux-soutenir-dans-la-region-notre-capital-de-creativite\/","title":{"rendered":"Comment mieux soutenir dans la r\u00e9gion notre \u00ab capital de cr\u00e9ativit\u00e9 \u00bb?"},"content":{"rendered":"<p style=\"text-align: justify\"><b>Saguenay, le 1er d\u00e9cembre 2005 &#8211; <\/b>Comment mieux soutenir dans la r\u00e9gion notre \u00ab capital de cr\u00e9ativit\u00e9? \u00bb Voil\u00e0 la question qui est pos\u00e9e aux acteurs locaux et r\u00e9gionaux, le vendredi 2 d\u00e9cembre \u00e0 l&rsquo;Universit\u00e9 du Qu\u00e9bec \u00e0 Chicoutimi, dans le cadre d&rsquo;un s\u00e9minaire organis\u00e9 par le Centre de recherche sur le d\u00e9veloppement territorial (CRDT). Cette activit\u00e9 s&rsquo;inscrit dans la foul\u00e9e du mouvement Vision Saguenay 2025.<\/p>\n<p style=\"text-align: justify\">La recherche scientifique en D\u00e9veloppement r\u00e9gional illustre que la \u00ab classe cr\u00e9atrice \u00bb s&rsquo;inscrit au c\u00a6ur du renouvellement des \u00e9conomies r\u00e9gionales contemporaines en fertilisant le processus d&rsquo;apprentissage collectif n\u00e9cessaire \u00e0 l&rsquo;innovation dans les diverses activit\u00e9s. Puisque le Saguenay-Lac-Saint-Jean a besoin, actuellement, de renouvellement \u00e9conomique, l&rsquo;\u00e9quipe du CRDT de l&rsquo;UQAC, sous l&rsquo;\u00e9gide de Marc-Urbain Proulx, explore actuellement avec les acteurs locaux et r\u00e9gionaux cette avenue porteuse.<\/p>\n<p style=\"text-align: justify\">Deux importants r\u00e9sultats de recherche seront d\u00e9voil\u00e9s le 2 d\u00e9cembre. D&rsquo;abord, le concept de \u00ab communaut\u00e9 apprenante \u00bb s&rsquo;av\u00e8re des plus utiles pour une r\u00e9gion comme la n\u00f4tre qui d\u00e9sire clairement devenir un v\u00e9ritable syst\u00e8me d&rsquo;innovation. En ce sens, les efforts sont tr\u00e8s dispers\u00e9s et mal ficel\u00e9s actuellement. En r\u00e9alit\u00e9, nous sommes tr\u00e8s riches en mati\u00e8re d&rsquo;intelligence individuelle mais trop pauvres sous l&rsquo;angle de l&rsquo;intelligence collective.<\/p>\n<p style=\"text-align: justify\">\u00c0 cet effet d&rsquo;intelligence collective, nous constatons que \u00ab notre classe cr\u00e9atrice \u00bb au Saguenay-Lac-Saint-Jean poss\u00e8de, tout de m\u00eame, d\u00e9j\u00e0 quatre types de m\u00e9canismes qui la dynamisent; nous ne partons pas de z\u00e9ro. Il existe beaucoup de ressorts dans le milieu pour cheminer vers une v\u00e9ritable \u00ab communaut\u00e9 apprenante \u00bb. La question qui est pos\u00e9e aux experts du milieu qui sont invit\u00e9s \u00e0 la Table Ronde du 2 d\u00e9cembre concerne le \u00ab comment faire mieux \u00e0 partir de ces acquis? \u00bb<\/p>\n<p style=\"text-align: justify\">Dans la continuit\u00e9 de la r\u00e9flexion collective anim\u00e9e par le mouvement Vision Saguenay 2025 du Centre de recherche sur le d\u00e9veloppement territorial &#8211; UQAC, ce s\u00e9minaire se veut, par essence, ouvert \u00e0 tous. Toutes les personnes qui ont des id\u00e9es \u00e0 exprimer pour am\u00e9liorer notre \u00ab capital r\u00e9gional de cr\u00e9ativit\u00e9 et d&rsquo;innovation \u00bb sont invit\u00e9es \u00e0 participer \u00e0 ce s\u00e9minaire. Rappelons que celui-ci se d\u00e9roulera le vendredi 2 d\u00e9cembre, de 8 h 30 \u00e0 12 h, au local P2-4010 du Pavillon principal de l&rsquo;UQAC.<\/p>\n<p style=\"text-align: justify\">Pour obtenir la programmation de ce s\u00e9minaire, consultez le site Internet de l&rsquo;UQAC \u00e0 l&rsquo;adresse suivante : <a href=\"http:\/\/www.uqac.ca\/activites\/pdf\/20051202_crdt.pdf\" target=\"_top\" rel=\"noopener\">www.uqac.ca<\/a>.<\/p>\n<div style=\"text-align: justify\" align=\"center\">\n<p style=\"text-align: center\">&#8211; 30 &#8211;<\/p>\n<\/div>\n<p style=\"text-align: justify\">Renseignements :<br \/>\nMarc-Urbain Proulx, professeur<br \/>\nD\u00e9partement des sciences \u00e9conomiques et administratives<br \/>\nT\u00e9l\u00e9phone : (418) 545-5011, poste 5243<\/p>\n<p style=\"text-align: justify\">Source :<br \/>\nChantale Leblond, technicienne en information<br \/>\nService des affaires publiques<br \/>\nT\u00e9l\u00e9phone : (418) 545-5011, poste 2350<br \/>\nChantale_Leblond@uqac.ca<\/p>\n","protected":false},"excerpt":{"rendered":"<p>Saguenay, le 1er d\u00e9cembre 2005 &#8211; Comment mieux soutenir dans la r\u00e9gion notre \u00ab capital de cr\u00e9ativit\u00e9? \u00bb Voil\u00e0 la question qui est pos\u00e9e aux acteurs locaux et r\u00e9gionaux, le vendredi 2 d\u00e9cembre \u00e0 l&rsquo;Universit\u00e9 du Qu\u00e9bec \u00e0 Chicoutimi, dans le cadre d&rsquo;un s\u00e9minaire organis\u00e9 par le Centre de recherche sur le d\u00e9veloppement territorial (CRDT). [&hellip;]<\/p>\n","protected":false},"author":5,"featured_media":20745,"comment_status":"open","ping_status":"open","sticky":false,"template":"","format":"standard","meta":{"footnotes":""},"categories":[2772],"tags":[],"yoast_head":"<!-- This site is optimized with the Yoast SEO plugin v24.2 - https:\/\/yoast.com\/wordpress\/plugins\/seo\/ -->\r\n<title>Comment mieux soutenir dans la r\u00e9gion notre \u00ab capital de cr\u00e9ativit\u00e9 \u00bb? - UQACtualit\u00e9s<\/title>\r\n<meta name=\"robots\" content=\"index, follow, max-snippet:-1, max-image-preview:large, max-video-preview:-1\" \/>\r\n<link rel=\"canonical\" href=\"https:\/\/www.uqac.ca\/uqactualites\/2005\/12\/01\/comment-mieux-soutenir-dans-la-region-notre-capital-de-creativite\/\" \/>\r\n<meta property=\"og:locale\" content=\"fr_CA\" \/>\r\n<meta property=\"og:type\" content=\"article\" \/>\r\n<meta property=\"og:title\" content=\"Comment mieux soutenir dans la r\u00e9gion notre \u00ab capital de cr\u00e9ativit\u00e9 \u00bb? - UQACtualit\u00e9s\" \/>\r\n<meta property=\"og:description\" content=\"Saguenay, le 1er d\u00e9cembre 2005 &#8211; Comment mieux soutenir dans la r\u00e9gion notre \u00ab capital de cr\u00e9ativit\u00e9? \u00bb Voil\u00e0 la question qui est pos\u00e9e aux acteurs locaux et r\u00e9gionaux, le vendredi 2 d\u00e9cembre \u00e0 l&rsquo;Universit\u00e9 du Qu\u00e9bec \u00e0 Chicoutimi, dans le cadre d&rsquo;un s\u00e9minaire organis\u00e9 par le Centre de recherche sur le d\u00e9veloppement territorial (CRDT). [&hellip;]\" \/>\r\n<meta property=\"og:url\" content=\"https:\/\/www.uqac.ca\/uqactualites\/2005\/12\/01\/comment-mieux-soutenir-dans-la-region-notre-capital-de-creativite\/\" \/>\r\n<meta property=\"og:site_name\" content=\"UQACtualit\u00e9s\" \/>\r\n<meta property=\"article:published_time\" content=\"2005-12-01T15:03:18+00:00\" \/>\r\n<meta property=\"og:image\" content=\"https:\/\/www.uqac.ca\/uqactualites\/wp-content\/uploads\/2012\/05\/communiqu-.jpg\" \/>\r\n\t<meta property=\"og:image:width\" content=\"620\" \/>\r\n\t<meta property=\"og:image:height\" content=\"300\" \/>\r\n\t<meta property=\"og:image:type\" content=\"image\/jpeg\" \/>\r\n<meta name=\"author\" content=\"Service des communications et des relations publiques\" \/>\r\n<meta name=\"twitter:card\" content=\"summary_large_image\" \/>\r\n<meta name=\"twitter:label1\" content=\"\u00c9crit par\" \/>\n\t<meta name=\"twitter:data1\" content=\"Service des communications et des relations publiques\" \/>\n\t<meta name=\"twitter:label2\" content=\"Estimation du temps de lecture\" \/>\n\t<meta name=\"twitter:data2\" content=\"2 minutes\" \/>\r\n<script type=\"application\/ld+json\" class=\"yoast-schema-graph\">{\"@context\":\"https:\/\/schema.org\",\"@graph\":[{\"@type\":\"WebPage\",\"@id\":\"https:\/\/www.uqac.ca\/uqactualites\/2005\/12\/01\/comment-mieux-soutenir-dans-la-region-notre-capital-de-creativite\/\",\"url\":\"https:\/\/www.uqac.ca\/uqactualites\/2005\/12\/01\/comment-mieux-soutenir-dans-la-region-notre-capital-de-creativite\/\",\"name\":\"Comment mieux soutenir dans la r\u00e9gion notre \u00ab capital de cr\u00e9ativit\u00e9 \u00bb? - UQACtualit\u00e9s\",\"isPartOf\":{\"@id\":\"https:\/\/www.uqac.ca\/uqactualites\/#website\"},\"primaryImageOfPage\":{\"@id\":\"https:\/\/www.uqac.ca\/uqactualites\/2005\/12\/01\/comment-mieux-soutenir-dans-la-region-notre-capital-de-creativite\/#primaryimage\"},\"image\":{\"@id\":\"https:\/\/www.uqac.ca\/uqactualites\/2005\/12\/01\/comment-mieux-soutenir-dans-la-region-notre-capital-de-creativite\/#primaryimage\"},\"thumbnailUrl\":\"https:\/\/www.uqac.ca\/uqactualites\/wp-content\/uploads\/2012\/05\/communiqu-.jpg\",\"datePublished\":\"2005-12-01T15:03:18+00:00\",\"dateModified\":\"2005-12-01T15:03:18+00:00\",\"author\":{\"@id\":\"https:\/\/www.uqac.ca\/uqactualites\/#\/schema\/person\/366c45a0c4f0e677b41b4af5886e2018\"},\"breadcrumb\":{\"@id\":\"https:\/\/www.uqac.ca\/uqactualites\/2005\/12\/01\/comment-mieux-soutenir-dans-la-region-notre-capital-de-creativite\/#breadcrumb\"},\"inLanguage\":\"fr-CA\",\"potentialAction\":[{\"@type\":\"ReadAction\",\"target\":[\"https:\/\/www.uqac.ca\/uqactualites\/2005\/12\/01\/comment-mieux-soutenir-dans-la-region-notre-capital-de-creativite\/\"]}]},{\"@type\":\"ImageObject\",\"inLanguage\":\"fr-CA\",\"@id\":\"https:\/\/www.uqac.ca\/uqactualites\/2005\/12\/01\/comment-mieux-soutenir-dans-la-region-notre-capital-de-creativite\/#primaryimage\",\"url\":\"https:\/\/www.uqac.ca\/uqactualites\/wp-content\/uploads\/2012\/05\/communiqu-.jpg\",\"contentUrl\":\"https:\/\/www.uqac.ca\/uqactualites\/wp-content\/uploads\/2012\/05\/communiqu-.jpg\",\"width\":620,\"height\":300},{\"@type\":\"BreadcrumbList\",\"@id\":\"https:\/\/www.uqac.ca\/uqactualites\/2005\/12\/01\/comment-mieux-soutenir-dans-la-region-notre-capital-de-creativite\/#breadcrumb\",\"itemListElement\":[{\"@type\":\"ListItem\",\"position\":1,\"name\":\"Home\",\"item\":\"https:\/\/www.uqac.ca\/uqactualites\/\"},{\"@type\":\"ListItem\",\"position\":2,\"name\":\"Comment mieux soutenir dans la r\u00e9gion notre \u00ab capital de cr\u00e9ativit\u00e9 \u00bb?\"}]},{\"@type\":\"WebSite\",\"@id\":\"https:\/\/www.uqac.ca\/uqactualites\/#website\",\"url\":\"https:\/\/www.uqac.ca\/uqactualites\/\",\"name\":\"UQACtualit\u00e9s\",\"description\":\"Le portail des nouvelles de l&#039;UQAC\",\"potentialAction\":[{\"@type\":\"SearchAction\",\"target\":{\"@type\":\"EntryPoint\",\"urlTemplate\":\"https:\/\/www.uqac.ca\/uqactualites\/?s={search_term_string}\"},\"query-input\":{\"@type\":\"PropertyValueSpecification\",\"valueRequired\":true,\"valueName\":\"search_term_string\"}}],\"inLanguage\":\"fr-CA\"},{\"@type\":\"Person\",\"@id\":\"https:\/\/www.uqac.ca\/uqactualites\/#\/schema\/person\/366c45a0c4f0e677b41b4af5886e2018\",\"name\":\"Service des communications et des relations publiques\",\"image\":{\"@type\":\"ImageObject\",\"inLanguage\":\"fr-CA\",\"@id\":\"https:\/\/www.uqac.ca\/uqactualites\/#\/schema\/person\/image\/\",\"url\":\"https:\/\/secure.gravatar.com\/avatar\/20fbbda8a292f59f2d3461a5b999c00b?s=96&d=mm&r=g\",\"contentUrl\":\"https:\/\/secure.gravatar.com\/avatar\/20fbbda8a292f59f2d3461a5b999c00b?s=96&d=mm&r=g\",\"caption\":\"Service des communications et des relations publiques\"},\"url\":\"https:\/\/www.uqac.ca\/uqactualites\/author\/bap\/\"}]}<\/script>\r\n<!-- \/ Yoast SEO plugin. -->","yoast_head_json":{"title":"Comment mieux soutenir dans la r\u00e9gion notre \u00ab capital de cr\u00e9ativit\u00e9 \u00bb? - UQACtualit\u00e9s","robots":{"index":"index","follow":"follow","max-snippet":"max-snippet:-1","max-image-preview":"max-image-preview:large","max-video-preview":"max-video-preview:-1"},"canonical":"https:\/\/www.uqac.ca\/uqactualites\/2005\/12\/01\/comment-mieux-soutenir-dans-la-region-notre-capital-de-creativite\/","og_locale":"fr_CA","og_type":"article","og_title":"Comment mieux soutenir dans la r\u00e9gion notre \u00ab capital de cr\u00e9ativit\u00e9 \u00bb? - UQACtualit\u00e9s","og_description":"Saguenay, le 1er d\u00e9cembre 2005 &#8211; Comment mieux soutenir dans la r\u00e9gion notre \u00ab capital de cr\u00e9ativit\u00e9? \u00bb Voil\u00e0 la question qui est pos\u00e9e aux acteurs locaux et r\u00e9gionaux, le vendredi 2 d\u00e9cembre \u00e0 l&rsquo;Universit\u00e9 du Qu\u00e9bec \u00e0 Chicoutimi, dans le cadre d&rsquo;un s\u00e9minaire organis\u00e9 par le Centre de recherche sur le d\u00e9veloppement territorial (CRDT). [&hellip;]","og_url":"https:\/\/www.uqac.ca\/uqactualites\/2005\/12\/01\/comment-mieux-soutenir-dans-la-region-notre-capital-de-creativite\/","og_site_name":"UQACtualit\u00e9s","article_published_time":"2005-12-01T15:03:18+00:00","og_image":[{"width":620,"height":300,"url":"https:\/\/www.uqac.ca\/uqactualites\/wp-content\/uploads\/2012\/05\/communiqu-.jpg","type":"image\/jpeg"}],"author":"Service des communications et des relations publiques","twitter_card":"summary_large_image","twitter_misc":{"\u00c9crit par":"Service des communications et des relations publiques","Estimation du temps de lecture":"2 minutes"},"schema":{"@context":"https:\/\/schema.org","@graph":[{"@type":"WebPage","@id":"https:\/\/www.uqac.ca\/uqactualites\/2005\/12\/01\/comment-mieux-soutenir-dans-la-region-notre-capital-de-creativite\/","url":"https:\/\/www.uqac.ca\/uqactualites\/2005\/12\/01\/comment-mieux-soutenir-dans-la-region-notre-capital-de-creativite\/","name":"Comment mieux soutenir dans la r\u00e9gion notre \u00ab capital de cr\u00e9ativit\u00e9 \u00bb? - UQACtualit\u00e9s","isPartOf":{"@id":"https:\/\/www.uqac.ca\/uqactualites\/#website"},"primaryImageOfPage":{"@id":"https:\/\/www.uqac.ca\/uqactualites\/2005\/12\/01\/comment-mieux-soutenir-dans-la-region-notre-capital-de-creativite\/#primaryimage"},"image":{"@id":"https:\/\/www.uqac.ca\/uqactualites\/2005\/12\/01\/comment-mieux-soutenir-dans-la-region-notre-capital-de-creativite\/#primaryimage"},"thumbnailUrl":"https:\/\/www.uqac.ca\/uqactualites\/wp-content\/uploads\/2012\/05\/communiqu-.jpg","datePublished":"2005-12-01T15:03:18+00:00","dateModified":"2005-12-01T15:03:18+00:00","author":{"@id":"https:\/\/www.uqac.ca\/uqactualites\/#\/schema\/person\/366c45a0c4f0e677b41b4af5886e2018"},"breadcrumb":{"@id":"https:\/\/www.uqac.ca\/uqactualites\/2005\/12\/01\/comment-mieux-soutenir-dans-la-region-notre-capital-de-creativite\/#breadcrumb"},"inLanguage":"fr-CA","potentialAction":[{"@type":"ReadAction","target":["https:\/\/www.uqac.ca\/uqactualites\/2005\/12\/01\/comment-mieux-soutenir-dans-la-region-notre-capital-de-creativite\/"]}]},{"@type":"ImageObject","inLanguage":"fr-CA","@id":"https:\/\/www.uqac.ca\/uqactualites\/2005\/12\/01\/comment-mieux-soutenir-dans-la-region-notre-capital-de-creativite\/#primaryimage","url":"https:\/\/www.uqac.ca\/uqactualites\/wp-content\/uploads\/2012\/05\/communiqu-.jpg","contentUrl":"https:\/\/www.uqac.ca\/uqactualites\/wp-content\/uploads\/2012\/05\/communiqu-.jpg","width":620,"height":300},{"@type":"BreadcrumbList","@id":"https:\/\/www.uqac.ca\/uqactualites\/2005\/12\/01\/comment-mieux-soutenir-dans-la-region-notre-capital-de-creativite\/#breadcrumb","itemListElement":[{"@type":"ListItem","position":1,"name":"Home","item":"https:\/\/www.uqac.ca\/uqactualites\/"},{"@type":"ListItem","position":2,"name":"Comment mieux soutenir dans la r\u00e9gion notre \u00ab capital de cr\u00e9ativit\u00e9 \u00bb?"}]},{"@type":"WebSite","@id":"https:\/\/www.uqac.ca\/uqactualites\/#website","url":"https:\/\/www.uqac.ca\/uqactualites\/","name":"UQACtualit\u00e9s","description":"Le portail des nouvelles de l&#039;UQAC","potentialAction":[{"@type":"SearchAction","target":{"@type":"EntryPoint","urlTemplate":"https:\/\/www.uqac.ca\/uqactualites\/?s={search_term_string}"},"query-input":{"@type":"PropertyValueSpecification","valueRequired":true,"valueName":"search_term_string"}}],"inLanguage":"fr-CA"},{"@type":"Person","@id":"https:\/\/www.uqac.ca\/uqactualites\/#\/schema\/person\/366c45a0c4f0e677b41b4af5886e2018","name":"Service des communications et des relations publiques","image":{"@type":"ImageObject","inLanguage":"fr-CA","@id":"https:\/\/www.uqac.ca\/uqactualites\/#\/schema\/person\/image\/","url":"https:\/\/secure.gravatar.com\/avatar\/20fbbda8a292f59f2d3461a5b999c00b?s=96&d=mm&r=g","contentUrl":"https:\/\/secure.gravatar.com\/avatar\/20fbbda8a292f59f2d3461a5b999c00b?s=96&d=mm&r=g","caption":"Service des communications et des relations publiques"},"url":"https:\/\/www.uqac.ca\/uqactualites\/author\/bap\/"}]}},"_links":{"self":[{"href":"https:\/\/www.uqac.ca\/uqactualites\/wp-json\/wp\/v2\/posts\/25328"}],"collection":[{"href":"https:\/\/www.uqac.ca\/uqactualites\/wp-json\/wp\/v2\/posts"}],"about":[{"href":"https:\/\/www.uqac.ca\/uqactualites\/wp-json\/wp\/v2\/types\/post"}],"author":[{"embeddable":true,"href":"https:\/\/www.uqac.ca\/uqactualites\/wp-json\/wp\/v2\/users\/5"}],"replies":[{"embeddable":true,"href":"https:\/\/www.uqac.ca\/uqactualites\/wp-json\/wp\/v2\/comments?post=25328"}],"version-history":[{"count":0,"href":"https:\/\/www.uqac.ca\/uqactualites\/wp-json\/wp\/v2\/posts\/25328\/revisions"}],"wp:featuredmedia":[{"embeddable":true,"href":"https:\/\/www.uqac.ca\/uqactualites\/wp-json\/wp\/v2\/media\/20745"}],"wp:attachment":[{"href":"https:\/\/www.uqac.ca\/uqactualites\/wp-json\/wp\/v2\/media?parent=25328"}],"wp:term":[{"taxonomy":"category","embeddable":true,"href":"https:\/\/www.uqac.ca\/uqactualites\/wp-json\/wp\/v2\/categories?post=25328"},{"taxonomy":"post_tag","embeddable":true,"href":"https:\/\/www.uqac.ca\/uqactualites\/wp-json\/wp\/v2\/tags?post=25328"}],"curies":[{"name":"wp","href":"https:\/\/api.w.org\/{rel}","templated":true}]}}